{"id":947434,"date":"2025-08-21T10:59:00","date_gmt":"2025-08-21T08:59:00","guid":{"rendered":"https:\/\/dmcsrb.com\/uncategorized\/zajednica-opstina-potrebno-uspostaviti-dugorocne-mjere-za-ekonomsko-osnazivanje-mladih-bez-roditeljskog-staranja\/"},"modified":"2025-08-21T10:59:00","modified_gmt":"2025-08-21T08:59:00","slug":"zajednica-opstina-potrebno-uspostaviti-dugorocne-mjere-za-ekonomsko-osnazivanje-mladih-bez-roditeljskog-staranja","status":"publish","type":"post","link":"https:\/\/dmcsrb.com\/en\/drustvo\/zajednica-opstina-potrebno-uspostaviti-dugorocne-mjere-za-ekonomsko-osnazivanje-mladih-bez-roditeljskog-staranja\/","title":{"rendered":"Zajednica op\u0161tina: Potrebno uspostaviti dugoro\u010dne mjere za ekonomsko osna\u017eivanje mladih bez roditeljskog staranja"},"content":{"rendered":"<p><\/p>\n\n\n\n<p><\/p>\n\n\n\n<p>\u201cDva \u0161ti\u0107enika dobili su pomo\u0107 da zasnuju radni odnos, jednom koji je \u017eelio da nastavi \u0161kolovanje obezbije\u0111ena je logistika za upis na fakultet i odgovaraju\u0107a stipendija, a u toku su aktivnosti da se isto obezbijedi i za jo\u0161 jednog \u0161ti\u0107enika. Pored toga, Zajednica op\u0161tina spremna je da u slu\u010daju potrebe putem zakupa smje\u0161taja pomogne i u rje\u0161avanju stambenog pitanja \u0161ti\u0107enika koji napu\u0161taju Dom\u201d, saop\u0161teno je iz UCG-a.<\/p>\n\n\n\n<p>Kako navode, finansijska sredstva za realizaciju ovih aktivnosti obezbije\u0111ena su iz donacija koje su do sada iznosile oko 21.000 eura.<\/p>\n\n\n\n<p>\u201cJasno je da je za obezbje\u0111ivanje sna\u017ene i kontinuirane podr\u0161ke osamostaljivanju mladih bez roditeljskog staranja neophodna mobilizacija \u0161ireg spektra dru\u0161tvenih subjekata\u201d, kazali su u saop\u0161tenju.<\/p>\n\n\n\n<p>IZ ZOCG, isti\u010du da je ekspertska analiza pravnog okvira za djecu i mlade bez roditeljskog staranja u Crnoj Gori, koja je ura\u0111ena za potrebe Zajednice op\u0161tina, dala brojne predloge i sugestije za dono\u0161enje mjera na nivou dr\u017eave i lokalnih samouprava u cilju unapre\u0111enja stanja u ovoj oblasti, odnosno u cilju ekonomskog osna\u017eivanja ove ranjive dru\u0161tvene grupe.<\/p>\n\n\n\n<p>\u201cVeoma je va\u017eno da mjere koje se preduzimaju s jedne strane odgovaraju stvarnim potrebama mladih koji napu\u0161taju sistem socijalne za\u0161tite i ulaze na tr\u017ei\u0161te rada, a s druge strane da odgovaraju i zahtjevima tog tr\u017ei\u0161ta, to jest da budu op\u0161tedru\u0161tveno korisne\u201d, dodaju u saop\u0161tenju.<\/p>\n\n\n\n<p>Ove mjere, isti\u010du, treba da uklju\u010duju dodatno obrazovanje i osposobljavanje mladih, njihovo zapo\u0161ljavanje, podr\u0161ku u preduzetni\u0161tvu, kao i psihosocijalnu i pravno-administrativnu podr\u0161ku.<\/p>\n\n\n\n<p>\u201cPodr\u0161ka obrazovanju i stru\u010dnom osposobljavanju treba da obuhvati dodjelu dopunske finansijske podr\u0161ke, sa ciljem omogu\u0107avanja pristupa \u0161irokom spektru obrazovnih i prakti\u010dnih puteva koji vode ka ekonomskom osna\u017eivanju i zapo\u0161ljivosti, u skladu sa interesovanjima i potencijalima svakog pojedinca\u201d, navode u saop\u0161tenju.<\/p>\n\n\n\n<p>Jedna od mjera, poja\u0161njavaju, mogla bi da bude i dodjela bespovratnih finansijskih sredstava za pokretanje mikro-biznisa u razli\u010ditim sektorima \u2013 uklju\u010duju\u0107i uslu\u017ene djelatnosti, poljoprivredu, digitalne usluge, zanatstvo, turizam, kreativne industrije i sli\u010dno. Osim toga, ekonomsko osna\u017eivanje mladih bez roditeljskog staranja dr\u017eava bi mogla dodatno da stimuli\u0161e i subvencijama za poslodavce koji bi zasnivali radni odnos s njima.<\/p>\n\n\n\n<p>\u201cSve ove mjere doprinijele bi pove\u0107anju dugoro\u010dne ekonomske samostalnosti mladih bez roditeljskog staranja i smanjenju rizika od socijalne isklju\u010denosti, istovremeno oja\u010davaju\u0107i nacionalni sistem za\u0161tite djece i mladih i pokazuju\u0107i aktivnu posve\u0107enost dr\u017eave ispunjavanju me\u0111unarodnih obaveza i harmonizaciji sa EU politikama i standardima\u201d, zaklju\u010duju iz ZOCG.<\/p>","protected":false},"excerpt":{"rendered":"<p>Sprovode\u0107i projekat podr\u0161ke mladima bez roditeljskog staranja, Zajednica op\u0161tina Crne Gore (ZOCG) preduzela je niz mjera kako bi obezbijedila da dosada\u0161nji \u0161ti\u0107enici Dje\u010djeg doma \u201cMladost\u201d u Bijeloj, nakon izlaska iz ove ustanove zapo\u010dnu lak\u0161u i bezbjedniju tranziciju ka samostalnom \u017eivotu.<\/p>","protected":false},"author":1,"featured_media":915002,"comment_status":"open","ping_status":"open","sticky":false,"template":"","format":"standard","meta":{"_acf_changed":false,"footnotes":""},"categories":[2],"tags":[91,6755],"naslovna":[],"class_list":["post-947434","post","type-post","status-publish","format-standard","has-post-thumbnail","hentry","category-drustvo","tag-mladi","tag-zajednica-opstina"],"acf":[],"yoast_head":"<!-- This site is optimized with the Yoast SEO plugin v27.4 - https:\/\/yoast.com\/product\/yoast-seo-wordpress\/ -->\n<title>Zajednica op\u0161tina: Potrebno uspostaviti dugoro\u010dne mjere za ekonomsko osna\u017eivanje mladih bez roditeljskog staranja - dmcsrb.com<\/title>\n<meta name=\"robots\" content=\"index, follow, max-snippet:-1, max-image-preview:large, max-video-preview:-1\" \/>\n<link rel=\"canonical\" href=\"https:\/\/dmcsrb.com\/en\/drustvo\/zajednica-opstina-potrebno-uspostaviti-dugorocne-mjere-za-ekonomsko-osnazivanje-mladih-bez-roditeljskog-staranja\/\" \/>\n<meta property=\"og:locale\" content=\"en_GB\" \/>\n<meta property=\"og:type\" content=\"article\" \/>\n<meta property=\"og:title\" content=\"Zajednica op\u0161tina: Potrebno uspostaviti dugoro\u010dne mjere za ekonomsko osna\u017eivanje mladih bez roditeljskog staranja - dmcsrb.com\" \/>\n<meta property=\"og:description\" content=\"Sprovode\u0107i projekat podr\u0161ke mladima bez roditeljskog staranja, Zajednica op\u0161tina Crne Gore (ZOCG) preduzela je niz mjera kako bi obezbijedila da dosada\u0161nji \u0161ti\u0107enici Dje\u010djeg doma \u201cMladost\u201d u Bijeloj, nakon izlaska iz ove ustanove zapo\u010dnu lak\u0161u i bezbjedniju tranziciju ka samostalnom \u017eivotu.\" \/>\n<meta property=\"og:url\" content=\"https:\/\/dmcsrb.com\/en\/drustvo\/zajednica-opstina-potrebno-uspostaviti-dugorocne-mjere-za-ekonomsko-osnazivanje-mladih-bez-roditeljskog-staranja\/\" \/>\n<meta property=\"og:site_name\" content=\"dmcsrb.com\" \/>\n<meta property=\"article:published_time\" content=\"2025-08-21T08:59:00+00:00\" \/>\n<meta property=\"og:image\" content=\"https:\/\/dmcsrb.com\/wp-content\/uploads\/2026\/01\/Zajednica-opstina-Crne-Gore-921x556-1.jpg\" \/>\n\t<meta property=\"og:image:width\" content=\"921\" \/>\n\t<meta property=\"og:image:height\" content=\"556\" \/>\n\t<meta property=\"og:image:type\" content=\"image\/jpeg\" \/>\n<meta name=\"author\" content=\"dmcsrbija.com@gmail.com\" \/>\n<meta name=\"twitter:card\" content=\"summary_large_image\" \/>\n<meta name=\"twitter:label1\" content=\"Written by\" \/>\n\t<meta name=\"twitter:data1\" content=\"dmcsrbija.com@gmail.com\" \/>\n\t<meta name=\"twitter:label2\" content=\"Estimated reading time\" \/>\n\t<meta name=\"twitter:data2\" content=\"2 minutes\" \/>\n<script type=\"application\/ld+json\" class=\"yoast-schema-graph\">{\"@context\":\"https:\\\/\\\/schema.org\",\"@graph\":[{\"@type\":\"Article\",\"@id\":\"https:\\\/\\\/dmcsrb.com\\\/drustvo\\\/zajednica-opstina-potrebno-uspostaviti-dugorocne-mjere-za-ekonomsko-osnazivanje-mladih-bez-roditeljskog-staranja\\\/#article\",\"isPartOf\":{\"@id\":\"https:\\\/\\\/dmcsrb.com\\\/drustvo\\\/zajednica-opstina-potrebno-uspostaviti-dugorocne-mjere-za-ekonomsko-osnazivanje-mladih-bez-roditeljskog-staranja\\\/\"},\"author\":{\"name\":\"dmcsrbija.com@gmail.com\",\"@id\":\"https:\\\/\\\/dmcsrb.com\\\/#\\\/schema\\\/person\\\/5c39170f12db1b8b457732d0b5c854e2\"},\"headline\":\"Zajednica op\u0161tina: Potrebno uspostaviti dugoro\u010dne mjere za ekonomsko osna\u017eivanje mladih bez roditeljskog staranja\",\"datePublished\":\"2025-08-21T08:59:00+00:00\",\"mainEntityOfPage\":{\"@id\":\"https:\\\/\\\/dmcsrb.com\\\/drustvo\\\/zajednica-opstina-potrebno-uspostaviti-dugorocne-mjere-za-ekonomsko-osnazivanje-mladih-bez-roditeljskog-staranja\\\/\"},\"wordCount\":459,\"commentCount\":0,\"image\":{\"@id\":\"https:\\\/\\\/dmcsrb.com\\\/drustvo\\\/zajednica-opstina-potrebno-uspostaviti-dugorocne-mjere-za-ekonomsko-osnazivanje-mladih-bez-roditeljskog-staranja\\\/#primaryimage\"},\"thumbnailUrl\":\"https:\\\/\\\/dmcsrb.com\\\/wp-content\\\/uploads\\\/2026\\\/01\\\/Zajednica-opstina-Crne-Gore-921x556-1.jpg\",\"keywords\":[\"mladi\",\"Zajednica op\u0161tina\"],\"articleSection\":[\"Dru\u0161tvo\"],\"inLanguage\":\"en-GB\",\"potentialAction\":[{\"@type\":\"CommentAction\",\"name\":\"Comment\",\"target\":[\"https:\\\/\\\/dmcsrb.com\\\/drustvo\\\/zajednica-opstina-potrebno-uspostaviti-dugorocne-mjere-za-ekonomsko-osnazivanje-mladih-bez-roditeljskog-staranja\\\/#respond\"]}]},{\"@type\":\"WebPage\",\"@id\":\"https:\\\/\\\/dmcsrb.com\\\/drustvo\\\/zajednica-opstina-potrebno-uspostaviti-dugorocne-mjere-za-ekonomsko-osnazivanje-mladih-bez-roditeljskog-staranja\\\/\",\"url\":\"https:\\\/\\\/dmcsrb.com\\\/drustvo\\\/zajednica-opstina-potrebno-uspostaviti-dugorocne-mjere-za-ekonomsko-osnazivanje-mladih-bez-roditeljskog-staranja\\\/\",\"name\":\"Zajednica op\u0161tina: Potrebno uspostaviti dugoro\u010dne mjere za ekonomsko osna\u017eivanje mladih bez roditeljskog staranja - dmcsrb.com\",\"isPartOf\":{\"@id\":\"https:\\\/\\\/dmcsrb.com\\\/#website\"},\"primaryImageOfPage\":{\"@id\":\"https:\\\/\\\/dmcsrb.com\\\/drustvo\\\/zajednica-opstina-potrebno-uspostaviti-dugorocne-mjere-za-ekonomsko-osnazivanje-mladih-bez-roditeljskog-staranja\\\/#primaryimage\"},\"image\":{\"@id\":\"https:\\\/\\\/dmcsrb.com\\\/drustvo\\\/zajednica-opstina-potrebno-uspostaviti-dugorocne-mjere-za-ekonomsko-osnazivanje-mladih-bez-roditeljskog-staranja\\\/#primaryimage\"},\"thumbnailUrl\":\"https:\\\/\\\/dmcsrb.com\\\/wp-content\\\/uploads\\\/2026\\\/01\\\/Zajednica-opstina-Crne-Gore-921x556-1.jpg\",\"datePublished\":\"2025-08-21T08:59:00+00:00\",\"author\":{\"@id\":\"https:\\\/\\\/dmcsrb.com\\\/#\\\/schema\\\/person\\\/5c39170f12db1b8b457732d0b5c854e2\"},\"breadcrumb\":{\"@id\":\"https:\\\/\\\/dmcsrb.com\\\/drustvo\\\/zajednica-opstina-potrebno-uspostaviti-dugorocne-mjere-za-ekonomsko-osnazivanje-mladih-bez-roditeljskog-staranja\\\/#breadcrumb\"},\"inLanguage\":\"en-GB\",\"potentialAction\":[{\"@type\":\"ReadAction\",\"target\":[\"https:\\\/\\\/dmcsrb.com\\\/drustvo\\\/zajednica-opstina-potrebno-uspostaviti-dugorocne-mjere-za-ekonomsko-osnazivanje-mladih-bez-roditeljskog-staranja\\\/\"]}]},{\"@type\":\"ImageObject\",\"inLanguage\":\"en-GB\",\"@id\":\"https:\\\/\\\/dmcsrb.com\\\/drustvo\\\/zajednica-opstina-potrebno-uspostaviti-dugorocne-mjere-za-ekonomsko-osnazivanje-mladih-bez-roditeljskog-staranja\\\/#primaryimage\",\"url\":\"https:\\\/\\\/dmcsrb.com\\\/wp-content\\\/uploads\\\/2026\\\/01\\\/Zajednica-opstina-Crne-Gore-921x556-1.jpg\",\"contentUrl\":\"https:\\\/\\\/dmcsrb.com\\\/wp-content\\\/uploads\\\/2026\\\/01\\\/Zajednica-opstina-Crne-Gore-921x556-1.jpg\",\"width\":921,\"height\":556},{\"@type\":\"BreadcrumbList\",\"@id\":\"https:\\\/\\\/dmcsrb.com\\\/drustvo\\\/zajednica-opstina-potrebno-uspostaviti-dugorocne-mjere-za-ekonomsko-osnazivanje-mladih-bez-roditeljskog-staranja\\\/#breadcrumb\",\"itemListElement\":[{\"@type\":\"ListItem\",\"position\":1,\"name\":\"Home\",\"item\":\"https:\\\/\\\/dmcsrb.com\\\/\"},{\"@type\":\"ListItem\",\"position\":2,\"name\":\"Zajednica op\u0161tina: Potrebno uspostaviti dugoro\u010dne mjere za ekonomsko osna\u017eivanje mladih bez roditeljskog staranja\"}]},{\"@type\":\"WebSite\",\"@id\":\"https:\\\/\\\/dmcsrb.com\\\/#website\",\"url\":\"https:\\\/\\\/dmcsrb.com\\\/\",\"name\":\"dmcsrb.com\",\"description\":\"\",\"potentialAction\":[{\"@type\":\"SearchAction\",\"target\":{\"@type\":\"EntryPoint\",\"urlTemplate\":\"https:\\\/\\\/dmcsrb.com\\\/?s={search_term_string}\"},\"query-input\":{\"@type\":\"PropertyValueSpecification\",\"valueRequired\":true,\"valueName\":\"search_term_string\"}}],\"inLanguage\":\"en-GB\"},{\"@type\":\"Person\",\"@id\":\"https:\\\/\\\/dmcsrb.com\\\/#\\\/schema\\\/person\\\/5c39170f12db1b8b457732d0b5c854e2\",\"name\":\"dmcsrbija.com@gmail.com\",\"image\":{\"@type\":\"ImageObject\",\"inLanguage\":\"en-GB\",\"@id\":\"https:\\\/\\\/secure.gravatar.com\\\/avatar\\\/68592660ad6347fad0fb587f8d5d8f1a7b44961362f56e4f2cd524feb87e9069?s=96&d=mm&r=g\",\"url\":\"https:\\\/\\\/secure.gravatar.com\\\/avatar\\\/68592660ad6347fad0fb587f8d5d8f1a7b44961362f56e4f2cd524feb87e9069?s=96&d=mm&r=g\",\"contentUrl\":\"https:\\\/\\\/secure.gravatar.com\\\/avatar\\\/68592660ad6347fad0fb587f8d5d8f1a7b44961362f56e4f2cd524feb87e9069?s=96&d=mm&r=g\",\"caption\":\"dmcsrbija.com@gmail.com\"},\"sameAs\":[\"https:\\\/\\\/dmcsrb.com\"],\"url\":\"https:\\\/\\\/dmcsrb.com\\\/en\\\/author\\\/dmcsrbija-comgmail-com\\\/\"}]}<\/script>\n<!-- \/ Yoast SEO plugin. -->","yoast_head_json":{"title":"Zajednica op\u0161tina: Potrebno uspostaviti dugoro\u010dne mjere za ekonomsko osna\u017eivanje mladih bez roditeljskog staranja - dmcsrb.com","robots":{"index":"index","follow":"follow","max-snippet":"max-snippet:-1","max-image-preview":"max-image-preview:large","max-video-preview":"max-video-preview:-1"},"canonical":"https:\/\/dmcsrb.com\/en\/drustvo\/zajednica-opstina-potrebno-uspostaviti-dugorocne-mjere-za-ekonomsko-osnazivanje-mladih-bez-roditeljskog-staranja\/","og_locale":"en_GB","og_type":"article","og_title":"Zajednica op\u0161tina: Potrebno uspostaviti dugoro\u010dne mjere za ekonomsko osna\u017eivanje mladih bez roditeljskog staranja - dmcsrb.com","og_description":"Sprovode\u0107i projekat podr\u0161ke mladima bez roditeljskog staranja, Zajednica op\u0161tina Crne Gore (ZOCG) preduzela je niz mjera kako bi obezbijedila da dosada\u0161nji \u0161ti\u0107enici Dje\u010djeg doma \u201cMladost\u201d u Bijeloj, nakon izlaska iz ove ustanove zapo\u010dnu lak\u0161u i bezbjedniju tranziciju ka samostalnom \u017eivotu.","og_url":"https:\/\/dmcsrb.com\/en\/drustvo\/zajednica-opstina-potrebno-uspostaviti-dugorocne-mjere-za-ekonomsko-osnazivanje-mladih-bez-roditeljskog-staranja\/","og_site_name":"dmcsrb.com","article_published_time":"2025-08-21T08:59:00+00:00","og_image":[{"width":921,"height":556,"url":"https:\/\/dmcsrb.com\/wp-content\/uploads\/2026\/01\/Zajednica-opstina-Crne-Gore-921x556-1.jpg","type":"image\/jpeg"}],"author":"dmcsrbija.com@gmail.com","twitter_card":"summary_large_image","twitter_misc":{"Written by":"dmcsrbija.com@gmail.com","Estimated reading time":"2 minutes"},"schema":{"@context":"https:\/\/schema.org","@graph":[{"@type":"Article","@id":"https:\/\/dmcsrb.com\/drustvo\/zajednica-opstina-potrebno-uspostaviti-dugorocne-mjere-za-ekonomsko-osnazivanje-mladih-bez-roditeljskog-staranja\/#article","isPartOf":{"@id":"https:\/\/dmcsrb.com\/drustvo\/zajednica-opstina-potrebno-uspostaviti-dugorocne-mjere-za-ekonomsko-osnazivanje-mladih-bez-roditeljskog-staranja\/"},"author":{"name":"dmcsrbija.com@gmail.com","@id":"https:\/\/dmcsrb.com\/#\/schema\/person\/5c39170f12db1b8b457732d0b5c854e2"},"headline":"Zajednica op\u0161tina: Potrebno uspostaviti dugoro\u010dne mjere za ekonomsko osna\u017eivanje mladih bez roditeljskog staranja","datePublished":"2025-08-21T08:59:00+00:00","mainEntityOfPage":{"@id":"https:\/\/dmcsrb.com\/drustvo\/zajednica-opstina-potrebno-uspostaviti-dugorocne-mjere-za-ekonomsko-osnazivanje-mladih-bez-roditeljskog-staranja\/"},"wordCount":459,"commentCount":0,"image":{"@id":"https:\/\/dmcsrb.com\/drustvo\/zajednica-opstina-potrebno-uspostaviti-dugorocne-mjere-za-ekonomsko-osnazivanje-mladih-bez-roditeljskog-staranja\/#primaryimage"},"thumbnailUrl":"https:\/\/dmcsrb.com\/wp-content\/uploads\/2026\/01\/Zajednica-opstina-Crne-Gore-921x556-1.jpg","keywords":["mladi","Zajednica op\u0161tina"],"articleSection":["Dru\u0161tvo"],"inLanguage":"en-GB","potentialAction":[{"@type":"CommentAction","name":"Comment","target":["https:\/\/dmcsrb.com\/drustvo\/zajednica-opstina-potrebno-uspostaviti-dugorocne-mjere-za-ekonomsko-osnazivanje-mladih-bez-roditeljskog-staranja\/#respond"]}]},{"@type":"WebPage","@id":"https:\/\/dmcsrb.com\/drustvo\/zajednica-opstina-potrebno-uspostaviti-dugorocne-mjere-za-ekonomsko-osnazivanje-mladih-bez-roditeljskog-staranja\/","url":"https:\/\/dmcsrb.com\/drustvo\/zajednica-opstina-potrebno-uspostaviti-dugorocne-mjere-za-ekonomsko-osnazivanje-mladih-bez-roditeljskog-staranja\/","name":"Zajednica op\u0161tina: Potrebno uspostaviti dugoro\u010dne mjere za ekonomsko osna\u017eivanje mladih bez roditeljskog staranja - dmcsrb.com","isPartOf":{"@id":"https:\/\/dmcsrb.com\/#website"},"primaryImageOfPage":{"@id":"https:\/\/dmcsrb.com\/drustvo\/zajednica-opstina-potrebno-uspostaviti-dugorocne-mjere-za-ekonomsko-osnazivanje-mladih-bez-roditeljskog-staranja\/#primaryimage"},"image":{"@id":"https:\/\/dmcsrb.com\/drustvo\/zajednica-opstina-potrebno-uspostaviti-dugorocne-mjere-za-ekonomsko-osnazivanje-mladih-bez-roditeljskog-staranja\/#primaryimage"},"thumbnailUrl":"https:\/\/dmcsrb.com\/wp-content\/uploads\/2026\/01\/Zajednica-opstina-Crne-Gore-921x556-1.jpg","datePublished":"2025-08-21T08:59:00+00:00","author":{"@id":"https:\/\/dmcsrb.com\/#\/schema\/person\/5c39170f12db1b8b457732d0b5c854e2"},"breadcrumb":{"@id":"https:\/\/dmcsrb.com\/drustvo\/zajednica-opstina-potrebno-uspostaviti-dugorocne-mjere-za-ekonomsko-osnazivanje-mladih-bez-roditeljskog-staranja\/#breadcrumb"},"inLanguage":"en-GB","potentialAction":[{"@type":"ReadAction","target":["https:\/\/dmcsrb.com\/drustvo\/zajednica-opstina-potrebno-uspostaviti-dugorocne-mjere-za-ekonomsko-osnazivanje-mladih-bez-roditeljskog-staranja\/"]}]},{"@type":"ImageObject","inLanguage":"en-GB","@id":"https:\/\/dmcsrb.com\/drustvo\/zajednica-opstina-potrebno-uspostaviti-dugorocne-mjere-za-ekonomsko-osnazivanje-mladih-bez-roditeljskog-staranja\/#primaryimage","url":"https:\/\/dmcsrb.com\/wp-content\/uploads\/2026\/01\/Zajednica-opstina-Crne-Gore-921x556-1.jpg","contentUrl":"https:\/\/dmcsrb.com\/wp-content\/uploads\/2026\/01\/Zajednica-opstina-Crne-Gore-921x556-1.jpg","width":921,"height":556},{"@type":"BreadcrumbList","@id":"https:\/\/dmcsrb.com\/drustvo\/zajednica-opstina-potrebno-uspostaviti-dugorocne-mjere-za-ekonomsko-osnazivanje-mladih-bez-roditeljskog-staranja\/#breadcrumb","itemListElement":[{"@type":"ListItem","position":1,"name":"Home","item":"https:\/\/dmcsrb.com\/"},{"@type":"ListItem","position":2,"name":"Zajednica op\u0161tina: Potrebno uspostaviti dugoro\u010dne mjere za ekonomsko osna\u017eivanje mladih bez roditeljskog staranja"}]},{"@type":"WebSite","@id":"https:\/\/dmcsrb.com\/#website","url":"https:\/\/dmcsrb.com\/","name":"dmcsrb.com","description":"","potentialAction":[{"@type":"SearchAction","target":{"@type":"EntryPoint","urlTemplate":"https:\/\/dmcsrb.com\/?s={search_term_string}"},"query-input":{"@type":"PropertyValueSpecification","valueRequired":true,"valueName":"search_term_string"}}],"inLanguage":"en-GB"},{"@type":"Person","@id":"https:\/\/dmcsrb.com\/#\/schema\/person\/5c39170f12db1b8b457732d0b5c854e2","name":"dmcsrbija.com@gmail.com","image":{"@type":"ImageObject","inLanguage":"en-GB","@id":"https:\/\/secure.gravatar.com\/avatar\/68592660ad6347fad0fb587f8d5d8f1a7b44961362f56e4f2cd524feb87e9069?s=96&d=mm&r=g","url":"https:\/\/secure.gravatar.com\/avatar\/68592660ad6347fad0fb587f8d5d8f1a7b44961362f56e4f2cd524feb87e9069?s=96&d=mm&r=g","contentUrl":"https:\/\/secure.gravatar.com\/avatar\/68592660ad6347fad0fb587f8d5d8f1a7b44961362f56e4f2cd524feb87e9069?s=96&d=mm&r=g","caption":"dmcsrbija.com@gmail.com"},"sameAs":["https:\/\/dmcsrb.com"],"url":"https:\/\/dmcsrb.com\/en\/author\/dmcsrbija-comgmail-com\/"}]}},"_links":{"self":[{"href":"https:\/\/dmcsrb.com\/en\/wp-json\/wp\/v2\/posts\/947434","targetHints":{"allow":["GET"]}}],"collection":[{"href":"https:\/\/dmcsrb.com\/en\/wp-json\/wp\/v2\/posts"}],"about":[{"href":"https:\/\/dmcsrb.com\/en\/wp-json\/wp\/v2\/types\/post"}],"author":[{"embeddable":true,"href":"https:\/\/dmcsrb.com\/en\/wp-json\/wp\/v2\/users\/1"}],"replies":[{"embeddable":true,"href":"https:\/\/dmcsrb.com\/en\/wp-json\/wp\/v2\/comments?post=947434"}],"version-history":[{"count":0,"href":"https:\/\/dmcsrb.com\/en\/wp-json\/wp\/v2\/posts\/947434\/revisions"}],"wp:featuredmedia":[{"embeddable":true,"href":"https:\/\/dmcsrb.com\/en\/wp-json\/wp\/v2\/media\/915002"}],"wp:attachment":[{"href":"https:\/\/dmcsrb.com\/en\/wp-json\/wp\/v2\/media?parent=947434"}],"wp:term":[{"taxonomy":"category","embeddable":true,"href":"https:\/\/dmcsrb.com\/en\/wp-json\/wp\/v2\/categories?post=947434"},{"taxonomy":"post_tag","embeddable":true,"href":"https:\/\/dmcsrb.com\/en\/wp-json\/wp\/v2\/tags?post=947434"},{"taxonomy":"naslovna","embeddable":true,"href":"https:\/\/dmcsrb.com\/en\/wp-json\/wp\/v2\/naslovna?post=947434"}],"curies":[{"name":"wp","href":"https:\/\/api.w.org\/{rel}","templated":true}]}}