{"id":947430,"date":"2025-08-21T10:05:00","date_gmt":"2025-08-21T08:05:00","guid":{"rendered":"https:\/\/dmcsrb.com\/uncategorized\/skupstina-republike-srpske-sjutra-o-referendumu-i-o-mandatu-dodika\/"},"modified":"2025-08-21T10:05:00","modified_gmt":"2025-08-21T08:05:00","slug":"skupstina-republike-srpske-sjutra-o-referendumu-i-o-mandatu-dodika","status":"publish","type":"post","link":"https:\/\/dmcsrb.com\/en\/region\/skupstina-republike-srpske-sjutra-o-referendumu-i-o-mandatu-dodika\/","title":{"rendered":"Skup\u0161tina Republike Srpske sjutra o referendumu i o mandatu Dodika"},"content":{"rendered":"<p><\/p>\n\n\n\n<p>To je odlu\u010deno na kolegijumu Skup\u0161tine 21. augusta.<\/p>\n\n\n\n<p>Kako se navodi u dnevnom redu, na referendumu bi se gra\u0111ani trebali izjasniti o odluci Suda BiH i Centralne izborne komisije BIH o oduzimanju mandata&nbsp;<strong>Miloradu Dodiku<\/strong>&nbsp;sa pozicije predsjednika RS.<\/p>\n\n\n\n<p>Odlukom Suda Bosne i Hercegovine koji je potvrdio odluku CIK-a o oduzimanju mandata, Dodik je izgubio sve ustavne i zakonske ovlasti predsjednika RS.<\/p>\n\n\n\n<p>Vladaju\u0107a koalicija je prethodno dogovorila da bi se referendum mogao odr\u017eati 18. ili 25. oktobra.<\/p>\n\n\n\n<p>Ustav Bosne i Hercegovine ne sadr\u017ei odredbu koja izri\u010dito dopu\u0161ta ili zabranjuje referendum, ali nijedan od ni\u017eih nivoa vlasti ne mo\u017ee raspisati referendum samo na dijelu teritorije koji se ti\u010de nadle\u017enosti i odluka dr\u017eave BiH.<\/p>\n\n\n\n<p>Na dnevnom redu Skup\u0161tine RS su i zauzimanje stava o budu\u0107im koracima institucija Republike Srpske, te rasprava o odgovoru institucija RS-a na presudu Suda BiH i odluku CIK-a.<\/p>\n\n\n\n<p>Skup\u0161tina bi na sjednici trebala konstatovati i ostavku predsjednika Vlade RS&nbsp;<strong>Radovana Vi\u0161kovi\u0107a.<\/strong><\/p>\n\n\n\n<p>S obzirom da RS trenutno nema ni predsjednika ni premijera upitno je ko \u0107e potpisati dokumenta potreban za raspisivanje referenduma.<\/p>\n\n\n\n<p>Prema pravosna\u017enoj presudi Suda BiH Dodik je osu\u0111en, jer je potpisao objavljivanje zakona, koje je prethodno poni\u0161tio visoki predstavnik&nbsp;<strong>Kristijan \u0160mit<\/strong>, o neprovo\u0111enju odluka Ustavnog suda i Kancelarije visokog predstavnika na teritoriji RS-a.<\/p>\n\n\n\n<p>Pravosna\u017enom presudom Dodiku je na \u0161est godina zabranjeno obavljanje javnih funkcija, a kaznu zatvora od godinu dana je otkupio.<\/p>\n\n\n\n<p>Dodikova odbrana je uputili apelaciju Ustavnom Sudu BiH na presudu.<\/p>\n\n\n\n<p>Centralna izborna komisija, koja je nakon pravosna\u017ene presude Suda BiH Dodiku oduzela mandat u skladu sa zakonom, bi trebala raspisati vandredne izbore za predsjendika RS u roku od 90 dana.<\/p>","protected":false},"excerpt":{"rendered":"<p>Prijedlog zakona o izmjeni i dopuni Zakona o referendumu i gra\u0111anskoj inicijativi po hitnom postupku, te usvajanje pravnog osnova za pokretanje procesa referenduma, jedna je od ta\u010daka dnevnog reda posebne sjednice Skup\u0161tine Republike Srpske, zakazane za petak, 22. august, prenosi RSE.<\/p>","protected":false},"author":1,"featured_media":944700,"comment_status":"open","ping_status":"open","sticky":false,"template":"","format":"standard","meta":{"_acf_changed":false,"footnotes":""},"categories":[103],"tags":[6776,2295],"naslovna":[],"class_list":["post-947430","post","type-post","status-publish","format-standard","has-post-thumbnail","hentry","category-region","tag-dodik","tag-region"],"acf":[],"yoast_head":"<!-- This site is optimized with the Yoast SEO plugin v27.4 - https:\/\/yoast.com\/product\/yoast-seo-wordpress\/ -->\n<title>Skup\u0161tina Republike Srpske sjutra o referendumu i o mandatu Dodika - dmcsrb.com<\/title>\n<meta name=\"robots\" content=\"index, follow, max-snippet:-1, max-image-preview:large, max-video-preview:-1\" \/>\n<link rel=\"canonical\" href=\"https:\/\/dmcsrb.com\/en\/region\/skupstina-republike-srpske-sjutra-o-referendumu-i-o-mandatu-dodika\/\" \/>\n<meta property=\"og:locale\" content=\"en_GB\" \/>\n<meta property=\"og:type\" content=\"article\" \/>\n<meta property=\"og:title\" content=\"Skup\u0161tina Republike Srpske sjutra o referendumu i o mandatu Dodika - dmcsrb.com\" \/>\n<meta property=\"og:description\" content=\"Prijedlog zakona o izmjeni i dopuni Zakona o referendumu i gra\u0111anskoj inicijativi po hitnom postupku, te usvajanje pravnog osnova za pokretanje procesa referenduma, jedna je od ta\u010daka dnevnog reda posebne sjednice Skup\u0161tine Republike Srpske, zakazane za petak, 22. august, prenosi RSE.\" \/>\n<meta property=\"og:url\" content=\"https:\/\/dmcsrb.com\/en\/region\/skupstina-republike-srpske-sjutra-o-referendumu-i-o-mandatu-dodika\/\" \/>\n<meta property=\"og:site_name\" content=\"dmcsrb.com\" \/>\n<meta property=\"article:published_time\" content=\"2025-08-21T08:05:00+00:00\" \/>\n<meta property=\"og:image\" content=\"https:\/\/dmcsrb.com\/wp-content\/uploads\/2026\/01\/dodik-printscreen-rtrs.webp\" \/>\n\t<meta property=\"og:image:width\" content=\"798\" \/>\n\t<meta property=\"og:image:height\" content=\"489\" \/>\n\t<meta property=\"og:image:type\" content=\"image\/jpeg\" \/>\n<meta name=\"author\" content=\"dmcsrbija.com@gmail.com\" \/>\n<meta name=\"twitter:card\" content=\"summary_large_image\" \/>\n<meta name=\"twitter:label1\" content=\"Written by\" \/>\n\t<meta name=\"twitter:data1\" content=\"dmcsrbija.com@gmail.com\" \/>\n\t<meta name=\"twitter:label2\" content=\"Estimated reading time\" \/>\n\t<meta name=\"twitter:data2\" content=\"1 minute\" \/>\n<script type=\"application\/ld+json\" class=\"yoast-schema-graph\">{\"@context\":\"https:\\\/\\\/schema.org\",\"@graph\":[{\"@type\":\"Article\",\"@id\":\"https:\\\/\\\/dmcsrb.com\\\/region\\\/skupstina-republike-srpske-sjutra-o-referendumu-i-o-mandatu-dodika\\\/#article\",\"isPartOf\":{\"@id\":\"https:\\\/\\\/dmcsrb.com\\\/region\\\/skupstina-republike-srpske-sjutra-o-referendumu-i-o-mandatu-dodika\\\/\"},\"author\":{\"name\":\"dmcsrbija.com@gmail.com\",\"@id\":\"https:\\\/\\\/dmcsrb.com\\\/#\\\/schema\\\/person\\\/5c39170f12db1b8b457732d0b5c854e2\"},\"headline\":\"Skup\u0161tina Republike Srpske sjutra o referendumu i o mandatu Dodika\",\"datePublished\":\"2025-08-21T08:05:00+00:00\",\"mainEntityOfPage\":{\"@id\":\"https:\\\/\\\/dmcsrb.com\\\/region\\\/skupstina-republike-srpske-sjutra-o-referendumu-i-o-mandatu-dodika\\\/\"},\"wordCount\":300,\"commentCount\":0,\"image\":{\"@id\":\"https:\\\/\\\/dmcsrb.com\\\/region\\\/skupstina-republike-srpske-sjutra-o-referendumu-i-o-mandatu-dodika\\\/#primaryimage\"},\"thumbnailUrl\":\"https:\\\/\\\/dmcsrb.com\\\/wp-content\\\/uploads\\\/2026\\\/01\\\/dodik-printscreen-rtrs.webp\",\"keywords\":[\"Dodik\",\"region\"],\"articleSection\":[\"Region\"],\"inLanguage\":\"en-GB\",\"potentialAction\":[{\"@type\":\"CommentAction\",\"name\":\"Comment\",\"target\":[\"https:\\\/\\\/dmcsrb.com\\\/region\\\/skupstina-republike-srpske-sjutra-o-referendumu-i-o-mandatu-dodika\\\/#respond\"]}]},{\"@type\":\"WebPage\",\"@id\":\"https:\\\/\\\/dmcsrb.com\\\/region\\\/skupstina-republike-srpske-sjutra-o-referendumu-i-o-mandatu-dodika\\\/\",\"url\":\"https:\\\/\\\/dmcsrb.com\\\/region\\\/skupstina-republike-srpske-sjutra-o-referendumu-i-o-mandatu-dodika\\\/\",\"name\":\"Skup\u0161tina Republike Srpske sjutra o referendumu i o mandatu Dodika - dmcsrb.com\",\"isPartOf\":{\"@id\":\"https:\\\/\\\/dmcsrb.com\\\/#website\"},\"primaryImageOfPage\":{\"@id\":\"https:\\\/\\\/dmcsrb.com\\\/region\\\/skupstina-republike-srpske-sjutra-o-referendumu-i-o-mandatu-dodika\\\/#primaryimage\"},\"image\":{\"@id\":\"https:\\\/\\\/dmcsrb.com\\\/region\\\/skupstina-republike-srpske-sjutra-o-referendumu-i-o-mandatu-dodika\\\/#primaryimage\"},\"thumbnailUrl\":\"https:\\\/\\\/dmcsrb.com\\\/wp-content\\\/uploads\\\/2026\\\/01\\\/dodik-printscreen-rtrs.webp\",\"datePublished\":\"2025-08-21T08:05:00+00:00\",\"author\":{\"@id\":\"https:\\\/\\\/dmcsrb.com\\\/#\\\/schema\\\/person\\\/5c39170f12db1b8b457732d0b5c854e2\"},\"breadcrumb\":{\"@id\":\"https:\\\/\\\/dmcsrb.com\\\/region\\\/skupstina-republike-srpske-sjutra-o-referendumu-i-o-mandatu-dodika\\\/#breadcrumb\"},\"inLanguage\":\"en-GB\",\"potentialAction\":[{\"@type\":\"ReadAction\",\"target\":[\"https:\\\/\\\/dmcsrb.com\\\/region\\\/skupstina-republike-srpske-sjutra-o-referendumu-i-o-mandatu-dodika\\\/\"]}]},{\"@type\":\"ImageObject\",\"inLanguage\":\"en-GB\",\"@id\":\"https:\\\/\\\/dmcsrb.com\\\/region\\\/skupstina-republike-srpske-sjutra-o-referendumu-i-o-mandatu-dodika\\\/#primaryimage\",\"url\":\"https:\\\/\\\/dmcsrb.com\\\/wp-content\\\/uploads\\\/2026\\\/01\\\/dodik-printscreen-rtrs.webp\",\"contentUrl\":\"https:\\\/\\\/dmcsrb.com\\\/wp-content\\\/uploads\\\/2026\\\/01\\\/dodik-printscreen-rtrs.webp\",\"width\":798,\"height\":489},{\"@type\":\"BreadcrumbList\",\"@id\":\"https:\\\/\\\/dmcsrb.com\\\/region\\\/skupstina-republike-srpske-sjutra-o-referendumu-i-o-mandatu-dodika\\\/#breadcrumb\",\"itemListElement\":[{\"@type\":\"ListItem\",\"position\":1,\"name\":\"Home\",\"item\":\"https:\\\/\\\/dmcsrb.com\\\/\"},{\"@type\":\"ListItem\",\"position\":2,\"name\":\"Skup\u0161tina Republike Srpske sjutra o referendumu i o mandatu Dodika\"}]},{\"@type\":\"WebSite\",\"@id\":\"https:\\\/\\\/dmcsrb.com\\\/#website\",\"url\":\"https:\\\/\\\/dmcsrb.com\\\/\",\"name\":\"dmcsrb.com\",\"description\":\"\",\"potentialAction\":[{\"@type\":\"SearchAction\",\"target\":{\"@type\":\"EntryPoint\",\"urlTemplate\":\"https:\\\/\\\/dmcsrb.com\\\/?s={search_term_string}\"},\"query-input\":{\"@type\":\"PropertyValueSpecification\",\"valueRequired\":true,\"valueName\":\"search_term_string\"}}],\"inLanguage\":\"en-GB\"},{\"@type\":\"Person\",\"@id\":\"https:\\\/\\\/dmcsrb.com\\\/#\\\/schema\\\/person\\\/5c39170f12db1b8b457732d0b5c854e2\",\"name\":\"dmcsrbija.com@gmail.com\",\"image\":{\"@type\":\"ImageObject\",\"inLanguage\":\"en-GB\",\"@id\":\"https:\\\/\\\/secure.gravatar.com\\\/avatar\\\/68592660ad6347fad0fb587f8d5d8f1a7b44961362f56e4f2cd524feb87e9069?s=96&d=mm&r=g\",\"url\":\"https:\\\/\\\/secure.gravatar.com\\\/avatar\\\/68592660ad6347fad0fb587f8d5d8f1a7b44961362f56e4f2cd524feb87e9069?s=96&d=mm&r=g\",\"contentUrl\":\"https:\\\/\\\/secure.gravatar.com\\\/avatar\\\/68592660ad6347fad0fb587f8d5d8f1a7b44961362f56e4f2cd524feb87e9069?s=96&d=mm&r=g\",\"caption\":\"dmcsrbija.com@gmail.com\"},\"sameAs\":[\"https:\\\/\\\/dmcsrb.com\"],\"url\":\"https:\\\/\\\/dmcsrb.com\\\/en\\\/author\\\/dmcsrbija-comgmail-com\\\/\"}]}<\/script>\n<!-- \/ Yoast SEO plugin. -->","yoast_head_json":{"title":"Skup\u0161tina Republike Srpske sjutra o referendumu i o mandatu Dodika - dmcsrb.com","robots":{"index":"index","follow":"follow","max-snippet":"max-snippet:-1","max-image-preview":"max-image-preview:large","max-video-preview":"max-video-preview:-1"},"canonical":"https:\/\/dmcsrb.com\/en\/region\/skupstina-republike-srpske-sjutra-o-referendumu-i-o-mandatu-dodika\/","og_locale":"en_GB","og_type":"article","og_title":"Skup\u0161tina Republike Srpske sjutra o referendumu i o mandatu Dodika - dmcsrb.com","og_description":"Prijedlog zakona o izmjeni i dopuni Zakona o referendumu i gra\u0111anskoj inicijativi po hitnom postupku, te usvajanje pravnog osnova za pokretanje procesa referenduma, jedna je od ta\u010daka dnevnog reda posebne sjednice Skup\u0161tine Republike Srpske, zakazane za petak, 22. august, prenosi RSE.","og_url":"https:\/\/dmcsrb.com\/en\/region\/skupstina-republike-srpske-sjutra-o-referendumu-i-o-mandatu-dodika\/","og_site_name":"dmcsrb.com","article_published_time":"2025-08-21T08:05:00+00:00","og_image":[{"width":798,"height":489,"url":"https:\/\/dmcsrb.com\/wp-content\/uploads\/2026\/01\/dodik-printscreen-rtrs.webp","type":"image\/jpeg"}],"author":"dmcsrbija.com@gmail.com","twitter_card":"summary_large_image","twitter_misc":{"Written by":"dmcsrbija.com@gmail.com","Estimated reading time":"1 minute"},"schema":{"@context":"https:\/\/schema.org","@graph":[{"@type":"Article","@id":"https:\/\/dmcsrb.com\/region\/skupstina-republike-srpske-sjutra-o-referendumu-i-o-mandatu-dodika\/#article","isPartOf":{"@id":"https:\/\/dmcsrb.com\/region\/skupstina-republike-srpske-sjutra-o-referendumu-i-o-mandatu-dodika\/"},"author":{"name":"dmcsrbija.com@gmail.com","@id":"https:\/\/dmcsrb.com\/#\/schema\/person\/5c39170f12db1b8b457732d0b5c854e2"},"headline":"Skup\u0161tina Republike Srpske sjutra o referendumu i o mandatu Dodika","datePublished":"2025-08-21T08:05:00+00:00","mainEntityOfPage":{"@id":"https:\/\/dmcsrb.com\/region\/skupstina-republike-srpske-sjutra-o-referendumu-i-o-mandatu-dodika\/"},"wordCount":300,"commentCount":0,"image":{"@id":"https:\/\/dmcsrb.com\/region\/skupstina-republike-srpske-sjutra-o-referendumu-i-o-mandatu-dodika\/#primaryimage"},"thumbnailUrl":"https:\/\/dmcsrb.com\/wp-content\/uploads\/2026\/01\/dodik-printscreen-rtrs.webp","keywords":["Dodik","region"],"articleSection":["Region"],"inLanguage":"en-GB","potentialAction":[{"@type":"CommentAction","name":"Comment","target":["https:\/\/dmcsrb.com\/region\/skupstina-republike-srpske-sjutra-o-referendumu-i-o-mandatu-dodika\/#respond"]}]},{"@type":"WebPage","@id":"https:\/\/dmcsrb.com\/region\/skupstina-republike-srpske-sjutra-o-referendumu-i-o-mandatu-dodika\/","url":"https:\/\/dmcsrb.com\/region\/skupstina-republike-srpske-sjutra-o-referendumu-i-o-mandatu-dodika\/","name":"Skup\u0161tina Republike Srpske sjutra o referendumu i o mandatu Dodika - dmcsrb.com","isPartOf":{"@id":"https:\/\/dmcsrb.com\/#website"},"primaryImageOfPage":{"@id":"https:\/\/dmcsrb.com\/region\/skupstina-republike-srpske-sjutra-o-referendumu-i-o-mandatu-dodika\/#primaryimage"},"image":{"@id":"https:\/\/dmcsrb.com\/region\/skupstina-republike-srpske-sjutra-o-referendumu-i-o-mandatu-dodika\/#primaryimage"},"thumbnailUrl":"https:\/\/dmcsrb.com\/wp-content\/uploads\/2026\/01\/dodik-printscreen-rtrs.webp","datePublished":"2025-08-21T08:05:00+00:00","author":{"@id":"https:\/\/dmcsrb.com\/#\/schema\/person\/5c39170f12db1b8b457732d0b5c854e2"},"breadcrumb":{"@id":"https:\/\/dmcsrb.com\/region\/skupstina-republike-srpske-sjutra-o-referendumu-i-o-mandatu-dodika\/#breadcrumb"},"inLanguage":"en-GB","potentialAction":[{"@type":"ReadAction","target":["https:\/\/dmcsrb.com\/region\/skupstina-republike-srpske-sjutra-o-referendumu-i-o-mandatu-dodika\/"]}]},{"@type":"ImageObject","inLanguage":"en-GB","@id":"https:\/\/dmcsrb.com\/region\/skupstina-republike-srpske-sjutra-o-referendumu-i-o-mandatu-dodika\/#primaryimage","url":"https:\/\/dmcsrb.com\/wp-content\/uploads\/2026\/01\/dodik-printscreen-rtrs.webp","contentUrl":"https:\/\/dmcsrb.com\/wp-content\/uploads\/2026\/01\/dodik-printscreen-rtrs.webp","width":798,"height":489},{"@type":"BreadcrumbList","@id":"https:\/\/dmcsrb.com\/region\/skupstina-republike-srpske-sjutra-o-referendumu-i-o-mandatu-dodika\/#breadcrumb","itemListElement":[{"@type":"ListItem","position":1,"name":"Home","item":"https:\/\/dmcsrb.com\/"},{"@type":"ListItem","position":2,"name":"Skup\u0161tina Republike Srpske sjutra o referendumu i o mandatu Dodika"}]},{"@type":"WebSite","@id":"https:\/\/dmcsrb.com\/#website","url":"https:\/\/dmcsrb.com\/","name":"dmcsrb.com","description":"","potentialAction":[{"@type":"SearchAction","target":{"@type":"EntryPoint","urlTemplate":"https:\/\/dmcsrb.com\/?s={search_term_string}"},"query-input":{"@type":"PropertyValueSpecification","valueRequired":true,"valueName":"search_term_string"}}],"inLanguage":"en-GB"},{"@type":"Person","@id":"https:\/\/dmcsrb.com\/#\/schema\/person\/5c39170f12db1b8b457732d0b5c854e2","name":"dmcsrbija.com@gmail.com","image":{"@type":"ImageObject","inLanguage":"en-GB","@id":"https:\/\/secure.gravatar.com\/avatar\/68592660ad6347fad0fb587f8d5d8f1a7b44961362f56e4f2cd524feb87e9069?s=96&d=mm&r=g","url":"https:\/\/secure.gravatar.com\/avatar\/68592660ad6347fad0fb587f8d5d8f1a7b44961362f56e4f2cd524feb87e9069?s=96&d=mm&r=g","contentUrl":"https:\/\/secure.gravatar.com\/avatar\/68592660ad6347fad0fb587f8d5d8f1a7b44961362f56e4f2cd524feb87e9069?s=96&d=mm&r=g","caption":"dmcsrbija.com@gmail.com"},"sameAs":["https:\/\/dmcsrb.com"],"url":"https:\/\/dmcsrb.com\/en\/author\/dmcsrbija-comgmail-com\/"}]}},"_links":{"self":[{"href":"https:\/\/dmcsrb.com\/en\/wp-json\/wp\/v2\/posts\/947430","targetHints":{"allow":["GET"]}}],"collection":[{"href":"https:\/\/dmcsrb.com\/en\/wp-json\/wp\/v2\/posts"}],"about":[{"href":"https:\/\/dmcsrb.com\/en\/wp-json\/wp\/v2\/types\/post"}],"author":[{"embeddable":true,"href":"https:\/\/dmcsrb.com\/en\/wp-json\/wp\/v2\/users\/1"}],"replies":[{"embeddable":true,"href":"https:\/\/dmcsrb.com\/en\/wp-json\/wp\/v2\/comments?post=947430"}],"version-history":[{"count":0,"href":"https:\/\/dmcsrb.com\/en\/wp-json\/wp\/v2\/posts\/947430\/revisions"}],"wp:featuredmedia":[{"embeddable":true,"href":"https:\/\/dmcsrb.com\/en\/wp-json\/wp\/v2\/media\/944700"}],"wp:attachment":[{"href":"https:\/\/dmcsrb.com\/en\/wp-json\/wp\/v2\/media?parent=947430"}],"wp:term":[{"taxonomy":"category","embeddable":true,"href":"https:\/\/dmcsrb.com\/en\/wp-json\/wp\/v2\/categories?post=947430"},{"taxonomy":"post_tag","embeddable":true,"href":"https:\/\/dmcsrb.com\/en\/wp-json\/wp\/v2\/tags?post=947430"},{"taxonomy":"naslovna","embeddable":true,"href":"https:\/\/dmcsrb.com\/en\/wp-json\/wp\/v2\/naslovna?post=947430"}],"curies":[{"name":"wp","href":"https:\/\/api.w.org\/{rel}","templated":true}]}}