{"id":947405,"date":"2025-08-21T08:13:00","date_gmt":"2025-08-21T06:13:00","guid":{"rendered":"https:\/\/dmcsrb.com\/uncategorized\/palestinci-bjeze-iz-grada-gaze-izrael-tvrdi-da-su-pocele-prve-faze-napada\/"},"modified":"2025-08-21T08:13:00","modified_gmt":"2025-08-21T06:13:00","slug":"palestinci-bjeze-iz-grada-gaze-izrael-tvrdi-da-su-pocele-prve-faze-napada","status":"publish","type":"post","link":"https:\/\/dmcsrb.com\/en\/svijet\/palestinci-bjeze-iz-grada-gaze-izrael-tvrdi-da-su-pocele-prve-faze-napada\/","title":{"rendered":"Palestinci bje\u017ee iz grada Gaze, Izrael tvrdi da su po\u010dele prve faze napada"},"content":{"rendered":"<p><\/p>\n\n\n\n<p>Izraelske trupe su uspostavile upori\u0161te na periferiji grada \u2013 u kojem \u017eivi vi\u0161e od milion Palestinaca \u2013 nakon vi\u0161ednevnog intenzivnog bombardovanja i artiljerijske vatre, prenosi BBC.<\/p>\n\n\n\n<p>To je navelo generalnog sekretara UN-a&nbsp;<strong>Antonia Gutere\u0161a<\/strong>&nbsp;da obnovi pozive na trenutni prekid vatre \u201ckako bi se izbjegla smrt i uni\u0161tenje\u201d koje bi napad \u201cneizbje\u017eno uzrokovao\u201d.<\/p>\n\n\n\n<p>Izrael nastavlja sa svojim planom zauzimanja cijelog grada Gaze uprkos me\u0111unarodnim kritikama.<\/p>\n\n\n\n<p>Portparol vojske rekao je da trupe ve\u0107 djeluju u podru\u010djima Zeitouna i Jabalije kako bi postavile temelje za ofanzivu, koju je ministar odbrane&nbsp;<strong>Izrael Kac<\/strong>&nbsp;odobrio 19. avgusta, a koja \u0107e biti predlo\u017eena kabinetu za bezbjednost kasnije ove sedmice.<\/p>\n\n\n\n<p>Oko 60.000 rezervista pozvano je za po\u010detak septembra kako bi se oslobodilo aktivno osoblje za operaciju.<\/p>\n\n\n\n<p>Premijer&nbsp;<strong>Benjamin Netanjahu<\/strong>&nbsp;rekao je da \u201cskra\u0107uje rokove\u201d za zauzimanje onoga \u0161to je opisao kao \u201cposljednja upori\u0161ta terora\u201d u Gazi.<\/p>\n\n\n\n<p>O\u010dekuje se da \u0107e stotinama hiljada Palestinaca u gradu Gazi biti nare\u0111eno da se evakui\u0161u i upute u skloni\u0161ta na jugu Gaze dok se pripremaju izraelski plan preuzimanja vlasti.<\/p>\n\n\n\n<p>Mnogi izraelski saveznici osudili su njegov plan, a francuski predsjednik<strong>&nbsp;Emanuel Makron<\/strong>&nbsp;upozorio je 20. avgusta da to \u201cmo\u017ee dovesti samo do katastrofe za oba naroda i rizikuje da cijelu regiju uvu\u010de u ciklus permanentnog rata\u201d.<\/p>\n\n\n\n<p>Me\u0111unarodni komitet Crvenog krsta (MKCK) u me\u0111uvremenu je saop\u0161tio da daljnje raseljavanje i intenziviranje neprijateljstava \u201crizikuju pogor\u0161anje ve\u0107 katastrofalne situacije\u201d za 2,1 milion stanovnika Gaze.<\/p>\n\n\n\n<p>Izraelska vlada je objavila svoju namjeru da osvoji cijeli Pojas Gaze nakon \u0161to su pro\u0161log mjeseca propali indirektni pregovori s Hamasom o prekidu vatre i sporazumu o osloba\u0111anju talaca.<\/p>\n\n\n\n<p>Palestinski pokret Hamas, kojeg SAD i Evropska unija smatraju teroristi\u010dki, napao je Izrael 7. oktobra 2023. godine, ubiv\u0161i, prema izraelskim podacima oko 1.200 ljudi i otev\u0161i 251 taoca.<\/p>\n\n\n\n<p>Ve\u0107ina talaca je pu\u0161tena u okviru primirja ili drugih sporazuma. Hamas navodi da \u0107e ostatak osloboditi samo u zamjenu za trajno primirje i izraelsko povla\u010denje.<\/p>\n\n\n\n<p>U izraelskim vojnim operacijama koje su uslijedile nakon 7. oktobra 2023. u Pojasu Gaze ubijeno je vi\u0161e od 62.000 osoba, podaci su Ministarstvo zdravlja Gaze pod kontrolom Hamasa.<\/p>","protected":false},"excerpt":{"rendered":"<p>Veliki broj Palestinaca nastavlja bje\u017eati iz grada Gaza nakon \u0161to je izraelska vojska zapo\u010dela prve faze planirane kopnene ofanzive, naveli su zvani\u010dnici.<\/p>","protected":false},"author":1,"featured_media":947406,"comment_status":"open","ping_status":"open","sticky":false,"template":"","format":"standard","meta":{"_acf_changed":false,"footnotes":""},"categories":[144],"tags":[1559,18026],"naslovna":[],"class_list":["post-947405","post","type-post","status-publish","format-standard","has-post-thumbnail","hentry","category-svijet","tag-gaza","tag-palestinci"],"acf":[],"yoast_head":"<!-- This site is optimized with the Yoast SEO plugin v27.4 - https:\/\/yoast.com\/product\/yoast-seo-wordpress\/ -->\n<title>Palestinci bje\u017ee iz grada Gaze, Izrael tvrdi da su po\u010dele prve faze napada - dmcsrb.com<\/title>\n<meta name=\"robots\" content=\"index, follow, max-snippet:-1, max-image-preview:large, max-video-preview:-1\" \/>\n<link rel=\"canonical\" href=\"https:\/\/dmcsrb.com\/en\/svijet\/palestinci-bjeze-iz-grada-gaze-izrael-tvrdi-da-su-pocele-prve-faze-napada\/\" \/>\n<meta property=\"og:locale\" content=\"en_GB\" \/>\n<meta property=\"og:type\" content=\"article\" \/>\n<meta property=\"og:title\" content=\"Palestinci bje\u017ee iz grada Gaze, Izrael tvrdi da su po\u010dele prve faze napada - dmcsrb.com\" \/>\n<meta property=\"og:description\" content=\"Veliki broj Palestinaca nastavlja bje\u017eati iz grada Gaza nakon \u0161to je izraelska vojska zapo\u010dela prve faze planirane kopnene ofanzive, naveli su zvani\u010dnici.\" \/>\n<meta property=\"og:url\" content=\"https:\/\/dmcsrb.com\/en\/svijet\/palestinci-bjeze-iz-grada-gaze-izrael-tvrdi-da-su-pocele-prve-faze-napada\/\" \/>\n<meta property=\"og:site_name\" content=\"dmcsrb.com\" \/>\n<meta property=\"article:published_time\" content=\"2025-08-21T06:13:00+00:00\" \/>\n<meta property=\"og:image\" content=\"https:\/\/dmcsrb.com\/wp-content\/uploads\/2026\/01\/Palestina-foto-AP-Mohammed-Dahman.webp\" \/>\n\t<meta property=\"og:image:width\" content=\"1020\" \/>\n\t<meta property=\"og:image:height\" content=\"556\" \/>\n\t<meta property=\"og:image:type\" content=\"image\/jpeg\" \/>\n<meta name=\"author\" content=\"dmcsrbija.com@gmail.com\" \/>\n<meta name=\"twitter:card\" content=\"summary_large_image\" \/>\n<meta name=\"twitter:label1\" content=\"Written by\" \/>\n\t<meta name=\"twitter:data1\" content=\"dmcsrbija.com@gmail.com\" \/>\n\t<meta name=\"twitter:label2\" content=\"Estimated reading time\" \/>\n\t<meta name=\"twitter:data2\" content=\"2 minutes\" \/>\n<script type=\"application\/ld+json\" class=\"yoast-schema-graph\">{\"@context\":\"https:\\\/\\\/schema.org\",\"@graph\":[{\"@type\":\"Article\",\"@id\":\"https:\\\/\\\/dmcsrb.com\\\/svijet\\\/palestinci-bjeze-iz-grada-gaze-izrael-tvrdi-da-su-pocele-prve-faze-napada\\\/#article\",\"isPartOf\":{\"@id\":\"https:\\\/\\\/dmcsrb.com\\\/svijet\\\/palestinci-bjeze-iz-grada-gaze-izrael-tvrdi-da-su-pocele-prve-faze-napada\\\/\"},\"author\":{\"name\":\"dmcsrbija.com@gmail.com\",\"@id\":\"https:\\\/\\\/dmcsrb.com\\\/#\\\/schema\\\/person\\\/5c39170f12db1b8b457732d0b5c854e2\"},\"headline\":\"Palestinci bje\u017ee iz grada Gaze, Izrael tvrdi da su po\u010dele prve faze napada\",\"datePublished\":\"2025-08-21T06:13:00+00:00\",\"mainEntityOfPage\":{\"@id\":\"https:\\\/\\\/dmcsrb.com\\\/svijet\\\/palestinci-bjeze-iz-grada-gaze-izrael-tvrdi-da-su-pocele-prve-faze-napada\\\/\"},\"wordCount\":381,\"commentCount\":0,\"image\":{\"@id\":\"https:\\\/\\\/dmcsrb.com\\\/svijet\\\/palestinci-bjeze-iz-grada-gaze-izrael-tvrdi-da-su-pocele-prve-faze-napada\\\/#primaryimage\"},\"thumbnailUrl\":\"https:\\\/\\\/dmcsrb.com\\\/wp-content\\\/uploads\\\/2026\\\/01\\\/Palestina-foto-AP-Mohammed-Dahman.webp\",\"keywords\":[\"Gaza\",\"palestinci\"],\"articleSection\":[\"Svijet\"],\"inLanguage\":\"en-GB\",\"potentialAction\":[{\"@type\":\"CommentAction\",\"name\":\"Comment\",\"target\":[\"https:\\\/\\\/dmcsrb.com\\\/svijet\\\/palestinci-bjeze-iz-grada-gaze-izrael-tvrdi-da-su-pocele-prve-faze-napada\\\/#respond\"]}]},{\"@type\":\"WebPage\",\"@id\":\"https:\\\/\\\/dmcsrb.com\\\/svijet\\\/palestinci-bjeze-iz-grada-gaze-izrael-tvrdi-da-su-pocele-prve-faze-napada\\\/\",\"url\":\"https:\\\/\\\/dmcsrb.com\\\/svijet\\\/palestinci-bjeze-iz-grada-gaze-izrael-tvrdi-da-su-pocele-prve-faze-napada\\\/\",\"name\":\"Palestinci bje\u017ee iz grada Gaze, Izrael tvrdi da su po\u010dele prve faze napada - dmcsrb.com\",\"isPartOf\":{\"@id\":\"https:\\\/\\\/dmcsrb.com\\\/#website\"},\"primaryImageOfPage\":{\"@id\":\"https:\\\/\\\/dmcsrb.com\\\/svijet\\\/palestinci-bjeze-iz-grada-gaze-izrael-tvrdi-da-su-pocele-prve-faze-napada\\\/#primaryimage\"},\"image\":{\"@id\":\"https:\\\/\\\/dmcsrb.com\\\/svijet\\\/palestinci-bjeze-iz-grada-gaze-izrael-tvrdi-da-su-pocele-prve-faze-napada\\\/#primaryimage\"},\"thumbnailUrl\":\"https:\\\/\\\/dmcsrb.com\\\/wp-content\\\/uploads\\\/2026\\\/01\\\/Palestina-foto-AP-Mohammed-Dahman.webp\",\"datePublished\":\"2025-08-21T06:13:00+00:00\",\"author\":{\"@id\":\"https:\\\/\\\/dmcsrb.com\\\/#\\\/schema\\\/person\\\/5c39170f12db1b8b457732d0b5c854e2\"},\"breadcrumb\":{\"@id\":\"https:\\\/\\\/dmcsrb.com\\\/svijet\\\/palestinci-bjeze-iz-grada-gaze-izrael-tvrdi-da-su-pocele-prve-faze-napada\\\/#breadcrumb\"},\"inLanguage\":\"en-GB\",\"potentialAction\":[{\"@type\":\"ReadAction\",\"target\":[\"https:\\\/\\\/dmcsrb.com\\\/svijet\\\/palestinci-bjeze-iz-grada-gaze-izrael-tvrdi-da-su-pocele-prve-faze-napada\\\/\"]}]},{\"@type\":\"ImageObject\",\"inLanguage\":\"en-GB\",\"@id\":\"https:\\\/\\\/dmcsrb.com\\\/svijet\\\/palestinci-bjeze-iz-grada-gaze-izrael-tvrdi-da-su-pocele-prve-faze-napada\\\/#primaryimage\",\"url\":\"https:\\\/\\\/dmcsrb.com\\\/wp-content\\\/uploads\\\/2026\\\/01\\\/Palestina-foto-AP-Mohammed-Dahman.webp\",\"contentUrl\":\"https:\\\/\\\/dmcsrb.com\\\/wp-content\\\/uploads\\\/2026\\\/01\\\/Palestina-foto-AP-Mohammed-Dahman.webp\",\"width\":1020,\"height\":556},{\"@type\":\"BreadcrumbList\",\"@id\":\"https:\\\/\\\/dmcsrb.com\\\/svijet\\\/palestinci-bjeze-iz-grada-gaze-izrael-tvrdi-da-su-pocele-prve-faze-napada\\\/#breadcrumb\",\"itemListElement\":[{\"@type\":\"ListItem\",\"position\":1,\"name\":\"Home\",\"item\":\"https:\\\/\\\/dmcsrb.com\\\/\"},{\"@type\":\"ListItem\",\"position\":2,\"name\":\"Palestinci bje\u017ee iz grada Gaze, Izrael tvrdi da su po\u010dele prve faze napada\"}]},{\"@type\":\"WebSite\",\"@id\":\"https:\\\/\\\/dmcsrb.com\\\/#website\",\"url\":\"https:\\\/\\\/dmcsrb.com\\\/\",\"name\":\"dmcsrb.com\",\"description\":\"\",\"potentialAction\":[{\"@type\":\"SearchAction\",\"target\":{\"@type\":\"EntryPoint\",\"urlTemplate\":\"https:\\\/\\\/dmcsrb.com\\\/?s={search_term_string}\"},\"query-input\":{\"@type\":\"PropertyValueSpecification\",\"valueRequired\":true,\"valueName\":\"search_term_string\"}}],\"inLanguage\":\"en-GB\"},{\"@type\":\"Person\",\"@id\":\"https:\\\/\\\/dmcsrb.com\\\/#\\\/schema\\\/person\\\/5c39170f12db1b8b457732d0b5c854e2\",\"name\":\"dmcsrbija.com@gmail.com\",\"image\":{\"@type\":\"ImageObject\",\"inLanguage\":\"en-GB\",\"@id\":\"https:\\\/\\\/secure.gravatar.com\\\/avatar\\\/68592660ad6347fad0fb587f8d5d8f1a7b44961362f56e4f2cd524feb87e9069?s=96&d=mm&r=g\",\"url\":\"https:\\\/\\\/secure.gravatar.com\\\/avatar\\\/68592660ad6347fad0fb587f8d5d8f1a7b44961362f56e4f2cd524feb87e9069?s=96&d=mm&r=g\",\"contentUrl\":\"https:\\\/\\\/secure.gravatar.com\\\/avatar\\\/68592660ad6347fad0fb587f8d5d8f1a7b44961362f56e4f2cd524feb87e9069?s=96&d=mm&r=g\",\"caption\":\"dmcsrbija.com@gmail.com\"},\"sameAs\":[\"https:\\\/\\\/dmcsrb.com\"],\"url\":\"https:\\\/\\\/dmcsrb.com\\\/en\\\/author\\\/dmcsrbija-comgmail-com\\\/\"}]}<\/script>\n<!-- \/ Yoast SEO plugin. -->","yoast_head_json":{"title":"Palestinci bje\u017ee iz grada Gaze, Izrael tvrdi da su po\u010dele prve faze napada - dmcsrb.com","robots":{"index":"index","follow":"follow","max-snippet":"max-snippet:-1","max-image-preview":"max-image-preview:large","max-video-preview":"max-video-preview:-1"},"canonical":"https:\/\/dmcsrb.com\/en\/svijet\/palestinci-bjeze-iz-grada-gaze-izrael-tvrdi-da-su-pocele-prve-faze-napada\/","og_locale":"en_GB","og_type":"article","og_title":"Palestinci bje\u017ee iz grada Gaze, Izrael tvrdi da su po\u010dele prve faze napada - dmcsrb.com","og_description":"Veliki broj Palestinaca nastavlja bje\u017eati iz grada Gaza nakon \u0161to je izraelska vojska zapo\u010dela prve faze planirane kopnene ofanzive, naveli su zvani\u010dnici.","og_url":"https:\/\/dmcsrb.com\/en\/svijet\/palestinci-bjeze-iz-grada-gaze-izrael-tvrdi-da-su-pocele-prve-faze-napada\/","og_site_name":"dmcsrb.com","article_published_time":"2025-08-21T06:13:00+00:00","og_image":[{"width":1020,"height":556,"url":"https:\/\/dmcsrb.com\/wp-content\/uploads\/2026\/01\/Palestina-foto-AP-Mohammed-Dahman.webp","type":"image\/jpeg"}],"author":"dmcsrbija.com@gmail.com","twitter_card":"summary_large_image","twitter_misc":{"Written by":"dmcsrbija.com@gmail.com","Estimated reading time":"2 minutes"},"schema":{"@context":"https:\/\/schema.org","@graph":[{"@type":"Article","@id":"https:\/\/dmcsrb.com\/svijet\/palestinci-bjeze-iz-grada-gaze-izrael-tvrdi-da-su-pocele-prve-faze-napada\/#article","isPartOf":{"@id":"https:\/\/dmcsrb.com\/svijet\/palestinci-bjeze-iz-grada-gaze-izrael-tvrdi-da-su-pocele-prve-faze-napada\/"},"author":{"name":"dmcsrbija.com@gmail.com","@id":"https:\/\/dmcsrb.com\/#\/schema\/person\/5c39170f12db1b8b457732d0b5c854e2"},"headline":"Palestinci bje\u017ee iz grada Gaze, Izrael tvrdi da su po\u010dele prve faze napada","datePublished":"2025-08-21T06:13:00+00:00","mainEntityOfPage":{"@id":"https:\/\/dmcsrb.com\/svijet\/palestinci-bjeze-iz-grada-gaze-izrael-tvrdi-da-su-pocele-prve-faze-napada\/"},"wordCount":381,"commentCount":0,"image":{"@id":"https:\/\/dmcsrb.com\/svijet\/palestinci-bjeze-iz-grada-gaze-izrael-tvrdi-da-su-pocele-prve-faze-napada\/#primaryimage"},"thumbnailUrl":"https:\/\/dmcsrb.com\/wp-content\/uploads\/2026\/01\/Palestina-foto-AP-Mohammed-Dahman.webp","keywords":["Gaza","palestinci"],"articleSection":["Svijet"],"inLanguage":"en-GB","potentialAction":[{"@type":"CommentAction","name":"Comment","target":["https:\/\/dmcsrb.com\/svijet\/palestinci-bjeze-iz-grada-gaze-izrael-tvrdi-da-su-pocele-prve-faze-napada\/#respond"]}]},{"@type":"WebPage","@id":"https:\/\/dmcsrb.com\/svijet\/palestinci-bjeze-iz-grada-gaze-izrael-tvrdi-da-su-pocele-prve-faze-napada\/","url":"https:\/\/dmcsrb.com\/svijet\/palestinci-bjeze-iz-grada-gaze-izrael-tvrdi-da-su-pocele-prve-faze-napada\/","name":"Palestinci bje\u017ee iz grada Gaze, Izrael tvrdi da su po\u010dele prve faze napada - dmcsrb.com","isPartOf":{"@id":"https:\/\/dmcsrb.com\/#website"},"primaryImageOfPage":{"@id":"https:\/\/dmcsrb.com\/svijet\/palestinci-bjeze-iz-grada-gaze-izrael-tvrdi-da-su-pocele-prve-faze-napada\/#primaryimage"},"image":{"@id":"https:\/\/dmcsrb.com\/svijet\/palestinci-bjeze-iz-grada-gaze-izrael-tvrdi-da-su-pocele-prve-faze-napada\/#primaryimage"},"thumbnailUrl":"https:\/\/dmcsrb.com\/wp-content\/uploads\/2026\/01\/Palestina-foto-AP-Mohammed-Dahman.webp","datePublished":"2025-08-21T06:13:00+00:00","author":{"@id":"https:\/\/dmcsrb.com\/#\/schema\/person\/5c39170f12db1b8b457732d0b5c854e2"},"breadcrumb":{"@id":"https:\/\/dmcsrb.com\/svijet\/palestinci-bjeze-iz-grada-gaze-izrael-tvrdi-da-su-pocele-prve-faze-napada\/#breadcrumb"},"inLanguage":"en-GB","potentialAction":[{"@type":"ReadAction","target":["https:\/\/dmcsrb.com\/svijet\/palestinci-bjeze-iz-grada-gaze-izrael-tvrdi-da-su-pocele-prve-faze-napada\/"]}]},{"@type":"ImageObject","inLanguage":"en-GB","@id":"https:\/\/dmcsrb.com\/svijet\/palestinci-bjeze-iz-grada-gaze-izrael-tvrdi-da-su-pocele-prve-faze-napada\/#primaryimage","url":"https:\/\/dmcsrb.com\/wp-content\/uploads\/2026\/01\/Palestina-foto-AP-Mohammed-Dahman.webp","contentUrl":"https:\/\/dmcsrb.com\/wp-content\/uploads\/2026\/01\/Palestina-foto-AP-Mohammed-Dahman.webp","width":1020,"height":556},{"@type":"BreadcrumbList","@id":"https:\/\/dmcsrb.com\/svijet\/palestinci-bjeze-iz-grada-gaze-izrael-tvrdi-da-su-pocele-prve-faze-napada\/#breadcrumb","itemListElement":[{"@type":"ListItem","position":1,"name":"Home","item":"https:\/\/dmcsrb.com\/"},{"@type":"ListItem","position":2,"name":"Palestinci bje\u017ee iz grada Gaze, Izrael tvrdi da su po\u010dele prve faze napada"}]},{"@type":"WebSite","@id":"https:\/\/dmcsrb.com\/#website","url":"https:\/\/dmcsrb.com\/","name":"dmcsrb.com","description":"","potentialAction":[{"@type":"SearchAction","target":{"@type":"EntryPoint","urlTemplate":"https:\/\/dmcsrb.com\/?s={search_term_string}"},"query-input":{"@type":"PropertyValueSpecification","valueRequired":true,"valueName":"search_term_string"}}],"inLanguage":"en-GB"},{"@type":"Person","@id":"https:\/\/dmcsrb.com\/#\/schema\/person\/5c39170f12db1b8b457732d0b5c854e2","name":"dmcsrbija.com@gmail.com","image":{"@type":"ImageObject","inLanguage":"en-GB","@id":"https:\/\/secure.gravatar.com\/avatar\/68592660ad6347fad0fb587f8d5d8f1a7b44961362f56e4f2cd524feb87e9069?s=96&d=mm&r=g","url":"https:\/\/secure.gravatar.com\/avatar\/68592660ad6347fad0fb587f8d5d8f1a7b44961362f56e4f2cd524feb87e9069?s=96&d=mm&r=g","contentUrl":"https:\/\/secure.gravatar.com\/avatar\/68592660ad6347fad0fb587f8d5d8f1a7b44961362f56e4f2cd524feb87e9069?s=96&d=mm&r=g","caption":"dmcsrbija.com@gmail.com"},"sameAs":["https:\/\/dmcsrb.com"],"url":"https:\/\/dmcsrb.com\/en\/author\/dmcsrbija-comgmail-com\/"}]}},"_links":{"self":[{"href":"https:\/\/dmcsrb.com\/en\/wp-json\/wp\/v2\/posts\/947405","targetHints":{"allow":["GET"]}}],"collection":[{"href":"https:\/\/dmcsrb.com\/en\/wp-json\/wp\/v2\/posts"}],"about":[{"href":"https:\/\/dmcsrb.com\/en\/wp-json\/wp\/v2\/types\/post"}],"author":[{"embeddable":true,"href":"https:\/\/dmcsrb.com\/en\/wp-json\/wp\/v2\/users\/1"}],"replies":[{"embeddable":true,"href":"https:\/\/dmcsrb.com\/en\/wp-json\/wp\/v2\/comments?post=947405"}],"version-history":[{"count":0,"href":"https:\/\/dmcsrb.com\/en\/wp-json\/wp\/v2\/posts\/947405\/revisions"}],"wp:featuredmedia":[{"embeddable":true,"href":"https:\/\/dmcsrb.com\/en\/wp-json\/wp\/v2\/media\/947406"}],"wp:attachment":[{"href":"https:\/\/dmcsrb.com\/en\/wp-json\/wp\/v2\/media?parent=947405"}],"wp:term":[{"taxonomy":"category","embeddable":true,"href":"https:\/\/dmcsrb.com\/en\/wp-json\/wp\/v2\/categories?post=947405"},{"taxonomy":"post_tag","embeddable":true,"href":"https:\/\/dmcsrb.com\/en\/wp-json\/wp\/v2\/tags?post=947405"},{"taxonomy":"naslovna","embeddable":true,"href":"https:\/\/dmcsrb.com\/en\/wp-json\/wp\/v2\/naslovna?post=947405"}],"curies":[{"name":"wp","href":"https:\/\/api.w.org\/{rel}","templated":true}]}}