{"id":947308,"date":"2025-08-20T13:36:00","date_gmt":"2025-08-20T11:36:00","guid":{"rendered":"https:\/\/dmcsrb.com\/uncategorized\/prvi-profesionalni-ugovor-za-aleksu-kovacevica\/"},"modified":"2025-08-20T13:36:00","modified_gmt":"2025-08-20T11:36:00","slug":"prvi-profesionalni-ugovor-za-aleksu-kovacevica","status":"publish","type":"post","link":"https:\/\/dmcsrb.com\/en\/sport\/prvi-profesionalni-ugovor-za-aleksu-kovacevica\/","title":{"rendered":"Prvi profesionalni ugovor za Aleksu Kova\u010devi\u0107a"},"content":{"rendered":"<p>&#8220;Svoje prve odbojka\u0161ke korake napravio je u na\u0161em klubu, svojim odnosom, radom i potencijalom je dobio priliku nadmetanja u seniorskoj konkurenciji, \u0161to \u0107e biti prilika za njegov dalji napredak i razvoj&#8221;, navode iz Budu\u0107nosti.<\/p>\n\n\n\n<p>Podgori\u010danin i dijete kluba sa nestrpljenjem o\u010dekuje po\u010detak nove sezone:<\/p>\n\n\n\n<p>&#8220;Veoma sam ponosan \u0161to sam potpisao svoj prvi profesionalni ugovor sa OK Budu\u0107nost. Ovo je veliki korak u mojoj karijeri i ostvarenje sna za koji sam mnogo radio i trudio se. Zahvalan sam porodici, trenerima i saigra\u010dima na podr\u0161ci i jedva \u010dekam nove izazove u plavo bijelom dresu.\u201d, izjavio je Aleksa nakon potpisivanja ugovora.<\/p>","protected":false},"excerpt":{"rendered":"<p>Reprezentativac mla\u0111ih selekcija Crne Gore, Aleksa Kova\u010devi\u0107 potpisao je profesionalni ugovor sa ekipom Budu\u0107nost voleja, potvrdio je podgori\u010dki klub.<\/p>","protected":false},"author":1,"featured_media":947309,"comment_status":"open","ping_status":"open","sticky":false,"template":"","format":"standard","meta":{"_acf_changed":false,"footnotes":""},"categories":[148],"tags":[17998,3678],"naslovna":[],"class_list":["post-947308","post","type-post","status-publish","format-standard","has-post-thumbnail","hentry","category-sport","tag-aleksa-kovacevic","tag-ok-buducnost-volej"],"acf":[],"yoast_head":"<!-- This site is optimized with the Yoast SEO plugin v27.0 - https:\/\/yoast.com\/product\/yoast-seo-wordpress\/ -->\n<title>Prvi profesionalni ugovor za Aleksu Kova\u010devi\u0107a - dmcsrb.com<\/title>\n<meta name=\"robots\" content=\"index, follow, max-snippet:-1, max-image-preview:large, max-video-preview:-1\" \/>\n<link rel=\"canonical\" href=\"https:\/\/dmcsrb.com\/en\/sport\/prvi-profesionalni-ugovor-za-aleksu-kovacevica\/\" \/>\n<meta property=\"og:locale\" content=\"en_GB\" \/>\n<meta property=\"og:type\" content=\"article\" \/>\n<meta property=\"og:title\" content=\"Prvi profesionalni ugovor za Aleksu Kova\u010devi\u0107a - dmcsrb.com\" \/>\n<meta property=\"og:description\" content=\"Reprezentativac mla\u0111ih selekcija Crne Gore, Aleksa Kova\u010devi\u0107 potpisao je profesionalni ugovor sa ekipom Budu\u0107nost voleja, potvrdio je podgori\u010dki klub.\" \/>\n<meta property=\"og:url\" content=\"https:\/\/dmcsrb.com\/en\/sport\/prvi-profesionalni-ugovor-za-aleksu-kovacevica\/\" \/>\n<meta property=\"og:site_name\" content=\"dmcsrb.com\" \/>\n<meta property=\"article:published_time\" content=\"2025-08-20T11:36:00+00:00\" \/>\n<meta property=\"og:image\" content=\"https:\/\/dmcsrb.com\/wp-content\/uploads\/2026\/01\/Aleksa-Kovacevic-Ok-Buducnost-volley.webp\" \/>\n\t<meta property=\"og:image:width\" content=\"838\" \/>\n\t<meta property=\"og:image:height\" content=\"516\" \/>\n\t<meta property=\"og:image:type\" content=\"image\/png\" \/>\n<meta name=\"author\" content=\"dmcsrbija.com@gmail.com\" \/>\n<meta name=\"twitter:card\" content=\"summary_large_image\" \/>\n<meta name=\"twitter:label1\" content=\"Written by\" \/>\n\t<meta name=\"twitter:data1\" content=\"dmcsrbija.com@gmail.com\" \/>\n\t<meta name=\"twitter:label2\" content=\"Estimated reading time\" \/>\n\t<meta name=\"twitter:data2\" content=\"1 minute\" \/>\n<script type=\"application\/ld+json\" class=\"yoast-schema-graph\">{\"@context\":\"https:\/\/schema.org\",\"@graph\":[{\"@type\":\"Article\",\"@id\":\"https:\/\/dmcsrb.com\/sport\/prvi-profesionalni-ugovor-za-aleksu-kovacevica\/#article\",\"isPartOf\":{\"@id\":\"https:\/\/dmcsrb.com\/sport\/prvi-profesionalni-ugovor-za-aleksu-kovacevica\/\"},\"author\":{\"name\":\"dmcsrbija.com@gmail.com\",\"@id\":\"https:\/\/dmcsrb.com\/#\/schema\/person\/5c39170f12db1b8b457732d0b5c854e2\"},\"headline\":\"Prvi profesionalni ugovor za Aleksu Kova\u010devi\u0107a\",\"datePublished\":\"2025-08-20T11:36:00+00:00\",\"mainEntityOfPage\":{\"@id\":\"https:\/\/dmcsrb.com\/sport\/prvi-profesionalni-ugovor-za-aleksu-kovacevica\/\"},\"wordCount\":115,\"commentCount\":0,\"image\":{\"@id\":\"https:\/\/dmcsrb.com\/sport\/prvi-profesionalni-ugovor-za-aleksu-kovacevica\/#primaryimage\"},\"thumbnailUrl\":\"https:\/\/dmcsrb.com\/wp-content\/uploads\/2026\/01\/Aleksa-Kovacevic-Ok-Buducnost-volley.webp\",\"keywords\":[\"Aleksa Kova\u010devi\u0107\",\"OK Budu\u0107nost volej\"],\"articleSection\":[\"Sport\"],\"inLanguage\":\"en-GB\",\"potentialAction\":[{\"@type\":\"CommentAction\",\"name\":\"Comment\",\"target\":[\"https:\/\/dmcsrb.com\/sport\/prvi-profesionalni-ugovor-za-aleksu-kovacevica\/#respond\"]}]},{\"@type\":\"WebPage\",\"@id\":\"https:\/\/dmcsrb.com\/sport\/prvi-profesionalni-ugovor-za-aleksu-kovacevica\/\",\"url\":\"https:\/\/dmcsrb.com\/sport\/prvi-profesionalni-ugovor-za-aleksu-kovacevica\/\",\"name\":\"Prvi profesionalni ugovor za Aleksu Kova\u010devi\u0107a - dmcsrb.com\",\"isPartOf\":{\"@id\":\"https:\/\/dmcsrb.com\/#website\"},\"primaryImageOfPage\":{\"@id\":\"https:\/\/dmcsrb.com\/sport\/prvi-profesionalni-ugovor-za-aleksu-kovacevica\/#primaryimage\"},\"image\":{\"@id\":\"https:\/\/dmcsrb.com\/sport\/prvi-profesionalni-ugovor-za-aleksu-kovacevica\/#primaryimage\"},\"thumbnailUrl\":\"https:\/\/dmcsrb.com\/wp-content\/uploads\/2026\/01\/Aleksa-Kovacevic-Ok-Buducnost-volley.webp\",\"datePublished\":\"2025-08-20T11:36:00+00:00\",\"author\":{\"@id\":\"https:\/\/dmcsrb.com\/#\/schema\/person\/5c39170f12db1b8b457732d0b5c854e2\"},\"breadcrumb\":{\"@id\":\"https:\/\/dmcsrb.com\/sport\/prvi-profesionalni-ugovor-za-aleksu-kovacevica\/#breadcrumb\"},\"inLanguage\":\"en-GB\",\"potentialAction\":[{\"@type\":\"ReadAction\",\"target\":[\"https:\/\/dmcsrb.com\/sport\/prvi-profesionalni-ugovor-za-aleksu-kovacevica\/\"]}]},{\"@type\":\"ImageObject\",\"inLanguage\":\"en-GB\",\"@id\":\"https:\/\/dmcsrb.com\/sport\/prvi-profesionalni-ugovor-za-aleksu-kovacevica\/#primaryimage\",\"url\":\"https:\/\/dmcsrb.com\/wp-content\/uploads\/2026\/01\/Aleksa-Kovacevic-Ok-Buducnost-volley.webp\",\"contentUrl\":\"https:\/\/dmcsrb.com\/wp-content\/uploads\/2026\/01\/Aleksa-Kovacevic-Ok-Buducnost-volley.webp\",\"width\":838,\"height\":516},{\"@type\":\"BreadcrumbList\",\"@id\":\"https:\/\/dmcsrb.com\/sport\/prvi-profesionalni-ugovor-za-aleksu-kovacevica\/#breadcrumb\",\"itemListElement\":[{\"@type\":\"ListItem\",\"position\":1,\"name\":\"Home\",\"item\":\"https:\/\/dmcsrb.com\/\"},{\"@type\":\"ListItem\",\"position\":2,\"name\":\"Prvi profesionalni ugovor za Aleksu Kova\u010devi\u0107a\"}]},{\"@type\":\"WebSite\",\"@id\":\"https:\/\/dmcsrb.com\/#website\",\"url\":\"https:\/\/dmcsrb.com\/\",\"name\":\"dmcsrb.com\",\"description\":\"\",\"potentialAction\":[{\"@type\":\"SearchAction\",\"target\":{\"@type\":\"EntryPoint\",\"urlTemplate\":\"https:\/\/dmcsrb.com\/?s={search_term_string}\"},\"query-input\":{\"@type\":\"PropertyValueSpecification\",\"valueRequired\":true,\"valueName\":\"search_term_string\"}}],\"inLanguage\":\"en-GB\"},{\"@type\":\"Person\",\"@id\":\"https:\/\/dmcsrb.com\/#\/schema\/person\/5c39170f12db1b8b457732d0b5c854e2\",\"name\":\"dmcsrbija.com@gmail.com\",\"image\":{\"@type\":\"ImageObject\",\"inLanguage\":\"en-GB\",\"@id\":\"https:\/\/dmcsrb.com\/#\/schema\/person\/image\/\",\"url\":\"https:\/\/secure.gravatar.com\/avatar\/68592660ad6347fad0fb587f8d5d8f1a7b44961362f56e4f2cd524feb87e9069?s=96&d=mm&r=g\",\"contentUrl\":\"https:\/\/secure.gravatar.com\/avatar\/68592660ad6347fad0fb587f8d5d8f1a7b44961362f56e4f2cd524feb87e9069?s=96&d=mm&r=g\",\"caption\":\"dmcsrbija.com@gmail.com\"},\"sameAs\":[\"https:\/\/dmcsrb.com\"],\"url\":\"https:\/\/dmcsrb.com\/en\/author\/dmcsrbija-comgmail-com\/\"}]}<\/script>\n<!-- \/ Yoast SEO plugin. -->","yoast_head_json":{"title":"Prvi profesionalni ugovor za Aleksu Kova\u010devi\u0107a - dmcsrb.com","robots":{"index":"index","follow":"follow","max-snippet":"max-snippet:-1","max-image-preview":"max-image-preview:large","max-video-preview":"max-video-preview:-1"},"canonical":"https:\/\/dmcsrb.com\/en\/sport\/prvi-profesionalni-ugovor-za-aleksu-kovacevica\/","og_locale":"en_GB","og_type":"article","og_title":"Prvi profesionalni ugovor za Aleksu Kova\u010devi\u0107a - dmcsrb.com","og_description":"Reprezentativac mla\u0111ih selekcija Crne Gore, Aleksa Kova\u010devi\u0107 potpisao je profesionalni ugovor sa ekipom Budu\u0107nost voleja, potvrdio je podgori\u010dki klub.","og_url":"https:\/\/dmcsrb.com\/en\/sport\/prvi-profesionalni-ugovor-za-aleksu-kovacevica\/","og_site_name":"dmcsrb.com","article_published_time":"2025-08-20T11:36:00+00:00","og_image":[{"width":838,"height":516,"url":"https:\/\/dmcsrb.com\/wp-content\/uploads\/2026\/01\/Aleksa-Kovacevic-Ok-Buducnost-volley.webp","type":"image\/png"}],"author":"dmcsrbija.com@gmail.com","twitter_card":"summary_large_image","twitter_misc":{"Written by":"dmcsrbija.com@gmail.com","Estimated reading time":"1 minute"},"schema":{"@context":"https:\/\/schema.org","@graph":[{"@type":"Article","@id":"https:\/\/dmcsrb.com\/sport\/prvi-profesionalni-ugovor-za-aleksu-kovacevica\/#article","isPartOf":{"@id":"https:\/\/dmcsrb.com\/sport\/prvi-profesionalni-ugovor-za-aleksu-kovacevica\/"},"author":{"name":"dmcsrbija.com@gmail.com","@id":"https:\/\/dmcsrb.com\/#\/schema\/person\/5c39170f12db1b8b457732d0b5c854e2"},"headline":"Prvi profesionalni ugovor za Aleksu Kova\u010devi\u0107a","datePublished":"2025-08-20T11:36:00+00:00","mainEntityOfPage":{"@id":"https:\/\/dmcsrb.com\/sport\/prvi-profesionalni-ugovor-za-aleksu-kovacevica\/"},"wordCount":115,"commentCount":0,"image":{"@id":"https:\/\/dmcsrb.com\/sport\/prvi-profesionalni-ugovor-za-aleksu-kovacevica\/#primaryimage"},"thumbnailUrl":"https:\/\/dmcsrb.com\/wp-content\/uploads\/2026\/01\/Aleksa-Kovacevic-Ok-Buducnost-volley.webp","keywords":["Aleksa Kova\u010devi\u0107","OK Budu\u0107nost volej"],"articleSection":["Sport"],"inLanguage":"en-GB","potentialAction":[{"@type":"CommentAction","name":"Comment","target":["https:\/\/dmcsrb.com\/sport\/prvi-profesionalni-ugovor-za-aleksu-kovacevica\/#respond"]}]},{"@type":"WebPage","@id":"https:\/\/dmcsrb.com\/sport\/prvi-profesionalni-ugovor-za-aleksu-kovacevica\/","url":"https:\/\/dmcsrb.com\/sport\/prvi-profesionalni-ugovor-za-aleksu-kovacevica\/","name":"Prvi profesionalni ugovor za Aleksu Kova\u010devi\u0107a - dmcsrb.com","isPartOf":{"@id":"https:\/\/dmcsrb.com\/#website"},"primaryImageOfPage":{"@id":"https:\/\/dmcsrb.com\/sport\/prvi-profesionalni-ugovor-za-aleksu-kovacevica\/#primaryimage"},"image":{"@id":"https:\/\/dmcsrb.com\/sport\/prvi-profesionalni-ugovor-za-aleksu-kovacevica\/#primaryimage"},"thumbnailUrl":"https:\/\/dmcsrb.com\/wp-content\/uploads\/2026\/01\/Aleksa-Kovacevic-Ok-Buducnost-volley.webp","datePublished":"2025-08-20T11:36:00+00:00","author":{"@id":"https:\/\/dmcsrb.com\/#\/schema\/person\/5c39170f12db1b8b457732d0b5c854e2"},"breadcrumb":{"@id":"https:\/\/dmcsrb.com\/sport\/prvi-profesionalni-ugovor-za-aleksu-kovacevica\/#breadcrumb"},"inLanguage":"en-GB","potentialAction":[{"@type":"ReadAction","target":["https:\/\/dmcsrb.com\/sport\/prvi-profesionalni-ugovor-za-aleksu-kovacevica\/"]}]},{"@type":"ImageObject","inLanguage":"en-GB","@id":"https:\/\/dmcsrb.com\/sport\/prvi-profesionalni-ugovor-za-aleksu-kovacevica\/#primaryimage","url":"https:\/\/dmcsrb.com\/wp-content\/uploads\/2026\/01\/Aleksa-Kovacevic-Ok-Buducnost-volley.webp","contentUrl":"https:\/\/dmcsrb.com\/wp-content\/uploads\/2026\/01\/Aleksa-Kovacevic-Ok-Buducnost-volley.webp","width":838,"height":516},{"@type":"BreadcrumbList","@id":"https:\/\/dmcsrb.com\/sport\/prvi-profesionalni-ugovor-za-aleksu-kovacevica\/#breadcrumb","itemListElement":[{"@type":"ListItem","position":1,"name":"Home","item":"https:\/\/dmcsrb.com\/"},{"@type":"ListItem","position":2,"name":"Prvi profesionalni ugovor za Aleksu Kova\u010devi\u0107a"}]},{"@type":"WebSite","@id":"https:\/\/dmcsrb.com\/#website","url":"https:\/\/dmcsrb.com\/","name":"dmcsrb.com","description":"","potentialAction":[{"@type":"SearchAction","target":{"@type":"EntryPoint","urlTemplate":"https:\/\/dmcsrb.com\/?s={search_term_string}"},"query-input":{"@type":"PropertyValueSpecification","valueRequired":true,"valueName":"search_term_string"}}],"inLanguage":"en-GB"},{"@type":"Person","@id":"https:\/\/dmcsrb.com\/#\/schema\/person\/5c39170f12db1b8b457732d0b5c854e2","name":"dmcsrbija.com@gmail.com","image":{"@type":"ImageObject","inLanguage":"en-GB","@id":"https:\/\/dmcsrb.com\/#\/schema\/person\/image\/","url":"https:\/\/secure.gravatar.com\/avatar\/68592660ad6347fad0fb587f8d5d8f1a7b44961362f56e4f2cd524feb87e9069?s=96&d=mm&r=g","contentUrl":"https:\/\/secure.gravatar.com\/avatar\/68592660ad6347fad0fb587f8d5d8f1a7b44961362f56e4f2cd524feb87e9069?s=96&d=mm&r=g","caption":"dmcsrbija.com@gmail.com"},"sameAs":["https:\/\/dmcsrb.com"],"url":"https:\/\/dmcsrb.com\/en\/author\/dmcsrbija-comgmail-com\/"}]}},"_links":{"self":[{"href":"https:\/\/dmcsrb.com\/en\/wp-json\/wp\/v2\/posts\/947308","targetHints":{"allow":["GET"]}}],"collection":[{"href":"https:\/\/dmcsrb.com\/en\/wp-json\/wp\/v2\/posts"}],"about":[{"href":"https:\/\/dmcsrb.com\/en\/wp-json\/wp\/v2\/types\/post"}],"author":[{"embeddable":true,"href":"https:\/\/dmcsrb.com\/en\/wp-json\/wp\/v2\/users\/1"}],"replies":[{"embeddable":true,"href":"https:\/\/dmcsrb.com\/en\/wp-json\/wp\/v2\/comments?post=947308"}],"version-history":[{"count":0,"href":"https:\/\/dmcsrb.com\/en\/wp-json\/wp\/v2\/posts\/947308\/revisions"}],"wp:featuredmedia":[{"embeddable":true,"href":"https:\/\/dmcsrb.com\/en\/wp-json\/wp\/v2\/media\/947309"}],"wp:attachment":[{"href":"https:\/\/dmcsrb.com\/en\/wp-json\/wp\/v2\/media?parent=947308"}],"wp:term":[{"taxonomy":"category","embeddable":true,"href":"https:\/\/dmcsrb.com\/en\/wp-json\/wp\/v2\/categories?post=947308"},{"taxonomy":"post_tag","embeddable":true,"href":"https:\/\/dmcsrb.com\/en\/wp-json\/wp\/v2\/tags?post=947308"},{"taxonomy":"naslovna","embeddable":true,"href":"https:\/\/dmcsrb.com\/en\/wp-json\/wp\/v2\/naslovna?post=947308"}],"curies":[{"name":"wp","href":"https:\/\/api.w.org\/{rel}","templated":true}]}}