{"id":947303,"date":"2025-08-20T15:14:00","date_gmt":"2025-08-20T13:14:00","guid":{"rendered":"https:\/\/dmcsrb.com\/uncategorized\/adzic-neprihvatljivo-da-vatrogasci-spasilaca-budu-zaboravljeni-sa-prvom-kisom\/"},"modified":"2025-08-20T15:14:00","modified_gmt":"2025-08-20T13:14:00","slug":"adzic-neprihvatljivo-da-vatrogasci-spasilaca-budu-zaboravljeni-sa-prvom-kisom","status":"publish","type":"post","link":"https:\/\/dmcsrb.com\/en\/drustvo\/adzic-neprihvatljivo-da-vatrogasci-spasilaca-budu-zaboravljeni-sa-prvom-kisom\/","title":{"rendered":"Ad\u017ei\u0107: Neprihvatljivo da vatrogasci-spasilaca budu zaboravljeni sa prvom ki\u0161om"},"content":{"rendered":"<p>Dodaje da je neprihvatljivo da veliki broj vatrogasaca-spasilaca bude zaboravljeno sa prvom ki\u0161om, dok nadle\u017eni samo za dio onih koji su u\u010destvovali u borbi sa vatrenim stihijama najavljuju nagrade.<\/p>\n\n\n\n<p>,,To \u0161to gradona\u010delnici i predsjednici op\u0161tina nijesu iz vladaju\u0107e ve\u0107ine na dr\u017eavnom nivou ne zna\u010di da treba da trpe oni koji su rizikuju\u0107i sopstveni \u017eivot, odgovorno i profesionalno, do krajnjih granica izdr\u017eljivosti, radili svoj posao\u201d, zaklju\u010dio je Ad\u017ei\u0107.<\/p>","protected":false},"excerpt":{"rendered":"<p>Danima slu\u0161amo pohvale na ra\u010dun vatrogasaca-spasilaca koji ula\u017eu nadljudsku napore kako bi sa\u010duvali ljudske \u017eivote, dr\u017eavnu i privatnu imovinu, kao i prirodu Crne Gore i siguran sam da svi po\u0161teni gra\u0111ani od nadle\u017enih o\u010dekuju da oni budu adekvatno nagra\u0111eni, istakao je funkcioner Gra\u0111anskog pokreta URA Filip Ad\u017ei\u0107.<\/p>","protected":false},"author":1,"featured_media":947304,"comment_status":"open","ping_status":"open","sticky":false,"template":"","format":"standard","meta":{"_acf_changed":false,"footnotes":""},"categories":[2],"tags":[1953,152],"naslovna":[],"class_list":["post-947303","post","type-post","status-publish","format-standard","has-post-thumbnail","hentry","category-drustvo","tag-filip-adzic","tag-ura"],"acf":[],"yoast_head":"<!-- This site is optimized with the Yoast SEO plugin v27.4 - https:\/\/yoast.com\/product\/yoast-seo-wordpress\/ -->\n<title>Ad\u017ei\u0107: Neprihvatljivo da vatrogasci-spasilaca budu zaboravljeni sa prvom ki\u0161om - dmcsrb.com<\/title>\n<meta name=\"robots\" content=\"index, follow, max-snippet:-1, max-image-preview:large, max-video-preview:-1\" \/>\n<link rel=\"canonical\" href=\"https:\/\/dmcsrb.com\/en\/drustvo\/adzic-neprihvatljivo-da-vatrogasci-spasilaca-budu-zaboravljeni-sa-prvom-kisom\/\" \/>\n<meta property=\"og:locale\" content=\"en_GB\" \/>\n<meta property=\"og:type\" content=\"article\" \/>\n<meta property=\"og:title\" content=\"Ad\u017ei\u0107: Neprihvatljivo da vatrogasci-spasilaca budu zaboravljeni sa prvom ki\u0161om - dmcsrb.com\" \/>\n<meta property=\"og:description\" content=\"Danima slu\u0161amo pohvale na ra\u010dun vatrogasaca-spasilaca koji ula\u017eu nadljudsku napore kako bi sa\u010duvali ljudske \u017eivote, dr\u017eavnu i privatnu imovinu, kao i prirodu Crne Gore i siguran sam da svi po\u0161teni gra\u0111ani od nadle\u017enih o\u010dekuju da oni budu adekvatno nagra\u0111eni, istakao je funkcioner Gra\u0111anskog pokreta URA Filip Ad\u017ei\u0107.\" \/>\n<meta property=\"og:url\" content=\"https:\/\/dmcsrb.com\/en\/drustvo\/adzic-neprihvatljivo-da-vatrogasci-spasilaca-budu-zaboravljeni-sa-prvom-kisom\/\" \/>\n<meta property=\"og:site_name\" content=\"dmcsrb.com\" \/>\n<meta property=\"article:published_time\" content=\"2025-08-20T13:14:00+00:00\" \/>\n<meta property=\"og:image\" content=\"https:\/\/dmcsrb.com\/wp-content\/uploads\/2026\/01\/adzic.webp\" \/>\n\t<meta property=\"og:image:width\" content=\"1000\" \/>\n\t<meta property=\"og:image:height\" content=\"555\" \/>\n\t<meta property=\"og:image:type\" content=\"image\/jpeg\" \/>\n<meta name=\"author\" content=\"dmcsrbija.com@gmail.com\" \/>\n<meta name=\"twitter:card\" content=\"summary_large_image\" \/>\n<meta name=\"twitter:label1\" content=\"Written by\" \/>\n\t<meta name=\"twitter:data1\" content=\"dmcsrbija.com@gmail.com\" \/>\n<script type=\"application\/ld+json\" class=\"yoast-schema-graph\">{\"@context\":\"https:\\\/\\\/schema.org\",\"@graph\":[{\"@type\":\"Article\",\"@id\":\"https:\\\/\\\/dmcsrb.com\\\/drustvo\\\/adzic-neprihvatljivo-da-vatrogasci-spasilaca-budu-zaboravljeni-sa-prvom-kisom\\\/#article\",\"isPartOf\":{\"@id\":\"https:\\\/\\\/dmcsrb.com\\\/drustvo\\\/adzic-neprihvatljivo-da-vatrogasci-spasilaca-budu-zaboravljeni-sa-prvom-kisom\\\/\"},\"author\":{\"name\":\"dmcsrbija.com@gmail.com\",\"@id\":\"https:\\\/\\\/dmcsrb.com\\\/#\\\/schema\\\/person\\\/5c39170f12db1b8b457732d0b5c854e2\"},\"headline\":\"Ad\u017ei\u0107: Neprihvatljivo da vatrogasci-spasilaca budu zaboravljeni sa prvom ki\u0161om\",\"datePublished\":\"2025-08-20T13:14:00+00:00\",\"mainEntityOfPage\":{\"@id\":\"https:\\\/\\\/dmcsrb.com\\\/drustvo\\\/adzic-neprihvatljivo-da-vatrogasci-spasilaca-budu-zaboravljeni-sa-prvom-kisom\\\/\"},\"wordCount\":91,\"commentCount\":0,\"image\":{\"@id\":\"https:\\\/\\\/dmcsrb.com\\\/drustvo\\\/adzic-neprihvatljivo-da-vatrogasci-spasilaca-budu-zaboravljeni-sa-prvom-kisom\\\/#primaryimage\"},\"thumbnailUrl\":\"https:\\\/\\\/dmcsrb.com\\\/wp-content\\\/uploads\\\/2026\\\/01\\\/adzic.webp\",\"keywords\":[\"Filip Ad\u017ei\u0107\",\"URA\"],\"articleSection\":[\"Dru\u0161tvo\"],\"inLanguage\":\"en-GB\",\"potentialAction\":[{\"@type\":\"CommentAction\",\"name\":\"Comment\",\"target\":[\"https:\\\/\\\/dmcsrb.com\\\/drustvo\\\/adzic-neprihvatljivo-da-vatrogasci-spasilaca-budu-zaboravljeni-sa-prvom-kisom\\\/#respond\"]}]},{\"@type\":\"WebPage\",\"@id\":\"https:\\\/\\\/dmcsrb.com\\\/drustvo\\\/adzic-neprihvatljivo-da-vatrogasci-spasilaca-budu-zaboravljeni-sa-prvom-kisom\\\/\",\"url\":\"https:\\\/\\\/dmcsrb.com\\\/drustvo\\\/adzic-neprihvatljivo-da-vatrogasci-spasilaca-budu-zaboravljeni-sa-prvom-kisom\\\/\",\"name\":\"Ad\u017ei\u0107: Neprihvatljivo da vatrogasci-spasilaca budu zaboravljeni sa prvom ki\u0161om - dmcsrb.com\",\"isPartOf\":{\"@id\":\"https:\\\/\\\/dmcsrb.com\\\/#website\"},\"primaryImageOfPage\":{\"@id\":\"https:\\\/\\\/dmcsrb.com\\\/drustvo\\\/adzic-neprihvatljivo-da-vatrogasci-spasilaca-budu-zaboravljeni-sa-prvom-kisom\\\/#primaryimage\"},\"image\":{\"@id\":\"https:\\\/\\\/dmcsrb.com\\\/drustvo\\\/adzic-neprihvatljivo-da-vatrogasci-spasilaca-budu-zaboravljeni-sa-prvom-kisom\\\/#primaryimage\"},\"thumbnailUrl\":\"https:\\\/\\\/dmcsrb.com\\\/wp-content\\\/uploads\\\/2026\\\/01\\\/adzic.webp\",\"datePublished\":\"2025-08-20T13:14:00+00:00\",\"author\":{\"@id\":\"https:\\\/\\\/dmcsrb.com\\\/#\\\/schema\\\/person\\\/5c39170f12db1b8b457732d0b5c854e2\"},\"breadcrumb\":{\"@id\":\"https:\\\/\\\/dmcsrb.com\\\/drustvo\\\/adzic-neprihvatljivo-da-vatrogasci-spasilaca-budu-zaboravljeni-sa-prvom-kisom\\\/#breadcrumb\"},\"inLanguage\":\"en-GB\",\"potentialAction\":[{\"@type\":\"ReadAction\",\"target\":[\"https:\\\/\\\/dmcsrb.com\\\/drustvo\\\/adzic-neprihvatljivo-da-vatrogasci-spasilaca-budu-zaboravljeni-sa-prvom-kisom\\\/\"]}]},{\"@type\":\"ImageObject\",\"inLanguage\":\"en-GB\",\"@id\":\"https:\\\/\\\/dmcsrb.com\\\/drustvo\\\/adzic-neprihvatljivo-da-vatrogasci-spasilaca-budu-zaboravljeni-sa-prvom-kisom\\\/#primaryimage\",\"url\":\"https:\\\/\\\/dmcsrb.com\\\/wp-content\\\/uploads\\\/2026\\\/01\\\/adzic.webp\",\"contentUrl\":\"https:\\\/\\\/dmcsrb.com\\\/wp-content\\\/uploads\\\/2026\\\/01\\\/adzic.webp\",\"width\":1000,\"height\":555},{\"@type\":\"BreadcrumbList\",\"@id\":\"https:\\\/\\\/dmcsrb.com\\\/drustvo\\\/adzic-neprihvatljivo-da-vatrogasci-spasilaca-budu-zaboravljeni-sa-prvom-kisom\\\/#breadcrumb\",\"itemListElement\":[{\"@type\":\"ListItem\",\"position\":1,\"name\":\"Home\",\"item\":\"https:\\\/\\\/dmcsrb.com\\\/\"},{\"@type\":\"ListItem\",\"position\":2,\"name\":\"Ad\u017ei\u0107: Neprihvatljivo da vatrogasci-spasilaca budu zaboravljeni sa prvom ki\u0161om\"}]},{\"@type\":\"WebSite\",\"@id\":\"https:\\\/\\\/dmcsrb.com\\\/#website\",\"url\":\"https:\\\/\\\/dmcsrb.com\\\/\",\"name\":\"dmcsrb.com\",\"description\":\"\",\"potentialAction\":[{\"@type\":\"SearchAction\",\"target\":{\"@type\":\"EntryPoint\",\"urlTemplate\":\"https:\\\/\\\/dmcsrb.com\\\/?s={search_term_string}\"},\"query-input\":{\"@type\":\"PropertyValueSpecification\",\"valueRequired\":true,\"valueName\":\"search_term_string\"}}],\"inLanguage\":\"en-GB\"},{\"@type\":\"Person\",\"@id\":\"https:\\\/\\\/dmcsrb.com\\\/#\\\/schema\\\/person\\\/5c39170f12db1b8b457732d0b5c854e2\",\"name\":\"dmcsrbija.com@gmail.com\",\"image\":{\"@type\":\"ImageObject\",\"inLanguage\":\"en-GB\",\"@id\":\"https:\\\/\\\/secure.gravatar.com\\\/avatar\\\/68592660ad6347fad0fb587f8d5d8f1a7b44961362f56e4f2cd524feb87e9069?s=96&d=mm&r=g\",\"url\":\"https:\\\/\\\/secure.gravatar.com\\\/avatar\\\/68592660ad6347fad0fb587f8d5d8f1a7b44961362f56e4f2cd524feb87e9069?s=96&d=mm&r=g\",\"contentUrl\":\"https:\\\/\\\/secure.gravatar.com\\\/avatar\\\/68592660ad6347fad0fb587f8d5d8f1a7b44961362f56e4f2cd524feb87e9069?s=96&d=mm&r=g\",\"caption\":\"dmcsrbija.com@gmail.com\"},\"sameAs\":[\"https:\\\/\\\/dmcsrb.com\"],\"url\":\"https:\\\/\\\/dmcsrb.com\\\/en\\\/author\\\/dmcsrbija-comgmail-com\\\/\"}]}<\/script>\n<!-- \/ Yoast SEO plugin. -->","yoast_head_json":{"title":"Ad\u017ei\u0107: Neprihvatljivo da vatrogasci-spasilaca budu zaboravljeni sa prvom ki\u0161om - dmcsrb.com","robots":{"index":"index","follow":"follow","max-snippet":"max-snippet:-1","max-image-preview":"max-image-preview:large","max-video-preview":"max-video-preview:-1"},"canonical":"https:\/\/dmcsrb.com\/en\/drustvo\/adzic-neprihvatljivo-da-vatrogasci-spasilaca-budu-zaboravljeni-sa-prvom-kisom\/","og_locale":"en_GB","og_type":"article","og_title":"Ad\u017ei\u0107: Neprihvatljivo da vatrogasci-spasilaca budu zaboravljeni sa prvom ki\u0161om - dmcsrb.com","og_description":"Danima slu\u0161amo pohvale na ra\u010dun vatrogasaca-spasilaca koji ula\u017eu nadljudsku napore kako bi sa\u010duvali ljudske \u017eivote, dr\u017eavnu i privatnu imovinu, kao i prirodu Crne Gore i siguran sam da svi po\u0161teni gra\u0111ani od nadle\u017enih o\u010dekuju da oni budu adekvatno nagra\u0111eni, istakao je funkcioner Gra\u0111anskog pokreta URA Filip Ad\u017ei\u0107.","og_url":"https:\/\/dmcsrb.com\/en\/drustvo\/adzic-neprihvatljivo-da-vatrogasci-spasilaca-budu-zaboravljeni-sa-prvom-kisom\/","og_site_name":"dmcsrb.com","article_published_time":"2025-08-20T13:14:00+00:00","og_image":[{"width":1000,"height":555,"url":"https:\/\/dmcsrb.com\/wp-content\/uploads\/2026\/01\/adzic.webp","type":"image\/jpeg"}],"author":"dmcsrbija.com@gmail.com","twitter_card":"summary_large_image","twitter_misc":{"Written by":"dmcsrbija.com@gmail.com"},"schema":{"@context":"https:\/\/schema.org","@graph":[{"@type":"Article","@id":"https:\/\/dmcsrb.com\/drustvo\/adzic-neprihvatljivo-da-vatrogasci-spasilaca-budu-zaboravljeni-sa-prvom-kisom\/#article","isPartOf":{"@id":"https:\/\/dmcsrb.com\/drustvo\/adzic-neprihvatljivo-da-vatrogasci-spasilaca-budu-zaboravljeni-sa-prvom-kisom\/"},"author":{"name":"dmcsrbija.com@gmail.com","@id":"https:\/\/dmcsrb.com\/#\/schema\/person\/5c39170f12db1b8b457732d0b5c854e2"},"headline":"Ad\u017ei\u0107: Neprihvatljivo da vatrogasci-spasilaca budu zaboravljeni sa prvom ki\u0161om","datePublished":"2025-08-20T13:14:00+00:00","mainEntityOfPage":{"@id":"https:\/\/dmcsrb.com\/drustvo\/adzic-neprihvatljivo-da-vatrogasci-spasilaca-budu-zaboravljeni-sa-prvom-kisom\/"},"wordCount":91,"commentCount":0,"image":{"@id":"https:\/\/dmcsrb.com\/drustvo\/adzic-neprihvatljivo-da-vatrogasci-spasilaca-budu-zaboravljeni-sa-prvom-kisom\/#primaryimage"},"thumbnailUrl":"https:\/\/dmcsrb.com\/wp-content\/uploads\/2026\/01\/adzic.webp","keywords":["Filip Ad\u017ei\u0107","URA"],"articleSection":["Dru\u0161tvo"],"inLanguage":"en-GB","potentialAction":[{"@type":"CommentAction","name":"Comment","target":["https:\/\/dmcsrb.com\/drustvo\/adzic-neprihvatljivo-da-vatrogasci-spasilaca-budu-zaboravljeni-sa-prvom-kisom\/#respond"]}]},{"@type":"WebPage","@id":"https:\/\/dmcsrb.com\/drustvo\/adzic-neprihvatljivo-da-vatrogasci-spasilaca-budu-zaboravljeni-sa-prvom-kisom\/","url":"https:\/\/dmcsrb.com\/drustvo\/adzic-neprihvatljivo-da-vatrogasci-spasilaca-budu-zaboravljeni-sa-prvom-kisom\/","name":"Ad\u017ei\u0107: Neprihvatljivo da vatrogasci-spasilaca budu zaboravljeni sa prvom ki\u0161om - dmcsrb.com","isPartOf":{"@id":"https:\/\/dmcsrb.com\/#website"},"primaryImageOfPage":{"@id":"https:\/\/dmcsrb.com\/drustvo\/adzic-neprihvatljivo-da-vatrogasci-spasilaca-budu-zaboravljeni-sa-prvom-kisom\/#primaryimage"},"image":{"@id":"https:\/\/dmcsrb.com\/drustvo\/adzic-neprihvatljivo-da-vatrogasci-spasilaca-budu-zaboravljeni-sa-prvom-kisom\/#primaryimage"},"thumbnailUrl":"https:\/\/dmcsrb.com\/wp-content\/uploads\/2026\/01\/adzic.webp","datePublished":"2025-08-20T13:14:00+00:00","author":{"@id":"https:\/\/dmcsrb.com\/#\/schema\/person\/5c39170f12db1b8b457732d0b5c854e2"},"breadcrumb":{"@id":"https:\/\/dmcsrb.com\/drustvo\/adzic-neprihvatljivo-da-vatrogasci-spasilaca-budu-zaboravljeni-sa-prvom-kisom\/#breadcrumb"},"inLanguage":"en-GB","potentialAction":[{"@type":"ReadAction","target":["https:\/\/dmcsrb.com\/drustvo\/adzic-neprihvatljivo-da-vatrogasci-spasilaca-budu-zaboravljeni-sa-prvom-kisom\/"]}]},{"@type":"ImageObject","inLanguage":"en-GB","@id":"https:\/\/dmcsrb.com\/drustvo\/adzic-neprihvatljivo-da-vatrogasci-spasilaca-budu-zaboravljeni-sa-prvom-kisom\/#primaryimage","url":"https:\/\/dmcsrb.com\/wp-content\/uploads\/2026\/01\/adzic.webp","contentUrl":"https:\/\/dmcsrb.com\/wp-content\/uploads\/2026\/01\/adzic.webp","width":1000,"height":555},{"@type":"BreadcrumbList","@id":"https:\/\/dmcsrb.com\/drustvo\/adzic-neprihvatljivo-da-vatrogasci-spasilaca-budu-zaboravljeni-sa-prvom-kisom\/#breadcrumb","itemListElement":[{"@type":"ListItem","position":1,"name":"Home","item":"https:\/\/dmcsrb.com\/"},{"@type":"ListItem","position":2,"name":"Ad\u017ei\u0107: Neprihvatljivo da vatrogasci-spasilaca budu zaboravljeni sa prvom ki\u0161om"}]},{"@type":"WebSite","@id":"https:\/\/dmcsrb.com\/#website","url":"https:\/\/dmcsrb.com\/","name":"dmcsrb.com","description":"","potentialAction":[{"@type":"SearchAction","target":{"@type":"EntryPoint","urlTemplate":"https:\/\/dmcsrb.com\/?s={search_term_string}"},"query-input":{"@type":"PropertyValueSpecification","valueRequired":true,"valueName":"search_term_string"}}],"inLanguage":"en-GB"},{"@type":"Person","@id":"https:\/\/dmcsrb.com\/#\/schema\/person\/5c39170f12db1b8b457732d0b5c854e2","name":"dmcsrbija.com@gmail.com","image":{"@type":"ImageObject","inLanguage":"en-GB","@id":"https:\/\/secure.gravatar.com\/avatar\/68592660ad6347fad0fb587f8d5d8f1a7b44961362f56e4f2cd524feb87e9069?s=96&d=mm&r=g","url":"https:\/\/secure.gravatar.com\/avatar\/68592660ad6347fad0fb587f8d5d8f1a7b44961362f56e4f2cd524feb87e9069?s=96&d=mm&r=g","contentUrl":"https:\/\/secure.gravatar.com\/avatar\/68592660ad6347fad0fb587f8d5d8f1a7b44961362f56e4f2cd524feb87e9069?s=96&d=mm&r=g","caption":"dmcsrbija.com@gmail.com"},"sameAs":["https:\/\/dmcsrb.com"],"url":"https:\/\/dmcsrb.com\/en\/author\/dmcsrbija-comgmail-com\/"}]}},"_links":{"self":[{"href":"https:\/\/dmcsrb.com\/en\/wp-json\/wp\/v2\/posts\/947303","targetHints":{"allow":["GET"]}}],"collection":[{"href":"https:\/\/dmcsrb.com\/en\/wp-json\/wp\/v2\/posts"}],"about":[{"href":"https:\/\/dmcsrb.com\/en\/wp-json\/wp\/v2\/types\/post"}],"author":[{"embeddable":true,"href":"https:\/\/dmcsrb.com\/en\/wp-json\/wp\/v2\/users\/1"}],"replies":[{"embeddable":true,"href":"https:\/\/dmcsrb.com\/en\/wp-json\/wp\/v2\/comments?post=947303"}],"version-history":[{"count":0,"href":"https:\/\/dmcsrb.com\/en\/wp-json\/wp\/v2\/posts\/947303\/revisions"}],"wp:featuredmedia":[{"embeddable":true,"href":"https:\/\/dmcsrb.com\/en\/wp-json\/wp\/v2\/media\/947304"}],"wp:attachment":[{"href":"https:\/\/dmcsrb.com\/en\/wp-json\/wp\/v2\/media?parent=947303"}],"wp:term":[{"taxonomy":"category","embeddable":true,"href":"https:\/\/dmcsrb.com\/en\/wp-json\/wp\/v2\/categories?post=947303"},{"taxonomy":"post_tag","embeddable":true,"href":"https:\/\/dmcsrb.com\/en\/wp-json\/wp\/v2\/tags?post=947303"},{"taxonomy":"naslovna","embeddable":true,"href":"https:\/\/dmcsrb.com\/en\/wp-json\/wp\/v2\/naslovna?post=947303"}],"curies":[{"name":"wp","href":"https:\/\/api.w.org\/{rel}","templated":true}]}}