{"id":947295,"date":"2025-08-20T12:55:28","date_gmt":"2025-08-20T10:55:28","guid":{"rendered":"https:\/\/dmcsrb.com\/uncategorized\/milatovic-uputio-set-mjera-formirati-jedinice-civilne-zastite-i-staviti-u-funkciju-dva-postojeca-aviona\/"},"modified":"2025-08-20T12:55:28","modified_gmt":"2025-08-20T10:55:28","slug":"milatovic-uputio-set-mjera-formirati-jedinice-civilne-zastite-i-staviti-u-funkciju-dva-postojeca-aviona","status":"publish","type":"post","link":"https:\/\/dmcsrb.com\/en\/politika\/milatovic-uputio-set-mjera-formirati-jedinice-civilne-zastite-i-staviti-u-funkciju-dva-postojeca-aviona\/","title":{"rendered":"Milatovi\u0107 uputio set mjera:  Formirati jedinice civilne za\u0161tite i staviti u funkciju dva postoje\u0107a aviona"},"content":{"rendered":"<p><\/p>\n\n\n\n<p>Milatovi\u0107 je, kako navode iz njegovog kabineta, nakon tragi\u010dnih po\u017eara koji su prouzrokovali gubitak ljudskog \u017eivota, ogromnu materijalnu \u0161tetu i \u0161tetne posljedice po na\u0161u prirodu i zajednicu, ukazao je na ozbiljne nedostatke u pripremama i funkcionisanju sistema za\u0161tite i spa\u0161avanja. On je istakao da je, polaze\u0107i od zaklju\u010daka sa vanredne sjednice Savjeta za odbranu i bezbjednost odr\u017eane 12. avgusta 2025. godine, u trenutku kada je do\u0161lo do krize izazvane po\u017earima, dr\u017eava reagovala nedovoljno brzo i koordinisano, dok je prevencija i izgradnja kapaciteta bila zanemarena. Ove tragedije dodatno pove\u0107avaju odgovornost svih nadle\u017enih institucija za efikasnu i pravovremenu reakciju u budu\u0107nosti.<\/p>\n\n\n\n<p>Predsjednik Milatovi\u0107 je, povodom ovih doga\u0111aja, uputio sedam konkretnih zahtjeva prema Vladi, kako bi Crna Gora mogla u\u0107i u narednu po\u017earnu sezonu bolje pripremljena i sposobna da efikasno odgovori na mogu\u0107e izazove, koje su detaljno predstavljeni u nastavku:<\/p>\n\n\n\n<p><strong>1. Formirati jedinice civilne za\u0161tite. <\/strong>Pozivam Vladu, da u skladu sa postoje\u0107im Zakonom o za\u0161titi i spa\u0161avanju kao i donesenim Pravilnikom o na\u010dinu organizovanja i anga\u017eovanju jedinica civilne za\u0161tite, te u skladu sa Strategijom za smanjenje rizika od katastrofa za period 2025-2030 \u2013 formira i organizuje jedinice civilne za\u0161tite. Do formiranja jedinica u punom kapacitetu, u skladu sa potrebama definisanim Strategijom, potrebno je predvidjeti sredstva u bud\u017eetu za 2026. godinu za obu\u010davanje i za mjese\u010dne naknade pripadnika anga\u017eovanih u jedinicama civilne za\u0161tite.<\/p>\n\n\n\n<p><strong>2. Zakonski urediti rad dobrovoljnih vatrogasnih dru\u0161tava.<\/strong> Dobrovoljna vatrogasna dru\u0161tva, koja okupljaju skoro 300 \u010dlanova \u0161irom Crne Gore, predstavljaju va\u017ean i ve\u0107 provjeren resurs u kriznim situacijama. Ipak, njihova uloga danas je ograni\u010dena, jer se tretiraju kao nevladine organizacije, bez pune zakonske integracije u sistem za\u0161tite i spa\u0161avanja. Hitnim rje\u0161avanjem statusa dobrovoljnih vatrogasnih dru\u0161tava i njihovih \u010dlanova u Crnoj Gori stvorili bi se uslovi da dobrovoljna vatrogasna dru\u0161tva budu uklju\u010dena u dr\u017eavni okvir, gdje bi njihovo zalaganje, poznavanje lokalnih prilika i volonterizam dobili puni institucionalni zna\u010daj.<\/p>\n\n\n\n<p><strong>3. Staviti u funkciju dva postoje\u0107a namjenska aviona za ga\u0161enje po\u017eara.<\/strong> Potrebno je ulo\u017eiti nov\u010dana sredstva u osposobljavanje postoje\u0107ih kapaciteta, prije svega u stavljanje u funkciju dva namjenska aviona (Air tractor-a AT-802) koja Crna Gora ve\u0107 posjeduje. Umjesto da se javnosti upu\u0107uju lako data obe\u0107anja o kupovini kanadera, bilo bi mnogo djelotvornije da se postoje\u0107i namjenski avioni dovedu u stanje operativne spremnosti. Time bi se, gotovo bez dodatnih odlaganja, dobio kapacitet jednak jednom kanaderu, \u0161to bi u zna\u010dajnoj mjeri pove\u0107alo brzinu i efikasnost na\u0161ih reakcija u kriznim situacijama. Odugovla\u010denje i odsustvo djelovanja u ovom smislu pokazali su se kao ozbiljan propust, koji je neophodno hitno ispraviti i zbog kojeg je potrebno da neko snosi odgovornost.<\/p>\n\n\n\n<p><strong>4. Modernizovati vatrogasna vozila i opremu.<\/strong> Propust koji se ti\u010de nefunkcionalnih namjenskih aviona, me\u0111utim, nije izolovan slu\u010daj, ve\u0107 odra\u017eava \u0161iri i dugotrajan problem nedovoljnog ulaganja u opremu i kapacitete sistema za\u0161tite i spa\u0161avanja. Zato je kroz planiranje bud\u017eeta za 2026. godinu neophodno jasno opredijeliti finansijska sredstva za modernizaciju vozila i drugih sredstava i opreme za ga\u0161enje po\u017eara, kao i osposobljavanje i opremanje svih pripadnika slu\u017ebi za ga\u0161enje po\u017eara. Isti\u010dem da se modernizacija vatrogasne opreme sa nivoa dr\u017eave prakti\u010dno nije de\u0161avala skoro petnaest godina. Rezultat toga je da ljudi koji svakodnevno rizikuju svoje \u017eivote za dobrobit gra\u0111ana i o\u010duvanje prirodnih resursa danas djeluju sa zastarjelom, \u010desto neispravnom i neadekvatnom opremom. Takvo stanje ne samo da umanjuje njihove kapacitete, ve\u0107 i ozbiljno ugro\u017eava njihovu bezbjednost i sposobnost dr\u017eave da odgovori na krize.<\/p>\n\n\n\n<p><strong>5. Poo\u0161triti kaznenu politiku za podmetanje po\u017eara.<\/strong> Imaju\u0107i u vidu da su brojni po\u017eari nastali ljudskim faktorom, neophodno je \u0161to hitnije zakonski poo\u0161triti ka\u017enjavanje svakog oblika piromanije.<\/p>\n\n\n\n<p><strong>6. Unaprijediti seosku putnu i vodovodnu infrastrukturu.<\/strong> I ovogodi\u0161nje ga\u0161enje po\u017eara u Piperima i Ku\u010dima, ali i u drugim ruralnim podru\u010djima, ukazalo je na va\u017enost dobre putne i vodovodne infrastrukture u na\u0161im selima. Zato je dok gradimo autoputeve i brze ceste, va\u017eno paralelno razvijati i seosku putnu i vodovodnu infrastrukturu, koja je u ga\u0161enju po\u017eara od klju\u010dnog zna\u010daja.<\/p>\n\n\n\n<p><strong>7. Odmah zapo\u010deti planiranje i pripremu za sljede\u0107u po\u017earnu sezonu.<\/strong> Na kraju, neophodno je kona\u010dno raskinuti sa lo\u0161om praksom da se o po\u017earnoj sezoni po\u010dinje razmi\u0161ljati tek kada ona nastupi. Takav pristup je neodgovoran i neodr\u017eiv. Nedostatak proaktivnog djelovanja, sistemskog planiranja i dugoro\u010dnog odgovora uvodi nas u za\u010darani krug u kojem se iz godine u godinu suo\u010davamo sa istim problemima i istim posljedicama. Nakon posljednjih doga\u0111aja i velikih po\u017eara sa tragi\u010dnim posljedicama, iz Kabineta Predsjednika dr\u017eave poru\u010duju da je obaveza svih nadle\u017enih institucija da sprije\u010de tragedije koje se mogu izbje\u0107i, za\u0161tite \u017eivote gra\u0111ana, njihovu imovinu i prirodne resurse i doka\u017eu da dr\u017eava postoji i djeluje onda kada je to najpotrebnije. Predsjednik dr\u017eave istakao je o\u010dekivanje da \u0107e Vlada razumjeti ozbiljnost trenutka i postupiti u skladu s interesima Crne Gore i svih njenih gra\u0111ana. Iz Kabineta Predsjednika isti\u010du da ostaju na raspolaganju za dodatnu razradu i implementaciju upu\u0107enih zahtjeva&#8221;, navodi se u saop\u0161tenju.<strong><br><br><br><br><br><br><\/strong><\/p>","protected":false},"excerpt":{"rendered":"<p>Predsjednik Crne Gore uputio je Vladi zahtjev sa setom konkretnih mjera u cilju bolje spremnosti za narednu protivpo\u017earnu sezonu.<\/p>","protected":false},"author":1,"featured_media":910271,"comment_status":"open","ping_status":"open","sticky":false,"template":"","format":"standard","meta":{"_acf_changed":false,"footnotes":""},"categories":[12],"tags":[5101,17995],"naslovna":[],"class_list":["post-947295","post","type-post","status-publish","format-standard","has-post-thumbnail","hentry","category-politika","tag-avioni","tag-milatoviz"],"acf":[],"yoast_head":"<!-- This site is optimized with the Yoast SEO plugin v27.4 - https:\/\/yoast.com\/product\/yoast-seo-wordpress\/ -->\n<title>Milatovi\u0107 uputio set mjera: Formirati jedinice civilne za\u0161tite i staviti u funkciju dva postoje\u0107a aviona - dmcsrb.com<\/title>\n<meta name=\"robots\" content=\"index, follow, max-snippet:-1, max-image-preview:large, max-video-preview:-1\" \/>\n<link rel=\"canonical\" href=\"https:\/\/dmcsrb.com\/en\/politika\/milatovic-uputio-set-mjera-formirati-jedinice-civilne-zastite-i-staviti-u-funkciju-dva-postojeca-aviona\/\" \/>\n<meta property=\"og:locale\" content=\"en_GB\" \/>\n<meta property=\"og:type\" content=\"article\" \/>\n<meta property=\"og:title\" content=\"Milatovi\u0107 uputio set mjera: Formirati jedinice civilne za\u0161tite i staviti u funkciju dva postoje\u0107a aviona - dmcsrb.com\" \/>\n<meta property=\"og:description\" content=\"Predsjednik Crne Gore uputio je Vladi zahtjev sa setom konkretnih mjera u cilju bolje spremnosti za narednu protivpo\u017earnu sezonu.\" \/>\n<meta property=\"og:url\" content=\"https:\/\/dmcsrb.com\/en\/politika\/milatovic-uputio-set-mjera-formirati-jedinice-civilne-zastite-i-staviti-u-funkciju-dva-postojeca-aviona\/\" \/>\n<meta property=\"og:site_name\" content=\"dmcsrb.com\" \/>\n<meta property=\"article:published_time\" content=\"2025-08-20T10:55:28+00:00\" \/>\n<meta property=\"og:image\" content=\"https:\/\/dmcsrb.com\/wp-content\/uploads\/2026\/01\/Milatovic-Jakov-radni-dorucak-foto-predsjednik-cg.jpg\" \/>\n\t<meta property=\"og:image:width\" content=\"1053\" \/>\n\t<meta property=\"og:image:height\" content=\"649\" \/>\n\t<meta property=\"og:image:type\" content=\"image\/jpeg\" \/>\n<meta name=\"author\" content=\"dmcsrbija.com@gmail.com\" \/>\n<meta name=\"twitter:card\" content=\"summary_large_image\" \/>\n<meta name=\"twitter:label1\" content=\"Written by\" \/>\n\t<meta name=\"twitter:data1\" content=\"dmcsrbija.com@gmail.com\" \/>\n\t<meta name=\"twitter:label2\" content=\"Estimated reading time\" \/>\n\t<meta name=\"twitter:data2\" content=\"4 minutes\" \/>\n<script type=\"application\/ld+json\" class=\"yoast-schema-graph\">{\"@context\":\"https:\\\/\\\/schema.org\",\"@graph\":[{\"@type\":\"Article\",\"@id\":\"https:\\\/\\\/dmcsrb.com\\\/politika\\\/milatovic-uputio-set-mjera-formirati-jedinice-civilne-zastite-i-staviti-u-funkciju-dva-postojeca-aviona\\\/#article\",\"isPartOf\":{\"@id\":\"https:\\\/\\\/dmcsrb.com\\\/politika\\\/milatovic-uputio-set-mjera-formirati-jedinice-civilne-zastite-i-staviti-u-funkciju-dva-postojeca-aviona\\\/\"},\"author\":{\"name\":\"dmcsrbija.com@gmail.com\",\"@id\":\"https:\\\/\\\/dmcsrb.com\\\/#\\\/schema\\\/person\\\/5c39170f12db1b8b457732d0b5c854e2\"},\"headline\":\"Milatovi\u0107 uputio set mjera: Formirati jedinice civilne za\u0161tite i staviti u funkciju dva postoje\u0107a aviona\",\"datePublished\":\"2025-08-20T10:55:28+00:00\",\"mainEntityOfPage\":{\"@id\":\"https:\\\/\\\/dmcsrb.com\\\/politika\\\/milatovic-uputio-set-mjera-formirati-jedinice-civilne-zastite-i-staviti-u-funkciju-dva-postojeca-aviona\\\/\"},\"wordCount\":915,\"commentCount\":0,\"image\":{\"@id\":\"https:\\\/\\\/dmcsrb.com\\\/politika\\\/milatovic-uputio-set-mjera-formirati-jedinice-civilne-zastite-i-staviti-u-funkciju-dva-postojeca-aviona\\\/#primaryimage\"},\"thumbnailUrl\":\"https:\\\/\\\/dmcsrb.com\\\/wp-content\\\/uploads\\\/2026\\\/01\\\/Milatovic-Jakov-radni-dorucak-foto-predsjednik-cg.jpg\",\"keywords\":[\"Avioni\",\"milatovi\u017e\"],\"articleSection\":[\"Politika\"],\"inLanguage\":\"en-GB\",\"potentialAction\":[{\"@type\":\"CommentAction\",\"name\":\"Comment\",\"target\":[\"https:\\\/\\\/dmcsrb.com\\\/politika\\\/milatovic-uputio-set-mjera-formirati-jedinice-civilne-zastite-i-staviti-u-funkciju-dva-postojeca-aviona\\\/#respond\"]}]},{\"@type\":\"WebPage\",\"@id\":\"https:\\\/\\\/dmcsrb.com\\\/politika\\\/milatovic-uputio-set-mjera-formirati-jedinice-civilne-zastite-i-staviti-u-funkciju-dva-postojeca-aviona\\\/\",\"url\":\"https:\\\/\\\/dmcsrb.com\\\/politika\\\/milatovic-uputio-set-mjera-formirati-jedinice-civilne-zastite-i-staviti-u-funkciju-dva-postojeca-aviona\\\/\",\"name\":\"Milatovi\u0107 uputio set mjera: Formirati jedinice civilne za\u0161tite i staviti u funkciju dva postoje\u0107a aviona - dmcsrb.com\",\"isPartOf\":{\"@id\":\"https:\\\/\\\/dmcsrb.com\\\/#website\"},\"primaryImageOfPage\":{\"@id\":\"https:\\\/\\\/dmcsrb.com\\\/politika\\\/milatovic-uputio-set-mjera-formirati-jedinice-civilne-zastite-i-staviti-u-funkciju-dva-postojeca-aviona\\\/#primaryimage\"},\"image\":{\"@id\":\"https:\\\/\\\/dmcsrb.com\\\/politika\\\/milatovic-uputio-set-mjera-formirati-jedinice-civilne-zastite-i-staviti-u-funkciju-dva-postojeca-aviona\\\/#primaryimage\"},\"thumbnailUrl\":\"https:\\\/\\\/dmcsrb.com\\\/wp-content\\\/uploads\\\/2026\\\/01\\\/Milatovic-Jakov-radni-dorucak-foto-predsjednik-cg.jpg\",\"datePublished\":\"2025-08-20T10:55:28+00:00\",\"author\":{\"@id\":\"https:\\\/\\\/dmcsrb.com\\\/#\\\/schema\\\/person\\\/5c39170f12db1b8b457732d0b5c854e2\"},\"breadcrumb\":{\"@id\":\"https:\\\/\\\/dmcsrb.com\\\/politika\\\/milatovic-uputio-set-mjera-formirati-jedinice-civilne-zastite-i-staviti-u-funkciju-dva-postojeca-aviona\\\/#breadcrumb\"},\"inLanguage\":\"en-GB\",\"potentialAction\":[{\"@type\":\"ReadAction\",\"target\":[\"https:\\\/\\\/dmcsrb.com\\\/politika\\\/milatovic-uputio-set-mjera-formirati-jedinice-civilne-zastite-i-staviti-u-funkciju-dva-postojeca-aviona\\\/\"]}]},{\"@type\":\"ImageObject\",\"inLanguage\":\"en-GB\",\"@id\":\"https:\\\/\\\/dmcsrb.com\\\/politika\\\/milatovic-uputio-set-mjera-formirati-jedinice-civilne-zastite-i-staviti-u-funkciju-dva-postojeca-aviona\\\/#primaryimage\",\"url\":\"https:\\\/\\\/dmcsrb.com\\\/wp-content\\\/uploads\\\/2026\\\/01\\\/Milatovic-Jakov-radni-dorucak-foto-predsjednik-cg.jpg\",\"contentUrl\":\"https:\\\/\\\/dmcsrb.com\\\/wp-content\\\/uploads\\\/2026\\\/01\\\/Milatovic-Jakov-radni-dorucak-foto-predsjednik-cg.jpg\",\"width\":1053,\"height\":649},{\"@type\":\"BreadcrumbList\",\"@id\":\"https:\\\/\\\/dmcsrb.com\\\/politika\\\/milatovic-uputio-set-mjera-formirati-jedinice-civilne-zastite-i-staviti-u-funkciju-dva-postojeca-aviona\\\/#breadcrumb\",\"itemListElement\":[{\"@type\":\"ListItem\",\"position\":1,\"name\":\"Home\",\"item\":\"https:\\\/\\\/dmcsrb.com\\\/\"},{\"@type\":\"ListItem\",\"position\":2,\"name\":\"Milatovi\u0107 uputio set mjera: Formirati jedinice civilne za\u0161tite i staviti u funkciju dva postoje\u0107a aviona\"}]},{\"@type\":\"WebSite\",\"@id\":\"https:\\\/\\\/dmcsrb.com\\\/#website\",\"url\":\"https:\\\/\\\/dmcsrb.com\\\/\",\"name\":\"dmcsrb.com\",\"description\":\"\",\"potentialAction\":[{\"@type\":\"SearchAction\",\"target\":{\"@type\":\"EntryPoint\",\"urlTemplate\":\"https:\\\/\\\/dmcsrb.com\\\/?s={search_term_string}\"},\"query-input\":{\"@type\":\"PropertyValueSpecification\",\"valueRequired\":true,\"valueName\":\"search_term_string\"}}],\"inLanguage\":\"en-GB\"},{\"@type\":\"Person\",\"@id\":\"https:\\\/\\\/dmcsrb.com\\\/#\\\/schema\\\/person\\\/5c39170f12db1b8b457732d0b5c854e2\",\"name\":\"dmcsrbija.com@gmail.com\",\"image\":{\"@type\":\"ImageObject\",\"inLanguage\":\"en-GB\",\"@id\":\"https:\\\/\\\/secure.gravatar.com\\\/avatar\\\/68592660ad6347fad0fb587f8d5d8f1a7b44961362f56e4f2cd524feb87e9069?s=96&d=mm&r=g\",\"url\":\"https:\\\/\\\/secure.gravatar.com\\\/avatar\\\/68592660ad6347fad0fb587f8d5d8f1a7b44961362f56e4f2cd524feb87e9069?s=96&d=mm&r=g\",\"contentUrl\":\"https:\\\/\\\/secure.gravatar.com\\\/avatar\\\/68592660ad6347fad0fb587f8d5d8f1a7b44961362f56e4f2cd524feb87e9069?s=96&d=mm&r=g\",\"caption\":\"dmcsrbija.com@gmail.com\"},\"sameAs\":[\"https:\\\/\\\/dmcsrb.com\"],\"url\":\"https:\\\/\\\/dmcsrb.com\\\/en\\\/author\\\/dmcsrbija-comgmail-com\\\/\"}]}<\/script>\n<!-- \/ Yoast SEO plugin. -->","yoast_head_json":{"title":"Milatovi\u0107 uputio set mjera: Formirati jedinice civilne za\u0161tite i staviti u funkciju dva postoje\u0107a aviona - dmcsrb.com","robots":{"index":"index","follow":"follow","max-snippet":"max-snippet:-1","max-image-preview":"max-image-preview:large","max-video-preview":"max-video-preview:-1"},"canonical":"https:\/\/dmcsrb.com\/en\/politika\/milatovic-uputio-set-mjera-formirati-jedinice-civilne-zastite-i-staviti-u-funkciju-dva-postojeca-aviona\/","og_locale":"en_GB","og_type":"article","og_title":"Milatovi\u0107 uputio set mjera: Formirati jedinice civilne za\u0161tite i staviti u funkciju dva postoje\u0107a aviona - dmcsrb.com","og_description":"Predsjednik Crne Gore uputio je Vladi zahtjev sa setom konkretnih mjera u cilju bolje spremnosti za narednu protivpo\u017earnu sezonu.","og_url":"https:\/\/dmcsrb.com\/en\/politika\/milatovic-uputio-set-mjera-formirati-jedinice-civilne-zastite-i-staviti-u-funkciju-dva-postojeca-aviona\/","og_site_name":"dmcsrb.com","article_published_time":"2025-08-20T10:55:28+00:00","og_image":[{"width":1053,"height":649,"url":"https:\/\/dmcsrb.com\/wp-content\/uploads\/2026\/01\/Milatovic-Jakov-radni-dorucak-foto-predsjednik-cg.jpg","type":"image\/jpeg"}],"author":"dmcsrbija.com@gmail.com","twitter_card":"summary_large_image","twitter_misc":{"Written by":"dmcsrbija.com@gmail.com","Estimated reading time":"4 minutes"},"schema":{"@context":"https:\/\/schema.org","@graph":[{"@type":"Article","@id":"https:\/\/dmcsrb.com\/politika\/milatovic-uputio-set-mjera-formirati-jedinice-civilne-zastite-i-staviti-u-funkciju-dva-postojeca-aviona\/#article","isPartOf":{"@id":"https:\/\/dmcsrb.com\/politika\/milatovic-uputio-set-mjera-formirati-jedinice-civilne-zastite-i-staviti-u-funkciju-dva-postojeca-aviona\/"},"author":{"name":"dmcsrbija.com@gmail.com","@id":"https:\/\/dmcsrb.com\/#\/schema\/person\/5c39170f12db1b8b457732d0b5c854e2"},"headline":"Milatovi\u0107 uputio set mjera: Formirati jedinice civilne za\u0161tite i staviti u funkciju dva postoje\u0107a aviona","datePublished":"2025-08-20T10:55:28+00:00","mainEntityOfPage":{"@id":"https:\/\/dmcsrb.com\/politika\/milatovic-uputio-set-mjera-formirati-jedinice-civilne-zastite-i-staviti-u-funkciju-dva-postojeca-aviona\/"},"wordCount":915,"commentCount":0,"image":{"@id":"https:\/\/dmcsrb.com\/politika\/milatovic-uputio-set-mjera-formirati-jedinice-civilne-zastite-i-staviti-u-funkciju-dva-postojeca-aviona\/#primaryimage"},"thumbnailUrl":"https:\/\/dmcsrb.com\/wp-content\/uploads\/2026\/01\/Milatovic-Jakov-radni-dorucak-foto-predsjednik-cg.jpg","keywords":["Avioni","milatovi\u017e"],"articleSection":["Politika"],"inLanguage":"en-GB","potentialAction":[{"@type":"CommentAction","name":"Comment","target":["https:\/\/dmcsrb.com\/politika\/milatovic-uputio-set-mjera-formirati-jedinice-civilne-zastite-i-staviti-u-funkciju-dva-postojeca-aviona\/#respond"]}]},{"@type":"WebPage","@id":"https:\/\/dmcsrb.com\/politika\/milatovic-uputio-set-mjera-formirati-jedinice-civilne-zastite-i-staviti-u-funkciju-dva-postojeca-aviona\/","url":"https:\/\/dmcsrb.com\/politika\/milatovic-uputio-set-mjera-formirati-jedinice-civilne-zastite-i-staviti-u-funkciju-dva-postojeca-aviona\/","name":"Milatovi\u0107 uputio set mjera: Formirati jedinice civilne za\u0161tite i staviti u funkciju dva postoje\u0107a aviona - dmcsrb.com","isPartOf":{"@id":"https:\/\/dmcsrb.com\/#website"},"primaryImageOfPage":{"@id":"https:\/\/dmcsrb.com\/politika\/milatovic-uputio-set-mjera-formirati-jedinice-civilne-zastite-i-staviti-u-funkciju-dva-postojeca-aviona\/#primaryimage"},"image":{"@id":"https:\/\/dmcsrb.com\/politika\/milatovic-uputio-set-mjera-formirati-jedinice-civilne-zastite-i-staviti-u-funkciju-dva-postojeca-aviona\/#primaryimage"},"thumbnailUrl":"https:\/\/dmcsrb.com\/wp-content\/uploads\/2026\/01\/Milatovic-Jakov-radni-dorucak-foto-predsjednik-cg.jpg","datePublished":"2025-08-20T10:55:28+00:00","author":{"@id":"https:\/\/dmcsrb.com\/#\/schema\/person\/5c39170f12db1b8b457732d0b5c854e2"},"breadcrumb":{"@id":"https:\/\/dmcsrb.com\/politika\/milatovic-uputio-set-mjera-formirati-jedinice-civilne-zastite-i-staviti-u-funkciju-dva-postojeca-aviona\/#breadcrumb"},"inLanguage":"en-GB","potentialAction":[{"@type":"ReadAction","target":["https:\/\/dmcsrb.com\/politika\/milatovic-uputio-set-mjera-formirati-jedinice-civilne-zastite-i-staviti-u-funkciju-dva-postojeca-aviona\/"]}]},{"@type":"ImageObject","inLanguage":"en-GB","@id":"https:\/\/dmcsrb.com\/politika\/milatovic-uputio-set-mjera-formirati-jedinice-civilne-zastite-i-staviti-u-funkciju-dva-postojeca-aviona\/#primaryimage","url":"https:\/\/dmcsrb.com\/wp-content\/uploads\/2026\/01\/Milatovic-Jakov-radni-dorucak-foto-predsjednik-cg.jpg","contentUrl":"https:\/\/dmcsrb.com\/wp-content\/uploads\/2026\/01\/Milatovic-Jakov-radni-dorucak-foto-predsjednik-cg.jpg","width":1053,"height":649},{"@type":"BreadcrumbList","@id":"https:\/\/dmcsrb.com\/politika\/milatovic-uputio-set-mjera-formirati-jedinice-civilne-zastite-i-staviti-u-funkciju-dva-postojeca-aviona\/#breadcrumb","itemListElement":[{"@type":"ListItem","position":1,"name":"Home","item":"https:\/\/dmcsrb.com\/"},{"@type":"ListItem","position":2,"name":"Milatovi\u0107 uputio set mjera: Formirati jedinice civilne za\u0161tite i staviti u funkciju dva postoje\u0107a aviona"}]},{"@type":"WebSite","@id":"https:\/\/dmcsrb.com\/#website","url":"https:\/\/dmcsrb.com\/","name":"dmcsrb.com","description":"","potentialAction":[{"@type":"SearchAction","target":{"@type":"EntryPoint","urlTemplate":"https:\/\/dmcsrb.com\/?s={search_term_string}"},"query-input":{"@type":"PropertyValueSpecification","valueRequired":true,"valueName":"search_term_string"}}],"inLanguage":"en-GB"},{"@type":"Person","@id":"https:\/\/dmcsrb.com\/#\/schema\/person\/5c39170f12db1b8b457732d0b5c854e2","name":"dmcsrbija.com@gmail.com","image":{"@type":"ImageObject","inLanguage":"en-GB","@id":"https:\/\/secure.gravatar.com\/avatar\/68592660ad6347fad0fb587f8d5d8f1a7b44961362f56e4f2cd524feb87e9069?s=96&d=mm&r=g","url":"https:\/\/secure.gravatar.com\/avatar\/68592660ad6347fad0fb587f8d5d8f1a7b44961362f56e4f2cd524feb87e9069?s=96&d=mm&r=g","contentUrl":"https:\/\/secure.gravatar.com\/avatar\/68592660ad6347fad0fb587f8d5d8f1a7b44961362f56e4f2cd524feb87e9069?s=96&d=mm&r=g","caption":"dmcsrbija.com@gmail.com"},"sameAs":["https:\/\/dmcsrb.com"],"url":"https:\/\/dmcsrb.com\/en\/author\/dmcsrbija-comgmail-com\/"}]}},"_links":{"self":[{"href":"https:\/\/dmcsrb.com\/en\/wp-json\/wp\/v2\/posts\/947295","targetHints":{"allow":["GET"]}}],"collection":[{"href":"https:\/\/dmcsrb.com\/en\/wp-json\/wp\/v2\/posts"}],"about":[{"href":"https:\/\/dmcsrb.com\/en\/wp-json\/wp\/v2\/types\/post"}],"author":[{"embeddable":true,"href":"https:\/\/dmcsrb.com\/en\/wp-json\/wp\/v2\/users\/1"}],"replies":[{"embeddable":true,"href":"https:\/\/dmcsrb.com\/en\/wp-json\/wp\/v2\/comments?post=947295"}],"version-history":[{"count":0,"href":"https:\/\/dmcsrb.com\/en\/wp-json\/wp\/v2\/posts\/947295\/revisions"}],"wp:featuredmedia":[{"embeddable":true,"href":"https:\/\/dmcsrb.com\/en\/wp-json\/wp\/v2\/media\/910271"}],"wp:attachment":[{"href":"https:\/\/dmcsrb.com\/en\/wp-json\/wp\/v2\/media?parent=947295"}],"wp:term":[{"taxonomy":"category","embeddable":true,"href":"https:\/\/dmcsrb.com\/en\/wp-json\/wp\/v2\/categories?post=947295"},{"taxonomy":"post_tag","embeddable":true,"href":"https:\/\/dmcsrb.com\/en\/wp-json\/wp\/v2\/tags?post=947295"},{"taxonomy":"naslovna","embeddable":true,"href":"https:\/\/dmcsrb.com\/en\/wp-json\/wp\/v2\/naslovna?post=947295"}],"curies":[{"name":"wp","href":"https:\/\/api.w.org\/{rel}","templated":true}]}}