{"id":947251,"date":"2025-08-20T10:59:00","date_gmt":"2025-08-20T08:59:00","guid":{"rendered":"https:\/\/dmcsrb.com\/uncategorized\/nemanja-perunicic-vrijeme-radi-za-nas-ali-moramo-da-ga-iskoristimo\/"},"modified":"2025-08-20T10:59:00","modified_gmt":"2025-08-20T08:59:00","slug":"nemanja-perunicic-vrijeme-radi-za-nas-ali-moramo-da-ga-iskoristimo","status":"publish","type":"post","link":"https:\/\/dmcsrb.com\/en\/sport\/nemanja-perunicic-vrijeme-radi-za-nas-ali-moramo-da-ga-iskoristimo\/","title":{"rendered":"Nemanja Peruni\u010di\u0107: Vrijeme radi za nas, ali moramo da ga iskoristimo"},"content":{"rendered":"<p>Totalna smjena generacija, znatno podmla\u0111eni tim, po\u010detak rada sa novim selektorom i stru\u010dnim \u0161tabom, a uz sve to \u2013 i povrede zna\u010dajnih igra\u010da, uticali su da Crna Gora u\u0111e u seriju poraza koja je trajala jo\u0161 od pro\u0161log ciklusa i prethodnog Evropskog prvenstva, ljeta 2023.<\/p>\n\n\n\n<p>Ipak, koliko god ti porazi imali \u201copravdanje\u201d, koliko god stigli u sudarima sa ja\u010dim reprezentacijama, nije dobro kada se toliko gubi i eto za\u0161to je trijumf nad Norve\u017eanima tako dobro pao na\u0161im odbojka\u0161ima.<\/p>\n\n\n\n<p>Stigao je i kao neka vrsta olak\u0161anja, priznanja i nagrade, smatra prima\u010d servisa na\u0161eg tima&nbsp;<strong>Nemanja Peruni\u010di\u0107<\/strong>.<\/p>\n\n\n\n<blockquote class=\"wp-block-quote is-layout-flow wp-block-quote-is-layout-flow\"><\/blockquote>\n\n\n\n<p>\u201cPotpuno je druga\u010diji osje\u0107aj i raspolo\u017eenje oti\u0107i na drugu reprezentativnu pauzu koja nas \u010deka pobjedom ili nastavkom serije poraza. Jesu svi ti porazi do\u0161li od boljih reprezentacija od nas, jesmo se oprobali u Zlatnoj ligi, najja\u010dem takmi\u010denju koje smo igrali do sada, ali \u017eeljeli smo protiv Norve\u0161ke da poka\u017eemo da ipak nismo ekipa koju neko tek tako mo\u017ee da pobijedi. Koliko god Norve\u0161koj zna\u010dio taj me\u010d za plasman na Evropsko prvenstvo, ne mo\u017ee da se dogodi da je njima vi\u0161e stalo da ostvare pobjedu od nas. To su i jedini ciljevi sa kojima smo iza\u0161li na teren, uz namjeru, naravno, da u\u017eivamo u igri. Ta pobjeda je i neka vrsta nagrade za sav naporan rad koji smo imali ovog ljeta, a koji nije bio krunisan pobjedama. Trijumf je stigao na kraju\u201d, ka\u017ee Nemanja Peruni\u010di\u0107.<\/p>\n\n\n\n<p>Crna Gora ima najmla\u0111u ekipu koja je nastupila u oba takmi\u010denja ovog ljeta \u2013 u Zlatnoj ligi, pa u zavr\u0161nici kvalifikacija.<\/p>\n\n\n\n<blockquote class=\"wp-block-quote is-layout-flow wp-block-quote-is-layout-flow\"><\/blockquote>\n\n\n\n<p>\u201cNa\u0161 najstariji igra\u010d koji je igrao je ro\u0111en 1999. godine, a u Kola\u0161inu najstariji igra\u010d u postavi sam bio ja, koji sam ro\u0111en 2001. Ne znam za primjer da ima mla\u0111e selekcije od nas, ne samo u odbojci. Dogodila se velika smjena generacija, \u0161to je neminovno u svakom sportu, i za mene koji sam od ranije u reprezentaciji sve je bilo nekako novo \u2013 prije sve od selektora i stru\u010dnog \u0161taba, pa do saigra\u010da i kompletnog ambijenta. Opredjeljenje Saveza je da se stvori nova reprezentacija koja \u0107e imati cilj da se kvalifikuje na Evropsko prvenstvo 2028. godine i pred nama nije postavljen nikakav imperativ, ali mi je na kraju jako drago da smo seriju me\u010deva sa vrlo jakim reprezentacijama, koje su bile posebno u Zlatnoj ligi, zavr\u0161ili pobjedom\u201d, isti\u010de Nemanja.<\/p>\n\n\n\n<p><strong>Ivica Jevti\u0107<\/strong>&nbsp;je u maju okupio tim koji treba da predstavlja budu\u0107nost crnogorske mu\u0161ke odbojke.<\/p>\n\n\n\n<p>\u201cSvaki po\u010detak je te\u017eak, a posebno ovakav po\u010detak, kada je prakti\u010dno sve novo. Ipak, oni koji su nas gledali, koji su pratili sve na\u0161e me\u010deve, mogli su da primijete koliko smo ve\u0107 napredovali, koliko smo sada bolja ekipa nego \u0161to smo bili u maju. Neki igra\u010di su se vratili iz povreda, vidjelo se na kraju i protiv Norve\u0161ke koliko to izgleda te\u010dnije u igri nego na po\u010detku, a koliko su i igra\u010di napredovali na individualnom planu. Sve to daje optimizam pred budu\u0107e akcije\u201d.<\/p>\n\n\n\n<p>Velika je sada pauza \u2013 kvalifikacije za Evropsko prvenstvo 2028. po\u010dinju tek za dva ljeta. Toliki prekid mo\u017ee da ima i dobre i lo\u0161e strane.<\/p>\n\n\n\n<blockquote class=\"wp-block-quote is-layout-flow wp-block-quote-is-layout-flow\"><\/blockquote>\n\n\n\n<p>\u201cDefinitivno je da imamo puno vremena, \u0161to ne zna\u010di da ne treba da grabimo svaki momenat da ga \u0161to bolje iskoristimo. Prije svega mislim na rad i posve\u0107enost svakog igra\u010da u svom klubu. Okupi\u0107emo se opet narednog ljeta, vjerovatno \u0107emo igrati Srebrnu ligu, bi\u0107emo stariji i iskusniji za godinu, ljeta 2027. kada po\u010dnu kvalifikacije bi\u0107emo iskusniji za dvije i definitivno bi trebalo da budemo bolja reprezentacija nego \u0161to smo sada. Vrijeme radi za nas, ali moramo da ga iskoristimo\u201d.<\/p>\n\n\n\n<p>Nemanja Peruni\u010di\u0107, nekada\u0161nji igra\u010d Budu\u0107osti, internacionalac u Sloveniji i Srbiji, uo\u010di reprezentativnog okupljanja se rastao sa \u010de\u0161kim timom&nbsp; Usti nad Labem, u kojem je proveo prethodnu polusezonu.<\/p>\n\n\n\n<blockquote class=\"wp-block-quote is-layout-flow wp-block-quote-is-layout-flow\"><\/blockquote>\n\n\n\n<p>\u201cIspunili smo cilj, ostali smo u ligi, klub je bio u velikom problemu kad sam do\u0161ao. Pozitivno iskustvo za mene, bilo je i nekih razgovora da produ\u017eimo saradnju, nije do\u0161lo do toga i tra\u017eim nove izazove. Uskoro \u0107u znati ime novog kluba\u201d,\u00a0zaklju\u010duje.<\/p>","protected":false},"excerpt":{"rendered":"<p>Najbolji crnogorski odbojka\u0161i pobjedom nad Norve\u0161kom su zavr\u0161ili kvalifikacioni ciklus nakon kojeg \u0107e prvi put od 2019. godine i tri uzastopna evropska prvenstva propustiti kontinentalnu smotru najboljih reprezentacija.<\/p>","protected":false},"author":1,"featured_media":947252,"comment_status":"open","ping_status":"open","sticky":false,"template":"","format":"standard","meta":{"_acf_changed":false,"footnotes":""},"categories":[148],"tags":[569],"naslovna":[],"class_list":["post-947251","post","type-post","status-publish","format-standard","has-post-thumbnail","hentry","category-sport","tag-nemanja-perunicic"],"acf":[],"yoast_head":"<!-- This site is optimized with the Yoast SEO plugin v27.4 - https:\/\/yoast.com\/product\/yoast-seo-wordpress\/ -->\n<title>Nemanja Peruni\u010di\u0107: Vrijeme radi za nas, ali moramo da ga iskoristimo - dmcsrb.com<\/title>\n<meta name=\"robots\" content=\"index, follow, max-snippet:-1, max-image-preview:large, max-video-preview:-1\" \/>\n<link rel=\"canonical\" href=\"https:\/\/dmcsrb.com\/en\/sport\/nemanja-perunicic-vrijeme-radi-za-nas-ali-moramo-da-ga-iskoristimo\/\" \/>\n<meta property=\"og:locale\" content=\"en_GB\" \/>\n<meta property=\"og:type\" content=\"article\" \/>\n<meta property=\"og:title\" content=\"Nemanja Peruni\u010di\u0107: Vrijeme radi za nas, ali moramo da ga iskoristimo - dmcsrb.com\" \/>\n<meta property=\"og:description\" content=\"Najbolji crnogorski odbojka\u0161i pobjedom nad Norve\u0161kom su zavr\u0161ili kvalifikacioni ciklus nakon kojeg \u0107e prvi put od 2019. godine i tri uzastopna evropska prvenstva propustiti kontinentalnu smotru najboljih reprezentacija.\" \/>\n<meta property=\"og:url\" content=\"https:\/\/dmcsrb.com\/en\/sport\/nemanja-perunicic-vrijeme-radi-za-nas-ali-moramo-da-ga-iskoristimo\/\" \/>\n<meta property=\"og:site_name\" content=\"dmcsrb.com\" \/>\n<meta property=\"article:published_time\" content=\"2025-08-20T08:59:00+00:00\" \/>\n<meta property=\"og:image\" content=\"https:\/\/dmcsrb.com\/wp-content\/uploads\/2026\/01\/Nemanja-Perunicic-OSCG.webp\" \/>\n\t<meta property=\"og:image:width\" content=\"2000\" \/>\n\t<meta property=\"og:image:height\" content=\"1333\" \/>\n\t<meta property=\"og:image:type\" content=\"image\/jpeg\" \/>\n<meta name=\"author\" content=\"dmcsrbija.com@gmail.com\" \/>\n<meta name=\"twitter:card\" content=\"summary_large_image\" \/>\n<meta name=\"twitter:label1\" content=\"Written by\" \/>\n\t<meta name=\"twitter:data1\" content=\"dmcsrbija.com@gmail.com\" \/>\n\t<meta name=\"twitter:label2\" content=\"Estimated reading time\" \/>\n\t<meta name=\"twitter:data2\" content=\"4 minutes\" \/>\n<script type=\"application\/ld+json\" class=\"yoast-schema-graph\">{\"@context\":\"https:\\\/\\\/schema.org\",\"@graph\":[{\"@type\":\"Article\",\"@id\":\"https:\\\/\\\/dmcsrb.com\\\/sport\\\/nemanja-perunicic-vrijeme-radi-za-nas-ali-moramo-da-ga-iskoristimo\\\/#article\",\"isPartOf\":{\"@id\":\"https:\\\/\\\/dmcsrb.com\\\/sport\\\/nemanja-perunicic-vrijeme-radi-za-nas-ali-moramo-da-ga-iskoristimo\\\/\"},\"author\":{\"name\":\"dmcsrbija.com@gmail.com\",\"@id\":\"https:\\\/\\\/dmcsrb.com\\\/#\\\/schema\\\/person\\\/5c39170f12db1b8b457732d0b5c854e2\"},\"headline\":\"Nemanja Peruni\u010di\u0107: Vrijeme radi za nas, ali moramo da ga iskoristimo\",\"datePublished\":\"2025-08-20T08:59:00+00:00\",\"mainEntityOfPage\":{\"@id\":\"https:\\\/\\\/dmcsrb.com\\\/sport\\\/nemanja-perunicic-vrijeme-radi-za-nas-ali-moramo-da-ga-iskoristimo\\\/\"},\"wordCount\":736,\"commentCount\":0,\"image\":{\"@id\":\"https:\\\/\\\/dmcsrb.com\\\/sport\\\/nemanja-perunicic-vrijeme-radi-za-nas-ali-moramo-da-ga-iskoristimo\\\/#primaryimage\"},\"thumbnailUrl\":\"https:\\\/\\\/dmcsrb.com\\\/wp-content\\\/uploads\\\/2026\\\/01\\\/Nemanja-Perunicic-OSCG.webp\",\"keywords\":[\"Nemanja Peruni\u010di\u0107\"],\"articleSection\":[\"Sport\"],\"inLanguage\":\"en-GB\",\"potentialAction\":[{\"@type\":\"CommentAction\",\"name\":\"Comment\",\"target\":[\"https:\\\/\\\/dmcsrb.com\\\/sport\\\/nemanja-perunicic-vrijeme-radi-za-nas-ali-moramo-da-ga-iskoristimo\\\/#respond\"]}]},{\"@type\":\"WebPage\",\"@id\":\"https:\\\/\\\/dmcsrb.com\\\/sport\\\/nemanja-perunicic-vrijeme-radi-za-nas-ali-moramo-da-ga-iskoristimo\\\/\",\"url\":\"https:\\\/\\\/dmcsrb.com\\\/sport\\\/nemanja-perunicic-vrijeme-radi-za-nas-ali-moramo-da-ga-iskoristimo\\\/\",\"name\":\"Nemanja Peruni\u010di\u0107: Vrijeme radi za nas, ali moramo da ga iskoristimo - dmcsrb.com\",\"isPartOf\":{\"@id\":\"https:\\\/\\\/dmcsrb.com\\\/#website\"},\"primaryImageOfPage\":{\"@id\":\"https:\\\/\\\/dmcsrb.com\\\/sport\\\/nemanja-perunicic-vrijeme-radi-za-nas-ali-moramo-da-ga-iskoristimo\\\/#primaryimage\"},\"image\":{\"@id\":\"https:\\\/\\\/dmcsrb.com\\\/sport\\\/nemanja-perunicic-vrijeme-radi-za-nas-ali-moramo-da-ga-iskoristimo\\\/#primaryimage\"},\"thumbnailUrl\":\"https:\\\/\\\/dmcsrb.com\\\/wp-content\\\/uploads\\\/2026\\\/01\\\/Nemanja-Perunicic-OSCG.webp\",\"datePublished\":\"2025-08-20T08:59:00+00:00\",\"author\":{\"@id\":\"https:\\\/\\\/dmcsrb.com\\\/#\\\/schema\\\/person\\\/5c39170f12db1b8b457732d0b5c854e2\"},\"breadcrumb\":{\"@id\":\"https:\\\/\\\/dmcsrb.com\\\/sport\\\/nemanja-perunicic-vrijeme-radi-za-nas-ali-moramo-da-ga-iskoristimo\\\/#breadcrumb\"},\"inLanguage\":\"en-GB\",\"potentialAction\":[{\"@type\":\"ReadAction\",\"target\":[\"https:\\\/\\\/dmcsrb.com\\\/sport\\\/nemanja-perunicic-vrijeme-radi-za-nas-ali-moramo-da-ga-iskoristimo\\\/\"]}]},{\"@type\":\"ImageObject\",\"inLanguage\":\"en-GB\",\"@id\":\"https:\\\/\\\/dmcsrb.com\\\/sport\\\/nemanja-perunicic-vrijeme-radi-za-nas-ali-moramo-da-ga-iskoristimo\\\/#primaryimage\",\"url\":\"https:\\\/\\\/dmcsrb.com\\\/wp-content\\\/uploads\\\/2026\\\/01\\\/Nemanja-Perunicic-OSCG.webp\",\"contentUrl\":\"https:\\\/\\\/dmcsrb.com\\\/wp-content\\\/uploads\\\/2026\\\/01\\\/Nemanja-Perunicic-OSCG.webp\",\"width\":2000,\"height\":1333},{\"@type\":\"BreadcrumbList\",\"@id\":\"https:\\\/\\\/dmcsrb.com\\\/sport\\\/nemanja-perunicic-vrijeme-radi-za-nas-ali-moramo-da-ga-iskoristimo\\\/#breadcrumb\",\"itemListElement\":[{\"@type\":\"ListItem\",\"position\":1,\"name\":\"Home\",\"item\":\"https:\\\/\\\/dmcsrb.com\\\/\"},{\"@type\":\"ListItem\",\"position\":2,\"name\":\"Nemanja Peruni\u010di\u0107: Vrijeme radi za nas, ali moramo da ga iskoristimo\"}]},{\"@type\":\"WebSite\",\"@id\":\"https:\\\/\\\/dmcsrb.com\\\/#website\",\"url\":\"https:\\\/\\\/dmcsrb.com\\\/\",\"name\":\"dmcsrb.com\",\"description\":\"\",\"potentialAction\":[{\"@type\":\"SearchAction\",\"target\":{\"@type\":\"EntryPoint\",\"urlTemplate\":\"https:\\\/\\\/dmcsrb.com\\\/?s={search_term_string}\"},\"query-input\":{\"@type\":\"PropertyValueSpecification\",\"valueRequired\":true,\"valueName\":\"search_term_string\"}}],\"inLanguage\":\"en-GB\"},{\"@type\":\"Person\",\"@id\":\"https:\\\/\\\/dmcsrb.com\\\/#\\\/schema\\\/person\\\/5c39170f12db1b8b457732d0b5c854e2\",\"name\":\"dmcsrbija.com@gmail.com\",\"image\":{\"@type\":\"ImageObject\",\"inLanguage\":\"en-GB\",\"@id\":\"https:\\\/\\\/secure.gravatar.com\\\/avatar\\\/68592660ad6347fad0fb587f8d5d8f1a7b44961362f56e4f2cd524feb87e9069?s=96&d=mm&r=g\",\"url\":\"https:\\\/\\\/secure.gravatar.com\\\/avatar\\\/68592660ad6347fad0fb587f8d5d8f1a7b44961362f56e4f2cd524feb87e9069?s=96&d=mm&r=g\",\"contentUrl\":\"https:\\\/\\\/secure.gravatar.com\\\/avatar\\\/68592660ad6347fad0fb587f8d5d8f1a7b44961362f56e4f2cd524feb87e9069?s=96&d=mm&r=g\",\"caption\":\"dmcsrbija.com@gmail.com\"},\"sameAs\":[\"https:\\\/\\\/dmcsrb.com\"],\"url\":\"https:\\\/\\\/dmcsrb.com\\\/en\\\/author\\\/dmcsrbija-comgmail-com\\\/\"}]}<\/script>\n<!-- \/ Yoast SEO plugin. -->","yoast_head_json":{"title":"Nemanja Peruni\u010di\u0107: Vrijeme radi za nas, ali moramo da ga iskoristimo - dmcsrb.com","robots":{"index":"index","follow":"follow","max-snippet":"max-snippet:-1","max-image-preview":"max-image-preview:large","max-video-preview":"max-video-preview:-1"},"canonical":"https:\/\/dmcsrb.com\/en\/sport\/nemanja-perunicic-vrijeme-radi-za-nas-ali-moramo-da-ga-iskoristimo\/","og_locale":"en_GB","og_type":"article","og_title":"Nemanja Peruni\u010di\u0107: Vrijeme radi za nas, ali moramo da ga iskoristimo - dmcsrb.com","og_description":"Najbolji crnogorski odbojka\u0161i pobjedom nad Norve\u0161kom su zavr\u0161ili kvalifikacioni ciklus nakon kojeg \u0107e prvi put od 2019. godine i tri uzastopna evropska prvenstva propustiti kontinentalnu smotru najboljih reprezentacija.","og_url":"https:\/\/dmcsrb.com\/en\/sport\/nemanja-perunicic-vrijeme-radi-za-nas-ali-moramo-da-ga-iskoristimo\/","og_site_name":"dmcsrb.com","article_published_time":"2025-08-20T08:59:00+00:00","og_image":[{"width":2000,"height":1333,"url":"https:\/\/dmcsrb.com\/wp-content\/uploads\/2026\/01\/Nemanja-Perunicic-OSCG.webp","type":"image\/jpeg"}],"author":"dmcsrbija.com@gmail.com","twitter_card":"summary_large_image","twitter_misc":{"Written by":"dmcsrbija.com@gmail.com","Estimated reading time":"4 minutes"},"schema":{"@context":"https:\/\/schema.org","@graph":[{"@type":"Article","@id":"https:\/\/dmcsrb.com\/sport\/nemanja-perunicic-vrijeme-radi-za-nas-ali-moramo-da-ga-iskoristimo\/#article","isPartOf":{"@id":"https:\/\/dmcsrb.com\/sport\/nemanja-perunicic-vrijeme-radi-za-nas-ali-moramo-da-ga-iskoristimo\/"},"author":{"name":"dmcsrbija.com@gmail.com","@id":"https:\/\/dmcsrb.com\/#\/schema\/person\/5c39170f12db1b8b457732d0b5c854e2"},"headline":"Nemanja Peruni\u010di\u0107: Vrijeme radi za nas, ali moramo da ga iskoristimo","datePublished":"2025-08-20T08:59:00+00:00","mainEntityOfPage":{"@id":"https:\/\/dmcsrb.com\/sport\/nemanja-perunicic-vrijeme-radi-za-nas-ali-moramo-da-ga-iskoristimo\/"},"wordCount":736,"commentCount":0,"image":{"@id":"https:\/\/dmcsrb.com\/sport\/nemanja-perunicic-vrijeme-radi-za-nas-ali-moramo-da-ga-iskoristimo\/#primaryimage"},"thumbnailUrl":"https:\/\/dmcsrb.com\/wp-content\/uploads\/2026\/01\/Nemanja-Perunicic-OSCG.webp","keywords":["Nemanja Peruni\u010di\u0107"],"articleSection":["Sport"],"inLanguage":"en-GB","potentialAction":[{"@type":"CommentAction","name":"Comment","target":["https:\/\/dmcsrb.com\/sport\/nemanja-perunicic-vrijeme-radi-za-nas-ali-moramo-da-ga-iskoristimo\/#respond"]}]},{"@type":"WebPage","@id":"https:\/\/dmcsrb.com\/sport\/nemanja-perunicic-vrijeme-radi-za-nas-ali-moramo-da-ga-iskoristimo\/","url":"https:\/\/dmcsrb.com\/sport\/nemanja-perunicic-vrijeme-radi-za-nas-ali-moramo-da-ga-iskoristimo\/","name":"Nemanja Peruni\u010di\u0107: Vrijeme radi za nas, ali moramo da ga iskoristimo - dmcsrb.com","isPartOf":{"@id":"https:\/\/dmcsrb.com\/#website"},"primaryImageOfPage":{"@id":"https:\/\/dmcsrb.com\/sport\/nemanja-perunicic-vrijeme-radi-za-nas-ali-moramo-da-ga-iskoristimo\/#primaryimage"},"image":{"@id":"https:\/\/dmcsrb.com\/sport\/nemanja-perunicic-vrijeme-radi-za-nas-ali-moramo-da-ga-iskoristimo\/#primaryimage"},"thumbnailUrl":"https:\/\/dmcsrb.com\/wp-content\/uploads\/2026\/01\/Nemanja-Perunicic-OSCG.webp","datePublished":"2025-08-20T08:59:00+00:00","author":{"@id":"https:\/\/dmcsrb.com\/#\/schema\/person\/5c39170f12db1b8b457732d0b5c854e2"},"breadcrumb":{"@id":"https:\/\/dmcsrb.com\/sport\/nemanja-perunicic-vrijeme-radi-za-nas-ali-moramo-da-ga-iskoristimo\/#breadcrumb"},"inLanguage":"en-GB","potentialAction":[{"@type":"ReadAction","target":["https:\/\/dmcsrb.com\/sport\/nemanja-perunicic-vrijeme-radi-za-nas-ali-moramo-da-ga-iskoristimo\/"]}]},{"@type":"ImageObject","inLanguage":"en-GB","@id":"https:\/\/dmcsrb.com\/sport\/nemanja-perunicic-vrijeme-radi-za-nas-ali-moramo-da-ga-iskoristimo\/#primaryimage","url":"https:\/\/dmcsrb.com\/wp-content\/uploads\/2026\/01\/Nemanja-Perunicic-OSCG.webp","contentUrl":"https:\/\/dmcsrb.com\/wp-content\/uploads\/2026\/01\/Nemanja-Perunicic-OSCG.webp","width":2000,"height":1333},{"@type":"BreadcrumbList","@id":"https:\/\/dmcsrb.com\/sport\/nemanja-perunicic-vrijeme-radi-za-nas-ali-moramo-da-ga-iskoristimo\/#breadcrumb","itemListElement":[{"@type":"ListItem","position":1,"name":"Home","item":"https:\/\/dmcsrb.com\/"},{"@type":"ListItem","position":2,"name":"Nemanja Peruni\u010di\u0107: Vrijeme radi za nas, ali moramo da ga iskoristimo"}]},{"@type":"WebSite","@id":"https:\/\/dmcsrb.com\/#website","url":"https:\/\/dmcsrb.com\/","name":"dmcsrb.com","description":"","potentialAction":[{"@type":"SearchAction","target":{"@type":"EntryPoint","urlTemplate":"https:\/\/dmcsrb.com\/?s={search_term_string}"},"query-input":{"@type":"PropertyValueSpecification","valueRequired":true,"valueName":"search_term_string"}}],"inLanguage":"en-GB"},{"@type":"Person","@id":"https:\/\/dmcsrb.com\/#\/schema\/person\/5c39170f12db1b8b457732d0b5c854e2","name":"dmcsrbija.com@gmail.com","image":{"@type":"ImageObject","inLanguage":"en-GB","@id":"https:\/\/secure.gravatar.com\/avatar\/68592660ad6347fad0fb587f8d5d8f1a7b44961362f56e4f2cd524feb87e9069?s=96&d=mm&r=g","url":"https:\/\/secure.gravatar.com\/avatar\/68592660ad6347fad0fb587f8d5d8f1a7b44961362f56e4f2cd524feb87e9069?s=96&d=mm&r=g","contentUrl":"https:\/\/secure.gravatar.com\/avatar\/68592660ad6347fad0fb587f8d5d8f1a7b44961362f56e4f2cd524feb87e9069?s=96&d=mm&r=g","caption":"dmcsrbija.com@gmail.com"},"sameAs":["https:\/\/dmcsrb.com"],"url":"https:\/\/dmcsrb.com\/en\/author\/dmcsrbija-comgmail-com\/"}]}},"_links":{"self":[{"href":"https:\/\/dmcsrb.com\/en\/wp-json\/wp\/v2\/posts\/947251","targetHints":{"allow":["GET"]}}],"collection":[{"href":"https:\/\/dmcsrb.com\/en\/wp-json\/wp\/v2\/posts"}],"about":[{"href":"https:\/\/dmcsrb.com\/en\/wp-json\/wp\/v2\/types\/post"}],"author":[{"embeddable":true,"href":"https:\/\/dmcsrb.com\/en\/wp-json\/wp\/v2\/users\/1"}],"replies":[{"embeddable":true,"href":"https:\/\/dmcsrb.com\/en\/wp-json\/wp\/v2\/comments?post=947251"}],"version-history":[{"count":0,"href":"https:\/\/dmcsrb.com\/en\/wp-json\/wp\/v2\/posts\/947251\/revisions"}],"wp:featuredmedia":[{"embeddable":true,"href":"https:\/\/dmcsrb.com\/en\/wp-json\/wp\/v2\/media\/947252"}],"wp:attachment":[{"href":"https:\/\/dmcsrb.com\/en\/wp-json\/wp\/v2\/media?parent=947251"}],"wp:term":[{"taxonomy":"category","embeddable":true,"href":"https:\/\/dmcsrb.com\/en\/wp-json\/wp\/v2\/categories?post=947251"},{"taxonomy":"post_tag","embeddable":true,"href":"https:\/\/dmcsrb.com\/en\/wp-json\/wp\/v2\/tags?post=947251"},{"taxonomy":"naslovna","embeddable":true,"href":"https:\/\/dmcsrb.com\/en\/wp-json\/wp\/v2\/naslovna?post=947251"}],"curies":[{"name":"wp","href":"https:\/\/api.w.org\/{rel}","templated":true}]}}