{"id":947226,"date":"2025-08-20T09:05:00","date_gmt":"2025-08-20T07:05:00","guid":{"rendered":"https:\/\/dmcsrb.com\/uncategorized\/grupa-zaposlenih-u-zicg-najavila-potpunu-obustavu-saobracaja-zbog-malih-zarada\/"},"modified":"2025-08-20T09:05:00","modified_gmt":"2025-08-20T07:05:00","slug":"grupa-zaposlenih-u-zicg-najavila-potpunu-obustavu-saobracaja-zbog-malih-zarada","status":"publish","type":"post","link":"https:\/\/dmcsrb.com\/en\/ekonomija\/grupa-zaposlenih-u-zicg-najavila-potpunu-obustavu-saobracaja-zbog-malih-zarada\/","title":{"rendered":"Grupa zaposlenih u \u017dICG najavila potpunu obustavu saobra\u0107aja zbog malih zarada"},"content":{"rendered":"<p><\/p>\n\n\n\n<p>U saop\u0161tenju dostavljenom medijima poru\u010duju da su njihova egzistencija, dostojanstvo i profesionalni integritet ugro\u017eeni, a strpljenje iscrpljeno.&nbsp;<\/p>\n\n\n\n<p>Navode da njihove zarade iznose svega 680 do 800 eura i to sa uklju\u010denim no\u0107nim radom i 35 godina sta\u017ea. Tako\u0111e tvrde i da su najni\u017ee u Crnoj Gori, iako oni snose klju\u010dnu ulogu u odvijanju i bezbjednosti \u017eeljezni\u010dkog saobra\u0107aja.<\/p>\n\n\n\n<p>Oni su dostavili i platne liste kao dokaz, podsjetiv\u0161i na raniju situaciju sa platama.<\/p>\n\n\n\n<p>&#8220;Od 2009. do 2019. na\u0161e zarade su smanjene dva puta, ukupno 30 odsto, i to uz saglasnost sindikata koji su i tada, a i danas, produ\u017eena ruka rukovodstva. Ta nepravda nikada nije ispravljena. U tom periodu zara\u0111ivali smo 600 &#8211; 700 eura, dok je minimalna plata bila 192 eura. Danas, i pored vi\u0161estruko ve\u0107e minimalne zarade, mi i dalje radimo za gotovo iste iznose. Ukinut nam je beneficirani radni sta\u017e i status slu\u017ebenog lica&#8221;, navode u saop\u0161tenju.<\/p>\n\n\n\n<p>Dodaju i da im se prekovremeni sati ne pla\u0107aju, \u0161to je direktno i svjesno kr\u0161enje Zakona o radu.<\/p>\n\n\n\n<p>&#8220;U izmjenama kolektivnog ugovora na\u0161i koeficijenti rastu sa 6,12 na 7,34, a dodatak sa 14 odsto na 15 odsto, \u0161to zna\u010di pove\u0107anje plata od svega 80\u2013100 eura, dok menad\u017ementu i rukovodiocima rastu za 200\u2013450 eura&#8221;, nagla\u0161avaju oni.\u00a0<\/p>\n\n\n\n<p>Isti\u010du da je ovakva diskriminacija dovela do toga da su otpravnici i dispe\u010deri postali deficitaran kadar.<\/p>\n\n\n\n<p>&#8220;Ljudi masovno napu\u0161taju posao, a ukrsnice Kos i Trebaljevo zatvorene su upravo zbog nedostatka radnika. Na sve ovo, rukovodstvo \u017dICG i Ministarstvo saobra\u0107aja uporno \u0107ute. Kao da to nije dovoljno, javnost je svjedo\u010dila dopisu dva reprezentativna sindikata u kojem se brani rukovodstvo, a napadaju na\u0161i istupi u medijima, bez ijednog argumenta. To jasno pokazuje da ovi sindikati vi\u0161e ne zastupaju interese radnika, ve\u0107 isklju\u010divo interese rukovodstva. Njihov poku\u0161aj da 80 radnika predstave kao \u201cmanjinu\u201d je uvredljiv i poni\u017eavaju\u0107i. Ovdje se, gospodo, radi o ljudima koji nose klju\u010dnu odgovornost za bezbjednost saobra\u0107aja, ljudima koji imaju svoje porodice i koji svoj posao obavljaju \u010dasno, po\u0161teno, savjesno i odgovorno&#8221;, pi\u0161e u saop\u0161tenju dostavljenom medijima.\u00a0<\/p>\n\n\n\n<p>Poru\u010duju da je njihova odluka jasna.&nbsp;<\/p>\n\n\n\n<p>&#8220;Ukoliko se na\u0161i zahtjevi do petka, 22. 8. 2025.godine u 9 \u010dasova ne prihvate, otpravnici vozova, TK dispe\u010deri i saobra\u0107ajni dispe\u010deri \u0107e sprovesti potpunu obustavu saobra\u0107aja na klju\u010dnim prugama: Beograd\u2013Bar; Podgorica\u2013Nik\u0161i\u0107; Podgorica\u2013Bajze. U obustavi \u0107e u\u010destvovati 84 otpravnika vozova, TK dispe\u010dera i saobra\u0107ajnih dispe\u010dera. Obustava \u0107e trajati do ispunjenja na\u0161ih zahtjeva&#8221;, isti\u010du u saop\u0161tenju.<\/p>\n\n\n\n<p>Prema njihovim rije\u010dima, ovo nije prijetnja, ve\u0107 posljednje sredstvo da ih nadle\u017eni kona\u010dno \u010duju.<\/p>\n\n\n\n<p>&#8220;Spremni smo da svoje dostojanstvo i egzistenciju branimo do kraja, pa i po cijenu otkaza. Posebno nagla\u0161avamo: do dana\u0161njeg dana rukovodstvo \u017dICG nije uputilo nijedan odgovor na na\u0161e molbe i zahtjeve&#8221;, zaklju\u010duje se u saop\u0161tenju.\u00a0<\/p>\n\n\n\n<p><img decoding=\"async\" src=\"https:\/\/media.pobjeda.me\/media\/2025\/08\/20\/1755678527-1000232184.jpg\"><strong><em>Platna lista, FOTO: Grupa zaposlenih \u017dICG<\/em><\/strong><\/p>\n\n\n\n<p><img decoding=\"async\" src=\"https:\/\/media.pobjeda.me\/media\/2025\/08\/20\/1755678526-1000232183.jpg\"><strong><em>Platna lista, FOTO: Grupa zaposlenih \u017dICG<\/em><\/strong><\/p>\n\n\n\n<p><img decoding=\"async\" src=\"https:\/\/media.pobjeda.me\/media\/2025\/08\/20\/1755678526-1000232182.jpg\"><strong><em>Platna lista, FOTO: Grupa zaposlenih \u017dICG<\/em><\/strong><\/p>","protected":false},"excerpt":{"rendered":"<p>Grupa od 84 zaposlenih u \u017deljezni\u010dkoj infrastrukturi Crne Gore (\u017dICG), koju \u010dine otpravnici vozova, TK dispe\u010deri i saobra\u0107ajani dispe\u010deri, najavila je potpunu obustavu \u017eeljezni\u010dkog saobra\u0107aja u znak protesta zbog malih zarada.<\/p>","protected":false},"author":1,"featured_media":947227,"comment_status":"open","ping_status":"open","sticky":false,"template":"","format":"standard","meta":{"_acf_changed":false,"footnotes":""},"categories":[27],"tags":[6930,9182],"naslovna":[],"class_list":["post-947226","post","type-post","status-publish","format-standard","has-post-thumbnail","hentry","category-ekonomija","tag-obustava-rada","tag-zeljeznicka-infrastruktura"],"acf":[],"yoast_head":"<!-- This site is optimized with the Yoast SEO plugin v27.0 - https:\/\/yoast.com\/product\/yoast-seo-wordpress\/ -->\n<title>Grupa zaposlenih u \u017dICG najavila potpunu obustavu saobra\u0107aja zbog malih zarada - dmcsrb.com<\/title>\n<meta name=\"robots\" content=\"index, follow, max-snippet:-1, max-image-preview:large, max-video-preview:-1\" \/>\n<link rel=\"canonical\" href=\"https:\/\/dmcsrb.com\/en\/ekonomija\/grupa-zaposlenih-u-zicg-najavila-potpunu-obustavu-saobracaja-zbog-malih-zarada\/\" \/>\n<meta property=\"og:locale\" content=\"en_GB\" \/>\n<meta property=\"og:type\" content=\"article\" \/>\n<meta property=\"og:title\" content=\"Grupa zaposlenih u \u017dICG najavila potpunu obustavu saobra\u0107aja zbog malih zarada - dmcsrb.com\" \/>\n<meta property=\"og:description\" content=\"Grupa od 84 zaposlenih u \u017deljezni\u010dkoj infrastrukturi Crne Gore (\u017dICG), koju \u010dine otpravnici vozova, TK dispe\u010deri i saobra\u0107ajani dispe\u010deri, najavila je potpunu obustavu \u017eeljezni\u010dkog saobra\u0107aja u znak protesta zbog malih zarada.\" \/>\n<meta property=\"og:url\" content=\"https:\/\/dmcsrb.com\/en\/ekonomija\/grupa-zaposlenih-u-zicg-najavila-potpunu-obustavu-saobracaja-zbog-malih-zarada\/\" \/>\n<meta property=\"og:site_name\" content=\"dmcsrb.com\" \/>\n<meta property=\"article:published_time\" content=\"2025-08-20T07:05:00+00:00\" \/>\n<meta property=\"og:image\" content=\"https:\/\/dmcsrb.com\/wp-content\/uploads\/2026\/01\/Zeljeznica-cg-foto-gradski-me.webp\" \/>\n\t<meta property=\"og:image:width\" content=\"1220\" \/>\n\t<meta property=\"og:image:height\" content=\"678\" \/>\n\t<meta property=\"og:image:type\" content=\"image\/jpeg\" \/>\n<meta name=\"author\" content=\"dmcsrbija.com@gmail.com\" \/>\n<meta name=\"twitter:card\" content=\"summary_large_image\" \/>\n<meta name=\"twitter:label1\" content=\"Written by\" \/>\n\t<meta name=\"twitter:data1\" content=\"dmcsrbija.com@gmail.com\" \/>\n\t<meta name=\"twitter:label2\" content=\"Estimated reading time\" \/>\n\t<meta name=\"twitter:data2\" content=\"3 minutes\" \/>\n<script type=\"application\/ld+json\" class=\"yoast-schema-graph\">{\"@context\":\"https:\/\/schema.org\",\"@graph\":[{\"@type\":\"Article\",\"@id\":\"https:\/\/dmcsrb.com\/ekonomija\/grupa-zaposlenih-u-zicg-najavila-potpunu-obustavu-saobracaja-zbog-malih-zarada\/#article\",\"isPartOf\":{\"@id\":\"https:\/\/dmcsrb.com\/ekonomija\/grupa-zaposlenih-u-zicg-najavila-potpunu-obustavu-saobracaja-zbog-malih-zarada\/\"},\"author\":{\"name\":\"dmcsrbija.com@gmail.com\",\"@id\":\"https:\/\/dmcsrb.com\/#\/schema\/person\/5c39170f12db1b8b457732d0b5c854e2\"},\"headline\":\"Grupa zaposlenih u \u017dICG najavila potpunu obustavu saobra\u0107aja zbog malih zarada\",\"datePublished\":\"2025-08-20T07:05:00+00:00\",\"mainEntityOfPage\":{\"@id\":\"https:\/\/dmcsrb.com\/ekonomija\/grupa-zaposlenih-u-zicg-najavila-potpunu-obustavu-saobracaja-zbog-malih-zarada\/\"},\"wordCount\":519,\"commentCount\":0,\"image\":{\"@id\":\"https:\/\/dmcsrb.com\/ekonomija\/grupa-zaposlenih-u-zicg-najavila-potpunu-obustavu-saobracaja-zbog-malih-zarada\/#primaryimage\"},\"thumbnailUrl\":\"https:\/\/dmcsrb.com\/wp-content\/uploads\/2026\/01\/Zeljeznica-cg-foto-gradski-me.webp\",\"keywords\":[\"obustava rada\",\"\u017deljezni\u010dka infrastruktura\"],\"articleSection\":[\"Ekonomija\"],\"inLanguage\":\"en-GB\",\"potentialAction\":[{\"@type\":\"CommentAction\",\"name\":\"Comment\",\"target\":[\"https:\/\/dmcsrb.com\/ekonomija\/grupa-zaposlenih-u-zicg-najavila-potpunu-obustavu-saobracaja-zbog-malih-zarada\/#respond\"]}]},{\"@type\":\"WebPage\",\"@id\":\"https:\/\/dmcsrb.com\/ekonomija\/grupa-zaposlenih-u-zicg-najavila-potpunu-obustavu-saobracaja-zbog-malih-zarada\/\",\"url\":\"https:\/\/dmcsrb.com\/ekonomija\/grupa-zaposlenih-u-zicg-najavila-potpunu-obustavu-saobracaja-zbog-malih-zarada\/\",\"name\":\"Grupa zaposlenih u \u017dICG najavila potpunu obustavu saobra\u0107aja zbog malih zarada - dmcsrb.com\",\"isPartOf\":{\"@id\":\"https:\/\/dmcsrb.com\/#website\"},\"primaryImageOfPage\":{\"@id\":\"https:\/\/dmcsrb.com\/ekonomija\/grupa-zaposlenih-u-zicg-najavila-potpunu-obustavu-saobracaja-zbog-malih-zarada\/#primaryimage\"},\"image\":{\"@id\":\"https:\/\/dmcsrb.com\/ekonomija\/grupa-zaposlenih-u-zicg-najavila-potpunu-obustavu-saobracaja-zbog-malih-zarada\/#primaryimage\"},\"thumbnailUrl\":\"https:\/\/dmcsrb.com\/wp-content\/uploads\/2026\/01\/Zeljeznica-cg-foto-gradski-me.webp\",\"datePublished\":\"2025-08-20T07:05:00+00:00\",\"author\":{\"@id\":\"https:\/\/dmcsrb.com\/#\/schema\/person\/5c39170f12db1b8b457732d0b5c854e2\"},\"breadcrumb\":{\"@id\":\"https:\/\/dmcsrb.com\/ekonomija\/grupa-zaposlenih-u-zicg-najavila-potpunu-obustavu-saobracaja-zbog-malih-zarada\/#breadcrumb\"},\"inLanguage\":\"en-GB\",\"potentialAction\":[{\"@type\":\"ReadAction\",\"target\":[\"https:\/\/dmcsrb.com\/ekonomija\/grupa-zaposlenih-u-zicg-najavila-potpunu-obustavu-saobracaja-zbog-malih-zarada\/\"]}]},{\"@type\":\"ImageObject\",\"inLanguage\":\"en-GB\",\"@id\":\"https:\/\/dmcsrb.com\/ekonomija\/grupa-zaposlenih-u-zicg-najavila-potpunu-obustavu-saobracaja-zbog-malih-zarada\/#primaryimage\",\"url\":\"https:\/\/dmcsrb.com\/wp-content\/uploads\/2026\/01\/Zeljeznica-cg-foto-gradski-me.webp\",\"contentUrl\":\"https:\/\/dmcsrb.com\/wp-content\/uploads\/2026\/01\/Zeljeznica-cg-foto-gradski-me.webp\",\"width\":1220,\"height\":678},{\"@type\":\"BreadcrumbList\",\"@id\":\"https:\/\/dmcsrb.com\/ekonomija\/grupa-zaposlenih-u-zicg-najavila-potpunu-obustavu-saobracaja-zbog-malih-zarada\/#breadcrumb\",\"itemListElement\":[{\"@type\":\"ListItem\",\"position\":1,\"name\":\"Home\",\"item\":\"https:\/\/dmcsrb.com\/\"},{\"@type\":\"ListItem\",\"position\":2,\"name\":\"Grupa zaposlenih u \u017dICG najavila potpunu obustavu saobra\u0107aja zbog malih zarada\"}]},{\"@type\":\"WebSite\",\"@id\":\"https:\/\/dmcsrb.com\/#website\",\"url\":\"https:\/\/dmcsrb.com\/\",\"name\":\"dmcsrb.com\",\"description\":\"\",\"potentialAction\":[{\"@type\":\"SearchAction\",\"target\":{\"@type\":\"EntryPoint\",\"urlTemplate\":\"https:\/\/dmcsrb.com\/?s={search_term_string}\"},\"query-input\":{\"@type\":\"PropertyValueSpecification\",\"valueRequired\":true,\"valueName\":\"search_term_string\"}}],\"inLanguage\":\"en-GB\"},{\"@type\":\"Person\",\"@id\":\"https:\/\/dmcsrb.com\/#\/schema\/person\/5c39170f12db1b8b457732d0b5c854e2\",\"name\":\"dmcsrbija.com@gmail.com\",\"image\":{\"@type\":\"ImageObject\",\"inLanguage\":\"en-GB\",\"@id\":\"https:\/\/dmcsrb.com\/#\/schema\/person\/image\/\",\"url\":\"https:\/\/secure.gravatar.com\/avatar\/68592660ad6347fad0fb587f8d5d8f1a7b44961362f56e4f2cd524feb87e9069?s=96&d=mm&r=g\",\"contentUrl\":\"https:\/\/secure.gravatar.com\/avatar\/68592660ad6347fad0fb587f8d5d8f1a7b44961362f56e4f2cd524feb87e9069?s=96&d=mm&r=g\",\"caption\":\"dmcsrbija.com@gmail.com\"},\"sameAs\":[\"https:\/\/dmcsrb.com\"],\"url\":\"https:\/\/dmcsrb.com\/en\/author\/dmcsrbija-comgmail-com\/\"}]}<\/script>\n<!-- \/ Yoast SEO plugin. -->","yoast_head_json":{"title":"Grupa zaposlenih u \u017dICG najavila potpunu obustavu saobra\u0107aja zbog malih zarada - dmcsrb.com","robots":{"index":"index","follow":"follow","max-snippet":"max-snippet:-1","max-image-preview":"max-image-preview:large","max-video-preview":"max-video-preview:-1"},"canonical":"https:\/\/dmcsrb.com\/en\/ekonomija\/grupa-zaposlenih-u-zicg-najavila-potpunu-obustavu-saobracaja-zbog-malih-zarada\/","og_locale":"en_GB","og_type":"article","og_title":"Grupa zaposlenih u \u017dICG najavila potpunu obustavu saobra\u0107aja zbog malih zarada - dmcsrb.com","og_description":"Grupa od 84 zaposlenih u \u017deljezni\u010dkoj infrastrukturi Crne Gore (\u017dICG), koju \u010dine otpravnici vozova, TK dispe\u010deri i saobra\u0107ajani dispe\u010deri, najavila je potpunu obustavu \u017eeljezni\u010dkog saobra\u0107aja u znak protesta zbog malih zarada.","og_url":"https:\/\/dmcsrb.com\/en\/ekonomija\/grupa-zaposlenih-u-zicg-najavila-potpunu-obustavu-saobracaja-zbog-malih-zarada\/","og_site_name":"dmcsrb.com","article_published_time":"2025-08-20T07:05:00+00:00","og_image":[{"width":1220,"height":678,"url":"https:\/\/dmcsrb.com\/wp-content\/uploads\/2026\/01\/Zeljeznica-cg-foto-gradski-me.webp","type":"image\/jpeg"}],"author":"dmcsrbija.com@gmail.com","twitter_card":"summary_large_image","twitter_misc":{"Written by":"dmcsrbija.com@gmail.com","Estimated reading time":"3 minutes"},"schema":{"@context":"https:\/\/schema.org","@graph":[{"@type":"Article","@id":"https:\/\/dmcsrb.com\/ekonomija\/grupa-zaposlenih-u-zicg-najavila-potpunu-obustavu-saobracaja-zbog-malih-zarada\/#article","isPartOf":{"@id":"https:\/\/dmcsrb.com\/ekonomija\/grupa-zaposlenih-u-zicg-najavila-potpunu-obustavu-saobracaja-zbog-malih-zarada\/"},"author":{"name":"dmcsrbija.com@gmail.com","@id":"https:\/\/dmcsrb.com\/#\/schema\/person\/5c39170f12db1b8b457732d0b5c854e2"},"headline":"Grupa zaposlenih u \u017dICG najavila potpunu obustavu saobra\u0107aja zbog malih zarada","datePublished":"2025-08-20T07:05:00+00:00","mainEntityOfPage":{"@id":"https:\/\/dmcsrb.com\/ekonomija\/grupa-zaposlenih-u-zicg-najavila-potpunu-obustavu-saobracaja-zbog-malih-zarada\/"},"wordCount":519,"commentCount":0,"image":{"@id":"https:\/\/dmcsrb.com\/ekonomija\/grupa-zaposlenih-u-zicg-najavila-potpunu-obustavu-saobracaja-zbog-malih-zarada\/#primaryimage"},"thumbnailUrl":"https:\/\/dmcsrb.com\/wp-content\/uploads\/2026\/01\/Zeljeznica-cg-foto-gradski-me.webp","keywords":["obustava rada","\u017deljezni\u010dka infrastruktura"],"articleSection":["Ekonomija"],"inLanguage":"en-GB","potentialAction":[{"@type":"CommentAction","name":"Comment","target":["https:\/\/dmcsrb.com\/ekonomija\/grupa-zaposlenih-u-zicg-najavila-potpunu-obustavu-saobracaja-zbog-malih-zarada\/#respond"]}]},{"@type":"WebPage","@id":"https:\/\/dmcsrb.com\/ekonomija\/grupa-zaposlenih-u-zicg-najavila-potpunu-obustavu-saobracaja-zbog-malih-zarada\/","url":"https:\/\/dmcsrb.com\/ekonomija\/grupa-zaposlenih-u-zicg-najavila-potpunu-obustavu-saobracaja-zbog-malih-zarada\/","name":"Grupa zaposlenih u \u017dICG najavila potpunu obustavu saobra\u0107aja zbog malih zarada - dmcsrb.com","isPartOf":{"@id":"https:\/\/dmcsrb.com\/#website"},"primaryImageOfPage":{"@id":"https:\/\/dmcsrb.com\/ekonomija\/grupa-zaposlenih-u-zicg-najavila-potpunu-obustavu-saobracaja-zbog-malih-zarada\/#primaryimage"},"image":{"@id":"https:\/\/dmcsrb.com\/ekonomija\/grupa-zaposlenih-u-zicg-najavila-potpunu-obustavu-saobracaja-zbog-malih-zarada\/#primaryimage"},"thumbnailUrl":"https:\/\/dmcsrb.com\/wp-content\/uploads\/2026\/01\/Zeljeznica-cg-foto-gradski-me.webp","datePublished":"2025-08-20T07:05:00+00:00","author":{"@id":"https:\/\/dmcsrb.com\/#\/schema\/person\/5c39170f12db1b8b457732d0b5c854e2"},"breadcrumb":{"@id":"https:\/\/dmcsrb.com\/ekonomija\/grupa-zaposlenih-u-zicg-najavila-potpunu-obustavu-saobracaja-zbog-malih-zarada\/#breadcrumb"},"inLanguage":"en-GB","potentialAction":[{"@type":"ReadAction","target":["https:\/\/dmcsrb.com\/ekonomija\/grupa-zaposlenih-u-zicg-najavila-potpunu-obustavu-saobracaja-zbog-malih-zarada\/"]}]},{"@type":"ImageObject","inLanguage":"en-GB","@id":"https:\/\/dmcsrb.com\/ekonomija\/grupa-zaposlenih-u-zicg-najavila-potpunu-obustavu-saobracaja-zbog-malih-zarada\/#primaryimage","url":"https:\/\/dmcsrb.com\/wp-content\/uploads\/2026\/01\/Zeljeznica-cg-foto-gradski-me.webp","contentUrl":"https:\/\/dmcsrb.com\/wp-content\/uploads\/2026\/01\/Zeljeznica-cg-foto-gradski-me.webp","width":1220,"height":678},{"@type":"BreadcrumbList","@id":"https:\/\/dmcsrb.com\/ekonomija\/grupa-zaposlenih-u-zicg-najavila-potpunu-obustavu-saobracaja-zbog-malih-zarada\/#breadcrumb","itemListElement":[{"@type":"ListItem","position":1,"name":"Home","item":"https:\/\/dmcsrb.com\/"},{"@type":"ListItem","position":2,"name":"Grupa zaposlenih u \u017dICG najavila potpunu obustavu saobra\u0107aja zbog malih zarada"}]},{"@type":"WebSite","@id":"https:\/\/dmcsrb.com\/#website","url":"https:\/\/dmcsrb.com\/","name":"dmcsrb.com","description":"","potentialAction":[{"@type":"SearchAction","target":{"@type":"EntryPoint","urlTemplate":"https:\/\/dmcsrb.com\/?s={search_term_string}"},"query-input":{"@type":"PropertyValueSpecification","valueRequired":true,"valueName":"search_term_string"}}],"inLanguage":"en-GB"},{"@type":"Person","@id":"https:\/\/dmcsrb.com\/#\/schema\/person\/5c39170f12db1b8b457732d0b5c854e2","name":"dmcsrbija.com@gmail.com","image":{"@type":"ImageObject","inLanguage":"en-GB","@id":"https:\/\/dmcsrb.com\/#\/schema\/person\/image\/","url":"https:\/\/secure.gravatar.com\/avatar\/68592660ad6347fad0fb587f8d5d8f1a7b44961362f56e4f2cd524feb87e9069?s=96&d=mm&r=g","contentUrl":"https:\/\/secure.gravatar.com\/avatar\/68592660ad6347fad0fb587f8d5d8f1a7b44961362f56e4f2cd524feb87e9069?s=96&d=mm&r=g","caption":"dmcsrbija.com@gmail.com"},"sameAs":["https:\/\/dmcsrb.com"],"url":"https:\/\/dmcsrb.com\/en\/author\/dmcsrbija-comgmail-com\/"}]}},"_links":{"self":[{"href":"https:\/\/dmcsrb.com\/en\/wp-json\/wp\/v2\/posts\/947226","targetHints":{"allow":["GET"]}}],"collection":[{"href":"https:\/\/dmcsrb.com\/en\/wp-json\/wp\/v2\/posts"}],"about":[{"href":"https:\/\/dmcsrb.com\/en\/wp-json\/wp\/v2\/types\/post"}],"author":[{"embeddable":true,"href":"https:\/\/dmcsrb.com\/en\/wp-json\/wp\/v2\/users\/1"}],"replies":[{"embeddable":true,"href":"https:\/\/dmcsrb.com\/en\/wp-json\/wp\/v2\/comments?post=947226"}],"version-history":[{"count":0,"href":"https:\/\/dmcsrb.com\/en\/wp-json\/wp\/v2\/posts\/947226\/revisions"}],"wp:featuredmedia":[{"embeddable":true,"href":"https:\/\/dmcsrb.com\/en\/wp-json\/wp\/v2\/media\/947227"}],"wp:attachment":[{"href":"https:\/\/dmcsrb.com\/en\/wp-json\/wp\/v2\/media?parent=947226"}],"wp:term":[{"taxonomy":"category","embeddable":true,"href":"https:\/\/dmcsrb.com\/en\/wp-json\/wp\/v2\/categories?post=947226"},{"taxonomy":"post_tag","embeddable":true,"href":"https:\/\/dmcsrb.com\/en\/wp-json\/wp\/v2\/tags?post=947226"},{"taxonomy":"naslovna","embeddable":true,"href":"https:\/\/dmcsrb.com\/en\/wp-json\/wp\/v2\/naslovna?post=947226"}],"curies":[{"name":"wp","href":"https:\/\/api.w.org\/{rel}","templated":true}]}}