{"id":947217,"date":"2025-08-20T08:54:00","date_gmt":"2025-08-20T06:54:00","guid":{"rendered":"https:\/\/dmcsrb.com\/uncategorized\/maskovic-lose-poslovanje-i-gubici-preduzeca-se-prebacuju-na-teret-gradjana\/"},"modified":"2025-08-20T08:54:00","modified_gmt":"2025-08-20T06:54:00","slug":"maskovic-lose-poslovanje-i-gubici-preduzeca-se-prebacuju-na-teret-gradjana","status":"publish","type":"post","link":"https:\/\/dmcsrb.com\/en\/podgorica\/maskovic-lose-poslovanje-i-gubici-preduzeca-se-prebacuju-na-teret-gradjana\/","title":{"rendered":"Ma\u0161kovi\u0107: Lo\u0161e poslovanje i gubici preduze\u0107a se prebacuju na teret gra\u0111ana"},"content":{"rendered":"<p><\/p>\n\n\n\n<p>Primjer sugra\u0111anke koja mu se obratila, kako ka\u017ee, to najbolje pokazuje.<\/p>\n\n\n\n<p>&#8220;Ra\u010dun za struju njenoj porodici od dva \u010dlana u stanu od 40 kvadrata iznosi 23,69 eura, dok je ra\u010dun za vodu \u010dak 46,68 eura&#8221;, istakao je Ma\u0161kovi\u0107.<\/p>\n\n\n\n<p>Navodi da je voda postala skuplja od struje.<\/p>\n\n\n\n<p>&#8220;Direktor Vodovoda i kanalizacije je krajem pro\u0161le godine obe\u0107ao da \u0107e poskupljenje iznositi najvi\u0161e dva eura po ra\u010dunu, a gra\u0111ani danas svjedo\u010de da im ra\u010duni rastu i po nekoliko puta. Posebno zabrinjava \u0161to se stanje na vodomjerima ne o\u010ditava redovno, ve\u0107 se gra\u0111anima ispostavljaju obra\u010duni koji nemaju veze sa stvarnom potro\u0161njom, uz izgovor da su satovi navodno nedostupni iako svi znamo gdje se nalaze&#8221;, naveo je Ma\u0161kovi\u0107.<\/p>\n\n\n\n<p>Ovo je, kako je rekao, o\u010digledan primjer kako se lo\u0161e poslovanje i gubici preduze\u0107a prebacuju na teret gra\u0111ana.<\/p>\n\n\n\n<p>&#8220;Dakle, zbog neefikasnosti i partijskog kadrovanja, Vodovod se odlu\u010dio da puni kasu na ra\u010dun gra\u0111ana. Pozivam i ohrabrujem sve Podgori\u010dane da ulo\u017ee prigovor na ovakve ra\u010dune jer se moramo zajedno boriti protiv ove o\u010digledne nepravde i plja\u010dke. Nedopustivo je da u gradu koji le\u017ei na vodi ljudi pla\u0107aju cijene kao da \u017eive u pustinji&#8221;, kazao je Ma\u0161kovi\u0107.<\/p>","protected":false},"excerpt":{"rendered":"<p>Gra\u0111anima Podgorice ovih dana sti\u017eu ra\u010duni za vodu koji izgledaju kao da u svojim stanovima imaju olimpijske bazene, a ne kupatila od par kvadrata, kazao je predsjednik Kluba odbornika Evropskog saveza u Skup\u0161tini Glavnog grada, Milo\u0161 Ma\u0161kovi\u0107.<\/p>","protected":false},"author":1,"featured_media":947218,"comment_status":"open","ping_status":"open","sticky":false,"template":"","format":"standard","meta":{"_acf_changed":false,"footnotes":""},"categories":[56],"tags":[4387,662,57],"naslovna":[],"class_list":["post-947217","post","type-post","status-publish","format-standard","has-post-thumbnail","hentry","category-podgorica","tag-milos-maskovic","tag-podgoricki-vodovod","tag-voda"],"acf":[],"yoast_head":"<!-- This site is optimized with the Yoast SEO plugin v27.0 - https:\/\/yoast.com\/product\/yoast-seo-wordpress\/ -->\n<title>Ma\u0161kovi\u0107: Lo\u0161e poslovanje i gubici preduze\u0107a se prebacuju na teret gra\u0111ana - dmcsrb.com<\/title>\n<meta name=\"robots\" content=\"index, follow, max-snippet:-1, max-image-preview:large, max-video-preview:-1\" \/>\n<link rel=\"canonical\" href=\"https:\/\/dmcsrb.com\/en\/podgorica\/maskovic-lose-poslovanje-i-gubici-preduzeca-se-prebacuju-na-teret-gradjana\/\" \/>\n<meta property=\"og:locale\" content=\"en_GB\" \/>\n<meta property=\"og:type\" content=\"article\" \/>\n<meta property=\"og:title\" content=\"Ma\u0161kovi\u0107: Lo\u0161e poslovanje i gubici preduze\u0107a se prebacuju na teret gra\u0111ana - dmcsrb.com\" \/>\n<meta property=\"og:description\" content=\"Gra\u0111anima Podgorice ovih dana sti\u017eu ra\u010duni za vodu koji izgledaju kao da u svojim stanovima imaju olimpijske bazene, a ne kupatila od par kvadrata, kazao je predsjednik Kluba odbornika Evropskog saveza u Skup\u0161tini Glavnog grada, Milo\u0161 Ma\u0161kovi\u0107.\" \/>\n<meta property=\"og:url\" content=\"https:\/\/dmcsrb.com\/en\/podgorica\/maskovic-lose-poslovanje-i-gubici-preduzeca-se-prebacuju-na-teret-gradjana\/\" \/>\n<meta property=\"og:site_name\" content=\"dmcsrb.com\" \/>\n<meta property=\"article:published_time\" content=\"2025-08-20T06:54:00+00:00\" \/>\n<meta property=\"og:image\" content=\"https:\/\/dmcsrb.com\/wp-content\/uploads\/2026\/01\/Milos-Maskovic-SD-foto-gradski-me.webp\" \/>\n\t<meta property=\"og:image:width\" content=\"1329\" \/>\n\t<meta property=\"og:image:height\" content=\"820\" \/>\n\t<meta property=\"og:image:type\" content=\"image\/jpeg\" \/>\n<meta name=\"author\" content=\"dmcsrbija.com@gmail.com\" \/>\n<meta name=\"twitter:card\" content=\"summary_large_image\" \/>\n<meta name=\"twitter:label1\" content=\"Written by\" \/>\n\t<meta name=\"twitter:data1\" content=\"dmcsrbija.com@gmail.com\" \/>\n\t<meta name=\"twitter:label2\" content=\"Estimated reading time\" \/>\n\t<meta name=\"twitter:data2\" content=\"1 minute\" \/>\n<script type=\"application\/ld+json\" class=\"yoast-schema-graph\">{\"@context\":\"https:\/\/schema.org\",\"@graph\":[{\"@type\":\"Article\",\"@id\":\"https:\/\/dmcsrb.com\/podgorica\/maskovic-lose-poslovanje-i-gubici-preduzeca-se-prebacuju-na-teret-gradjana\/#article\",\"isPartOf\":{\"@id\":\"https:\/\/dmcsrb.com\/podgorica\/maskovic-lose-poslovanje-i-gubici-preduzeca-se-prebacuju-na-teret-gradjana\/\"},\"author\":{\"name\":\"dmcsrbija.com@gmail.com\",\"@id\":\"https:\/\/dmcsrb.com\/#\/schema\/person\/5c39170f12db1b8b457732d0b5c854e2\"},\"headline\":\"Ma\u0161kovi\u0107: Lo\u0161e poslovanje i gubici preduze\u0107a se prebacuju na teret gra\u0111ana\",\"datePublished\":\"2025-08-20T06:54:00+00:00\",\"mainEntityOfPage\":{\"@id\":\"https:\/\/dmcsrb.com\/podgorica\/maskovic-lose-poslovanje-i-gubici-preduzeca-se-prebacuju-na-teret-gradjana\/\"},\"wordCount\":232,\"commentCount\":0,\"image\":{\"@id\":\"https:\/\/dmcsrb.com\/podgorica\/maskovic-lose-poslovanje-i-gubici-preduzeca-se-prebacuju-na-teret-gradjana\/#primaryimage\"},\"thumbnailUrl\":\"https:\/\/dmcsrb.com\/wp-content\/uploads\/2026\/01\/Milos-Maskovic-SD-foto-gradski-me.webp\",\"keywords\":[\"Milo\u0161 Ma\u0161kovi\u0107\",\"Podgori\u010dki Vodovod\",\"Voda\"],\"articleSection\":[\"Podgorica\"],\"inLanguage\":\"en-GB\",\"potentialAction\":[{\"@type\":\"CommentAction\",\"name\":\"Comment\",\"target\":[\"https:\/\/dmcsrb.com\/podgorica\/maskovic-lose-poslovanje-i-gubici-preduzeca-se-prebacuju-na-teret-gradjana\/#respond\"]}]},{\"@type\":\"WebPage\",\"@id\":\"https:\/\/dmcsrb.com\/podgorica\/maskovic-lose-poslovanje-i-gubici-preduzeca-se-prebacuju-na-teret-gradjana\/\",\"url\":\"https:\/\/dmcsrb.com\/podgorica\/maskovic-lose-poslovanje-i-gubici-preduzeca-se-prebacuju-na-teret-gradjana\/\",\"name\":\"Ma\u0161kovi\u0107: Lo\u0161e poslovanje i gubici preduze\u0107a se prebacuju na teret gra\u0111ana - dmcsrb.com\",\"isPartOf\":{\"@id\":\"https:\/\/dmcsrb.com\/#website\"},\"primaryImageOfPage\":{\"@id\":\"https:\/\/dmcsrb.com\/podgorica\/maskovic-lose-poslovanje-i-gubici-preduzeca-se-prebacuju-na-teret-gradjana\/#primaryimage\"},\"image\":{\"@id\":\"https:\/\/dmcsrb.com\/podgorica\/maskovic-lose-poslovanje-i-gubici-preduzeca-se-prebacuju-na-teret-gradjana\/#primaryimage\"},\"thumbnailUrl\":\"https:\/\/dmcsrb.com\/wp-content\/uploads\/2026\/01\/Milos-Maskovic-SD-foto-gradski-me.webp\",\"datePublished\":\"2025-08-20T06:54:00+00:00\",\"author\":{\"@id\":\"https:\/\/dmcsrb.com\/#\/schema\/person\/5c39170f12db1b8b457732d0b5c854e2\"},\"breadcrumb\":{\"@id\":\"https:\/\/dmcsrb.com\/podgorica\/maskovic-lose-poslovanje-i-gubici-preduzeca-se-prebacuju-na-teret-gradjana\/#breadcrumb\"},\"inLanguage\":\"en-GB\",\"potentialAction\":[{\"@type\":\"ReadAction\",\"target\":[\"https:\/\/dmcsrb.com\/podgorica\/maskovic-lose-poslovanje-i-gubici-preduzeca-se-prebacuju-na-teret-gradjana\/\"]}]},{\"@type\":\"ImageObject\",\"inLanguage\":\"en-GB\",\"@id\":\"https:\/\/dmcsrb.com\/podgorica\/maskovic-lose-poslovanje-i-gubici-preduzeca-se-prebacuju-na-teret-gradjana\/#primaryimage\",\"url\":\"https:\/\/dmcsrb.com\/wp-content\/uploads\/2026\/01\/Milos-Maskovic-SD-foto-gradski-me.webp\",\"contentUrl\":\"https:\/\/dmcsrb.com\/wp-content\/uploads\/2026\/01\/Milos-Maskovic-SD-foto-gradski-me.webp\",\"width\":1329,\"height\":820},{\"@type\":\"BreadcrumbList\",\"@id\":\"https:\/\/dmcsrb.com\/podgorica\/maskovic-lose-poslovanje-i-gubici-preduzeca-se-prebacuju-na-teret-gradjana\/#breadcrumb\",\"itemListElement\":[{\"@type\":\"ListItem\",\"position\":1,\"name\":\"Home\",\"item\":\"https:\/\/dmcsrb.com\/\"},{\"@type\":\"ListItem\",\"position\":2,\"name\":\"Ma\u0161kovi\u0107: Lo\u0161e poslovanje i gubici preduze\u0107a se prebacuju na teret gra\u0111ana\"}]},{\"@type\":\"WebSite\",\"@id\":\"https:\/\/dmcsrb.com\/#website\",\"url\":\"https:\/\/dmcsrb.com\/\",\"name\":\"dmcsrb.com\",\"description\":\"\",\"potentialAction\":[{\"@type\":\"SearchAction\",\"target\":{\"@type\":\"EntryPoint\",\"urlTemplate\":\"https:\/\/dmcsrb.com\/?s={search_term_string}\"},\"query-input\":{\"@type\":\"PropertyValueSpecification\",\"valueRequired\":true,\"valueName\":\"search_term_string\"}}],\"inLanguage\":\"en-GB\"},{\"@type\":\"Person\",\"@id\":\"https:\/\/dmcsrb.com\/#\/schema\/person\/5c39170f12db1b8b457732d0b5c854e2\",\"name\":\"dmcsrbija.com@gmail.com\",\"image\":{\"@type\":\"ImageObject\",\"inLanguage\":\"en-GB\",\"@id\":\"https:\/\/dmcsrb.com\/#\/schema\/person\/image\/\",\"url\":\"https:\/\/secure.gravatar.com\/avatar\/68592660ad6347fad0fb587f8d5d8f1a7b44961362f56e4f2cd524feb87e9069?s=96&d=mm&r=g\",\"contentUrl\":\"https:\/\/secure.gravatar.com\/avatar\/68592660ad6347fad0fb587f8d5d8f1a7b44961362f56e4f2cd524feb87e9069?s=96&d=mm&r=g\",\"caption\":\"dmcsrbija.com@gmail.com\"},\"sameAs\":[\"https:\/\/dmcsrb.com\"],\"url\":\"https:\/\/dmcsrb.com\/en\/author\/dmcsrbija-comgmail-com\/\"}]}<\/script>\n<!-- \/ Yoast SEO plugin. -->","yoast_head_json":{"title":"Ma\u0161kovi\u0107: Lo\u0161e poslovanje i gubici preduze\u0107a se prebacuju na teret gra\u0111ana - dmcsrb.com","robots":{"index":"index","follow":"follow","max-snippet":"max-snippet:-1","max-image-preview":"max-image-preview:large","max-video-preview":"max-video-preview:-1"},"canonical":"https:\/\/dmcsrb.com\/en\/podgorica\/maskovic-lose-poslovanje-i-gubici-preduzeca-se-prebacuju-na-teret-gradjana\/","og_locale":"en_GB","og_type":"article","og_title":"Ma\u0161kovi\u0107: Lo\u0161e poslovanje i gubici preduze\u0107a se prebacuju na teret gra\u0111ana - dmcsrb.com","og_description":"Gra\u0111anima Podgorice ovih dana sti\u017eu ra\u010duni za vodu koji izgledaju kao da u svojim stanovima imaju olimpijske bazene, a ne kupatila od par kvadrata, kazao je predsjednik Kluba odbornika Evropskog saveza u Skup\u0161tini Glavnog grada, Milo\u0161 Ma\u0161kovi\u0107.","og_url":"https:\/\/dmcsrb.com\/en\/podgorica\/maskovic-lose-poslovanje-i-gubici-preduzeca-se-prebacuju-na-teret-gradjana\/","og_site_name":"dmcsrb.com","article_published_time":"2025-08-20T06:54:00+00:00","og_image":[{"width":1329,"height":820,"url":"https:\/\/dmcsrb.com\/wp-content\/uploads\/2026\/01\/Milos-Maskovic-SD-foto-gradski-me.webp","type":"image\/jpeg"}],"author":"dmcsrbija.com@gmail.com","twitter_card":"summary_large_image","twitter_misc":{"Written by":"dmcsrbija.com@gmail.com","Estimated reading time":"1 minute"},"schema":{"@context":"https:\/\/schema.org","@graph":[{"@type":"Article","@id":"https:\/\/dmcsrb.com\/podgorica\/maskovic-lose-poslovanje-i-gubici-preduzeca-se-prebacuju-na-teret-gradjana\/#article","isPartOf":{"@id":"https:\/\/dmcsrb.com\/podgorica\/maskovic-lose-poslovanje-i-gubici-preduzeca-se-prebacuju-na-teret-gradjana\/"},"author":{"name":"dmcsrbija.com@gmail.com","@id":"https:\/\/dmcsrb.com\/#\/schema\/person\/5c39170f12db1b8b457732d0b5c854e2"},"headline":"Ma\u0161kovi\u0107: Lo\u0161e poslovanje i gubici preduze\u0107a se prebacuju na teret gra\u0111ana","datePublished":"2025-08-20T06:54:00+00:00","mainEntityOfPage":{"@id":"https:\/\/dmcsrb.com\/podgorica\/maskovic-lose-poslovanje-i-gubici-preduzeca-se-prebacuju-na-teret-gradjana\/"},"wordCount":232,"commentCount":0,"image":{"@id":"https:\/\/dmcsrb.com\/podgorica\/maskovic-lose-poslovanje-i-gubici-preduzeca-se-prebacuju-na-teret-gradjana\/#primaryimage"},"thumbnailUrl":"https:\/\/dmcsrb.com\/wp-content\/uploads\/2026\/01\/Milos-Maskovic-SD-foto-gradski-me.webp","keywords":["Milo\u0161 Ma\u0161kovi\u0107","Podgori\u010dki Vodovod","Voda"],"articleSection":["Podgorica"],"inLanguage":"en-GB","potentialAction":[{"@type":"CommentAction","name":"Comment","target":["https:\/\/dmcsrb.com\/podgorica\/maskovic-lose-poslovanje-i-gubici-preduzeca-se-prebacuju-na-teret-gradjana\/#respond"]}]},{"@type":"WebPage","@id":"https:\/\/dmcsrb.com\/podgorica\/maskovic-lose-poslovanje-i-gubici-preduzeca-se-prebacuju-na-teret-gradjana\/","url":"https:\/\/dmcsrb.com\/podgorica\/maskovic-lose-poslovanje-i-gubici-preduzeca-se-prebacuju-na-teret-gradjana\/","name":"Ma\u0161kovi\u0107: Lo\u0161e poslovanje i gubici preduze\u0107a se prebacuju na teret gra\u0111ana - dmcsrb.com","isPartOf":{"@id":"https:\/\/dmcsrb.com\/#website"},"primaryImageOfPage":{"@id":"https:\/\/dmcsrb.com\/podgorica\/maskovic-lose-poslovanje-i-gubici-preduzeca-se-prebacuju-na-teret-gradjana\/#primaryimage"},"image":{"@id":"https:\/\/dmcsrb.com\/podgorica\/maskovic-lose-poslovanje-i-gubici-preduzeca-se-prebacuju-na-teret-gradjana\/#primaryimage"},"thumbnailUrl":"https:\/\/dmcsrb.com\/wp-content\/uploads\/2026\/01\/Milos-Maskovic-SD-foto-gradski-me.webp","datePublished":"2025-08-20T06:54:00+00:00","author":{"@id":"https:\/\/dmcsrb.com\/#\/schema\/person\/5c39170f12db1b8b457732d0b5c854e2"},"breadcrumb":{"@id":"https:\/\/dmcsrb.com\/podgorica\/maskovic-lose-poslovanje-i-gubici-preduzeca-se-prebacuju-na-teret-gradjana\/#breadcrumb"},"inLanguage":"en-GB","potentialAction":[{"@type":"ReadAction","target":["https:\/\/dmcsrb.com\/podgorica\/maskovic-lose-poslovanje-i-gubici-preduzeca-se-prebacuju-na-teret-gradjana\/"]}]},{"@type":"ImageObject","inLanguage":"en-GB","@id":"https:\/\/dmcsrb.com\/podgorica\/maskovic-lose-poslovanje-i-gubici-preduzeca-se-prebacuju-na-teret-gradjana\/#primaryimage","url":"https:\/\/dmcsrb.com\/wp-content\/uploads\/2026\/01\/Milos-Maskovic-SD-foto-gradski-me.webp","contentUrl":"https:\/\/dmcsrb.com\/wp-content\/uploads\/2026\/01\/Milos-Maskovic-SD-foto-gradski-me.webp","width":1329,"height":820},{"@type":"BreadcrumbList","@id":"https:\/\/dmcsrb.com\/podgorica\/maskovic-lose-poslovanje-i-gubici-preduzeca-se-prebacuju-na-teret-gradjana\/#breadcrumb","itemListElement":[{"@type":"ListItem","position":1,"name":"Home","item":"https:\/\/dmcsrb.com\/"},{"@type":"ListItem","position":2,"name":"Ma\u0161kovi\u0107: Lo\u0161e poslovanje i gubici preduze\u0107a se prebacuju na teret gra\u0111ana"}]},{"@type":"WebSite","@id":"https:\/\/dmcsrb.com\/#website","url":"https:\/\/dmcsrb.com\/","name":"dmcsrb.com","description":"","potentialAction":[{"@type":"SearchAction","target":{"@type":"EntryPoint","urlTemplate":"https:\/\/dmcsrb.com\/?s={search_term_string}"},"query-input":{"@type":"PropertyValueSpecification","valueRequired":true,"valueName":"search_term_string"}}],"inLanguage":"en-GB"},{"@type":"Person","@id":"https:\/\/dmcsrb.com\/#\/schema\/person\/5c39170f12db1b8b457732d0b5c854e2","name":"dmcsrbija.com@gmail.com","image":{"@type":"ImageObject","inLanguage":"en-GB","@id":"https:\/\/dmcsrb.com\/#\/schema\/person\/image\/","url":"https:\/\/secure.gravatar.com\/avatar\/68592660ad6347fad0fb587f8d5d8f1a7b44961362f56e4f2cd524feb87e9069?s=96&d=mm&r=g","contentUrl":"https:\/\/secure.gravatar.com\/avatar\/68592660ad6347fad0fb587f8d5d8f1a7b44961362f56e4f2cd524feb87e9069?s=96&d=mm&r=g","caption":"dmcsrbija.com@gmail.com"},"sameAs":["https:\/\/dmcsrb.com"],"url":"https:\/\/dmcsrb.com\/en\/author\/dmcsrbija-comgmail-com\/"}]}},"_links":{"self":[{"href":"https:\/\/dmcsrb.com\/en\/wp-json\/wp\/v2\/posts\/947217","targetHints":{"allow":["GET"]}}],"collection":[{"href":"https:\/\/dmcsrb.com\/en\/wp-json\/wp\/v2\/posts"}],"about":[{"href":"https:\/\/dmcsrb.com\/en\/wp-json\/wp\/v2\/types\/post"}],"author":[{"embeddable":true,"href":"https:\/\/dmcsrb.com\/en\/wp-json\/wp\/v2\/users\/1"}],"replies":[{"embeddable":true,"href":"https:\/\/dmcsrb.com\/en\/wp-json\/wp\/v2\/comments?post=947217"}],"version-history":[{"count":0,"href":"https:\/\/dmcsrb.com\/en\/wp-json\/wp\/v2\/posts\/947217\/revisions"}],"wp:featuredmedia":[{"embeddable":true,"href":"https:\/\/dmcsrb.com\/en\/wp-json\/wp\/v2\/media\/947218"}],"wp:attachment":[{"href":"https:\/\/dmcsrb.com\/en\/wp-json\/wp\/v2\/media?parent=947217"}],"wp:term":[{"taxonomy":"category","embeddable":true,"href":"https:\/\/dmcsrb.com\/en\/wp-json\/wp\/v2\/categories?post=947217"},{"taxonomy":"post_tag","embeddable":true,"href":"https:\/\/dmcsrb.com\/en\/wp-json\/wp\/v2\/tags?post=947217"},{"taxonomy":"naslovna","embeddable":true,"href":"https:\/\/dmcsrb.com\/en\/wp-json\/wp\/v2\/naslovna?post=947217"}],"curies":[{"name":"wp","href":"https:\/\/api.w.org\/{rel}","templated":true}]}}