{"id":947209,"date":"2025-08-20T08:04:00","date_gmt":"2025-08-20T06:04:00","guid":{"rendered":"https:\/\/dmcsrb.com\/uncategorized\/durickovic-mujovicu-manite-se-svaljivanja-krivice-na-prethodnike\/"},"modified":"2025-08-20T08:04:00","modified_gmt":"2025-08-20T06:04:00","slug":"durickovic-mujovicu-manite-se-svaljivanja-krivice-na-prethodnike","status":"publish","type":"post","link":"https:\/\/dmcsrb.com\/en\/podgorica\/durickovic-mujovicu-manite-se-svaljivanja-krivice-na-prethodnike\/","title":{"rendered":"\u00d0uri\u010dkovi\u0107 Mujovi\u0107u: Manite se svaljivanja krivice na prethodnike"},"content":{"rendered":"<p><\/p>\n\n\n\n<p>\u0110uri\u010dkovi\u0107 je poru\u010dio Mujovi\u0107u da se &#8220;mane svaljivanja krivice na prethodnike&#8221;.<\/p>\n\n\n\n<p>&#8220;I da zaklju\u010dimo pri\u010du o tome koliki je ko. Vrijedi li vas podsjetiti na va\u0161e tople rije\u010di upu\u0107ene nama, \u201emarginalcima\u201c, i na to koliko smo vam bili \u201eveliki\u201c po zavr\u0161etku posljednjih lokalnih izbora, kada su vam kolege iz Pokreta za Podgoricu bile daleko od srca? Da ne ka\u017eem \u0161ta drugo\u2026 Dakle, koliko malo i marginalno mo\u017ee biti presudno. To najbolje znate vi, jer upravo to malo i marginalno \u0161to vas odr\u017eava na vlasti, platili ste svim principima, gra\u0111anskom Crnom Gorom i slobodom svih nas&#8221;, kazao je \u0110uri\u010dkovi\u0107.<\/p>\n\n\n\n<p>On je pitao Mujovi\u0107a i da li se sje\u0107a odnosa biv\u0161e gradona\u010delnice Olivere Injac prema rukovodiocima Slu\u017ebe za\u0161tite i spa\u0161avanja Glavnog grada.<\/p>\n\n\n\n<p>&#8220;Manite se \u0107orava posla, gradona\u010delni\u010de, i svaljivanja krivice na prethodnike. Nije zbog njih izgorjelo pola Podgorice, ve\u0107 zbog va\u0161ih koalicionih partnera. Prethodnici su vam ostavili avione i helikoptere koje va\u0161i partneri iz Vlade nijesu u stanju odr\u017eavati ispravnim i spremnim za po\u017earnu sezonu. Vi\u0161e od pet godina va\u0161a ekipa pola flote nije sposobna da ih servisira i odr\u017ei u funkcionalnom stanju. Ako ve\u0107 \u017eelite biti odgovorna osoba i gradona\u010delnik svih gra\u0111ana, onda se manite populisti\u010dkih pri\u010da. Umjesto izlizanog narativa \u201cprethodnici su krivi\u201d, ako ste odgovorna osoba kona\u010dno skupite hrabrosti i dostojanstva i uperite prst tamo gdje je problem&#8221;, istakao je \u0110uri\u010dkovi\u0107.<\/p>\n\n\n\n<p>On smatra da, zbog nesposobnosti, prizemljenih crnogorskih aviona i helikoptera, nijesmo imali pravovremenu i adekvatnu podr\u0161ku iz vazduha za vatrogasce.<\/p>\n\n\n\n<p>&#8220;Da ste odgovoran \u010dovjek, ve\u0107 danas biste prozvali ministra \u0160aranovi\u0107a i Vladu i rekli da se ovakvo ne\u0161to vi\u0161e nikada ne smije ponoviti Podgorici. Umjesto toga, vi najavljujete \u201ehitne investicije\u201c za vatrogasnu slu\u017ebu i poku\u0161avate okriviti opoziciju i prethodnike. Ma ne investirate vi u vatrogasnu slu\u017ebu, nego smirujete vlastitu savjest. Jer da nije tako, vozila i investicije koje najavljujete obezbijedili biste prije po\u017earne sezone, a ne nakon \u0161to je pola Podgorice izgorelo&#8221;, kazao je \u0110uri\u010dkovi\u0107.<\/p>\n\n\n\n<p>Prema njegovim rije\u010dima, stanovnici Pipera su bili bez vode danima.<\/p>\n\n\n\n<p>&#8220;Zahvaljuju\u0107i privatnim kompanijama imali su tek toliko da \u017ee\u0111 ugase. I nakon svega \u0161to su pro\u0161li, umjesto da im javno date odgovore i obavite razgovore sa nadle\u017enima, vi kukate nad svojom sudbinom. Pa nijesu va\u0161a osje\u0107anja centar svijeta. Ako ste se vi osje\u0107ali bespomo\u0107no, \u0161ta mislite kako su se osje\u0107ali ti ljudi? Ili je jedino bitno kako se vi osje\u0107ate i kakav vam je rejting nakon svega? I kad smo ve\u0107 kod vas i va\u0161eg ega, da vas podsjetim: vi ne odlu\u010dujete ni\u0161ta o vanrednom stanju. \u010cak nijeste ni u poziciji da ga predla\u017eete. Na terenu su bili, tj morali su biti, dr\u017eavni organi koji o tome odlu\u010duju. Stru\u010dni ljudi i profesionalci. Ne vi. Va\u0161 jedini zadatak bio je da sve gradske slu\u017ebe daju svoj maksimum i da, kada primite poziv gra\u0111ana sa zahtjevom da im stigne cisterna vode, u\u010dinite sve \u0161to mo\u017eete da tu cisternu zaista i dobiju&#8221;, naveo je \u0110uri\u010dkovi\u0107.<\/p>","protected":false},"excerpt":{"rendered":"<p>Opet smo se prepoznali u \u201cmarginalnim partijama\u201d. I to ka\u017eete vi, predstavnik partije koja, nakon dvije godine vlasti, ne mo\u017ee samostalno iza\u0107i na izbore u ve\u0107ini op\u0161tina u Crnoj Gori, saop\u0161tio je odbornik Evropskog saveza u Skup\u0161tini Glavnog grada, Milo\u0161 \u0110uri\u010dkovi\u0107, komentari\u0161u\u0107i izjavu gradona\u010delnika Podgorice Sa\u0161e Mujovi\u0107a.<\/p>","protected":false},"author":1,"featured_media":909137,"comment_status":"open","ping_status":"open","sticky":false,"template":"","format":"standard","meta":{"_acf_changed":false,"footnotes":""},"categories":[56],"tags":[405,425,174],"naslovna":[],"class_list":["post-947209","post","type-post","status-publish","format-standard","has-post-thumbnail","hentry","category-podgorica","tag-glavni-grad","tag-milos-djurickovic","tag-sasa-mujovic"],"acf":[],"yoast_head":"<!-- This site is optimized with the Yoast SEO plugin v27.4 - https:\/\/yoast.com\/product\/yoast-seo-wordpress\/ -->\n<title>\u00d0uri\u010dkovi\u0107 Mujovi\u0107u: Manite se svaljivanja krivice na prethodnike - dmcsrb.com<\/title>\n<meta name=\"robots\" content=\"index, follow, max-snippet:-1, max-image-preview:large, max-video-preview:-1\" \/>\n<link rel=\"canonical\" href=\"https:\/\/dmcsrb.com\/en\/podgorica\/durickovic-mujovicu-manite-se-svaljivanja-krivice-na-prethodnike\/\" \/>\n<meta property=\"og:locale\" content=\"en_GB\" \/>\n<meta property=\"og:type\" content=\"article\" \/>\n<meta property=\"og:title\" content=\"\u00d0uri\u010dkovi\u0107 Mujovi\u0107u: Manite se svaljivanja krivice na prethodnike - dmcsrb.com\" \/>\n<meta property=\"og:description\" content=\"Opet smo se prepoznali u \u201cmarginalnim partijama\u201d. I to ka\u017eete vi, predstavnik partije koja, nakon dvije godine vlasti, ne mo\u017ee samostalno iza\u0107i na izbore u ve\u0107ini op\u0161tina u Crnoj Gori, saop\u0161tio je odbornik Evropskog saveza u Skup\u0161tini Glavnog grada, Milo\u0161 \u0110uri\u010dkovi\u0107, komentari\u0161u\u0107i izjavu gradona\u010delnika Podgorice Sa\u0161e Mujovi\u0107a.\" \/>\n<meta property=\"og:url\" content=\"https:\/\/dmcsrb.com\/en\/podgorica\/durickovic-mujovicu-manite-se-svaljivanja-krivice-na-prethodnike\/\" \/>\n<meta property=\"og:site_name\" content=\"dmcsrb.com\" \/>\n<meta property=\"article:published_time\" content=\"2025-08-20T06:04:00+00:00\" \/>\n<meta property=\"og:image\" content=\"https:\/\/dmcsrb.com\/wp-content\/uploads\/2026\/01\/DJurickovic1.jpg\" \/>\n\t<meta property=\"og:image:width\" content=\"882\" \/>\n\t<meta property=\"og:image:height\" content=\"448\" \/>\n\t<meta property=\"og:image:type\" content=\"image\/jpeg\" \/>\n<meta name=\"author\" content=\"dmcsrbija.com@gmail.com\" \/>\n<meta name=\"twitter:card\" content=\"summary_large_image\" \/>\n<meta name=\"twitter:label1\" content=\"Written by\" \/>\n\t<meta name=\"twitter:data1\" content=\"dmcsrbija.com@gmail.com\" \/>\n\t<meta name=\"twitter:label2\" content=\"Estimated reading time\" \/>\n\t<meta name=\"twitter:data2\" content=\"3 minutes\" \/>\n<script type=\"application\/ld+json\" class=\"yoast-schema-graph\">{\"@context\":\"https:\\\/\\\/schema.org\",\"@graph\":[{\"@type\":\"Article\",\"@id\":\"https:\\\/\\\/dmcsrb.com\\\/podgorica\\\/durickovic-mujovicu-manite-se-svaljivanja-krivice-na-prethodnike\\\/#article\",\"isPartOf\":{\"@id\":\"https:\\\/\\\/dmcsrb.com\\\/podgorica\\\/durickovic-mujovicu-manite-se-svaljivanja-krivice-na-prethodnike\\\/\"},\"author\":{\"name\":\"dmcsrbija.com@gmail.com\",\"@id\":\"https:\\\/\\\/dmcsrb.com\\\/#\\\/schema\\\/person\\\/5c39170f12db1b8b457732d0b5c854e2\"},\"headline\":\"\u00d0uri\u010dkovi\u0107 Mujovi\u0107u: Manite se svaljivanja krivice na prethodnike\",\"datePublished\":\"2025-08-20T06:04:00+00:00\",\"mainEntityOfPage\":{\"@id\":\"https:\\\/\\\/dmcsrb.com\\\/podgorica\\\/durickovic-mujovicu-manite-se-svaljivanja-krivice-na-prethodnike\\\/\"},\"wordCount\":555,\"commentCount\":0,\"image\":{\"@id\":\"https:\\\/\\\/dmcsrb.com\\\/podgorica\\\/durickovic-mujovicu-manite-se-svaljivanja-krivice-na-prethodnike\\\/#primaryimage\"},\"thumbnailUrl\":\"https:\\\/\\\/dmcsrb.com\\\/wp-content\\\/uploads\\\/2026\\\/01\\\/DJurickovic1.jpg\",\"keywords\":[\"glavni grad\",\"Milo\u0161 \u0110uri\u010dkovi\u0107\",\"Sa\u0161a Mujovi\u0107\"],\"articleSection\":[\"Podgorica\"],\"inLanguage\":\"en-GB\",\"potentialAction\":[{\"@type\":\"CommentAction\",\"name\":\"Comment\",\"target\":[\"https:\\\/\\\/dmcsrb.com\\\/podgorica\\\/durickovic-mujovicu-manite-se-svaljivanja-krivice-na-prethodnike\\\/#respond\"]}]},{\"@type\":\"WebPage\",\"@id\":\"https:\\\/\\\/dmcsrb.com\\\/podgorica\\\/durickovic-mujovicu-manite-se-svaljivanja-krivice-na-prethodnike\\\/\",\"url\":\"https:\\\/\\\/dmcsrb.com\\\/podgorica\\\/durickovic-mujovicu-manite-se-svaljivanja-krivice-na-prethodnike\\\/\",\"name\":\"\u00d0uri\u010dkovi\u0107 Mujovi\u0107u: Manite se svaljivanja krivice na prethodnike - dmcsrb.com\",\"isPartOf\":{\"@id\":\"https:\\\/\\\/dmcsrb.com\\\/#website\"},\"primaryImageOfPage\":{\"@id\":\"https:\\\/\\\/dmcsrb.com\\\/podgorica\\\/durickovic-mujovicu-manite-se-svaljivanja-krivice-na-prethodnike\\\/#primaryimage\"},\"image\":{\"@id\":\"https:\\\/\\\/dmcsrb.com\\\/podgorica\\\/durickovic-mujovicu-manite-se-svaljivanja-krivice-na-prethodnike\\\/#primaryimage\"},\"thumbnailUrl\":\"https:\\\/\\\/dmcsrb.com\\\/wp-content\\\/uploads\\\/2026\\\/01\\\/DJurickovic1.jpg\",\"datePublished\":\"2025-08-20T06:04:00+00:00\",\"author\":{\"@id\":\"https:\\\/\\\/dmcsrb.com\\\/#\\\/schema\\\/person\\\/5c39170f12db1b8b457732d0b5c854e2\"},\"breadcrumb\":{\"@id\":\"https:\\\/\\\/dmcsrb.com\\\/podgorica\\\/durickovic-mujovicu-manite-se-svaljivanja-krivice-na-prethodnike\\\/#breadcrumb\"},\"inLanguage\":\"en-GB\",\"potentialAction\":[{\"@type\":\"ReadAction\",\"target\":[\"https:\\\/\\\/dmcsrb.com\\\/podgorica\\\/durickovic-mujovicu-manite-se-svaljivanja-krivice-na-prethodnike\\\/\"]}]},{\"@type\":\"ImageObject\",\"inLanguage\":\"en-GB\",\"@id\":\"https:\\\/\\\/dmcsrb.com\\\/podgorica\\\/durickovic-mujovicu-manite-se-svaljivanja-krivice-na-prethodnike\\\/#primaryimage\",\"url\":\"https:\\\/\\\/dmcsrb.com\\\/wp-content\\\/uploads\\\/2026\\\/01\\\/DJurickovic1.jpg\",\"contentUrl\":\"https:\\\/\\\/dmcsrb.com\\\/wp-content\\\/uploads\\\/2026\\\/01\\\/DJurickovic1.jpg\",\"width\":882,\"height\":448},{\"@type\":\"BreadcrumbList\",\"@id\":\"https:\\\/\\\/dmcsrb.com\\\/podgorica\\\/durickovic-mujovicu-manite-se-svaljivanja-krivice-na-prethodnike\\\/#breadcrumb\",\"itemListElement\":[{\"@type\":\"ListItem\",\"position\":1,\"name\":\"Home\",\"item\":\"https:\\\/\\\/dmcsrb.com\\\/\"},{\"@type\":\"ListItem\",\"position\":2,\"name\":\"\u00d0uri\u010dkovi\u0107 Mujovi\u0107u: Manite se svaljivanja krivice na prethodnike\"}]},{\"@type\":\"WebSite\",\"@id\":\"https:\\\/\\\/dmcsrb.com\\\/#website\",\"url\":\"https:\\\/\\\/dmcsrb.com\\\/\",\"name\":\"dmcsrb.com\",\"description\":\"\",\"potentialAction\":[{\"@type\":\"SearchAction\",\"target\":{\"@type\":\"EntryPoint\",\"urlTemplate\":\"https:\\\/\\\/dmcsrb.com\\\/?s={search_term_string}\"},\"query-input\":{\"@type\":\"PropertyValueSpecification\",\"valueRequired\":true,\"valueName\":\"search_term_string\"}}],\"inLanguage\":\"en-GB\"},{\"@type\":\"Person\",\"@id\":\"https:\\\/\\\/dmcsrb.com\\\/#\\\/schema\\\/person\\\/5c39170f12db1b8b457732d0b5c854e2\",\"name\":\"dmcsrbija.com@gmail.com\",\"image\":{\"@type\":\"ImageObject\",\"inLanguage\":\"en-GB\",\"@id\":\"https:\\\/\\\/secure.gravatar.com\\\/avatar\\\/68592660ad6347fad0fb587f8d5d8f1a7b44961362f56e4f2cd524feb87e9069?s=96&d=mm&r=g\",\"url\":\"https:\\\/\\\/secure.gravatar.com\\\/avatar\\\/68592660ad6347fad0fb587f8d5d8f1a7b44961362f56e4f2cd524feb87e9069?s=96&d=mm&r=g\",\"contentUrl\":\"https:\\\/\\\/secure.gravatar.com\\\/avatar\\\/68592660ad6347fad0fb587f8d5d8f1a7b44961362f56e4f2cd524feb87e9069?s=96&d=mm&r=g\",\"caption\":\"dmcsrbija.com@gmail.com\"},\"sameAs\":[\"https:\\\/\\\/dmcsrb.com\"],\"url\":\"https:\\\/\\\/dmcsrb.com\\\/en\\\/author\\\/dmcsrbija-comgmail-com\\\/\"}]}<\/script>\n<!-- \/ Yoast SEO plugin. -->","yoast_head_json":{"title":"\u00d0uri\u010dkovi\u0107 Mujovi\u0107u: Manite se svaljivanja krivice na prethodnike - dmcsrb.com","robots":{"index":"index","follow":"follow","max-snippet":"max-snippet:-1","max-image-preview":"max-image-preview:large","max-video-preview":"max-video-preview:-1"},"canonical":"https:\/\/dmcsrb.com\/en\/podgorica\/durickovic-mujovicu-manite-se-svaljivanja-krivice-na-prethodnike\/","og_locale":"en_GB","og_type":"article","og_title":"\u00d0uri\u010dkovi\u0107 Mujovi\u0107u: Manite se svaljivanja krivice na prethodnike - dmcsrb.com","og_description":"Opet smo se prepoznali u \u201cmarginalnim partijama\u201d. I to ka\u017eete vi, predstavnik partije koja, nakon dvije godine vlasti, ne mo\u017ee samostalno iza\u0107i na izbore u ve\u0107ini op\u0161tina u Crnoj Gori, saop\u0161tio je odbornik Evropskog saveza u Skup\u0161tini Glavnog grada, Milo\u0161 \u0110uri\u010dkovi\u0107, komentari\u0161u\u0107i izjavu gradona\u010delnika Podgorice Sa\u0161e Mujovi\u0107a.","og_url":"https:\/\/dmcsrb.com\/en\/podgorica\/durickovic-mujovicu-manite-se-svaljivanja-krivice-na-prethodnike\/","og_site_name":"dmcsrb.com","article_published_time":"2025-08-20T06:04:00+00:00","og_image":[{"width":882,"height":448,"url":"https:\/\/dmcsrb.com\/wp-content\/uploads\/2026\/01\/DJurickovic1.jpg","type":"image\/jpeg"}],"author":"dmcsrbija.com@gmail.com","twitter_card":"summary_large_image","twitter_misc":{"Written by":"dmcsrbija.com@gmail.com","Estimated reading time":"3 minutes"},"schema":{"@context":"https:\/\/schema.org","@graph":[{"@type":"Article","@id":"https:\/\/dmcsrb.com\/podgorica\/durickovic-mujovicu-manite-se-svaljivanja-krivice-na-prethodnike\/#article","isPartOf":{"@id":"https:\/\/dmcsrb.com\/podgorica\/durickovic-mujovicu-manite-se-svaljivanja-krivice-na-prethodnike\/"},"author":{"name":"dmcsrbija.com@gmail.com","@id":"https:\/\/dmcsrb.com\/#\/schema\/person\/5c39170f12db1b8b457732d0b5c854e2"},"headline":"\u00d0uri\u010dkovi\u0107 Mujovi\u0107u: Manite se svaljivanja krivice na prethodnike","datePublished":"2025-08-20T06:04:00+00:00","mainEntityOfPage":{"@id":"https:\/\/dmcsrb.com\/podgorica\/durickovic-mujovicu-manite-se-svaljivanja-krivice-na-prethodnike\/"},"wordCount":555,"commentCount":0,"image":{"@id":"https:\/\/dmcsrb.com\/podgorica\/durickovic-mujovicu-manite-se-svaljivanja-krivice-na-prethodnike\/#primaryimage"},"thumbnailUrl":"https:\/\/dmcsrb.com\/wp-content\/uploads\/2026\/01\/DJurickovic1.jpg","keywords":["glavni grad","Milo\u0161 \u0110uri\u010dkovi\u0107","Sa\u0161a Mujovi\u0107"],"articleSection":["Podgorica"],"inLanguage":"en-GB","potentialAction":[{"@type":"CommentAction","name":"Comment","target":["https:\/\/dmcsrb.com\/podgorica\/durickovic-mujovicu-manite-se-svaljivanja-krivice-na-prethodnike\/#respond"]}]},{"@type":"WebPage","@id":"https:\/\/dmcsrb.com\/podgorica\/durickovic-mujovicu-manite-se-svaljivanja-krivice-na-prethodnike\/","url":"https:\/\/dmcsrb.com\/podgorica\/durickovic-mujovicu-manite-se-svaljivanja-krivice-na-prethodnike\/","name":"\u00d0uri\u010dkovi\u0107 Mujovi\u0107u: Manite se svaljivanja krivice na prethodnike - dmcsrb.com","isPartOf":{"@id":"https:\/\/dmcsrb.com\/#website"},"primaryImageOfPage":{"@id":"https:\/\/dmcsrb.com\/podgorica\/durickovic-mujovicu-manite-se-svaljivanja-krivice-na-prethodnike\/#primaryimage"},"image":{"@id":"https:\/\/dmcsrb.com\/podgorica\/durickovic-mujovicu-manite-se-svaljivanja-krivice-na-prethodnike\/#primaryimage"},"thumbnailUrl":"https:\/\/dmcsrb.com\/wp-content\/uploads\/2026\/01\/DJurickovic1.jpg","datePublished":"2025-08-20T06:04:00+00:00","author":{"@id":"https:\/\/dmcsrb.com\/#\/schema\/person\/5c39170f12db1b8b457732d0b5c854e2"},"breadcrumb":{"@id":"https:\/\/dmcsrb.com\/podgorica\/durickovic-mujovicu-manite-se-svaljivanja-krivice-na-prethodnike\/#breadcrumb"},"inLanguage":"en-GB","potentialAction":[{"@type":"ReadAction","target":["https:\/\/dmcsrb.com\/podgorica\/durickovic-mujovicu-manite-se-svaljivanja-krivice-na-prethodnike\/"]}]},{"@type":"ImageObject","inLanguage":"en-GB","@id":"https:\/\/dmcsrb.com\/podgorica\/durickovic-mujovicu-manite-se-svaljivanja-krivice-na-prethodnike\/#primaryimage","url":"https:\/\/dmcsrb.com\/wp-content\/uploads\/2026\/01\/DJurickovic1.jpg","contentUrl":"https:\/\/dmcsrb.com\/wp-content\/uploads\/2026\/01\/DJurickovic1.jpg","width":882,"height":448},{"@type":"BreadcrumbList","@id":"https:\/\/dmcsrb.com\/podgorica\/durickovic-mujovicu-manite-se-svaljivanja-krivice-na-prethodnike\/#breadcrumb","itemListElement":[{"@type":"ListItem","position":1,"name":"Home","item":"https:\/\/dmcsrb.com\/"},{"@type":"ListItem","position":2,"name":"\u00d0uri\u010dkovi\u0107 Mujovi\u0107u: Manite se svaljivanja krivice na prethodnike"}]},{"@type":"WebSite","@id":"https:\/\/dmcsrb.com\/#website","url":"https:\/\/dmcsrb.com\/","name":"dmcsrb.com","description":"","potentialAction":[{"@type":"SearchAction","target":{"@type":"EntryPoint","urlTemplate":"https:\/\/dmcsrb.com\/?s={search_term_string}"},"query-input":{"@type":"PropertyValueSpecification","valueRequired":true,"valueName":"search_term_string"}}],"inLanguage":"en-GB"},{"@type":"Person","@id":"https:\/\/dmcsrb.com\/#\/schema\/person\/5c39170f12db1b8b457732d0b5c854e2","name":"dmcsrbija.com@gmail.com","image":{"@type":"ImageObject","inLanguage":"en-GB","@id":"https:\/\/secure.gravatar.com\/avatar\/68592660ad6347fad0fb587f8d5d8f1a7b44961362f56e4f2cd524feb87e9069?s=96&d=mm&r=g","url":"https:\/\/secure.gravatar.com\/avatar\/68592660ad6347fad0fb587f8d5d8f1a7b44961362f56e4f2cd524feb87e9069?s=96&d=mm&r=g","contentUrl":"https:\/\/secure.gravatar.com\/avatar\/68592660ad6347fad0fb587f8d5d8f1a7b44961362f56e4f2cd524feb87e9069?s=96&d=mm&r=g","caption":"dmcsrbija.com@gmail.com"},"sameAs":["https:\/\/dmcsrb.com"],"url":"https:\/\/dmcsrb.com\/en\/author\/dmcsrbija-comgmail-com\/"}]}},"_links":{"self":[{"href":"https:\/\/dmcsrb.com\/en\/wp-json\/wp\/v2\/posts\/947209","targetHints":{"allow":["GET"]}}],"collection":[{"href":"https:\/\/dmcsrb.com\/en\/wp-json\/wp\/v2\/posts"}],"about":[{"href":"https:\/\/dmcsrb.com\/en\/wp-json\/wp\/v2\/types\/post"}],"author":[{"embeddable":true,"href":"https:\/\/dmcsrb.com\/en\/wp-json\/wp\/v2\/users\/1"}],"replies":[{"embeddable":true,"href":"https:\/\/dmcsrb.com\/en\/wp-json\/wp\/v2\/comments?post=947209"}],"version-history":[{"count":0,"href":"https:\/\/dmcsrb.com\/en\/wp-json\/wp\/v2\/posts\/947209\/revisions"}],"wp:featuredmedia":[{"embeddable":true,"href":"https:\/\/dmcsrb.com\/en\/wp-json\/wp\/v2\/media\/909137"}],"wp:attachment":[{"href":"https:\/\/dmcsrb.com\/en\/wp-json\/wp\/v2\/media?parent=947209"}],"wp:term":[{"taxonomy":"category","embeddable":true,"href":"https:\/\/dmcsrb.com\/en\/wp-json\/wp\/v2\/categories?post=947209"},{"taxonomy":"post_tag","embeddable":true,"href":"https:\/\/dmcsrb.com\/en\/wp-json\/wp\/v2\/tags?post=947209"},{"taxonomy":"naslovna","embeddable":true,"href":"https:\/\/dmcsrb.com\/en\/wp-json\/wp\/v2\/naslovna?post=947209"}],"curies":[{"name":"wp","href":"https:\/\/api.w.org\/{rel}","templated":true}]}}