{"id":947162,"date":"2025-08-19T19:21:00","date_gmt":"2025-08-19T17:21:00","guid":{"rendered":"https:\/\/dmcsrb.com\/uncategorized\/mladji-kadeti-izgubili-od-sjeverne-makedonije-u-ohridu-savic-odigrali-smo-veoma-lose\/"},"modified":"2025-08-19T19:21:00","modified_gmt":"2025-08-19T17:21:00","slug":"mladji-kadeti-izgubili-od-sjeverne-makedonije-u-ohridu-savic-odigrali-smo-veoma-lose","status":"publish","type":"post","link":"https:\/\/dmcsrb.com\/en\/sport\/mladji-kadeti-izgubili-od-sjeverne-makedonije-u-ohridu-savic-odigrali-smo-veoma-lose\/","title":{"rendered":"Mla\u0111i kadeti izgubili od Sjeverne Makedonije u Ohridu, Savi\u0107: Odigrali smo veoma lo\u0161e"},"content":{"rendered":"<p>Rival je pred svojim navija\u010dima u Ohridu slavio sa 3:0. Adrija Veleski pogodio je u 38. minutu za vo\u0111stvo, prednost je udvostru\u010dio Marin Krstevski u 43, dok je kona\u010dan rezultat postavio Stefan Risti\u0107 u 59. minutu.<\/p>\n\n\n\n<p>&#8220;Odigrali smo prili\u010dno lo\u0161u partiju. Nijesmo dobro u\u0161li u me\u010d, nijesmo imali potrebnu energiju, \u010dini mi se da smo bili previ\u0161e boja\u017eljivi. Mogu\u0107e da je razlog te boja\u017eljivosti to \u0161to je ve\u0107ina igra\u010da prvi put u reprezentaciji. Ali, zbog toga se i igraju ovajve utakmice, u kojima \u017eelimo da vidimo na koga mo\u017eemo da ra\u010dunamo. U \u010detvrtak igramo drugi me\u010d, u kojem \u0107e \u0161ansu dobiti oni koji su manje igrali danas. Nadam se \u0107emo biti svje\u017eiji i da \u0107emo prikazati bolju igru&#8221;, kazao je selektor Vladan Savi\u0107.<\/p>\n\n\n\n<p>Drugi me\u010d isti rivali odigra\u0107e u \u010detvrtak, sa po\u010detkom u 11 \u010dasova.<\/p>","protected":false},"excerpt":{"rendered":"<p>Mla\u0111a kadetska fudbalska reprezentacija Crne Gore pora\u017eena je u dana\u0161njem prijateljskom me\u010du sa Sjevernom Makedonijom.<\/p>","protected":false},"author":1,"featured_media":947163,"comment_status":"open","ping_status":"open","sticky":false,"template":"","format":"standard","meta":{"_acf_changed":false,"footnotes":""},"categories":[148],"tags":[11645,17653,2168],"naslovna":[],"class_list":["post-947162","post","type-post","status-publish","format-standard","has-post-thumbnail","hentry","category-sport","tag-mladja-kadetska-fudbalska-reprezentacija-crne-gore","tag-mladja-kadetska-fudbalska-reprezentacija-sjeverne-makedonije","tag-prijateljska-utakmica"],"acf":[],"yoast_head":"<!-- This site is optimized with the Yoast SEO plugin v27.4 - https:\/\/yoast.com\/product\/yoast-seo-wordpress\/ -->\n<title>Mla\u0111i kadeti izgubili od Sjeverne Makedonije u Ohridu, Savi\u0107: Odigrali smo veoma lo\u0161e - dmcsrb.com<\/title>\n<meta name=\"robots\" content=\"index, follow, max-snippet:-1, max-image-preview:large, max-video-preview:-1\" \/>\n<link rel=\"canonical\" href=\"https:\/\/dmcsrb.com\/en\/sport\/mladji-kadeti-izgubili-od-sjeverne-makedonije-u-ohridu-savic-odigrali-smo-veoma-lose\/\" \/>\n<meta property=\"og:locale\" content=\"en_GB\" \/>\n<meta property=\"og:type\" content=\"article\" \/>\n<meta property=\"og:title\" content=\"Mla\u0111i kadeti izgubili od Sjeverne Makedonije u Ohridu, Savi\u0107: Odigrali smo veoma lo\u0161e - dmcsrb.com\" \/>\n<meta property=\"og:description\" content=\"Mla\u0111a kadetska fudbalska reprezentacija Crne Gore pora\u017eena je u dana\u0161njem prijateljskom me\u010du sa Sjevernom Makedonijom.\" \/>\n<meta property=\"og:url\" content=\"https:\/\/dmcsrb.com\/en\/sport\/mladji-kadeti-izgubili-od-sjeverne-makedonije-u-ohridu-savic-odigrali-smo-veoma-lose\/\" \/>\n<meta property=\"og:site_name\" content=\"dmcsrb.com\" \/>\n<meta property=\"article:published_time\" content=\"2025-08-19T17:21:00+00:00\" \/>\n<meta property=\"og:image\" content=\"https:\/\/dmcsrb.com\/wp-content\/uploads\/2026\/01\/Mladji-kadeti-FSCG.webp\" \/>\n\t<meta property=\"og:image:width\" content=\"1050\" \/>\n\t<meta property=\"og:image:height\" content=\"624\" \/>\n\t<meta property=\"og:image:type\" content=\"image\/jpeg\" \/>\n<meta name=\"author\" content=\"dmcsrbija.com@gmail.com\" \/>\n<meta name=\"twitter:card\" content=\"summary_large_image\" \/>\n<meta name=\"twitter:label1\" content=\"Written by\" \/>\n\t<meta name=\"twitter:data1\" content=\"dmcsrbija.com@gmail.com\" \/>\n\t<meta name=\"twitter:label2\" content=\"Estimated reading time\" \/>\n\t<meta name=\"twitter:data2\" content=\"1 minute\" \/>\n<script type=\"application\/ld+json\" class=\"yoast-schema-graph\">{\"@context\":\"https:\\\/\\\/schema.org\",\"@graph\":[{\"@type\":\"Article\",\"@id\":\"https:\\\/\\\/dmcsrb.com\\\/sport\\\/mladji-kadeti-izgubili-od-sjeverne-makedonije-u-ohridu-savic-odigrali-smo-veoma-lose\\\/#article\",\"isPartOf\":{\"@id\":\"https:\\\/\\\/dmcsrb.com\\\/sport\\\/mladji-kadeti-izgubili-od-sjeverne-makedonije-u-ohridu-savic-odigrali-smo-veoma-lose\\\/\"},\"author\":{\"name\":\"dmcsrbija.com@gmail.com\",\"@id\":\"https:\\\/\\\/dmcsrb.com\\\/#\\\/schema\\\/person\\\/5c39170f12db1b8b457732d0b5c854e2\"},\"headline\":\"Mla\u0111i kadeti izgubili od Sjeverne Makedonije u Ohridu, Savi\u0107: Odigrali smo veoma lo\u0161e\",\"datePublished\":\"2025-08-19T17:21:00+00:00\",\"mainEntityOfPage\":{\"@id\":\"https:\\\/\\\/dmcsrb.com\\\/sport\\\/mladji-kadeti-izgubili-od-sjeverne-makedonije-u-ohridu-savic-odigrali-smo-veoma-lose\\\/\"},\"wordCount\":163,\"commentCount\":0,\"image\":{\"@id\":\"https:\\\/\\\/dmcsrb.com\\\/sport\\\/mladji-kadeti-izgubili-od-sjeverne-makedonije-u-ohridu-savic-odigrali-smo-veoma-lose\\\/#primaryimage\"},\"thumbnailUrl\":\"https:\\\/\\\/dmcsrb.com\\\/wp-content\\\/uploads\\\/2026\\\/01\\\/Mladji-kadeti-FSCG.webp\",\"keywords\":[\"Mla\u0111a kadetska fudbalska reprezentacija Crne Gore\",\"Mla\u0111a kadetska fudbalska reprezentacija Sjeverne Makedonije\",\"prijateljska utakmica\"],\"articleSection\":[\"Sport\"],\"inLanguage\":\"en-GB\",\"potentialAction\":[{\"@type\":\"CommentAction\",\"name\":\"Comment\",\"target\":[\"https:\\\/\\\/dmcsrb.com\\\/sport\\\/mladji-kadeti-izgubili-od-sjeverne-makedonije-u-ohridu-savic-odigrali-smo-veoma-lose\\\/#respond\"]}]},{\"@type\":\"WebPage\",\"@id\":\"https:\\\/\\\/dmcsrb.com\\\/sport\\\/mladji-kadeti-izgubili-od-sjeverne-makedonije-u-ohridu-savic-odigrali-smo-veoma-lose\\\/\",\"url\":\"https:\\\/\\\/dmcsrb.com\\\/sport\\\/mladji-kadeti-izgubili-od-sjeverne-makedonije-u-ohridu-savic-odigrali-smo-veoma-lose\\\/\",\"name\":\"Mla\u0111i kadeti izgubili od Sjeverne Makedonije u Ohridu, Savi\u0107: Odigrali smo veoma lo\u0161e - dmcsrb.com\",\"isPartOf\":{\"@id\":\"https:\\\/\\\/dmcsrb.com\\\/#website\"},\"primaryImageOfPage\":{\"@id\":\"https:\\\/\\\/dmcsrb.com\\\/sport\\\/mladji-kadeti-izgubili-od-sjeverne-makedonije-u-ohridu-savic-odigrali-smo-veoma-lose\\\/#primaryimage\"},\"image\":{\"@id\":\"https:\\\/\\\/dmcsrb.com\\\/sport\\\/mladji-kadeti-izgubili-od-sjeverne-makedonije-u-ohridu-savic-odigrali-smo-veoma-lose\\\/#primaryimage\"},\"thumbnailUrl\":\"https:\\\/\\\/dmcsrb.com\\\/wp-content\\\/uploads\\\/2026\\\/01\\\/Mladji-kadeti-FSCG.webp\",\"datePublished\":\"2025-08-19T17:21:00+00:00\",\"author\":{\"@id\":\"https:\\\/\\\/dmcsrb.com\\\/#\\\/schema\\\/person\\\/5c39170f12db1b8b457732d0b5c854e2\"},\"breadcrumb\":{\"@id\":\"https:\\\/\\\/dmcsrb.com\\\/sport\\\/mladji-kadeti-izgubili-od-sjeverne-makedonije-u-ohridu-savic-odigrali-smo-veoma-lose\\\/#breadcrumb\"},\"inLanguage\":\"en-GB\",\"potentialAction\":[{\"@type\":\"ReadAction\",\"target\":[\"https:\\\/\\\/dmcsrb.com\\\/sport\\\/mladji-kadeti-izgubili-od-sjeverne-makedonije-u-ohridu-savic-odigrali-smo-veoma-lose\\\/\"]}]},{\"@type\":\"ImageObject\",\"inLanguage\":\"en-GB\",\"@id\":\"https:\\\/\\\/dmcsrb.com\\\/sport\\\/mladji-kadeti-izgubili-od-sjeverne-makedonije-u-ohridu-savic-odigrali-smo-veoma-lose\\\/#primaryimage\",\"url\":\"https:\\\/\\\/dmcsrb.com\\\/wp-content\\\/uploads\\\/2026\\\/01\\\/Mladji-kadeti-FSCG.webp\",\"contentUrl\":\"https:\\\/\\\/dmcsrb.com\\\/wp-content\\\/uploads\\\/2026\\\/01\\\/Mladji-kadeti-FSCG.webp\",\"width\":1050,\"height\":624},{\"@type\":\"BreadcrumbList\",\"@id\":\"https:\\\/\\\/dmcsrb.com\\\/sport\\\/mladji-kadeti-izgubili-od-sjeverne-makedonije-u-ohridu-savic-odigrali-smo-veoma-lose\\\/#breadcrumb\",\"itemListElement\":[{\"@type\":\"ListItem\",\"position\":1,\"name\":\"Home\",\"item\":\"https:\\\/\\\/dmcsrb.com\\\/\"},{\"@type\":\"ListItem\",\"position\":2,\"name\":\"Mla\u0111i kadeti izgubili od Sjeverne Makedonije u Ohridu, Savi\u0107: Odigrali smo veoma lo\u0161e\"}]},{\"@type\":\"WebSite\",\"@id\":\"https:\\\/\\\/dmcsrb.com\\\/#website\",\"url\":\"https:\\\/\\\/dmcsrb.com\\\/\",\"name\":\"dmcsrb.com\",\"description\":\"\",\"potentialAction\":[{\"@type\":\"SearchAction\",\"target\":{\"@type\":\"EntryPoint\",\"urlTemplate\":\"https:\\\/\\\/dmcsrb.com\\\/?s={search_term_string}\"},\"query-input\":{\"@type\":\"PropertyValueSpecification\",\"valueRequired\":true,\"valueName\":\"search_term_string\"}}],\"inLanguage\":\"en-GB\"},{\"@type\":\"Person\",\"@id\":\"https:\\\/\\\/dmcsrb.com\\\/#\\\/schema\\\/person\\\/5c39170f12db1b8b457732d0b5c854e2\",\"name\":\"dmcsrbija.com@gmail.com\",\"image\":{\"@type\":\"ImageObject\",\"inLanguage\":\"en-GB\",\"@id\":\"https:\\\/\\\/secure.gravatar.com\\\/avatar\\\/68592660ad6347fad0fb587f8d5d8f1a7b44961362f56e4f2cd524feb87e9069?s=96&d=mm&r=g\",\"url\":\"https:\\\/\\\/secure.gravatar.com\\\/avatar\\\/68592660ad6347fad0fb587f8d5d8f1a7b44961362f56e4f2cd524feb87e9069?s=96&d=mm&r=g\",\"contentUrl\":\"https:\\\/\\\/secure.gravatar.com\\\/avatar\\\/68592660ad6347fad0fb587f8d5d8f1a7b44961362f56e4f2cd524feb87e9069?s=96&d=mm&r=g\",\"caption\":\"dmcsrbija.com@gmail.com\"},\"sameAs\":[\"https:\\\/\\\/dmcsrb.com\"],\"url\":\"https:\\\/\\\/dmcsrb.com\\\/en\\\/author\\\/dmcsrbija-comgmail-com\\\/\"}]}<\/script>\n<!-- \/ Yoast SEO plugin. -->","yoast_head_json":{"title":"Mla\u0111i kadeti izgubili od Sjeverne Makedonije u Ohridu, Savi\u0107: Odigrali smo veoma lo\u0161e - dmcsrb.com","robots":{"index":"index","follow":"follow","max-snippet":"max-snippet:-1","max-image-preview":"max-image-preview:large","max-video-preview":"max-video-preview:-1"},"canonical":"https:\/\/dmcsrb.com\/en\/sport\/mladji-kadeti-izgubili-od-sjeverne-makedonije-u-ohridu-savic-odigrali-smo-veoma-lose\/","og_locale":"en_GB","og_type":"article","og_title":"Mla\u0111i kadeti izgubili od Sjeverne Makedonije u Ohridu, Savi\u0107: Odigrali smo veoma lo\u0161e - dmcsrb.com","og_description":"Mla\u0111a kadetska fudbalska reprezentacija Crne Gore pora\u017eena je u dana\u0161njem prijateljskom me\u010du sa Sjevernom Makedonijom.","og_url":"https:\/\/dmcsrb.com\/en\/sport\/mladji-kadeti-izgubili-od-sjeverne-makedonije-u-ohridu-savic-odigrali-smo-veoma-lose\/","og_site_name":"dmcsrb.com","article_published_time":"2025-08-19T17:21:00+00:00","og_image":[{"width":1050,"height":624,"url":"https:\/\/dmcsrb.com\/wp-content\/uploads\/2026\/01\/Mladji-kadeti-FSCG.webp","type":"image\/jpeg"}],"author":"dmcsrbija.com@gmail.com","twitter_card":"summary_large_image","twitter_misc":{"Written by":"dmcsrbija.com@gmail.com","Estimated reading time":"1 minute"},"schema":{"@context":"https:\/\/schema.org","@graph":[{"@type":"Article","@id":"https:\/\/dmcsrb.com\/sport\/mladji-kadeti-izgubili-od-sjeverne-makedonije-u-ohridu-savic-odigrali-smo-veoma-lose\/#article","isPartOf":{"@id":"https:\/\/dmcsrb.com\/sport\/mladji-kadeti-izgubili-od-sjeverne-makedonije-u-ohridu-savic-odigrali-smo-veoma-lose\/"},"author":{"name":"dmcsrbija.com@gmail.com","@id":"https:\/\/dmcsrb.com\/#\/schema\/person\/5c39170f12db1b8b457732d0b5c854e2"},"headline":"Mla\u0111i kadeti izgubili od Sjeverne Makedonije u Ohridu, Savi\u0107: Odigrali smo veoma lo\u0161e","datePublished":"2025-08-19T17:21:00+00:00","mainEntityOfPage":{"@id":"https:\/\/dmcsrb.com\/sport\/mladji-kadeti-izgubili-od-sjeverne-makedonije-u-ohridu-savic-odigrali-smo-veoma-lose\/"},"wordCount":163,"commentCount":0,"image":{"@id":"https:\/\/dmcsrb.com\/sport\/mladji-kadeti-izgubili-od-sjeverne-makedonije-u-ohridu-savic-odigrali-smo-veoma-lose\/#primaryimage"},"thumbnailUrl":"https:\/\/dmcsrb.com\/wp-content\/uploads\/2026\/01\/Mladji-kadeti-FSCG.webp","keywords":["Mla\u0111a kadetska fudbalska reprezentacija Crne Gore","Mla\u0111a kadetska fudbalska reprezentacija Sjeverne Makedonije","prijateljska utakmica"],"articleSection":["Sport"],"inLanguage":"en-GB","potentialAction":[{"@type":"CommentAction","name":"Comment","target":["https:\/\/dmcsrb.com\/sport\/mladji-kadeti-izgubili-od-sjeverne-makedonije-u-ohridu-savic-odigrali-smo-veoma-lose\/#respond"]}]},{"@type":"WebPage","@id":"https:\/\/dmcsrb.com\/sport\/mladji-kadeti-izgubili-od-sjeverne-makedonije-u-ohridu-savic-odigrali-smo-veoma-lose\/","url":"https:\/\/dmcsrb.com\/sport\/mladji-kadeti-izgubili-od-sjeverne-makedonije-u-ohridu-savic-odigrali-smo-veoma-lose\/","name":"Mla\u0111i kadeti izgubili od Sjeverne Makedonije u Ohridu, Savi\u0107: Odigrali smo veoma lo\u0161e - dmcsrb.com","isPartOf":{"@id":"https:\/\/dmcsrb.com\/#website"},"primaryImageOfPage":{"@id":"https:\/\/dmcsrb.com\/sport\/mladji-kadeti-izgubili-od-sjeverne-makedonije-u-ohridu-savic-odigrali-smo-veoma-lose\/#primaryimage"},"image":{"@id":"https:\/\/dmcsrb.com\/sport\/mladji-kadeti-izgubili-od-sjeverne-makedonije-u-ohridu-savic-odigrali-smo-veoma-lose\/#primaryimage"},"thumbnailUrl":"https:\/\/dmcsrb.com\/wp-content\/uploads\/2026\/01\/Mladji-kadeti-FSCG.webp","datePublished":"2025-08-19T17:21:00+00:00","author":{"@id":"https:\/\/dmcsrb.com\/#\/schema\/person\/5c39170f12db1b8b457732d0b5c854e2"},"breadcrumb":{"@id":"https:\/\/dmcsrb.com\/sport\/mladji-kadeti-izgubili-od-sjeverne-makedonije-u-ohridu-savic-odigrali-smo-veoma-lose\/#breadcrumb"},"inLanguage":"en-GB","potentialAction":[{"@type":"ReadAction","target":["https:\/\/dmcsrb.com\/sport\/mladji-kadeti-izgubili-od-sjeverne-makedonije-u-ohridu-savic-odigrali-smo-veoma-lose\/"]}]},{"@type":"ImageObject","inLanguage":"en-GB","@id":"https:\/\/dmcsrb.com\/sport\/mladji-kadeti-izgubili-od-sjeverne-makedonije-u-ohridu-savic-odigrali-smo-veoma-lose\/#primaryimage","url":"https:\/\/dmcsrb.com\/wp-content\/uploads\/2026\/01\/Mladji-kadeti-FSCG.webp","contentUrl":"https:\/\/dmcsrb.com\/wp-content\/uploads\/2026\/01\/Mladji-kadeti-FSCG.webp","width":1050,"height":624},{"@type":"BreadcrumbList","@id":"https:\/\/dmcsrb.com\/sport\/mladji-kadeti-izgubili-od-sjeverne-makedonije-u-ohridu-savic-odigrali-smo-veoma-lose\/#breadcrumb","itemListElement":[{"@type":"ListItem","position":1,"name":"Home","item":"https:\/\/dmcsrb.com\/"},{"@type":"ListItem","position":2,"name":"Mla\u0111i kadeti izgubili od Sjeverne Makedonije u Ohridu, Savi\u0107: Odigrali smo veoma lo\u0161e"}]},{"@type":"WebSite","@id":"https:\/\/dmcsrb.com\/#website","url":"https:\/\/dmcsrb.com\/","name":"dmcsrb.com","description":"","potentialAction":[{"@type":"SearchAction","target":{"@type":"EntryPoint","urlTemplate":"https:\/\/dmcsrb.com\/?s={search_term_string}"},"query-input":{"@type":"PropertyValueSpecification","valueRequired":true,"valueName":"search_term_string"}}],"inLanguage":"en-GB"},{"@type":"Person","@id":"https:\/\/dmcsrb.com\/#\/schema\/person\/5c39170f12db1b8b457732d0b5c854e2","name":"dmcsrbija.com@gmail.com","image":{"@type":"ImageObject","inLanguage":"en-GB","@id":"https:\/\/secure.gravatar.com\/avatar\/68592660ad6347fad0fb587f8d5d8f1a7b44961362f56e4f2cd524feb87e9069?s=96&d=mm&r=g","url":"https:\/\/secure.gravatar.com\/avatar\/68592660ad6347fad0fb587f8d5d8f1a7b44961362f56e4f2cd524feb87e9069?s=96&d=mm&r=g","contentUrl":"https:\/\/secure.gravatar.com\/avatar\/68592660ad6347fad0fb587f8d5d8f1a7b44961362f56e4f2cd524feb87e9069?s=96&d=mm&r=g","caption":"dmcsrbija.com@gmail.com"},"sameAs":["https:\/\/dmcsrb.com"],"url":"https:\/\/dmcsrb.com\/en\/author\/dmcsrbija-comgmail-com\/"}]}},"_links":{"self":[{"href":"https:\/\/dmcsrb.com\/en\/wp-json\/wp\/v2\/posts\/947162","targetHints":{"allow":["GET"]}}],"collection":[{"href":"https:\/\/dmcsrb.com\/en\/wp-json\/wp\/v2\/posts"}],"about":[{"href":"https:\/\/dmcsrb.com\/en\/wp-json\/wp\/v2\/types\/post"}],"author":[{"embeddable":true,"href":"https:\/\/dmcsrb.com\/en\/wp-json\/wp\/v2\/users\/1"}],"replies":[{"embeddable":true,"href":"https:\/\/dmcsrb.com\/en\/wp-json\/wp\/v2\/comments?post=947162"}],"version-history":[{"count":0,"href":"https:\/\/dmcsrb.com\/en\/wp-json\/wp\/v2\/posts\/947162\/revisions"}],"wp:featuredmedia":[{"embeddable":true,"href":"https:\/\/dmcsrb.com\/en\/wp-json\/wp\/v2\/media\/947163"}],"wp:attachment":[{"href":"https:\/\/dmcsrb.com\/en\/wp-json\/wp\/v2\/media?parent=947162"}],"wp:term":[{"taxonomy":"category","embeddable":true,"href":"https:\/\/dmcsrb.com\/en\/wp-json\/wp\/v2\/categories?post=947162"},{"taxonomy":"post_tag","embeddable":true,"href":"https:\/\/dmcsrb.com\/en\/wp-json\/wp\/v2\/tags?post=947162"},{"taxonomy":"naslovna","embeddable":true,"href":"https:\/\/dmcsrb.com\/en\/wp-json\/wp\/v2\/naslovna?post=947162"}],"curies":[{"name":"wp","href":"https:\/\/api.w.org\/{rel}","templated":true}]}}