{"id":947136,"date":"2025-08-19T17:00:00","date_gmt":"2025-08-19T15:00:00","guid":{"rendered":"https:\/\/dmcsrb.com\/uncategorized\/lacman-gradska-tv-na-meti-specijalnog-rata\/"},"modified":"2025-08-19T17:00:00","modified_gmt":"2025-08-19T15:00:00","slug":"lacman-gradska-tv-na-meti-specijalnog-rata","status":"publish","type":"post","link":"https:\/\/dmcsrb.com\/en\/podgorica\/lacman-gradska-tv-na-meti-specijalnog-rata\/","title":{"rendered":"Lacman: Gradska TV na meti specijalnog rata"},"content":{"rendered":"<p>Uprkos zakonskoj obavezi da lokalni javni emiteri budu dostupni putem zemaljskog signala, Radio Televizija Podgorica ni nakon pet godina rada nije dobila pristup lokalnom multipleksu. Kako obja\u0161njava zamjenik glavnog i odgovornog urednika Nemanja Lacman problematiku predstavlja \u010dinjenica da RTV PG nije prisutna na svim kablovskim i satelitskim platformama, te da i ne mo\u017ee biti u skorijem periodu, shodno odgovoru telekomunikacionih kompanija.<\/p>\n\n\n\n<p>\u201cOd dolaska novog menad\u017ementa Gradska TV trpi svojevrsni specijalni rat, kako od strane pojedinih medija, tako i od predstavnika NVO sektora, pa zaklju\u010dno sa telekomunikacionim operatorima koji navodno ne mogu na\u0161 medij da emituju da na svim platformama\u201d, kazao je zamjenik glavnog i odgovornog urednika RTV Podgorica, Nemanja Lacman.<\/p>\n\n\n\n<p>Iako su finansijska sredstva obezbije\u0111ena, a volja za saradnjom postoji, odgovori sa druge strane su uglavnom isti: \u201enema slobodnih kapaciteta\u201c ili \u201enije mogu\u0107e u ovom trenutku\u201c.Sve to dodatno uslo\u017enjava borbu za ve\u0107u dostupnost programa, poru\u010duje Lacman.<\/p>\n\n\n\n<p>\u201cZbog toga, a i cinjenice da jos nismo dobili dozvolu za pravo koriscenja lokalnog multipleksa, vidljivost RTV Podgorica je svega 66% sto smatramo nedopustivo malim procentom, zbog cega smo i uputili dopise na adrese vise crnogorskih institucija, kako bi se ovaj problem u sto kracem roku rijesio\u201d, istakao je Lacman,<\/p>\n\n\n\n<p>I dok se \u010deka konkretan odgovor regulatornih tijela, RTV Podgorica kako zaklju\u010duje Lacman &#8211; nastavlja da radi u interesu gra\u0111ana i ne odustaje od svoje misije &#8211; da informi\u0161e gra\u0111ane \u2013 profesionalno i odgovorno i transparentno.<\/p>\n\n\n\n<figure class=\"wp-block-embed is-type-video is-provider-youtube wp-block-embed-youtube wp-embed-aspect-16-9 wp-has-aspect-ratio\"><div class=\"wp-block-embed__wrapper\">\n<iframe loading=\"lazy\" title=\"Lacman: Gradska TV na meti specijalnog rata\" width=\"500\" height=\"281\" src=\"https:\/\/www.youtube.com\/embed\/vL_idAukedk?feature=oembed\" frameborder=\"0\" allow=\"accelerometer; autoplay; clipboard-write; encrypted-media; gyroscope; picture-in-picture; web-share\" referrerpolicy=\"strict-origin-when-cross-origin\" allowfullscreen><\/iframe>\n<\/div><\/figure>","protected":false},"excerpt":{"rendered":"<p>Radio Televizija Podgorica ove godine obilje\u017eava pet godina rada, ali ovaj zna\u010dajan jubilej do\u010dekuje u slo\u017eenim uslovima poslovanja. Iako je osnovana kao lokalni javni emiter, Gradska televizija i dalje nema zemaljski signal u Podgorici. Zbog ograni\u010dene vidljivosti, program trenutno mo\u017ee da prati svega oko 66% stanovni\u0161tva Crne Gore, dok zakon nala\u017ee minimalnu pokrivenost od 85%.<\/p>","protected":false},"author":1,"featured_media":947137,"comment_status":"open","ping_status":"open","sticky":false,"template":"","format":"standard","meta":{"_acf_changed":false,"footnotes":""},"categories":[56],"tags":[5029,553],"naslovna":[],"class_list":["post-947136","post","type-post","status-publish","format-standard","has-post-thumbnail","hentry","category-podgorica","tag-nemanja-lacman","tag-rtv-podgorica"],"acf":[],"yoast_head":"<!-- This site is optimized with the Yoast SEO plugin v27.4 - https:\/\/yoast.com\/product\/yoast-seo-wordpress\/ -->\n<title>Lacman: Gradska TV na meti specijalnog rata - dmcsrb.com<\/title>\n<meta name=\"robots\" content=\"index, follow, max-snippet:-1, max-image-preview:large, max-video-preview:-1\" \/>\n<link rel=\"canonical\" href=\"https:\/\/dmcsrb.com\/en\/podgorica\/lacman-gradska-tv-na-meti-specijalnog-rata\/\" \/>\n<meta property=\"og:locale\" content=\"en_GB\" \/>\n<meta property=\"og:type\" content=\"article\" \/>\n<meta property=\"og:title\" content=\"Lacman: Gradska TV na meti specijalnog rata - dmcsrb.com\" \/>\n<meta property=\"og:description\" content=\"Radio Televizija Podgorica ove godine obilje\u017eava pet godina rada, ali ovaj zna\u010dajan jubilej do\u010dekuje u slo\u017eenim uslovima poslovanja. Iako je osnovana kao lokalni javni emiter, Gradska televizija i dalje nema zemaljski signal u Podgorici. Zbog ograni\u010dene vidljivosti, program trenutno mo\u017ee da prati svega oko 66% stanovni\u0161tva Crne Gore, dok zakon nala\u017ee minimalnu pokrivenost od 85%.\" \/>\n<meta property=\"og:url\" content=\"https:\/\/dmcsrb.com\/en\/podgorica\/lacman-gradska-tv-na-meti-specijalnog-rata\/\" \/>\n<meta property=\"og:site_name\" content=\"dmcsrb.com\" \/>\n<meta property=\"article:published_time\" content=\"2025-08-19T15:00:00+00:00\" \/>\n<meta property=\"og:image\" content=\"https:\/\/dmcsrb.com\/wp-content\/uploads\/2026\/01\/Nemanja-Lacman.webp\" \/>\n\t<meta property=\"og:image:width\" content=\"1840\" \/>\n\t<meta property=\"og:image:height\" content=\"891\" \/>\n\t<meta property=\"og:image:type\" content=\"image\/jpeg\" \/>\n<meta name=\"author\" content=\"dmcsrbija.com@gmail.com\" \/>\n<meta name=\"twitter:card\" content=\"summary_large_image\" \/>\n<meta name=\"twitter:label1\" content=\"Written by\" \/>\n\t<meta name=\"twitter:data1\" content=\"dmcsrbija.com@gmail.com\" \/>\n\t<meta name=\"twitter:label2\" content=\"Estimated reading time\" \/>\n\t<meta name=\"twitter:data2\" content=\"1 minute\" \/>\n<script type=\"application\/ld+json\" class=\"yoast-schema-graph\">{\"@context\":\"https:\\\/\\\/schema.org\",\"@graph\":[{\"@type\":\"Article\",\"@id\":\"https:\\\/\\\/dmcsrb.com\\\/podgorica\\\/lacman-gradska-tv-na-meti-specijalnog-rata\\\/#article\",\"isPartOf\":{\"@id\":\"https:\\\/\\\/dmcsrb.com\\\/podgorica\\\/lacman-gradska-tv-na-meti-specijalnog-rata\\\/\"},\"author\":{\"name\":\"dmcsrbija.com@gmail.com\",\"@id\":\"https:\\\/\\\/dmcsrb.com\\\/#\\\/schema\\\/person\\\/5c39170f12db1b8b457732d0b5c854e2\"},\"headline\":\"Lacman: Gradska TV na meti specijalnog rata\",\"datePublished\":\"2025-08-19T15:00:00+00:00\",\"mainEntityOfPage\":{\"@id\":\"https:\\\/\\\/dmcsrb.com\\\/podgorica\\\/lacman-gradska-tv-na-meti-specijalnog-rata\\\/\"},\"wordCount\":256,\"commentCount\":0,\"image\":{\"@id\":\"https:\\\/\\\/dmcsrb.com\\\/podgorica\\\/lacman-gradska-tv-na-meti-specijalnog-rata\\\/#primaryimage\"},\"thumbnailUrl\":\"https:\\\/\\\/dmcsrb.com\\\/wp-content\\\/uploads\\\/2026\\\/01\\\/Nemanja-Lacman.webp\",\"keywords\":[\"nemanja lacman\",\"RTV Podgorica\"],\"articleSection\":[\"Podgorica\"],\"inLanguage\":\"en-GB\",\"potentialAction\":[{\"@type\":\"CommentAction\",\"name\":\"Comment\",\"target\":[\"https:\\\/\\\/dmcsrb.com\\\/podgorica\\\/lacman-gradska-tv-na-meti-specijalnog-rata\\\/#respond\"]}]},{\"@type\":\"WebPage\",\"@id\":\"https:\\\/\\\/dmcsrb.com\\\/podgorica\\\/lacman-gradska-tv-na-meti-specijalnog-rata\\\/\",\"url\":\"https:\\\/\\\/dmcsrb.com\\\/podgorica\\\/lacman-gradska-tv-na-meti-specijalnog-rata\\\/\",\"name\":\"Lacman: Gradska TV na meti specijalnog rata - dmcsrb.com\",\"isPartOf\":{\"@id\":\"https:\\\/\\\/dmcsrb.com\\\/#website\"},\"primaryImageOfPage\":{\"@id\":\"https:\\\/\\\/dmcsrb.com\\\/podgorica\\\/lacman-gradska-tv-na-meti-specijalnog-rata\\\/#primaryimage\"},\"image\":{\"@id\":\"https:\\\/\\\/dmcsrb.com\\\/podgorica\\\/lacman-gradska-tv-na-meti-specijalnog-rata\\\/#primaryimage\"},\"thumbnailUrl\":\"https:\\\/\\\/dmcsrb.com\\\/wp-content\\\/uploads\\\/2026\\\/01\\\/Nemanja-Lacman.webp\",\"datePublished\":\"2025-08-19T15:00:00+00:00\",\"author\":{\"@id\":\"https:\\\/\\\/dmcsrb.com\\\/#\\\/schema\\\/person\\\/5c39170f12db1b8b457732d0b5c854e2\"},\"breadcrumb\":{\"@id\":\"https:\\\/\\\/dmcsrb.com\\\/podgorica\\\/lacman-gradska-tv-na-meti-specijalnog-rata\\\/#breadcrumb\"},\"inLanguage\":\"en-GB\",\"potentialAction\":[{\"@type\":\"ReadAction\",\"target\":[\"https:\\\/\\\/dmcsrb.com\\\/podgorica\\\/lacman-gradska-tv-na-meti-specijalnog-rata\\\/\"]}]},{\"@type\":\"ImageObject\",\"inLanguage\":\"en-GB\",\"@id\":\"https:\\\/\\\/dmcsrb.com\\\/podgorica\\\/lacman-gradska-tv-na-meti-specijalnog-rata\\\/#primaryimage\",\"url\":\"https:\\\/\\\/dmcsrb.com\\\/wp-content\\\/uploads\\\/2026\\\/01\\\/Nemanja-Lacman.webp\",\"contentUrl\":\"https:\\\/\\\/dmcsrb.com\\\/wp-content\\\/uploads\\\/2026\\\/01\\\/Nemanja-Lacman.webp\",\"width\":1840,\"height\":891},{\"@type\":\"BreadcrumbList\",\"@id\":\"https:\\\/\\\/dmcsrb.com\\\/podgorica\\\/lacman-gradska-tv-na-meti-specijalnog-rata\\\/#breadcrumb\",\"itemListElement\":[{\"@type\":\"ListItem\",\"position\":1,\"name\":\"Home\",\"item\":\"https:\\\/\\\/dmcsrb.com\\\/\"},{\"@type\":\"ListItem\",\"position\":2,\"name\":\"Lacman: Gradska TV na meti specijalnog rata\"}]},{\"@type\":\"WebSite\",\"@id\":\"https:\\\/\\\/dmcsrb.com\\\/#website\",\"url\":\"https:\\\/\\\/dmcsrb.com\\\/\",\"name\":\"dmcsrb.com\",\"description\":\"\",\"potentialAction\":[{\"@type\":\"SearchAction\",\"target\":{\"@type\":\"EntryPoint\",\"urlTemplate\":\"https:\\\/\\\/dmcsrb.com\\\/?s={search_term_string}\"},\"query-input\":{\"@type\":\"PropertyValueSpecification\",\"valueRequired\":true,\"valueName\":\"search_term_string\"}}],\"inLanguage\":\"en-GB\"},{\"@type\":\"Person\",\"@id\":\"https:\\\/\\\/dmcsrb.com\\\/#\\\/schema\\\/person\\\/5c39170f12db1b8b457732d0b5c854e2\",\"name\":\"dmcsrbija.com@gmail.com\",\"image\":{\"@type\":\"ImageObject\",\"inLanguage\":\"en-GB\",\"@id\":\"https:\\\/\\\/secure.gravatar.com\\\/avatar\\\/68592660ad6347fad0fb587f8d5d8f1a7b44961362f56e4f2cd524feb87e9069?s=96&d=mm&r=g\",\"url\":\"https:\\\/\\\/secure.gravatar.com\\\/avatar\\\/68592660ad6347fad0fb587f8d5d8f1a7b44961362f56e4f2cd524feb87e9069?s=96&d=mm&r=g\",\"contentUrl\":\"https:\\\/\\\/secure.gravatar.com\\\/avatar\\\/68592660ad6347fad0fb587f8d5d8f1a7b44961362f56e4f2cd524feb87e9069?s=96&d=mm&r=g\",\"caption\":\"dmcsrbija.com@gmail.com\"},\"sameAs\":[\"https:\\\/\\\/dmcsrb.com\"],\"url\":\"https:\\\/\\\/dmcsrb.com\\\/en\\\/author\\\/dmcsrbija-comgmail-com\\\/\"}]}<\/script>\n<!-- \/ Yoast SEO plugin. -->","yoast_head_json":{"title":"Lacman: Gradska TV na meti specijalnog rata - dmcsrb.com","robots":{"index":"index","follow":"follow","max-snippet":"max-snippet:-1","max-image-preview":"max-image-preview:large","max-video-preview":"max-video-preview:-1"},"canonical":"https:\/\/dmcsrb.com\/en\/podgorica\/lacman-gradska-tv-na-meti-specijalnog-rata\/","og_locale":"en_GB","og_type":"article","og_title":"Lacman: Gradska TV na meti specijalnog rata - dmcsrb.com","og_description":"Radio Televizija Podgorica ove godine obilje\u017eava pet godina rada, ali ovaj zna\u010dajan jubilej do\u010dekuje u slo\u017eenim uslovima poslovanja. Iako je osnovana kao lokalni javni emiter, Gradska televizija i dalje nema zemaljski signal u Podgorici. Zbog ograni\u010dene vidljivosti, program trenutno mo\u017ee da prati svega oko 66% stanovni\u0161tva Crne Gore, dok zakon nala\u017ee minimalnu pokrivenost od 85%.","og_url":"https:\/\/dmcsrb.com\/en\/podgorica\/lacman-gradska-tv-na-meti-specijalnog-rata\/","og_site_name":"dmcsrb.com","article_published_time":"2025-08-19T15:00:00+00:00","og_image":[{"width":1840,"height":891,"url":"https:\/\/dmcsrb.com\/wp-content\/uploads\/2026\/01\/Nemanja-Lacman.webp","type":"image\/jpeg"}],"author":"dmcsrbija.com@gmail.com","twitter_card":"summary_large_image","twitter_misc":{"Written by":"dmcsrbija.com@gmail.com","Estimated reading time":"1 minute"},"schema":{"@context":"https:\/\/schema.org","@graph":[{"@type":"Article","@id":"https:\/\/dmcsrb.com\/podgorica\/lacman-gradska-tv-na-meti-specijalnog-rata\/#article","isPartOf":{"@id":"https:\/\/dmcsrb.com\/podgorica\/lacman-gradska-tv-na-meti-specijalnog-rata\/"},"author":{"name":"dmcsrbija.com@gmail.com","@id":"https:\/\/dmcsrb.com\/#\/schema\/person\/5c39170f12db1b8b457732d0b5c854e2"},"headline":"Lacman: Gradska TV na meti specijalnog rata","datePublished":"2025-08-19T15:00:00+00:00","mainEntityOfPage":{"@id":"https:\/\/dmcsrb.com\/podgorica\/lacman-gradska-tv-na-meti-specijalnog-rata\/"},"wordCount":256,"commentCount":0,"image":{"@id":"https:\/\/dmcsrb.com\/podgorica\/lacman-gradska-tv-na-meti-specijalnog-rata\/#primaryimage"},"thumbnailUrl":"https:\/\/dmcsrb.com\/wp-content\/uploads\/2026\/01\/Nemanja-Lacman.webp","keywords":["nemanja lacman","RTV Podgorica"],"articleSection":["Podgorica"],"inLanguage":"en-GB","potentialAction":[{"@type":"CommentAction","name":"Comment","target":["https:\/\/dmcsrb.com\/podgorica\/lacman-gradska-tv-na-meti-specijalnog-rata\/#respond"]}]},{"@type":"WebPage","@id":"https:\/\/dmcsrb.com\/podgorica\/lacman-gradska-tv-na-meti-specijalnog-rata\/","url":"https:\/\/dmcsrb.com\/podgorica\/lacman-gradska-tv-na-meti-specijalnog-rata\/","name":"Lacman: Gradska TV na meti specijalnog rata - dmcsrb.com","isPartOf":{"@id":"https:\/\/dmcsrb.com\/#website"},"primaryImageOfPage":{"@id":"https:\/\/dmcsrb.com\/podgorica\/lacman-gradska-tv-na-meti-specijalnog-rata\/#primaryimage"},"image":{"@id":"https:\/\/dmcsrb.com\/podgorica\/lacman-gradska-tv-na-meti-specijalnog-rata\/#primaryimage"},"thumbnailUrl":"https:\/\/dmcsrb.com\/wp-content\/uploads\/2026\/01\/Nemanja-Lacman.webp","datePublished":"2025-08-19T15:00:00+00:00","author":{"@id":"https:\/\/dmcsrb.com\/#\/schema\/person\/5c39170f12db1b8b457732d0b5c854e2"},"breadcrumb":{"@id":"https:\/\/dmcsrb.com\/podgorica\/lacman-gradska-tv-na-meti-specijalnog-rata\/#breadcrumb"},"inLanguage":"en-GB","potentialAction":[{"@type":"ReadAction","target":["https:\/\/dmcsrb.com\/podgorica\/lacman-gradska-tv-na-meti-specijalnog-rata\/"]}]},{"@type":"ImageObject","inLanguage":"en-GB","@id":"https:\/\/dmcsrb.com\/podgorica\/lacman-gradska-tv-na-meti-specijalnog-rata\/#primaryimage","url":"https:\/\/dmcsrb.com\/wp-content\/uploads\/2026\/01\/Nemanja-Lacman.webp","contentUrl":"https:\/\/dmcsrb.com\/wp-content\/uploads\/2026\/01\/Nemanja-Lacman.webp","width":1840,"height":891},{"@type":"BreadcrumbList","@id":"https:\/\/dmcsrb.com\/podgorica\/lacman-gradska-tv-na-meti-specijalnog-rata\/#breadcrumb","itemListElement":[{"@type":"ListItem","position":1,"name":"Home","item":"https:\/\/dmcsrb.com\/"},{"@type":"ListItem","position":2,"name":"Lacman: Gradska TV na meti specijalnog rata"}]},{"@type":"WebSite","@id":"https:\/\/dmcsrb.com\/#website","url":"https:\/\/dmcsrb.com\/","name":"dmcsrb.com","description":"","potentialAction":[{"@type":"SearchAction","target":{"@type":"EntryPoint","urlTemplate":"https:\/\/dmcsrb.com\/?s={search_term_string}"},"query-input":{"@type":"PropertyValueSpecification","valueRequired":true,"valueName":"search_term_string"}}],"inLanguage":"en-GB"},{"@type":"Person","@id":"https:\/\/dmcsrb.com\/#\/schema\/person\/5c39170f12db1b8b457732d0b5c854e2","name":"dmcsrbija.com@gmail.com","image":{"@type":"ImageObject","inLanguage":"en-GB","@id":"https:\/\/secure.gravatar.com\/avatar\/68592660ad6347fad0fb587f8d5d8f1a7b44961362f56e4f2cd524feb87e9069?s=96&d=mm&r=g","url":"https:\/\/secure.gravatar.com\/avatar\/68592660ad6347fad0fb587f8d5d8f1a7b44961362f56e4f2cd524feb87e9069?s=96&d=mm&r=g","contentUrl":"https:\/\/secure.gravatar.com\/avatar\/68592660ad6347fad0fb587f8d5d8f1a7b44961362f56e4f2cd524feb87e9069?s=96&d=mm&r=g","caption":"dmcsrbija.com@gmail.com"},"sameAs":["https:\/\/dmcsrb.com"],"url":"https:\/\/dmcsrb.com\/en\/author\/dmcsrbija-comgmail-com\/"}]}},"_links":{"self":[{"href":"https:\/\/dmcsrb.com\/en\/wp-json\/wp\/v2\/posts\/947136","targetHints":{"allow":["GET"]}}],"collection":[{"href":"https:\/\/dmcsrb.com\/en\/wp-json\/wp\/v2\/posts"}],"about":[{"href":"https:\/\/dmcsrb.com\/en\/wp-json\/wp\/v2\/types\/post"}],"author":[{"embeddable":true,"href":"https:\/\/dmcsrb.com\/en\/wp-json\/wp\/v2\/users\/1"}],"replies":[{"embeddable":true,"href":"https:\/\/dmcsrb.com\/en\/wp-json\/wp\/v2\/comments?post=947136"}],"version-history":[{"count":0,"href":"https:\/\/dmcsrb.com\/en\/wp-json\/wp\/v2\/posts\/947136\/revisions"}],"wp:featuredmedia":[{"embeddable":true,"href":"https:\/\/dmcsrb.com\/en\/wp-json\/wp\/v2\/media\/947137"}],"wp:attachment":[{"href":"https:\/\/dmcsrb.com\/en\/wp-json\/wp\/v2\/media?parent=947136"}],"wp:term":[{"taxonomy":"category","embeddable":true,"href":"https:\/\/dmcsrb.com\/en\/wp-json\/wp\/v2\/categories?post=947136"},{"taxonomy":"post_tag","embeddable":true,"href":"https:\/\/dmcsrb.com\/en\/wp-json\/wp\/v2\/tags?post=947136"},{"taxonomy":"naslovna","embeddable":true,"href":"https:\/\/dmcsrb.com\/en\/wp-json\/wp\/v2\/naslovna?post=947136"}],"curies":[{"name":"wp","href":"https:\/\/api.w.org\/{rel}","templated":true}]}}