{"id":947085,"date":"2025-08-19T12:22:49","date_gmt":"2025-08-19T10:22:49","guid":{"rendered":"https:\/\/dmcsrb.com\/uncategorized\/becic-o-realizaciji-akcije-kajak-drzava-ide-do-kraja-odlucno-i-istrajno\/"},"modified":"2025-08-19T12:22:49","modified_gmt":"2025-08-19T10:22:49","slug":"becic-o-realizaciji-akcije-kajak-drzava-ide-do-kraja-odlucno-i-istrajno","status":"publish","type":"post","link":"https:\/\/dmcsrb.com\/en\/hronika\/becic-o-realizaciji-akcije-kajak-drzava-ide-do-kraja-odlucno-i-istrajno\/","title":{"rendered":"Be\u010di\u0107 o realizaciji akcije &#8220;Kajak&#8221;: Dr\u017eava ide do kraja odlu\u010dno i istrajno"},"content":{"rendered":"<p><\/p>\n\n\n\n<p>&#8220;Upravo prije dvadesetak dana sam prilikom obilaska vodoizvori\u0161ta Boljesetre zajedno sa ambasadorom Satlerom, ministrom \u0106ulafi\u0107em, rukovodstvom Regionalnog vodovoda i ekolo\u0161kim aktivistom Vujisi\u0107em, jasno saop\u0161tio da je dr\u017eava odlu\u010dna da razbije svaku kariku ekolo\u0161kog kriminala i da u toj borbi ne\u0107e biti povla\u0161\u0107enih&#8221;, kazao je Be\u010di\u0107.<\/p>\n\n\n\n<p>Navedene aktivnosti su u skladu sa zaklju\u010dcima Biroa za operativnu koordinaciju, imaju\u0107i u vidu da je prvi put upravo u mandatu ove Vlade borba protiv ekolo\u0161kog kriminala definisana kao nacionalni prioritet. Pozivam gra\u0111ane da budu partneri u ovoj borbi za budu\u0107nost Crne Gore, jer svako ko bude sprovodio ili \u0161titio ekolo\u0161ki kriminalitet, na\u0107i \u0107e se pod udarom zakona i nadle\u017enih organa. \u010cuvaju\u0107i na\u0161u prirodu, na\u0161e rijeke, obale, \u0161ume, jezera i more, \u010duvamo budu\u0107nost na\u0161e domovine. Zato u toj borbi nema kompromisa i nema zadr\u0161ke, kazao je.<\/p>\n\n\n\n<p>Dr\u017eava ide do kraja odlu\u010dno i istrajno, poru\u010duje Be\u010di\u0107.<\/p>","protected":false},"excerpt":{"rendered":"<p>Potpredsjednik Vlade Crne Gore Aleksa Be\u010di\u0107 za bezbjednost, odbranu, borbu protiv kriminala i unutra\u0161nju politiku uputio je podr\u0161ku i \u010destitke Upravi policije i nadle\u017enom tu\u017eila\u0161tvu, kao i direktoru Regionalnog vodovoda Radovi\u0107u i njegovim slu\u017ebenicima na saradnji, hrabrosti, upornosti i uspje\u0161noj realizaciji akcije \u201cKajak\u201d koja je rezultirala hap\u0161enjem i procesuiranjem \u010detiri lica zbog nelegalne eksploatacije \u0161ljunka i o\u0161te\u0107enju pri eksploataciji rije\u010dnih nanosa.<\/p>","protected":false},"author":1,"featured_media":947086,"comment_status":"open","ping_status":"open","sticky":false,"template":"","format":"standard","meta":{"_acf_changed":false,"footnotes":""},"categories":[17],"tags":[1888],"naslovna":[],"class_list":["post-947085","post","type-post","status-publish","format-standard","has-post-thumbnail","hentry","category-hronika","tag-becic"],"acf":[],"yoast_head":"<!-- This site is optimized with the Yoast SEO plugin v27.4 - https:\/\/yoast.com\/product\/yoast-seo-wordpress\/ -->\n<title>Be\u010di\u0107 o realizaciji akcije &quot;Kajak&quot;: Dr\u017eava ide do kraja odlu\u010dno i istrajno - dmcsrb.com<\/title>\n<meta name=\"robots\" content=\"index, follow, max-snippet:-1, max-image-preview:large, max-video-preview:-1\" \/>\n<link rel=\"canonical\" href=\"https:\/\/dmcsrb.com\/en\/hronika\/becic-o-realizaciji-akcije-kajak-drzava-ide-do-kraja-odlucno-i-istrajno\/\" \/>\n<meta property=\"og:locale\" content=\"en_GB\" \/>\n<meta property=\"og:type\" content=\"article\" \/>\n<meta property=\"og:title\" content=\"Be\u010di\u0107 o realizaciji akcije &quot;Kajak&quot;: Dr\u017eava ide do kraja odlu\u010dno i istrajno - dmcsrb.com\" \/>\n<meta property=\"og:description\" content=\"Potpredsjednik Vlade Crne Gore Aleksa Be\u010di\u0107 za bezbjednost, odbranu, borbu protiv kriminala i unutra\u0161nju politiku uputio je podr\u0161ku i \u010destitke Upravi policije i nadle\u017enom tu\u017eila\u0161tvu, kao i direktoru Regionalnog vodovoda Radovi\u0107u i njegovim slu\u017ebenicima na saradnji, hrabrosti, upornosti i uspje\u0161noj realizaciji akcije \u201cKajak\u201d koja je rezultirala hap\u0161enjem i procesuiranjem \u010detiri lica zbog nelegalne eksploatacije \u0161ljunka i o\u0161te\u0107enju pri eksploataciji rije\u010dnih nanosa.\" \/>\n<meta property=\"og:url\" content=\"https:\/\/dmcsrb.com\/en\/hronika\/becic-o-realizaciji-akcije-kajak-drzava-ide-do-kraja-odlucno-i-istrajno\/\" \/>\n<meta property=\"og:site_name\" content=\"dmcsrb.com\" \/>\n<meta property=\"article:published_time\" content=\"2025-08-19T10:22:49+00:00\" \/>\n<meta property=\"og:image\" content=\"https:\/\/dmcsrb.com\/wp-content\/uploads\/2026\/01\/1000041369.webp\" \/>\n\t<meta property=\"og:image:width\" content=\"1600\" \/>\n\t<meta property=\"og:image:height\" content=\"1120\" \/>\n\t<meta property=\"og:image:type\" content=\"image\/jpeg\" \/>\n<meta name=\"author\" content=\"dmcsrbija.com@gmail.com\" \/>\n<meta name=\"twitter:card\" content=\"summary_large_image\" \/>\n<meta name=\"twitter:label1\" content=\"Written by\" \/>\n\t<meta name=\"twitter:data1\" content=\"dmcsrbija.com@gmail.com\" \/>\n\t<meta name=\"twitter:label2\" content=\"Estimated reading time\" \/>\n\t<meta name=\"twitter:data2\" content=\"1 minute\" \/>\n<script type=\"application\/ld+json\" class=\"yoast-schema-graph\">{\"@context\":\"https:\\\/\\\/schema.org\",\"@graph\":[{\"@type\":\"Article\",\"@id\":\"https:\\\/\\\/dmcsrb.com\\\/hronika\\\/becic-o-realizaciji-akcije-kajak-drzava-ide-do-kraja-odlucno-i-istrajno\\\/#article\",\"isPartOf\":{\"@id\":\"https:\\\/\\\/dmcsrb.com\\\/hronika\\\/becic-o-realizaciji-akcije-kajak-drzava-ide-do-kraja-odlucno-i-istrajno\\\/\"},\"author\":{\"name\":\"dmcsrbija.com@gmail.com\",\"@id\":\"https:\\\/\\\/dmcsrb.com\\\/#\\\/schema\\\/person\\\/5c39170f12db1b8b457732d0b5c854e2\"},\"headline\":\"Be\u010di\u0107 o realizaciji akcije &#8220;Kajak&#8221;: Dr\u017eava ide do kraja odlu\u010dno i istrajno\",\"datePublished\":\"2025-08-19T10:22:49+00:00\",\"mainEntityOfPage\":{\"@id\":\"https:\\\/\\\/dmcsrb.com\\\/hronika\\\/becic-o-realizaciji-akcije-kajak-drzava-ide-do-kraja-odlucno-i-istrajno\\\/\"},\"wordCount\":184,\"commentCount\":0,\"image\":{\"@id\":\"https:\\\/\\\/dmcsrb.com\\\/hronika\\\/becic-o-realizaciji-akcije-kajak-drzava-ide-do-kraja-odlucno-i-istrajno\\\/#primaryimage\"},\"thumbnailUrl\":\"https:\\\/\\\/dmcsrb.com\\\/wp-content\\\/uploads\\\/2026\\\/01\\\/1000041369.webp\",\"keywords\":[\"Be\u010di\u0107\"],\"articleSection\":[\"Hronika\"],\"inLanguage\":\"en-GB\",\"potentialAction\":[{\"@type\":\"CommentAction\",\"name\":\"Comment\",\"target\":[\"https:\\\/\\\/dmcsrb.com\\\/hronika\\\/becic-o-realizaciji-akcije-kajak-drzava-ide-do-kraja-odlucno-i-istrajno\\\/#respond\"]}]},{\"@type\":\"WebPage\",\"@id\":\"https:\\\/\\\/dmcsrb.com\\\/hronika\\\/becic-o-realizaciji-akcije-kajak-drzava-ide-do-kraja-odlucno-i-istrajno\\\/\",\"url\":\"https:\\\/\\\/dmcsrb.com\\\/hronika\\\/becic-o-realizaciji-akcije-kajak-drzava-ide-do-kraja-odlucno-i-istrajno\\\/\",\"name\":\"Be\u010di\u0107 o realizaciji akcije \\\"Kajak\\\": Dr\u017eava ide do kraja odlu\u010dno i istrajno - dmcsrb.com\",\"isPartOf\":{\"@id\":\"https:\\\/\\\/dmcsrb.com\\\/#website\"},\"primaryImageOfPage\":{\"@id\":\"https:\\\/\\\/dmcsrb.com\\\/hronika\\\/becic-o-realizaciji-akcije-kajak-drzava-ide-do-kraja-odlucno-i-istrajno\\\/#primaryimage\"},\"image\":{\"@id\":\"https:\\\/\\\/dmcsrb.com\\\/hronika\\\/becic-o-realizaciji-akcije-kajak-drzava-ide-do-kraja-odlucno-i-istrajno\\\/#primaryimage\"},\"thumbnailUrl\":\"https:\\\/\\\/dmcsrb.com\\\/wp-content\\\/uploads\\\/2026\\\/01\\\/1000041369.webp\",\"datePublished\":\"2025-08-19T10:22:49+00:00\",\"author\":{\"@id\":\"https:\\\/\\\/dmcsrb.com\\\/#\\\/schema\\\/person\\\/5c39170f12db1b8b457732d0b5c854e2\"},\"breadcrumb\":{\"@id\":\"https:\\\/\\\/dmcsrb.com\\\/hronika\\\/becic-o-realizaciji-akcije-kajak-drzava-ide-do-kraja-odlucno-i-istrajno\\\/#breadcrumb\"},\"inLanguage\":\"en-GB\",\"potentialAction\":[{\"@type\":\"ReadAction\",\"target\":[\"https:\\\/\\\/dmcsrb.com\\\/hronika\\\/becic-o-realizaciji-akcije-kajak-drzava-ide-do-kraja-odlucno-i-istrajno\\\/\"]}]},{\"@type\":\"ImageObject\",\"inLanguage\":\"en-GB\",\"@id\":\"https:\\\/\\\/dmcsrb.com\\\/hronika\\\/becic-o-realizaciji-akcije-kajak-drzava-ide-do-kraja-odlucno-i-istrajno\\\/#primaryimage\",\"url\":\"https:\\\/\\\/dmcsrb.com\\\/wp-content\\\/uploads\\\/2026\\\/01\\\/1000041369.webp\",\"contentUrl\":\"https:\\\/\\\/dmcsrb.com\\\/wp-content\\\/uploads\\\/2026\\\/01\\\/1000041369.webp\",\"width\":1600,\"height\":1120},{\"@type\":\"BreadcrumbList\",\"@id\":\"https:\\\/\\\/dmcsrb.com\\\/hronika\\\/becic-o-realizaciji-akcije-kajak-drzava-ide-do-kraja-odlucno-i-istrajno\\\/#breadcrumb\",\"itemListElement\":[{\"@type\":\"ListItem\",\"position\":1,\"name\":\"Home\",\"item\":\"https:\\\/\\\/dmcsrb.com\\\/\"},{\"@type\":\"ListItem\",\"position\":2,\"name\":\"Be\u010di\u0107 o realizaciji akcije &#8220;Kajak&#8221;: Dr\u017eava ide do kraja odlu\u010dno i istrajno\"}]},{\"@type\":\"WebSite\",\"@id\":\"https:\\\/\\\/dmcsrb.com\\\/#website\",\"url\":\"https:\\\/\\\/dmcsrb.com\\\/\",\"name\":\"dmcsrb.com\",\"description\":\"\",\"potentialAction\":[{\"@type\":\"SearchAction\",\"target\":{\"@type\":\"EntryPoint\",\"urlTemplate\":\"https:\\\/\\\/dmcsrb.com\\\/?s={search_term_string}\"},\"query-input\":{\"@type\":\"PropertyValueSpecification\",\"valueRequired\":true,\"valueName\":\"search_term_string\"}}],\"inLanguage\":\"en-GB\"},{\"@type\":\"Person\",\"@id\":\"https:\\\/\\\/dmcsrb.com\\\/#\\\/schema\\\/person\\\/5c39170f12db1b8b457732d0b5c854e2\",\"name\":\"dmcsrbija.com@gmail.com\",\"image\":{\"@type\":\"ImageObject\",\"inLanguage\":\"en-GB\",\"@id\":\"https:\\\/\\\/secure.gravatar.com\\\/avatar\\\/68592660ad6347fad0fb587f8d5d8f1a7b44961362f56e4f2cd524feb87e9069?s=96&d=mm&r=g\",\"url\":\"https:\\\/\\\/secure.gravatar.com\\\/avatar\\\/68592660ad6347fad0fb587f8d5d8f1a7b44961362f56e4f2cd524feb87e9069?s=96&d=mm&r=g\",\"contentUrl\":\"https:\\\/\\\/secure.gravatar.com\\\/avatar\\\/68592660ad6347fad0fb587f8d5d8f1a7b44961362f56e4f2cd524feb87e9069?s=96&d=mm&r=g\",\"caption\":\"dmcsrbija.com@gmail.com\"},\"sameAs\":[\"https:\\\/\\\/dmcsrb.com\"],\"url\":\"https:\\\/\\\/dmcsrb.com\\\/en\\\/author\\\/dmcsrbija-comgmail-com\\\/\"}]}<\/script>\n<!-- \/ Yoast SEO plugin. -->","yoast_head_json":{"title":"Be\u010di\u0107 o realizaciji akcije \"Kajak\": Dr\u017eava ide do kraja odlu\u010dno i istrajno - dmcsrb.com","robots":{"index":"index","follow":"follow","max-snippet":"max-snippet:-1","max-image-preview":"max-image-preview:large","max-video-preview":"max-video-preview:-1"},"canonical":"https:\/\/dmcsrb.com\/en\/hronika\/becic-o-realizaciji-akcije-kajak-drzava-ide-do-kraja-odlucno-i-istrajno\/","og_locale":"en_GB","og_type":"article","og_title":"Be\u010di\u0107 o realizaciji akcije \"Kajak\": Dr\u017eava ide do kraja odlu\u010dno i istrajno - dmcsrb.com","og_description":"Potpredsjednik Vlade Crne Gore Aleksa Be\u010di\u0107 za bezbjednost, odbranu, borbu protiv kriminala i unutra\u0161nju politiku uputio je podr\u0161ku i \u010destitke Upravi policije i nadle\u017enom tu\u017eila\u0161tvu, kao i direktoru Regionalnog vodovoda Radovi\u0107u i njegovim slu\u017ebenicima na saradnji, hrabrosti, upornosti i uspje\u0161noj realizaciji akcije \u201cKajak\u201d koja je rezultirala hap\u0161enjem i procesuiranjem \u010detiri lica zbog nelegalne eksploatacije \u0161ljunka i o\u0161te\u0107enju pri eksploataciji rije\u010dnih nanosa.","og_url":"https:\/\/dmcsrb.com\/en\/hronika\/becic-o-realizaciji-akcije-kajak-drzava-ide-do-kraja-odlucno-i-istrajno\/","og_site_name":"dmcsrb.com","article_published_time":"2025-08-19T10:22:49+00:00","og_image":[{"width":1600,"height":1120,"url":"https:\/\/dmcsrb.com\/wp-content\/uploads\/2026\/01\/1000041369.webp","type":"image\/jpeg"}],"author":"dmcsrbija.com@gmail.com","twitter_card":"summary_large_image","twitter_misc":{"Written by":"dmcsrbija.com@gmail.com","Estimated reading time":"1 minute"},"schema":{"@context":"https:\/\/schema.org","@graph":[{"@type":"Article","@id":"https:\/\/dmcsrb.com\/hronika\/becic-o-realizaciji-akcije-kajak-drzava-ide-do-kraja-odlucno-i-istrajno\/#article","isPartOf":{"@id":"https:\/\/dmcsrb.com\/hronika\/becic-o-realizaciji-akcije-kajak-drzava-ide-do-kraja-odlucno-i-istrajno\/"},"author":{"name":"dmcsrbija.com@gmail.com","@id":"https:\/\/dmcsrb.com\/#\/schema\/person\/5c39170f12db1b8b457732d0b5c854e2"},"headline":"Be\u010di\u0107 o realizaciji akcije &#8220;Kajak&#8221;: Dr\u017eava ide do kraja odlu\u010dno i istrajno","datePublished":"2025-08-19T10:22:49+00:00","mainEntityOfPage":{"@id":"https:\/\/dmcsrb.com\/hronika\/becic-o-realizaciji-akcije-kajak-drzava-ide-do-kraja-odlucno-i-istrajno\/"},"wordCount":184,"commentCount":0,"image":{"@id":"https:\/\/dmcsrb.com\/hronika\/becic-o-realizaciji-akcije-kajak-drzava-ide-do-kraja-odlucno-i-istrajno\/#primaryimage"},"thumbnailUrl":"https:\/\/dmcsrb.com\/wp-content\/uploads\/2026\/01\/1000041369.webp","keywords":["Be\u010di\u0107"],"articleSection":["Hronika"],"inLanguage":"en-GB","potentialAction":[{"@type":"CommentAction","name":"Comment","target":["https:\/\/dmcsrb.com\/hronika\/becic-o-realizaciji-akcije-kajak-drzava-ide-do-kraja-odlucno-i-istrajno\/#respond"]}]},{"@type":"WebPage","@id":"https:\/\/dmcsrb.com\/hronika\/becic-o-realizaciji-akcije-kajak-drzava-ide-do-kraja-odlucno-i-istrajno\/","url":"https:\/\/dmcsrb.com\/hronika\/becic-o-realizaciji-akcije-kajak-drzava-ide-do-kraja-odlucno-i-istrajno\/","name":"Be\u010di\u0107 o realizaciji akcije \"Kajak\": Dr\u017eava ide do kraja odlu\u010dno i istrajno - dmcsrb.com","isPartOf":{"@id":"https:\/\/dmcsrb.com\/#website"},"primaryImageOfPage":{"@id":"https:\/\/dmcsrb.com\/hronika\/becic-o-realizaciji-akcije-kajak-drzava-ide-do-kraja-odlucno-i-istrajno\/#primaryimage"},"image":{"@id":"https:\/\/dmcsrb.com\/hronika\/becic-o-realizaciji-akcije-kajak-drzava-ide-do-kraja-odlucno-i-istrajno\/#primaryimage"},"thumbnailUrl":"https:\/\/dmcsrb.com\/wp-content\/uploads\/2026\/01\/1000041369.webp","datePublished":"2025-08-19T10:22:49+00:00","author":{"@id":"https:\/\/dmcsrb.com\/#\/schema\/person\/5c39170f12db1b8b457732d0b5c854e2"},"breadcrumb":{"@id":"https:\/\/dmcsrb.com\/hronika\/becic-o-realizaciji-akcije-kajak-drzava-ide-do-kraja-odlucno-i-istrajno\/#breadcrumb"},"inLanguage":"en-GB","potentialAction":[{"@type":"ReadAction","target":["https:\/\/dmcsrb.com\/hronika\/becic-o-realizaciji-akcije-kajak-drzava-ide-do-kraja-odlucno-i-istrajno\/"]}]},{"@type":"ImageObject","inLanguage":"en-GB","@id":"https:\/\/dmcsrb.com\/hronika\/becic-o-realizaciji-akcije-kajak-drzava-ide-do-kraja-odlucno-i-istrajno\/#primaryimage","url":"https:\/\/dmcsrb.com\/wp-content\/uploads\/2026\/01\/1000041369.webp","contentUrl":"https:\/\/dmcsrb.com\/wp-content\/uploads\/2026\/01\/1000041369.webp","width":1600,"height":1120},{"@type":"BreadcrumbList","@id":"https:\/\/dmcsrb.com\/hronika\/becic-o-realizaciji-akcije-kajak-drzava-ide-do-kraja-odlucno-i-istrajno\/#breadcrumb","itemListElement":[{"@type":"ListItem","position":1,"name":"Home","item":"https:\/\/dmcsrb.com\/"},{"@type":"ListItem","position":2,"name":"Be\u010di\u0107 o realizaciji akcije &#8220;Kajak&#8221;: Dr\u017eava ide do kraja odlu\u010dno i istrajno"}]},{"@type":"WebSite","@id":"https:\/\/dmcsrb.com\/#website","url":"https:\/\/dmcsrb.com\/","name":"dmcsrb.com","description":"","potentialAction":[{"@type":"SearchAction","target":{"@type":"EntryPoint","urlTemplate":"https:\/\/dmcsrb.com\/?s={search_term_string}"},"query-input":{"@type":"PropertyValueSpecification","valueRequired":true,"valueName":"search_term_string"}}],"inLanguage":"en-GB"},{"@type":"Person","@id":"https:\/\/dmcsrb.com\/#\/schema\/person\/5c39170f12db1b8b457732d0b5c854e2","name":"dmcsrbija.com@gmail.com","image":{"@type":"ImageObject","inLanguage":"en-GB","@id":"https:\/\/secure.gravatar.com\/avatar\/68592660ad6347fad0fb587f8d5d8f1a7b44961362f56e4f2cd524feb87e9069?s=96&d=mm&r=g","url":"https:\/\/secure.gravatar.com\/avatar\/68592660ad6347fad0fb587f8d5d8f1a7b44961362f56e4f2cd524feb87e9069?s=96&d=mm&r=g","contentUrl":"https:\/\/secure.gravatar.com\/avatar\/68592660ad6347fad0fb587f8d5d8f1a7b44961362f56e4f2cd524feb87e9069?s=96&d=mm&r=g","caption":"dmcsrbija.com@gmail.com"},"sameAs":["https:\/\/dmcsrb.com"],"url":"https:\/\/dmcsrb.com\/en\/author\/dmcsrbija-comgmail-com\/"}]}},"_links":{"self":[{"href":"https:\/\/dmcsrb.com\/en\/wp-json\/wp\/v2\/posts\/947085","targetHints":{"allow":["GET"]}}],"collection":[{"href":"https:\/\/dmcsrb.com\/en\/wp-json\/wp\/v2\/posts"}],"about":[{"href":"https:\/\/dmcsrb.com\/en\/wp-json\/wp\/v2\/types\/post"}],"author":[{"embeddable":true,"href":"https:\/\/dmcsrb.com\/en\/wp-json\/wp\/v2\/users\/1"}],"replies":[{"embeddable":true,"href":"https:\/\/dmcsrb.com\/en\/wp-json\/wp\/v2\/comments?post=947085"}],"version-history":[{"count":0,"href":"https:\/\/dmcsrb.com\/en\/wp-json\/wp\/v2\/posts\/947085\/revisions"}],"wp:featuredmedia":[{"embeddable":true,"href":"https:\/\/dmcsrb.com\/en\/wp-json\/wp\/v2\/media\/947086"}],"wp:attachment":[{"href":"https:\/\/dmcsrb.com\/en\/wp-json\/wp\/v2\/media?parent=947085"}],"wp:term":[{"taxonomy":"category","embeddable":true,"href":"https:\/\/dmcsrb.com\/en\/wp-json\/wp\/v2\/categories?post=947085"},{"taxonomy":"post_tag","embeddable":true,"href":"https:\/\/dmcsrb.com\/en\/wp-json\/wp\/v2\/tags?post=947085"},{"taxonomy":"naslovna","embeddable":true,"href":"https:\/\/dmcsrb.com\/en\/wp-json\/wp\/v2\/naslovna?post=947085"}],"curies":[{"name":"wp","href":"https:\/\/api.w.org\/{rel}","templated":true}]}}