{"id":947069,"date":"2025-08-19T11:30:49","date_gmt":"2025-08-19T09:30:49","guid":{"rendered":"https:\/\/dmcsrb.com\/uncategorized\/pritvorenici-u-uiks-u-najavili-strajk-i-blokadu-sudova-od-15-septembra\/"},"modified":"2025-08-19T11:30:49","modified_gmt":"2025-08-19T09:30:49","slug":"pritvorenici-u-uiks-u-najavili-strajk-i-blokadu-sudova-od-15-septembra","status":"publish","type":"post","link":"https:\/\/dmcsrb.com\/en\/hronika\/pritvorenici-u-uiks-u-najavili-strajk-i-blokadu-sudova-od-15-septembra\/","title":{"rendered":"Pritvorenici u UIKS-u najavili \u0161trajk i blokadu sudova od 15. septembra"},"content":{"rendered":"<p>Pritvorenici spu\u0161kog zatvora koji su unazad nekoliko mjeseci \u0161trajkovali gla\u0111u zbog lo\u0161ih uslova i nepo\u0161tovanja dogovora koji je tada postignut sa predsjednikom Vi\u0161eg suda Zoranom Radovi\u0107em i predstavnicima Ministarstva pravde, posredstvom advokata Nikole Tomkovi\u0107a, izdali su novo saop\u0161tenje, u kojem zahtijevaju da ih posjete predsjednik Vi\u0161eg suda Zoran Radovi\u0107, ministar pravde Bojan Bo\u017eovi\u0107 i predsjednica Vrhovnog suda Valentina Pavli\u010di\u0107, gdje tra\u017ee da se usaglase rje\u0161enja koja bi bila po Zakonu i Ustavu Crne Gore, uz po\u0161tovanje odredbi Evropskog suda za ljudska prava.<\/p>\n\n\n\n<p>&#8220;Zbog nepo\u0161tovanja Zakona i Ustava Crne Gore i prava na odbranu i pravi\u010dno su\u0111enje koje nam je Zakonom zagarantovano, du\u017eine pritvora i uslova u kojima boravimo, prinu\u0111eni smo da otka\u017eemo svaki vidi pravne pomo\u0107i i nedolazak na zakazana su\u0111enja, a na\u0161e porodice se protestovati ispred institucija&#8221;, isti\u010de se u saop\u0161tenju dostavljenom preko advokata Tomkovi\u0107a.<\/p>\n\n\n\n<p>Kako napominju, o\u010dekuju da im se pridru\u017ee advokati koji, kako su naveli u saop\u0161tenju prije dvadesetak dana, tako\u0111e imaju primjedbe na uslove rada zbog velikog broja pritvorenika nekada \u010dekaju po dva, tri sata da bi razgovarali sa klijentom.<\/p>\n\n\n\n<p>&#8220;Pozivamo sve advokate i Advokatsku komoru da nam daju podr\u0161ku i solidari\u0161u se sa nama i na\u0161im porodicama i da damo jedinstven odgovor na pravno nasilje koje je na snazi u Crnoj Gori, jer kao \u0161to i sami vidite, ni sudije ni tu\u017eioci vas ne po\u0161tuju. \u017delimo da se zahvalimo predsjedniku Advokatske komore Danilu Mi\u0107ovi\u0107u koji je svojim javnim nastupom podr\u017eao na\u0161u borbu za bolje uslove boravka i prava na pravi\u010dno su\u0111enje&#8221;, saop\u0161tavaju pritvorenici u otvorenom pismu.<\/p>\n\n\n\n<p>Kako navode, o\u010dito se de\u0161ava nasilje nad pravom a sudovi se vode praksom i zauzetim stavom, pritom znaju\u0107i da je u suprotnosti sa Zakonom i Ustavom Crne Gore i \u201esve pod politi\u010dkim pritiskom i selektivnom pravdom\u201c.<\/p>\n\n\n\n<p>Pritvorenici ukazuju da pritvori traju vi\u0161e od kazne i produ\u017eavaju se po istom \u0161ablonu izmontiranih optu\u017enica koje je jo\u0161 pisao Milivoje Katni\u0107, Lidija Vuk\u010devi\u0107 i Sa\u0161a \u010ca\u0111enovi\u0107.<\/p>\n\n\n\n<p>&#8220;Jemstva su mrtvo slovo na papiru, nepo\u0161tovanje odluka evropskih sudova, potvr\u0111ivanje optu\u017enica bez \u010ditanja i provjere sa iskonstruisanim \u010dinjenicama koje su \u010dist falsifikat! Tu\u017eila\u0161tvo \u0161titi glavne ljude biv\u0161eg re\u017eima koji su oplja\u010dkali ovu dr\u017eavu, ostavljaju\u0107i nerije\u0161eno preko 100 ubistava u vrijeme vladavine DPS-a. Odlu\u010dni, ne\u0107emo dozvoliti da budemo \u201c\u017ertvena jagnjad\u201d u zatvaranju Poglavlja 23 i 24, jer smo i mi ne\u010diji roditelji, ne\u010dija djeca, \u010dlanovi porodica, dr\u017eavljani ove zemlje i ne\u0107emo dati da se neko grubo i nezakonito igra sa na\u0161im sudbinama&#8221;, kategori\u010dni su pritvorenici u UIKS-u.<\/p>\n\n\n\n<p>Na kraju obra\u0107anja, pritvorenici spu\u0161kog zatvora pozivaju ambasadora Evropske unije u Crnoj Gori Johana Satlera i sve NVO da se uvjere u ovo \u0161to tra\u017ee i da provjere njihove navode, zbog \u010dega najavljuju od 15. septembra totalni \u0161trajk i blokadu sudova, sve do ispunjenja njihovih zahtjeva.<\/p>","protected":false},"excerpt":{"rendered":"<p>Pritvorenici Istra\u017enog zatvora u Upravi za izvr\u0161enje krivi\u010dnih sankcija (UIKS) u Spu\u017eu, poslije vi\u0161e upozorenja \u0161trajkom gla\u0111u, najavljuju od 15. septembra totalni \u0161trajk i blokadu sudova, sve do ispunjenja njihovih zahtjeva.<\/p>","protected":false},"author":1,"featured_media":908629,"comment_status":"open","ping_status":"open","sticky":false,"template":"","format":"standard","meta":{"_acf_changed":false,"footnotes":""},"categories":[17],"tags":[7813,363],"naslovna":[],"class_list":["post-947069","post","type-post","status-publish","format-standard","has-post-thumbnail","hentry","category-hronika","tag-sudovi","tag-zatvor"],"acf":[],"yoast_head":"<!-- This site is optimized with the Yoast SEO plugin v27.4 - https:\/\/yoast.com\/product\/yoast-seo-wordpress\/ -->\n<title>Pritvorenici u UIKS-u najavili \u0161trajk i blokadu sudova od 15. septembra - dmcsrb.com<\/title>\n<meta name=\"robots\" content=\"index, follow, max-snippet:-1, max-image-preview:large, max-video-preview:-1\" \/>\n<link rel=\"canonical\" href=\"https:\/\/dmcsrb.com\/en\/hronika\/pritvorenici-u-uiks-u-najavili-strajk-i-blokadu-sudova-od-15-septembra\/\" \/>\n<meta property=\"og:locale\" content=\"en_GB\" \/>\n<meta property=\"og:type\" content=\"article\" \/>\n<meta property=\"og:title\" content=\"Pritvorenici u UIKS-u najavili \u0161trajk i blokadu sudova od 15. septembra - dmcsrb.com\" \/>\n<meta property=\"og:description\" content=\"Pritvorenici Istra\u017enog zatvora u Upravi za izvr\u0161enje krivi\u010dnih sankcija (UIKS) u Spu\u017eu, poslije vi\u0161e upozorenja \u0161trajkom gla\u0111u, najavljuju od 15. septembra totalni \u0161trajk i blokadu sudova, sve do ispunjenja njihovih zahtjeva.\" \/>\n<meta property=\"og:url\" content=\"https:\/\/dmcsrb.com\/en\/hronika\/pritvorenici-u-uiks-u-najavili-strajk-i-blokadu-sudova-od-15-septembra\/\" \/>\n<meta property=\"og:site_name\" content=\"dmcsrb.com\" \/>\n<meta property=\"article:published_time\" content=\"2025-08-19T09:30:49+00:00\" \/>\n<meta property=\"og:image\" content=\"https:\/\/dmcsrb.com\/wp-content\/uploads\/2026\/01\/UIKS.jpg\" \/>\n\t<meta property=\"og:image:width\" content=\"1024\" \/>\n\t<meta property=\"og:image:height\" content=\"554\" \/>\n\t<meta property=\"og:image:type\" content=\"image\/jpeg\" \/>\n<meta name=\"author\" content=\"dmcsrbija.com@gmail.com\" \/>\n<meta name=\"twitter:card\" content=\"summary_large_image\" \/>\n<meta name=\"twitter:label1\" content=\"Written by\" \/>\n\t<meta name=\"twitter:data1\" content=\"dmcsrbija.com@gmail.com\" \/>\n\t<meta name=\"twitter:label2\" content=\"Estimated reading time\" \/>\n\t<meta name=\"twitter:data2\" content=\"3 minutes\" \/>\n<script type=\"application\/ld+json\" class=\"yoast-schema-graph\">{\"@context\":\"https:\\\/\\\/schema.org\",\"@graph\":[{\"@type\":\"Article\",\"@id\":\"https:\\\/\\\/dmcsrb.com\\\/hronika\\\/pritvorenici-u-uiks-u-najavili-strajk-i-blokadu-sudova-od-15-septembra\\\/#article\",\"isPartOf\":{\"@id\":\"https:\\\/\\\/dmcsrb.com\\\/hronika\\\/pritvorenici-u-uiks-u-najavili-strajk-i-blokadu-sudova-od-15-septembra\\\/\"},\"author\":{\"name\":\"dmcsrbija.com@gmail.com\",\"@id\":\"https:\\\/\\\/dmcsrb.com\\\/#\\\/schema\\\/person\\\/5c39170f12db1b8b457732d0b5c854e2\"},\"headline\":\"Pritvorenici u UIKS-u najavili \u0161trajk i blokadu sudova od 15. septembra\",\"datePublished\":\"2025-08-19T09:30:49+00:00\",\"mainEntityOfPage\":{\"@id\":\"https:\\\/\\\/dmcsrb.com\\\/hronika\\\/pritvorenici-u-uiks-u-najavili-strajk-i-blokadu-sudova-od-15-septembra\\\/\"},\"wordCount\":527,\"commentCount\":0,\"image\":{\"@id\":\"https:\\\/\\\/dmcsrb.com\\\/hronika\\\/pritvorenici-u-uiks-u-najavili-strajk-i-blokadu-sudova-od-15-septembra\\\/#primaryimage\"},\"thumbnailUrl\":\"https:\\\/\\\/dmcsrb.com\\\/wp-content\\\/uploads\\\/2026\\\/01\\\/UIKS.jpg\",\"keywords\":[\"sudovi\",\"Zatvor\"],\"articleSection\":[\"Hronika\"],\"inLanguage\":\"en-GB\",\"potentialAction\":[{\"@type\":\"CommentAction\",\"name\":\"Comment\",\"target\":[\"https:\\\/\\\/dmcsrb.com\\\/hronika\\\/pritvorenici-u-uiks-u-najavili-strajk-i-blokadu-sudova-od-15-septembra\\\/#respond\"]}]},{\"@type\":\"WebPage\",\"@id\":\"https:\\\/\\\/dmcsrb.com\\\/hronika\\\/pritvorenici-u-uiks-u-najavili-strajk-i-blokadu-sudova-od-15-septembra\\\/\",\"url\":\"https:\\\/\\\/dmcsrb.com\\\/hronika\\\/pritvorenici-u-uiks-u-najavili-strajk-i-blokadu-sudova-od-15-septembra\\\/\",\"name\":\"Pritvorenici u UIKS-u najavili \u0161trajk i blokadu sudova od 15. septembra - dmcsrb.com\",\"isPartOf\":{\"@id\":\"https:\\\/\\\/dmcsrb.com\\\/#website\"},\"primaryImageOfPage\":{\"@id\":\"https:\\\/\\\/dmcsrb.com\\\/hronika\\\/pritvorenici-u-uiks-u-najavili-strajk-i-blokadu-sudova-od-15-septembra\\\/#primaryimage\"},\"image\":{\"@id\":\"https:\\\/\\\/dmcsrb.com\\\/hronika\\\/pritvorenici-u-uiks-u-najavili-strajk-i-blokadu-sudova-od-15-septembra\\\/#primaryimage\"},\"thumbnailUrl\":\"https:\\\/\\\/dmcsrb.com\\\/wp-content\\\/uploads\\\/2026\\\/01\\\/UIKS.jpg\",\"datePublished\":\"2025-08-19T09:30:49+00:00\",\"author\":{\"@id\":\"https:\\\/\\\/dmcsrb.com\\\/#\\\/schema\\\/person\\\/5c39170f12db1b8b457732d0b5c854e2\"},\"breadcrumb\":{\"@id\":\"https:\\\/\\\/dmcsrb.com\\\/hronika\\\/pritvorenici-u-uiks-u-najavili-strajk-i-blokadu-sudova-od-15-septembra\\\/#breadcrumb\"},\"inLanguage\":\"en-GB\",\"potentialAction\":[{\"@type\":\"ReadAction\",\"target\":[\"https:\\\/\\\/dmcsrb.com\\\/hronika\\\/pritvorenici-u-uiks-u-najavili-strajk-i-blokadu-sudova-od-15-septembra\\\/\"]}]},{\"@type\":\"ImageObject\",\"inLanguage\":\"en-GB\",\"@id\":\"https:\\\/\\\/dmcsrb.com\\\/hronika\\\/pritvorenici-u-uiks-u-najavili-strajk-i-blokadu-sudova-od-15-septembra\\\/#primaryimage\",\"url\":\"https:\\\/\\\/dmcsrb.com\\\/wp-content\\\/uploads\\\/2026\\\/01\\\/UIKS.jpg\",\"contentUrl\":\"https:\\\/\\\/dmcsrb.com\\\/wp-content\\\/uploads\\\/2026\\\/01\\\/UIKS.jpg\",\"width\":1024,\"height\":554},{\"@type\":\"BreadcrumbList\",\"@id\":\"https:\\\/\\\/dmcsrb.com\\\/hronika\\\/pritvorenici-u-uiks-u-najavili-strajk-i-blokadu-sudova-od-15-septembra\\\/#breadcrumb\",\"itemListElement\":[{\"@type\":\"ListItem\",\"position\":1,\"name\":\"Home\",\"item\":\"https:\\\/\\\/dmcsrb.com\\\/\"},{\"@type\":\"ListItem\",\"position\":2,\"name\":\"Pritvorenici u UIKS-u najavili \u0161trajk i blokadu sudova od 15. septembra\"}]},{\"@type\":\"WebSite\",\"@id\":\"https:\\\/\\\/dmcsrb.com\\\/#website\",\"url\":\"https:\\\/\\\/dmcsrb.com\\\/\",\"name\":\"dmcsrb.com\",\"description\":\"\",\"potentialAction\":[{\"@type\":\"SearchAction\",\"target\":{\"@type\":\"EntryPoint\",\"urlTemplate\":\"https:\\\/\\\/dmcsrb.com\\\/?s={search_term_string}\"},\"query-input\":{\"@type\":\"PropertyValueSpecification\",\"valueRequired\":true,\"valueName\":\"search_term_string\"}}],\"inLanguage\":\"en-GB\"},{\"@type\":\"Person\",\"@id\":\"https:\\\/\\\/dmcsrb.com\\\/#\\\/schema\\\/person\\\/5c39170f12db1b8b457732d0b5c854e2\",\"name\":\"dmcsrbija.com@gmail.com\",\"image\":{\"@type\":\"ImageObject\",\"inLanguage\":\"en-GB\",\"@id\":\"https:\\\/\\\/secure.gravatar.com\\\/avatar\\\/68592660ad6347fad0fb587f8d5d8f1a7b44961362f56e4f2cd524feb87e9069?s=96&d=mm&r=g\",\"url\":\"https:\\\/\\\/secure.gravatar.com\\\/avatar\\\/68592660ad6347fad0fb587f8d5d8f1a7b44961362f56e4f2cd524feb87e9069?s=96&d=mm&r=g\",\"contentUrl\":\"https:\\\/\\\/secure.gravatar.com\\\/avatar\\\/68592660ad6347fad0fb587f8d5d8f1a7b44961362f56e4f2cd524feb87e9069?s=96&d=mm&r=g\",\"caption\":\"dmcsrbija.com@gmail.com\"},\"sameAs\":[\"https:\\\/\\\/dmcsrb.com\"],\"url\":\"https:\\\/\\\/dmcsrb.com\\\/en\\\/author\\\/dmcsrbija-comgmail-com\\\/\"}]}<\/script>\n<!-- \/ Yoast SEO plugin. -->","yoast_head_json":{"title":"Pritvorenici u UIKS-u najavili \u0161trajk i blokadu sudova od 15. septembra - dmcsrb.com","robots":{"index":"index","follow":"follow","max-snippet":"max-snippet:-1","max-image-preview":"max-image-preview:large","max-video-preview":"max-video-preview:-1"},"canonical":"https:\/\/dmcsrb.com\/en\/hronika\/pritvorenici-u-uiks-u-najavili-strajk-i-blokadu-sudova-od-15-septembra\/","og_locale":"en_GB","og_type":"article","og_title":"Pritvorenici u UIKS-u najavili \u0161trajk i blokadu sudova od 15. septembra - dmcsrb.com","og_description":"Pritvorenici Istra\u017enog zatvora u Upravi za izvr\u0161enje krivi\u010dnih sankcija (UIKS) u Spu\u017eu, poslije vi\u0161e upozorenja \u0161trajkom gla\u0111u, najavljuju od 15. septembra totalni \u0161trajk i blokadu sudova, sve do ispunjenja njihovih zahtjeva.","og_url":"https:\/\/dmcsrb.com\/en\/hronika\/pritvorenici-u-uiks-u-najavili-strajk-i-blokadu-sudova-od-15-septembra\/","og_site_name":"dmcsrb.com","article_published_time":"2025-08-19T09:30:49+00:00","og_image":[{"width":1024,"height":554,"url":"https:\/\/dmcsrb.com\/wp-content\/uploads\/2026\/01\/UIKS.jpg","type":"image\/jpeg"}],"author":"dmcsrbija.com@gmail.com","twitter_card":"summary_large_image","twitter_misc":{"Written by":"dmcsrbija.com@gmail.com","Estimated reading time":"3 minutes"},"schema":{"@context":"https:\/\/schema.org","@graph":[{"@type":"Article","@id":"https:\/\/dmcsrb.com\/hronika\/pritvorenici-u-uiks-u-najavili-strajk-i-blokadu-sudova-od-15-septembra\/#article","isPartOf":{"@id":"https:\/\/dmcsrb.com\/hronika\/pritvorenici-u-uiks-u-najavili-strajk-i-blokadu-sudova-od-15-septembra\/"},"author":{"name":"dmcsrbija.com@gmail.com","@id":"https:\/\/dmcsrb.com\/#\/schema\/person\/5c39170f12db1b8b457732d0b5c854e2"},"headline":"Pritvorenici u UIKS-u najavili \u0161trajk i blokadu sudova od 15. septembra","datePublished":"2025-08-19T09:30:49+00:00","mainEntityOfPage":{"@id":"https:\/\/dmcsrb.com\/hronika\/pritvorenici-u-uiks-u-najavili-strajk-i-blokadu-sudova-od-15-septembra\/"},"wordCount":527,"commentCount":0,"image":{"@id":"https:\/\/dmcsrb.com\/hronika\/pritvorenici-u-uiks-u-najavili-strajk-i-blokadu-sudova-od-15-septembra\/#primaryimage"},"thumbnailUrl":"https:\/\/dmcsrb.com\/wp-content\/uploads\/2026\/01\/UIKS.jpg","keywords":["sudovi","Zatvor"],"articleSection":["Hronika"],"inLanguage":"en-GB","potentialAction":[{"@type":"CommentAction","name":"Comment","target":["https:\/\/dmcsrb.com\/hronika\/pritvorenici-u-uiks-u-najavili-strajk-i-blokadu-sudova-od-15-septembra\/#respond"]}]},{"@type":"WebPage","@id":"https:\/\/dmcsrb.com\/hronika\/pritvorenici-u-uiks-u-najavili-strajk-i-blokadu-sudova-od-15-septembra\/","url":"https:\/\/dmcsrb.com\/hronika\/pritvorenici-u-uiks-u-najavili-strajk-i-blokadu-sudova-od-15-septembra\/","name":"Pritvorenici u UIKS-u najavili \u0161trajk i blokadu sudova od 15. septembra - dmcsrb.com","isPartOf":{"@id":"https:\/\/dmcsrb.com\/#website"},"primaryImageOfPage":{"@id":"https:\/\/dmcsrb.com\/hronika\/pritvorenici-u-uiks-u-najavili-strajk-i-blokadu-sudova-od-15-septembra\/#primaryimage"},"image":{"@id":"https:\/\/dmcsrb.com\/hronika\/pritvorenici-u-uiks-u-najavili-strajk-i-blokadu-sudova-od-15-septembra\/#primaryimage"},"thumbnailUrl":"https:\/\/dmcsrb.com\/wp-content\/uploads\/2026\/01\/UIKS.jpg","datePublished":"2025-08-19T09:30:49+00:00","author":{"@id":"https:\/\/dmcsrb.com\/#\/schema\/person\/5c39170f12db1b8b457732d0b5c854e2"},"breadcrumb":{"@id":"https:\/\/dmcsrb.com\/hronika\/pritvorenici-u-uiks-u-najavili-strajk-i-blokadu-sudova-od-15-septembra\/#breadcrumb"},"inLanguage":"en-GB","potentialAction":[{"@type":"ReadAction","target":["https:\/\/dmcsrb.com\/hronika\/pritvorenici-u-uiks-u-najavili-strajk-i-blokadu-sudova-od-15-septembra\/"]}]},{"@type":"ImageObject","inLanguage":"en-GB","@id":"https:\/\/dmcsrb.com\/hronika\/pritvorenici-u-uiks-u-najavili-strajk-i-blokadu-sudova-od-15-septembra\/#primaryimage","url":"https:\/\/dmcsrb.com\/wp-content\/uploads\/2026\/01\/UIKS.jpg","contentUrl":"https:\/\/dmcsrb.com\/wp-content\/uploads\/2026\/01\/UIKS.jpg","width":1024,"height":554},{"@type":"BreadcrumbList","@id":"https:\/\/dmcsrb.com\/hronika\/pritvorenici-u-uiks-u-najavili-strajk-i-blokadu-sudova-od-15-septembra\/#breadcrumb","itemListElement":[{"@type":"ListItem","position":1,"name":"Home","item":"https:\/\/dmcsrb.com\/"},{"@type":"ListItem","position":2,"name":"Pritvorenici u UIKS-u najavili \u0161trajk i blokadu sudova od 15. septembra"}]},{"@type":"WebSite","@id":"https:\/\/dmcsrb.com\/#website","url":"https:\/\/dmcsrb.com\/","name":"dmcsrb.com","description":"","potentialAction":[{"@type":"SearchAction","target":{"@type":"EntryPoint","urlTemplate":"https:\/\/dmcsrb.com\/?s={search_term_string}"},"query-input":{"@type":"PropertyValueSpecification","valueRequired":true,"valueName":"search_term_string"}}],"inLanguage":"en-GB"},{"@type":"Person","@id":"https:\/\/dmcsrb.com\/#\/schema\/person\/5c39170f12db1b8b457732d0b5c854e2","name":"dmcsrbija.com@gmail.com","image":{"@type":"ImageObject","inLanguage":"en-GB","@id":"https:\/\/secure.gravatar.com\/avatar\/68592660ad6347fad0fb587f8d5d8f1a7b44961362f56e4f2cd524feb87e9069?s=96&d=mm&r=g","url":"https:\/\/secure.gravatar.com\/avatar\/68592660ad6347fad0fb587f8d5d8f1a7b44961362f56e4f2cd524feb87e9069?s=96&d=mm&r=g","contentUrl":"https:\/\/secure.gravatar.com\/avatar\/68592660ad6347fad0fb587f8d5d8f1a7b44961362f56e4f2cd524feb87e9069?s=96&d=mm&r=g","caption":"dmcsrbija.com@gmail.com"},"sameAs":["https:\/\/dmcsrb.com"],"url":"https:\/\/dmcsrb.com\/en\/author\/dmcsrbija-comgmail-com\/"}]}},"_links":{"self":[{"href":"https:\/\/dmcsrb.com\/en\/wp-json\/wp\/v2\/posts\/947069","targetHints":{"allow":["GET"]}}],"collection":[{"href":"https:\/\/dmcsrb.com\/en\/wp-json\/wp\/v2\/posts"}],"about":[{"href":"https:\/\/dmcsrb.com\/en\/wp-json\/wp\/v2\/types\/post"}],"author":[{"embeddable":true,"href":"https:\/\/dmcsrb.com\/en\/wp-json\/wp\/v2\/users\/1"}],"replies":[{"embeddable":true,"href":"https:\/\/dmcsrb.com\/en\/wp-json\/wp\/v2\/comments?post=947069"}],"version-history":[{"count":0,"href":"https:\/\/dmcsrb.com\/en\/wp-json\/wp\/v2\/posts\/947069\/revisions"}],"wp:featuredmedia":[{"embeddable":true,"href":"https:\/\/dmcsrb.com\/en\/wp-json\/wp\/v2\/media\/908629"}],"wp:attachment":[{"href":"https:\/\/dmcsrb.com\/en\/wp-json\/wp\/v2\/media?parent=947069"}],"wp:term":[{"taxonomy":"category","embeddable":true,"href":"https:\/\/dmcsrb.com\/en\/wp-json\/wp\/v2\/categories?post=947069"},{"taxonomy":"post_tag","embeddable":true,"href":"https:\/\/dmcsrb.com\/en\/wp-json\/wp\/v2\/tags?post=947069"},{"taxonomy":"naslovna","embeddable":true,"href":"https:\/\/dmcsrb.com\/en\/wp-json\/wp\/v2\/naslovna?post=947069"}],"curies":[{"name":"wp","href":"https:\/\/api.w.org\/{rel}","templated":true}]}}