{"id":947068,"date":"2025-08-19T12:14:00","date_gmt":"2025-08-19T10:14:00","guid":{"rendered":"https:\/\/dmcsrb.com\/uncategorized\/dodik-ne-prihvatam-okupacionu-vlast-i-muslimanski-fundamentalizam\/"},"modified":"2025-08-19T12:14:00","modified_gmt":"2025-08-19T10:14:00","slug":"dodik-ne-prihvatam-okupacionu-vlast-i-muslimanski-fundamentalizam","status":"publish","type":"post","link":"https:\/\/dmcsrb.com\/en\/region\/dodik-ne-prihvatam-okupacionu-vlast-i-muslimanski-fundamentalizam\/","title":{"rendered":"Dodik: Ne prihvatam okupacionu vlast i muslimanski fundamentalizam"},"content":{"rendered":"<p><\/p>\n\n\n\n<p>\u201cIli \u0107e pobijediti stranci ili volja naroda. Vjerujem da \u0107e pobijediti volja na\u0161eg naroda. Imam mandat i nastavi\u0107u raditi svoj posao. Ne\u0107u dozvoliti da Republike Srpsku poni\u017eavaju\u201d, rekao je Dodik novinarima u Doboju gdje je prisustvovao proslavi krsne slave tog grada.<\/p>\n\n\n\n<p>On je naveo da su mu \u201csudile sudije koje su bile vojne sudije u toku gra\u0111anskog rata u BiH, a koji su poznati srbomrsci, okrenuti tome da Srbima isklju\u010divo nanesu udarac i zlo\u201d, prenijela je Radio-televizija RS (RTRS).<\/p>\n\n\n\n<p>Rekao je da je&nbsp;<strong>Sena Uzunovi\u0107,<\/strong>&nbsp;koja mu je izrekla prvostepenu osu\u0111uju\u0107u presudu zbog neizvr\u0161avanja odluka visokog predstavnika, bila vojni sudija u Konjicu i \u201cnije procesuirala ubice protiv porodice Gavrilovi\u0107a, kada je ubijen profesor gimnazije, njegova supruga i njihova dva maloljetna sina\u201d.<\/p>\n\n\n\n<p>\u201cS druge strane, tu je dimenzija stranca. Stranac je do\u0161ao ovde da rje\u0161ava demokratiju. Vide\u0107emo, ili \u0107e biti demokratska volja na\u0161eg naroda ili \u0107e oni pobijediti. \u0408a vjerujem da \u0107e pobijediti volja na\u0161eg naroda\u201d, kazao je Dodik.<\/p>\n\n\n\n<p>Prema njegovim rije\u010dima, Republika Srpska se nalazi pod stalnim hibridnim ratom stranaca, prije svega visokog predstavnika u BiH Kristijana \u0160mita (Christian Schmidt), ali i, kako je ocijenio, \u201cmrzila\u010dkim napadima muslimana koji nikada ne prestaju\u201d.<\/p>\n\n\n\n<p>\u201cKod njih je sve nakaradno, zala\u017eu se za Dejtonski sporazum, a onda ka\u017eu da je to luda\u010dka ko\u0161ulja. Dejtonski sporazum je propao, neko \u0107e jednog dana odsvirati kraj, a mi toga dana sigurno ne\u0107emo biti u BiH\u201d, kazao je Dodik.<\/p>\n\n\n\n<p>Navode\u0107i da \u017ee RS \u201csve rije\u0161iti mirno\u201d, on je pozvao gra\u0111ane ovog bh. entiteta da iza\u0111u na dva referenduma.<\/p>\n\n\n\n<p>\u201cPrvi \u0107e biti ovaj koji \u0107e odbiti to njihovo nastojanje, a drugi \u0107e biti na bazi neprihvatanja volje prvog referenduma, jer vjerujemo da \u0107e tako biti\u201d, naglasio je on.<\/p>","protected":false},"excerpt":{"rendered":"<p>Milorad Dodik, kojem je u ponedjeljak pravosna\u017eno oduzet mandat predsjednika Republike Srpske, izjavio je danas u Doboju da \u201cne prihvata okupacijsku vlast i muslimanski fundamentalizam\u201d.<\/p>","protected":false},"author":1,"featured_media":944211,"comment_status":"open","ping_status":"open","sticky":false,"template":"","format":"standard","meta":{"_acf_changed":false,"footnotes":""},"categories":[103],"tags":[85,6776],"naslovna":[],"class_list":["post-947068","post","type-post","status-publish","format-standard","has-post-thumbnail","hentry","category-region","tag-bosna","tag-dodik"],"acf":[],"yoast_head":"<!-- This site is optimized with the Yoast SEO plugin v27.4 - https:\/\/yoast.com\/product\/yoast-seo-wordpress\/ -->\n<title>Dodik: Ne prihvatam okupacionu vlast i muslimanski fundamentalizam - dmcsrb.com<\/title>\n<meta name=\"robots\" content=\"index, follow, max-snippet:-1, max-image-preview:large, max-video-preview:-1\" \/>\n<link rel=\"canonical\" href=\"https:\/\/dmcsrb.com\/en\/region\/dodik-ne-prihvatam-okupacionu-vlast-i-muslimanski-fundamentalizam\/\" \/>\n<meta property=\"og:locale\" content=\"en_GB\" \/>\n<meta property=\"og:type\" content=\"article\" \/>\n<meta property=\"og:title\" content=\"Dodik: Ne prihvatam okupacionu vlast i muslimanski fundamentalizam - dmcsrb.com\" \/>\n<meta property=\"og:description\" content=\"Milorad Dodik, kojem je u ponedjeljak pravosna\u017eno oduzet mandat predsjednika Republike Srpske, izjavio je danas u Doboju da \u201cne prihvata okupacijsku vlast i muslimanski fundamentalizam\u201d.\" \/>\n<meta property=\"og:url\" content=\"https:\/\/dmcsrb.com\/en\/region\/dodik-ne-prihvatam-okupacionu-vlast-i-muslimanski-fundamentalizam\/\" \/>\n<meta property=\"og:site_name\" content=\"dmcsrb.com\" \/>\n<meta property=\"article:published_time\" content=\"2025-08-19T10:14:00+00:00\" \/>\n<meta property=\"og:image\" content=\"https:\/\/dmcsrb.com\/wp-content\/uploads\/2026\/01\/Milorad-Dodik-foto-AP.webp\" \/>\n\t<meta property=\"og:image:width\" content=\"1011\" \/>\n\t<meta property=\"og:image:height\" content=\"625\" \/>\n\t<meta property=\"og:image:type\" content=\"image\/jpeg\" \/>\n<meta name=\"author\" content=\"dmcsrbija.com@gmail.com\" \/>\n<meta name=\"twitter:card\" content=\"summary_large_image\" \/>\n<meta name=\"twitter:label1\" content=\"Written by\" \/>\n\t<meta name=\"twitter:data1\" content=\"dmcsrbija.com@gmail.com\" \/>\n\t<meta name=\"twitter:label2\" content=\"Estimated reading time\" \/>\n\t<meta name=\"twitter:data2\" content=\"2 minutes\" \/>\n<script type=\"application\/ld+json\" class=\"yoast-schema-graph\">{\"@context\":\"https:\\\/\\\/schema.org\",\"@graph\":[{\"@type\":\"Article\",\"@id\":\"https:\\\/\\\/dmcsrb.com\\\/region\\\/dodik-ne-prihvatam-okupacionu-vlast-i-muslimanski-fundamentalizam\\\/#article\",\"isPartOf\":{\"@id\":\"https:\\\/\\\/dmcsrb.com\\\/region\\\/dodik-ne-prihvatam-okupacionu-vlast-i-muslimanski-fundamentalizam\\\/\"},\"author\":{\"name\":\"dmcsrbija.com@gmail.com\",\"@id\":\"https:\\\/\\\/dmcsrb.com\\\/#\\\/schema\\\/person\\\/5c39170f12db1b8b457732d0b5c854e2\"},\"headline\":\"Dodik: Ne prihvatam okupacionu vlast i muslimanski fundamentalizam\",\"datePublished\":\"2025-08-19T10:14:00+00:00\",\"mainEntityOfPage\":{\"@id\":\"https:\\\/\\\/dmcsrb.com\\\/region\\\/dodik-ne-prihvatam-okupacionu-vlast-i-muslimanski-fundamentalizam\\\/\"},\"wordCount\":316,\"commentCount\":0,\"image\":{\"@id\":\"https:\\\/\\\/dmcsrb.com\\\/region\\\/dodik-ne-prihvatam-okupacionu-vlast-i-muslimanski-fundamentalizam\\\/#primaryimage\"},\"thumbnailUrl\":\"https:\\\/\\\/dmcsrb.com\\\/wp-content\\\/uploads\\\/2026\\\/01\\\/Milorad-Dodik-foto-AP.webp\",\"keywords\":[\"Bosna\",\"Dodik\"],\"articleSection\":[\"Region\"],\"inLanguage\":\"en-GB\",\"potentialAction\":[{\"@type\":\"CommentAction\",\"name\":\"Comment\",\"target\":[\"https:\\\/\\\/dmcsrb.com\\\/region\\\/dodik-ne-prihvatam-okupacionu-vlast-i-muslimanski-fundamentalizam\\\/#respond\"]}]},{\"@type\":\"WebPage\",\"@id\":\"https:\\\/\\\/dmcsrb.com\\\/region\\\/dodik-ne-prihvatam-okupacionu-vlast-i-muslimanski-fundamentalizam\\\/\",\"url\":\"https:\\\/\\\/dmcsrb.com\\\/region\\\/dodik-ne-prihvatam-okupacionu-vlast-i-muslimanski-fundamentalizam\\\/\",\"name\":\"Dodik: Ne prihvatam okupacionu vlast i muslimanski fundamentalizam - dmcsrb.com\",\"isPartOf\":{\"@id\":\"https:\\\/\\\/dmcsrb.com\\\/#website\"},\"primaryImageOfPage\":{\"@id\":\"https:\\\/\\\/dmcsrb.com\\\/region\\\/dodik-ne-prihvatam-okupacionu-vlast-i-muslimanski-fundamentalizam\\\/#primaryimage\"},\"image\":{\"@id\":\"https:\\\/\\\/dmcsrb.com\\\/region\\\/dodik-ne-prihvatam-okupacionu-vlast-i-muslimanski-fundamentalizam\\\/#primaryimage\"},\"thumbnailUrl\":\"https:\\\/\\\/dmcsrb.com\\\/wp-content\\\/uploads\\\/2026\\\/01\\\/Milorad-Dodik-foto-AP.webp\",\"datePublished\":\"2025-08-19T10:14:00+00:00\",\"author\":{\"@id\":\"https:\\\/\\\/dmcsrb.com\\\/#\\\/schema\\\/person\\\/5c39170f12db1b8b457732d0b5c854e2\"},\"breadcrumb\":{\"@id\":\"https:\\\/\\\/dmcsrb.com\\\/region\\\/dodik-ne-prihvatam-okupacionu-vlast-i-muslimanski-fundamentalizam\\\/#breadcrumb\"},\"inLanguage\":\"en-GB\",\"potentialAction\":[{\"@type\":\"ReadAction\",\"target\":[\"https:\\\/\\\/dmcsrb.com\\\/region\\\/dodik-ne-prihvatam-okupacionu-vlast-i-muslimanski-fundamentalizam\\\/\"]}]},{\"@type\":\"ImageObject\",\"inLanguage\":\"en-GB\",\"@id\":\"https:\\\/\\\/dmcsrb.com\\\/region\\\/dodik-ne-prihvatam-okupacionu-vlast-i-muslimanski-fundamentalizam\\\/#primaryimage\",\"url\":\"https:\\\/\\\/dmcsrb.com\\\/wp-content\\\/uploads\\\/2026\\\/01\\\/Milorad-Dodik-foto-AP.webp\",\"contentUrl\":\"https:\\\/\\\/dmcsrb.com\\\/wp-content\\\/uploads\\\/2026\\\/01\\\/Milorad-Dodik-foto-AP.webp\",\"width\":1011,\"height\":625},{\"@type\":\"BreadcrumbList\",\"@id\":\"https:\\\/\\\/dmcsrb.com\\\/region\\\/dodik-ne-prihvatam-okupacionu-vlast-i-muslimanski-fundamentalizam\\\/#breadcrumb\",\"itemListElement\":[{\"@type\":\"ListItem\",\"position\":1,\"name\":\"Home\",\"item\":\"https:\\\/\\\/dmcsrb.com\\\/\"},{\"@type\":\"ListItem\",\"position\":2,\"name\":\"Dodik: Ne prihvatam okupacionu vlast i muslimanski fundamentalizam\"}]},{\"@type\":\"WebSite\",\"@id\":\"https:\\\/\\\/dmcsrb.com\\\/#website\",\"url\":\"https:\\\/\\\/dmcsrb.com\\\/\",\"name\":\"dmcsrb.com\",\"description\":\"\",\"potentialAction\":[{\"@type\":\"SearchAction\",\"target\":{\"@type\":\"EntryPoint\",\"urlTemplate\":\"https:\\\/\\\/dmcsrb.com\\\/?s={search_term_string}\"},\"query-input\":{\"@type\":\"PropertyValueSpecification\",\"valueRequired\":true,\"valueName\":\"search_term_string\"}}],\"inLanguage\":\"en-GB\"},{\"@type\":\"Person\",\"@id\":\"https:\\\/\\\/dmcsrb.com\\\/#\\\/schema\\\/person\\\/5c39170f12db1b8b457732d0b5c854e2\",\"name\":\"dmcsrbija.com@gmail.com\",\"image\":{\"@type\":\"ImageObject\",\"inLanguage\":\"en-GB\",\"@id\":\"https:\\\/\\\/secure.gravatar.com\\\/avatar\\\/68592660ad6347fad0fb587f8d5d8f1a7b44961362f56e4f2cd524feb87e9069?s=96&d=mm&r=g\",\"url\":\"https:\\\/\\\/secure.gravatar.com\\\/avatar\\\/68592660ad6347fad0fb587f8d5d8f1a7b44961362f56e4f2cd524feb87e9069?s=96&d=mm&r=g\",\"contentUrl\":\"https:\\\/\\\/secure.gravatar.com\\\/avatar\\\/68592660ad6347fad0fb587f8d5d8f1a7b44961362f56e4f2cd524feb87e9069?s=96&d=mm&r=g\",\"caption\":\"dmcsrbija.com@gmail.com\"},\"sameAs\":[\"https:\\\/\\\/dmcsrb.com\"],\"url\":\"https:\\\/\\\/dmcsrb.com\\\/en\\\/author\\\/dmcsrbija-comgmail-com\\\/\"}]}<\/script>\n<!-- \/ Yoast SEO plugin. -->","yoast_head_json":{"title":"Dodik: Ne prihvatam okupacionu vlast i muslimanski fundamentalizam - dmcsrb.com","robots":{"index":"index","follow":"follow","max-snippet":"max-snippet:-1","max-image-preview":"max-image-preview:large","max-video-preview":"max-video-preview:-1"},"canonical":"https:\/\/dmcsrb.com\/en\/region\/dodik-ne-prihvatam-okupacionu-vlast-i-muslimanski-fundamentalizam\/","og_locale":"en_GB","og_type":"article","og_title":"Dodik: Ne prihvatam okupacionu vlast i muslimanski fundamentalizam - dmcsrb.com","og_description":"Milorad Dodik, kojem je u ponedjeljak pravosna\u017eno oduzet mandat predsjednika Republike Srpske, izjavio je danas u Doboju da \u201cne prihvata okupacijsku vlast i muslimanski fundamentalizam\u201d.","og_url":"https:\/\/dmcsrb.com\/en\/region\/dodik-ne-prihvatam-okupacionu-vlast-i-muslimanski-fundamentalizam\/","og_site_name":"dmcsrb.com","article_published_time":"2025-08-19T10:14:00+00:00","og_image":[{"width":1011,"height":625,"url":"https:\/\/dmcsrb.com\/wp-content\/uploads\/2026\/01\/Milorad-Dodik-foto-AP.webp","type":"image\/jpeg"}],"author":"dmcsrbija.com@gmail.com","twitter_card":"summary_large_image","twitter_misc":{"Written by":"dmcsrbija.com@gmail.com","Estimated reading time":"2 minutes"},"schema":{"@context":"https:\/\/schema.org","@graph":[{"@type":"Article","@id":"https:\/\/dmcsrb.com\/region\/dodik-ne-prihvatam-okupacionu-vlast-i-muslimanski-fundamentalizam\/#article","isPartOf":{"@id":"https:\/\/dmcsrb.com\/region\/dodik-ne-prihvatam-okupacionu-vlast-i-muslimanski-fundamentalizam\/"},"author":{"name":"dmcsrbija.com@gmail.com","@id":"https:\/\/dmcsrb.com\/#\/schema\/person\/5c39170f12db1b8b457732d0b5c854e2"},"headline":"Dodik: Ne prihvatam okupacionu vlast i muslimanski fundamentalizam","datePublished":"2025-08-19T10:14:00+00:00","mainEntityOfPage":{"@id":"https:\/\/dmcsrb.com\/region\/dodik-ne-prihvatam-okupacionu-vlast-i-muslimanski-fundamentalizam\/"},"wordCount":316,"commentCount":0,"image":{"@id":"https:\/\/dmcsrb.com\/region\/dodik-ne-prihvatam-okupacionu-vlast-i-muslimanski-fundamentalizam\/#primaryimage"},"thumbnailUrl":"https:\/\/dmcsrb.com\/wp-content\/uploads\/2026\/01\/Milorad-Dodik-foto-AP.webp","keywords":["Bosna","Dodik"],"articleSection":["Region"],"inLanguage":"en-GB","potentialAction":[{"@type":"CommentAction","name":"Comment","target":["https:\/\/dmcsrb.com\/region\/dodik-ne-prihvatam-okupacionu-vlast-i-muslimanski-fundamentalizam\/#respond"]}]},{"@type":"WebPage","@id":"https:\/\/dmcsrb.com\/region\/dodik-ne-prihvatam-okupacionu-vlast-i-muslimanski-fundamentalizam\/","url":"https:\/\/dmcsrb.com\/region\/dodik-ne-prihvatam-okupacionu-vlast-i-muslimanski-fundamentalizam\/","name":"Dodik: Ne prihvatam okupacionu vlast i muslimanski fundamentalizam - dmcsrb.com","isPartOf":{"@id":"https:\/\/dmcsrb.com\/#website"},"primaryImageOfPage":{"@id":"https:\/\/dmcsrb.com\/region\/dodik-ne-prihvatam-okupacionu-vlast-i-muslimanski-fundamentalizam\/#primaryimage"},"image":{"@id":"https:\/\/dmcsrb.com\/region\/dodik-ne-prihvatam-okupacionu-vlast-i-muslimanski-fundamentalizam\/#primaryimage"},"thumbnailUrl":"https:\/\/dmcsrb.com\/wp-content\/uploads\/2026\/01\/Milorad-Dodik-foto-AP.webp","datePublished":"2025-08-19T10:14:00+00:00","author":{"@id":"https:\/\/dmcsrb.com\/#\/schema\/person\/5c39170f12db1b8b457732d0b5c854e2"},"breadcrumb":{"@id":"https:\/\/dmcsrb.com\/region\/dodik-ne-prihvatam-okupacionu-vlast-i-muslimanski-fundamentalizam\/#breadcrumb"},"inLanguage":"en-GB","potentialAction":[{"@type":"ReadAction","target":["https:\/\/dmcsrb.com\/region\/dodik-ne-prihvatam-okupacionu-vlast-i-muslimanski-fundamentalizam\/"]}]},{"@type":"ImageObject","inLanguage":"en-GB","@id":"https:\/\/dmcsrb.com\/region\/dodik-ne-prihvatam-okupacionu-vlast-i-muslimanski-fundamentalizam\/#primaryimage","url":"https:\/\/dmcsrb.com\/wp-content\/uploads\/2026\/01\/Milorad-Dodik-foto-AP.webp","contentUrl":"https:\/\/dmcsrb.com\/wp-content\/uploads\/2026\/01\/Milorad-Dodik-foto-AP.webp","width":1011,"height":625},{"@type":"BreadcrumbList","@id":"https:\/\/dmcsrb.com\/region\/dodik-ne-prihvatam-okupacionu-vlast-i-muslimanski-fundamentalizam\/#breadcrumb","itemListElement":[{"@type":"ListItem","position":1,"name":"Home","item":"https:\/\/dmcsrb.com\/"},{"@type":"ListItem","position":2,"name":"Dodik: Ne prihvatam okupacionu vlast i muslimanski fundamentalizam"}]},{"@type":"WebSite","@id":"https:\/\/dmcsrb.com\/#website","url":"https:\/\/dmcsrb.com\/","name":"dmcsrb.com","description":"","potentialAction":[{"@type":"SearchAction","target":{"@type":"EntryPoint","urlTemplate":"https:\/\/dmcsrb.com\/?s={search_term_string}"},"query-input":{"@type":"PropertyValueSpecification","valueRequired":true,"valueName":"search_term_string"}}],"inLanguage":"en-GB"},{"@type":"Person","@id":"https:\/\/dmcsrb.com\/#\/schema\/person\/5c39170f12db1b8b457732d0b5c854e2","name":"dmcsrbija.com@gmail.com","image":{"@type":"ImageObject","inLanguage":"en-GB","@id":"https:\/\/secure.gravatar.com\/avatar\/68592660ad6347fad0fb587f8d5d8f1a7b44961362f56e4f2cd524feb87e9069?s=96&d=mm&r=g","url":"https:\/\/secure.gravatar.com\/avatar\/68592660ad6347fad0fb587f8d5d8f1a7b44961362f56e4f2cd524feb87e9069?s=96&d=mm&r=g","contentUrl":"https:\/\/secure.gravatar.com\/avatar\/68592660ad6347fad0fb587f8d5d8f1a7b44961362f56e4f2cd524feb87e9069?s=96&d=mm&r=g","caption":"dmcsrbija.com@gmail.com"},"sameAs":["https:\/\/dmcsrb.com"],"url":"https:\/\/dmcsrb.com\/en\/author\/dmcsrbija-comgmail-com\/"}]}},"_links":{"self":[{"href":"https:\/\/dmcsrb.com\/en\/wp-json\/wp\/v2\/posts\/947068","targetHints":{"allow":["GET"]}}],"collection":[{"href":"https:\/\/dmcsrb.com\/en\/wp-json\/wp\/v2\/posts"}],"about":[{"href":"https:\/\/dmcsrb.com\/en\/wp-json\/wp\/v2\/types\/post"}],"author":[{"embeddable":true,"href":"https:\/\/dmcsrb.com\/en\/wp-json\/wp\/v2\/users\/1"}],"replies":[{"embeddable":true,"href":"https:\/\/dmcsrb.com\/en\/wp-json\/wp\/v2\/comments?post=947068"}],"version-history":[{"count":0,"href":"https:\/\/dmcsrb.com\/en\/wp-json\/wp\/v2\/posts\/947068\/revisions"}],"wp:featuredmedia":[{"embeddable":true,"href":"https:\/\/dmcsrb.com\/en\/wp-json\/wp\/v2\/media\/944211"}],"wp:attachment":[{"href":"https:\/\/dmcsrb.com\/en\/wp-json\/wp\/v2\/media?parent=947068"}],"wp:term":[{"taxonomy":"category","embeddable":true,"href":"https:\/\/dmcsrb.com\/en\/wp-json\/wp\/v2\/categories?post=947068"},{"taxonomy":"post_tag","embeddable":true,"href":"https:\/\/dmcsrb.com\/en\/wp-json\/wp\/v2\/tags?post=947068"},{"taxonomy":"naslovna","embeddable":true,"href":"https:\/\/dmcsrb.com\/en\/wp-json\/wp\/v2\/naslovna?post=947068"}],"curies":[{"name":"wp","href":"https:\/\/api.w.org\/{rel}","templated":true}]}}