{"id":946997,"date":"2025-08-19T06:55:00","date_gmt":"2025-08-19T04:55:00","guid":{"rendered":"https:\/\/dmcsrb.com\/uncategorized\/vukadinovic-potez-lutovca-pokazuje-da-se-pes-nece-prikloniti-kleronacionalizmu\/"},"modified":"2025-08-19T06:55:00","modified_gmt":"2025-08-19T04:55:00","slug":"vukadinovic-potez-lutovca-pokazuje-da-se-pes-nece-prikloniti-kleronacionalizmu","status":"publish","type":"post","link":"https:\/\/dmcsrb.com\/en\/politika\/vukadinovic-potez-lutovca-pokazuje-da-se-pes-nece-prikloniti-kleronacionalizmu\/","title":{"rendered":"Vukadinovi\u0107: Potez Lutovca pokazuje da se PES ne\u0107e prikloniti kleronacionalizmu"},"content":{"rendered":"<p><\/p>\n\n\n\n<p>Protekli vikend protekao je u razmjeni optu\u017ebi izme\u0111u mitropolita budimljansko-nik\u0161i\u0107kog Metodija i prvog \u010dovjeka sjeverne op\u0161tine u kojoj je 8. avgusta otkriven spomenik ratnom zlo\u010dincu i \u010detni\u010dkom vo\u0111i Pavlu \u0110uri\u0161i\u0107u, a koji je kasnije uklonjen i premje\u0161ten u crkvu.<\/p>\n\n\n\n<p>Prema rije\u010dima Metodija, Lutovac je \u201ekriv za tenzije koje su se dogodile u Gornjem Zaostru prilikom uklanjanja spomenika \u0110uri\u0161i\u0107u\u201c. Tako\u0111e je ukazao kako je predsjedniku beranske op\u0161tine, kao i gradskom sekretaru i predsjedniku Op\u0161tinskog odbora SNP-a Ivanu Radevi\u0107u namjera \u201eprogon srpskog naroda, srpske istorije i srpske crkve\u201c.<\/p>\n\n\n\n<p>S druge strane, Lutovac je istakao kako je \u201esmirivao tenzije i u\u010dinio da ne do\u0111e do sukoba\u201c, te da \u201eMetodije nije pokazao konstruktivnost i odgovornost kao druga sve\u0161tena lica\u201c, uz podsje\u0107anje na svoju izjavu kako \u201e\u017eivimo u sekularnoj dr\u017eavi\u201c \u010diji se \u201ezakoni moraju po\u0161tovati\u201c. Stavove i pona\u0161anje predsjednika beranske op\u0161tine zatim su podr\u017eale kolege iz PES-a, od predsjednika partije i premijera Milojka Spaji\u0107a, preko \u0161efa njegovog kabineta Branka Krvavca, ministarke prosvjete An\u0111ele Jak\u0161i\u0107-Stojanovi\u0107 i poslanice Jelene Nedovi\u0107, do samih gra\u0111ana Berana.<\/p>\n\n\n\n<p>Komentari\u0161u\u0107i ova de\u0161avanja, Vukadinovi\u0107 je za Pobjedu potcrtao da je rije\u010d o hvale vrijednim potezima dvojice funkcionera beranske op\u0161tine.<\/p>\n\n\n\n<p>&#8220;Potez predsjednika Lutovca je jako zna\u010dajan za o\u010duvanje mira, tolerancije i ne\u010dega \u0161to pokazuje da u Crnoj Gori te\u0161ko mo\u017ee i\u0107i bilo kakva klerikalizacija. A vidjeli smo i da je predstavnik SNP-a, koji je u lokalnoj vlasti jedan od sekretara, onemogu\u0107io blokadu puta&#8221;, ukazao je on.<\/p>\n\n\n\n<figure class=\"wp-block-image size-large\"><img decoding=\"async\" src=\"https:\/\/gradski.me\/wp-content\/uploads\/2024\/10\/srdjan-Vukadinovic-1024x503.jpg\" alt=\"\" class=\"wp-image-626360\"\/><figcaption class=\"wp-element-caption\">Foto: Gradski.me<\/figcaption><\/figure>\n\n\n\n<p>Za Vukadinovi\u0107a je ovakva reakcija PES-a, kao \u010dlanice vladaju\u0107e koalicije, znak da je \u201edo\u0161lo do novog kursa\u201c.<\/p>\n\n\n\n<p>&#8220;Oni su morali da biraju, da odlu\u010de da li da se priklone kleronacionalizmu, koji je mo\u017eda u Beranama najizra\u017eeniji, ili da jednostavno rade na funkcionalnosti svoje lokalne samouprave. O\u010dito je da su se opredijelili da, zarad mira gra\u0111ana, o\u010duvaju kredibilitet i stabilnost funkcionisanja op\u0161tine, da niko tamo ne mo\u017ee da blokira puteve, da niko ne mo\u017ee postavljati razli\u010dita spomen-obilje\u017eja&#8221;, naveo je on.<\/p>\n\n\n\n<p>U slu\u010daju da nije bilo ovakve reakcije PES-a i SNP-a, dvije stranke koje \u010dine vladaju\u0107u ve\u0107inu u Beranama, Vukadinovi\u0107 smatra da bi \u201epozicija op\u0161tine bila ugro\u017eena\u201c.<\/p>\n\n\n\n<p>&#8220;Ovo je sigurno posljedica odre\u0111enih kretanja kada je u pitanju rejting i PES-a, a i SNP-a. PES-a je do\u0161ao na politi\u010dku scenu kao jedna nova grupacija, kao nosilac nekih svje\u017eih politi\u010dkih vjetrova u koji su gra\u0111ani Crne Gore polagali nadu. Ali, ubrzo su bili u zagrljaju kleronacionalista koji dominiraju u nekim politi\u010dkim partijama i izgledalo je da se te\u0161ko mogu otrgnuti iz toga&#8221;, podsjetio je Vukadinovi\u0107.<\/p>\n\n\n\n<p>Odluka predstavnika PES-a i SNP-a u Beranama \u2013 konkretno predsjednika i sekretara op\u0161tine \u2013 za sagovornika Pobjede je rezultat njihove sinergije.<\/p>\n\n\n\n<p>&#8220;Sada pokazuje da su sami odlu\u010dili da njihova vlast bude funkcionalna, da gra\u0111ani imaju koristi od nje i da iz toga imaju pozitivan rezultat&#8221;, kazao je on.<\/p>\n\n\n\n<p>Reakcije druge strane, pak, vidi kao nezrele i pokazatelje da se pojedine politike svode na primitivna nacionalna prebrojavanja koja odgovaraju predstavnicima tih politika \u2013 kako u vlasti, tako i u kleru SPC.<\/p>\n\n\n\n<p>&#8220;Bilo da nezakonito podi\u017eu spomenik ili neki objekat, bilo da se nezakonito donose odluke, kod njih to nije su\u0161tina pri\u010de, nego se odmah ide na ugro\u017eenost srpskog naroda. Zanimanje \u201ekleronacionalista\u201c je \u201esrpsko\u201c u ovom slu\u010daju. Oni nemaju svoje pravo zanimanje &#8211; da su ekonomisti, pravnici, in\u017eenjeri &#8211; nego su oni \u201eSrbi po zanimanju\u201c i to je njihovo klju\u010dno obilje\u017eje. Na taj na\u010din, upravo putem manipulacija i izazivanjem straha koje razvijaju kroz odre\u0111ene metode, direktno ili indirektno, poku\u0161avaju da zastra\u0161e svoje protivnike&#8221;, naveo je Vukadinovi\u0107.<\/p>\n\n\n\n<p>Prema njegovom mi\u0161ljenju, doga\u0111aji vezani za spomen-obilje\u017eje Pavlu \u0110uri\u0161i\u0107u u beranskom selu Gornje Zaostro predstavljaju pravi primjer ovakvih poku\u0161aja \u201emjerenja\u201c mo\u0107i, odnosno zakonitog odgovora na nezakonite radnje sprovedene pod pla\u0161tom odre\u0111ene politike i ideologije.<\/p>\n\n\n\n<p>&#8220;Kleronacionalisti su malobrojni, ali su veoma ekstremni, \u010dak radikalni u namjerama da osvajaju svoje interese. Oni svoje interese ne\u0107e ostvariti kroz dijalog i su\u010deljavanje mi\u0161ljenja, nego kroz prijetnje, manipulaciju, silu i razvijanje straha kod struktura koje su tome slu\u017ee. Time se ipak pokazuje da je gra\u0111anski momenat u Crnoj Gori dominantan u odnosu na onaj kleronacionalisti\u010dki. I pokazalo se da ve\u0107inska Crna Gora ipak ne podr\u017eava takvu politiku, a da su ekstremni kadrovi koje je Crkva Srbije ubacila u Crnu Goru imali \u017eelju i namjeru da je klerikalizuju do kraja. Ali nisu uspjeli i te\u0161ko da \u0107e uspjeti&#8221;, dodao je on.<\/p>\n\n\n\n<p>Do koje mjere se\u017ee poku\u0161aj klerikalizacije svih struktura, Vukadinovi\u0107 ilustruje \u010dinjenicom da su unutar same SPC u Crnoj Gori marginalizovani odre\u0111eni ljudi. To se, prije svega, dogodilo mitropolitu crnogorsko-primorskom Joanikiju.<\/p>\n\n\n\n<p>&#8220;Koliko god on bio \u201ena fonu\u201c SPC, \u010dak i vi\u0161e nego neki drugi kleronacionalisti\u010dki popovi, samim ustoli\u010denjem drugog mitropolita u Crnoj Gori \u2013 dodjeljivanjem titule koje nikada nije postojala &#8211; poku\u0161ava da se marginalizuje Joanikije i da se njegov uticaj svede na minimum, \u0161to su odre\u0111eni krugovi i uspjeli u znatnoj mjeri. Ekstremizam ne prolazi u Crnoj Gori, tako da ne\u0107e ni kleronacionalisti, kao \u0161to to nekada nisu uspjeli Sedmi bataljon ili kolone &#8216;No\u0107nih vukova'&#8221;, dodao je na\u0161 sagovornik.<\/p>\n\n\n\n<p>No, po njemu, svi ovi doga\u0111aji pokazuju dobru stranu.<\/p>\n\n\n\n<p>&#8220;A to je da je Crna Gora &#8211; koja je gra\u0111anskog opredjeljenja i \u010dije bi\u0107e dr\u017eave ne mo\u017ee da bude kleronacionalno &#8211; jednostavno protiv toga i za to ne mo\u017ee imati podr\u0161ku unutar njenih granica&#8221;, zaklju\u010dio je Vukadinovi\u0107 za Pobjedu.<\/p>\n\n\n\n<h2 class=\"wp-block-heading\">Rekonstrukcija Vlade pametna odluka<\/h2>\n\n\n\n<p><br>Na pitanje da li, nakon doga\u0111aja u Beranama, premijer Spaji\u0107 sa osna\u017eenih pozicija ide u susret promjenama sastava Vlade koje su najavljene za jesen, Vukadinovi\u0107 smatra da bi to bio spas i za njega i za PES.<\/p>\n\n\n\n<p>&#8220;O\u010dito da on sada nije autoritet u vlasti Crne Gore, ve\u0107 neko drugi komanduje Vladom. Jedini spas od takve pozicije je da se rekonstrui\u0161e Vlada i da u nju onda u\u0111u politi\u010dke grupacije koje su PES-u sli\u010dne po programima ili opredjeljenju&#8221;, ukazao je on.<\/p>\n\n\n\n<p>Sagovornik Pobjede ka\u017ee i kako bi Spaji\u0107 na ovaj na\u010din mogao da pridobije odre\u0111ene politi\u010dke grupacije.<\/p>\n\n\n\n<p>&#8220;Za ovo vjerovatno ima podr\u0161ku ambasadora Kvinte. Vidjeli smo da je razgovarao s njima, i da su zabrinuti gdje sve ono \u0161to se doga\u0111a vodi Crnu Goru. Vjerovatno je dobio sugestije da poku\u0161a da promijeni ne\u0161to u vladaju\u0107oj strukturi, ne bi li taj put Crne Gore ka EU bio br\u017ei i opravdaniji. Jer, sa kleronacionalistima koji se samo vra\u0107aju u Srednji vijek i koji poku\u0161avaju da reinkarniraju i relativizuju neke stvari, ne mogu danas da \u017eive ni Crna Gora ni Evropa&#8221;, istakao je Vukadinovi\u0107.<\/p>\n\n\n\n<p>Tako\u0111e je podsjetio da, ukoliko do rekonstrukcije Vlade do\u0111e, to \u0107e u stvari biti \u201eispunjenje \u017eelja ambasadora Kvinte, predstavnika SAD i Evropske unije kako bi se zaustavio poku\u0161aj svo\u0111enja Crne Gore na klerikalnu dr\u017eavu\u201c.<\/p>\n\n\n\n<h2 class=\"wp-block-heading\">Otklon dvije partije<\/h2>\n\n\n\n<p><br>Vukadinovi\u0107 je podsjetio da se kleronacionalizam zasniva na trima komponentama \u2013 na neznanju, manipulaciji i strahu.<\/p>\n\n\n\n<p>&#8220;Veoma je jasno da svoje ciljeve mo\u017ee ostvariti kod odre\u0111enog sloja ljudi. Ali to ne mo\u017ee posti\u0107i kod onih koji su makar malo obrazovani, jer \u0107e takvi u jednom trenutku ipak vidjeti da je do\u0161lo do manipulacije&#8221;, dodao je.<\/p>\n\n\n\n<p>Doga\u0111aji u Beranama predstavljaju otklon upravo od ovakvih tendencija.<\/p>\n\n\n\n<p>&#8220;Pojedinci u rukovodstvu PES-a su odlu\u010dili da ipak poku\u0161aju da se otrgnu &#8211; ukoliko budu imali snage \u2013 iz \u010dvrstog zagrljaja, iz kand\u017ei kleronacionalizma. I to u poku\u0161aju da grade upravo onaj put i onu politi\u010dku strategiju koju su na po\u010detku promovisali, i koja im je donijela glasove&#8221;, naveo je on.<\/p>\n\n\n\n<p>Iako je iza SNP-a ve\u0107 27 godina, smatra da je sli\u010dna situacija i s tom partijom.<\/p>\n\n\n\n<p>&#8220;Njima je uskoro kongres, koji mo\u017ee biti novi trenutak njihovih velikih podjela. Vjerovatno su procijenili: ako bi se crkva u to umije\u0161ala, to bi dalje devastiralo partiju i do\u0161lo bi do novog unutra\u0161njeg naru\u0161avanja. Ovaj dio SNP-a, jednostavno, ne \u017eeli da zarad jeftinih poena &#8211; koji se sti\u010du revizionizmom, klerikalizacijom i veli\u010danjem \u010detni\u0161tva u Crnoj Gori &#8211; izgube one pristalice koje na druga\u010diji na\u010din razmi\u0161ljaju o njihovoj politici&#8221;, potcrtava Vukadinovi\u0107.<\/p>","protected":false},"excerpt":{"rendered":"<p>Potez predsjednika op\u0161tine Berane \u0110ola Lutovca (Pokret Evropa sad) je jako zna\u010dajan za o\u010duvanje mira, tolerancije i ne\u010dega \u0161to pokazuje da u Crnoj Gori te\u0161ko mo\u017ee i\u0107i bilo kakva klerikalizacija, ocijenio je za Pobjedu politi\u010dki analiti\u010dar Sr\u0111an Vukadinovi\u0107.<\/p>","protected":false},"author":1,"featured_media":946998,"comment_status":"open","ping_status":"open","sticky":false,"template":"","format":"standard","meta":{"_acf_changed":false,"footnotes":""},"categories":[12],"tags":[427,546,17444,984,9905,17917],"naslovna":[],"class_list":["post-946997","post","type-post","status-publish","format-standard","has-post-thumbnail","hentry","category-politika","tag-berane","tag-djole-lutovac","tag-mitropolit-metodije","tag-pes","tag-spomenik-pavlu-djurisicu","tag-srdjan-vukadinovic"],"acf":[],"yoast_head":"<!-- This site is optimized with the Yoast SEO plugin v27.4 - https:\/\/yoast.com\/product\/yoast-seo-wordpress\/ -->\n<title>Vukadinovi\u0107: Potez Lutovca pokazuje da se PES ne\u0107e prikloniti kleronacionalizmu - dmcsrb.com<\/title>\n<meta name=\"robots\" content=\"index, follow, max-snippet:-1, max-image-preview:large, max-video-preview:-1\" \/>\n<link rel=\"canonical\" href=\"https:\/\/dmcsrb.com\/en\/politika\/vukadinovic-potez-lutovca-pokazuje-da-se-pes-nece-prikloniti-kleronacionalizmu\/\" \/>\n<meta property=\"og:locale\" content=\"en_GB\" \/>\n<meta property=\"og:type\" content=\"article\" \/>\n<meta property=\"og:title\" content=\"Vukadinovi\u0107: Potez Lutovca pokazuje da se PES ne\u0107e prikloniti kleronacionalizmu - dmcsrb.com\" \/>\n<meta property=\"og:description\" content=\"Potez predsjednika op\u0161tine Berane \u0110ola Lutovca (Pokret Evropa sad) je jako zna\u010dajan za o\u010duvanje mira, tolerancije i ne\u010dega \u0161to pokazuje da u Crnoj Gori te\u0161ko mo\u017ee i\u0107i bilo kakva klerikalizacija, ocijenio je za Pobjedu politi\u010dki analiti\u010dar Sr\u0111an Vukadinovi\u0107.\" \/>\n<meta property=\"og:url\" content=\"https:\/\/dmcsrb.com\/en\/politika\/vukadinovic-potez-lutovca-pokazuje-da-se-pes-nece-prikloniti-kleronacionalizmu\/\" \/>\n<meta property=\"og:site_name\" content=\"dmcsrb.com\" \/>\n<meta property=\"article:published_time\" content=\"2025-08-19T04:55:00+00:00\" \/>\n<meta property=\"og:image\" content=\"https:\/\/dmcsrb.com\/wp-content\/uploads\/2026\/01\/Spajic-Lutovac-Jokovic-foto-pes-1320x733-1.webp\" \/>\n\t<meta property=\"og:image:width\" content=\"1320\" \/>\n\t<meta property=\"og:image:height\" content=\"733\" \/>\n\t<meta property=\"og:image:type\" content=\"image\/jpeg\" \/>\n<meta name=\"author\" content=\"dmcsrbija.com@gmail.com\" \/>\n<meta name=\"twitter:card\" content=\"summary_large_image\" \/>\n<meta name=\"twitter:label1\" content=\"Written by\" \/>\n\t<meta name=\"twitter:data1\" content=\"dmcsrbija.com@gmail.com\" \/>\n\t<meta name=\"twitter:label2\" content=\"Estimated reading time\" \/>\n\t<meta name=\"twitter:data2\" content=\"7 minutes\" \/>\n<script type=\"application\/ld+json\" class=\"yoast-schema-graph\">{\"@context\":\"https:\\\/\\\/schema.org\",\"@graph\":[{\"@type\":\"Article\",\"@id\":\"https:\\\/\\\/dmcsrb.com\\\/politika\\\/vukadinovic-potez-lutovca-pokazuje-da-se-pes-nece-prikloniti-kleronacionalizmu\\\/#article\",\"isPartOf\":{\"@id\":\"https:\\\/\\\/dmcsrb.com\\\/politika\\\/vukadinovic-potez-lutovca-pokazuje-da-se-pes-nece-prikloniti-kleronacionalizmu\\\/\"},\"author\":{\"name\":\"dmcsrbija.com@gmail.com\",\"@id\":\"https:\\\/\\\/dmcsrb.com\\\/#\\\/schema\\\/person\\\/5c39170f12db1b8b457732d0b5c854e2\"},\"headline\":\"Vukadinovi\u0107: Potez Lutovca pokazuje da se PES ne\u0107e prikloniti kleronacionalizmu\",\"datePublished\":\"2025-08-19T04:55:00+00:00\",\"mainEntityOfPage\":{\"@id\":\"https:\\\/\\\/dmcsrb.com\\\/politika\\\/vukadinovic-potez-lutovca-pokazuje-da-se-pes-nece-prikloniti-kleronacionalizmu\\\/\"},\"wordCount\":1458,\"commentCount\":0,\"image\":{\"@id\":\"https:\\\/\\\/dmcsrb.com\\\/politika\\\/vukadinovic-potez-lutovca-pokazuje-da-se-pes-nece-prikloniti-kleronacionalizmu\\\/#primaryimage\"},\"thumbnailUrl\":\"https:\\\/\\\/dmcsrb.com\\\/wp-content\\\/uploads\\\/2026\\\/01\\\/Spajic-Lutovac-Jokovic-foto-pes-1320x733-1.webp\",\"keywords\":[\"Berane\",\"\u0110ole Lutovac\",\"mitropolit Metodije\",\"PES\",\"spomenik Pavlu \u0110uri\u0161i\u0107u\",\"Sr\u0111an Vukadinovi\u0107\"],\"articleSection\":[\"Politika\"],\"inLanguage\":\"en-GB\",\"potentialAction\":[{\"@type\":\"CommentAction\",\"name\":\"Comment\",\"target\":[\"https:\\\/\\\/dmcsrb.com\\\/politika\\\/vukadinovic-potez-lutovca-pokazuje-da-se-pes-nece-prikloniti-kleronacionalizmu\\\/#respond\"]}]},{\"@type\":\"WebPage\",\"@id\":\"https:\\\/\\\/dmcsrb.com\\\/politika\\\/vukadinovic-potez-lutovca-pokazuje-da-se-pes-nece-prikloniti-kleronacionalizmu\\\/\",\"url\":\"https:\\\/\\\/dmcsrb.com\\\/politika\\\/vukadinovic-potez-lutovca-pokazuje-da-se-pes-nece-prikloniti-kleronacionalizmu\\\/\",\"name\":\"Vukadinovi\u0107: Potez Lutovca pokazuje da se PES ne\u0107e prikloniti kleronacionalizmu - dmcsrb.com\",\"isPartOf\":{\"@id\":\"https:\\\/\\\/dmcsrb.com\\\/#website\"},\"primaryImageOfPage\":{\"@id\":\"https:\\\/\\\/dmcsrb.com\\\/politika\\\/vukadinovic-potez-lutovca-pokazuje-da-se-pes-nece-prikloniti-kleronacionalizmu\\\/#primaryimage\"},\"image\":{\"@id\":\"https:\\\/\\\/dmcsrb.com\\\/politika\\\/vukadinovic-potez-lutovca-pokazuje-da-se-pes-nece-prikloniti-kleronacionalizmu\\\/#primaryimage\"},\"thumbnailUrl\":\"https:\\\/\\\/dmcsrb.com\\\/wp-content\\\/uploads\\\/2026\\\/01\\\/Spajic-Lutovac-Jokovic-foto-pes-1320x733-1.webp\",\"datePublished\":\"2025-08-19T04:55:00+00:00\",\"author\":{\"@id\":\"https:\\\/\\\/dmcsrb.com\\\/#\\\/schema\\\/person\\\/5c39170f12db1b8b457732d0b5c854e2\"},\"breadcrumb\":{\"@id\":\"https:\\\/\\\/dmcsrb.com\\\/politika\\\/vukadinovic-potez-lutovca-pokazuje-da-se-pes-nece-prikloniti-kleronacionalizmu\\\/#breadcrumb\"},\"inLanguage\":\"en-GB\",\"potentialAction\":[{\"@type\":\"ReadAction\",\"target\":[\"https:\\\/\\\/dmcsrb.com\\\/politika\\\/vukadinovic-potez-lutovca-pokazuje-da-se-pes-nece-prikloniti-kleronacionalizmu\\\/\"]}]},{\"@type\":\"ImageObject\",\"inLanguage\":\"en-GB\",\"@id\":\"https:\\\/\\\/dmcsrb.com\\\/politika\\\/vukadinovic-potez-lutovca-pokazuje-da-se-pes-nece-prikloniti-kleronacionalizmu\\\/#primaryimage\",\"url\":\"https:\\\/\\\/dmcsrb.com\\\/wp-content\\\/uploads\\\/2026\\\/01\\\/Spajic-Lutovac-Jokovic-foto-pes-1320x733-1.webp\",\"contentUrl\":\"https:\\\/\\\/dmcsrb.com\\\/wp-content\\\/uploads\\\/2026\\\/01\\\/Spajic-Lutovac-Jokovic-foto-pes-1320x733-1.webp\",\"width\":1320,\"height\":733},{\"@type\":\"BreadcrumbList\",\"@id\":\"https:\\\/\\\/dmcsrb.com\\\/politika\\\/vukadinovic-potez-lutovca-pokazuje-da-se-pes-nece-prikloniti-kleronacionalizmu\\\/#breadcrumb\",\"itemListElement\":[{\"@type\":\"ListItem\",\"position\":1,\"name\":\"Home\",\"item\":\"https:\\\/\\\/dmcsrb.com\\\/\"},{\"@type\":\"ListItem\",\"position\":2,\"name\":\"Vukadinovi\u0107: Potez Lutovca pokazuje da se PES ne\u0107e prikloniti kleronacionalizmu\"}]},{\"@type\":\"WebSite\",\"@id\":\"https:\\\/\\\/dmcsrb.com\\\/#website\",\"url\":\"https:\\\/\\\/dmcsrb.com\\\/\",\"name\":\"dmcsrb.com\",\"description\":\"\",\"potentialAction\":[{\"@type\":\"SearchAction\",\"target\":{\"@type\":\"EntryPoint\",\"urlTemplate\":\"https:\\\/\\\/dmcsrb.com\\\/?s={search_term_string}\"},\"query-input\":{\"@type\":\"PropertyValueSpecification\",\"valueRequired\":true,\"valueName\":\"search_term_string\"}}],\"inLanguage\":\"en-GB\"},{\"@type\":\"Person\",\"@id\":\"https:\\\/\\\/dmcsrb.com\\\/#\\\/schema\\\/person\\\/5c39170f12db1b8b457732d0b5c854e2\",\"name\":\"dmcsrbija.com@gmail.com\",\"image\":{\"@type\":\"ImageObject\",\"inLanguage\":\"en-GB\",\"@id\":\"https:\\\/\\\/secure.gravatar.com\\\/avatar\\\/68592660ad6347fad0fb587f8d5d8f1a7b44961362f56e4f2cd524feb87e9069?s=96&d=mm&r=g\",\"url\":\"https:\\\/\\\/secure.gravatar.com\\\/avatar\\\/68592660ad6347fad0fb587f8d5d8f1a7b44961362f56e4f2cd524feb87e9069?s=96&d=mm&r=g\",\"contentUrl\":\"https:\\\/\\\/secure.gravatar.com\\\/avatar\\\/68592660ad6347fad0fb587f8d5d8f1a7b44961362f56e4f2cd524feb87e9069?s=96&d=mm&r=g\",\"caption\":\"dmcsrbija.com@gmail.com\"},\"sameAs\":[\"https:\\\/\\\/dmcsrb.com\"],\"url\":\"https:\\\/\\\/dmcsrb.com\\\/en\\\/author\\\/dmcsrbija-comgmail-com\\\/\"}]}<\/script>\n<!-- \/ Yoast SEO plugin. -->","yoast_head_json":{"title":"Vukadinovi\u0107: Potez Lutovca pokazuje da se PES ne\u0107e prikloniti kleronacionalizmu - dmcsrb.com","robots":{"index":"index","follow":"follow","max-snippet":"max-snippet:-1","max-image-preview":"max-image-preview:large","max-video-preview":"max-video-preview:-1"},"canonical":"https:\/\/dmcsrb.com\/en\/politika\/vukadinovic-potez-lutovca-pokazuje-da-se-pes-nece-prikloniti-kleronacionalizmu\/","og_locale":"en_GB","og_type":"article","og_title":"Vukadinovi\u0107: Potez Lutovca pokazuje da se PES ne\u0107e prikloniti kleronacionalizmu - dmcsrb.com","og_description":"Potez predsjednika op\u0161tine Berane \u0110ola Lutovca (Pokret Evropa sad) je jako zna\u010dajan za o\u010duvanje mira, tolerancije i ne\u010dega \u0161to pokazuje da u Crnoj Gori te\u0161ko mo\u017ee i\u0107i bilo kakva klerikalizacija, ocijenio je za Pobjedu politi\u010dki analiti\u010dar Sr\u0111an Vukadinovi\u0107.","og_url":"https:\/\/dmcsrb.com\/en\/politika\/vukadinovic-potez-lutovca-pokazuje-da-se-pes-nece-prikloniti-kleronacionalizmu\/","og_site_name":"dmcsrb.com","article_published_time":"2025-08-19T04:55:00+00:00","og_image":[{"width":1320,"height":733,"url":"https:\/\/dmcsrb.com\/wp-content\/uploads\/2026\/01\/Spajic-Lutovac-Jokovic-foto-pes-1320x733-1.webp","type":"image\/jpeg"}],"author":"dmcsrbija.com@gmail.com","twitter_card":"summary_large_image","twitter_misc":{"Written by":"dmcsrbija.com@gmail.com","Estimated reading time":"7 minutes"},"schema":{"@context":"https:\/\/schema.org","@graph":[{"@type":"Article","@id":"https:\/\/dmcsrb.com\/politika\/vukadinovic-potez-lutovca-pokazuje-da-se-pes-nece-prikloniti-kleronacionalizmu\/#article","isPartOf":{"@id":"https:\/\/dmcsrb.com\/politika\/vukadinovic-potez-lutovca-pokazuje-da-se-pes-nece-prikloniti-kleronacionalizmu\/"},"author":{"name":"dmcsrbija.com@gmail.com","@id":"https:\/\/dmcsrb.com\/#\/schema\/person\/5c39170f12db1b8b457732d0b5c854e2"},"headline":"Vukadinovi\u0107: Potez Lutovca pokazuje da se PES ne\u0107e prikloniti kleronacionalizmu","datePublished":"2025-08-19T04:55:00+00:00","mainEntityOfPage":{"@id":"https:\/\/dmcsrb.com\/politika\/vukadinovic-potez-lutovca-pokazuje-da-se-pes-nece-prikloniti-kleronacionalizmu\/"},"wordCount":1458,"commentCount":0,"image":{"@id":"https:\/\/dmcsrb.com\/politika\/vukadinovic-potez-lutovca-pokazuje-da-se-pes-nece-prikloniti-kleronacionalizmu\/#primaryimage"},"thumbnailUrl":"https:\/\/dmcsrb.com\/wp-content\/uploads\/2026\/01\/Spajic-Lutovac-Jokovic-foto-pes-1320x733-1.webp","keywords":["Berane","\u0110ole Lutovac","mitropolit Metodije","PES","spomenik Pavlu \u0110uri\u0161i\u0107u","Sr\u0111an Vukadinovi\u0107"],"articleSection":["Politika"],"inLanguage":"en-GB","potentialAction":[{"@type":"CommentAction","name":"Comment","target":["https:\/\/dmcsrb.com\/politika\/vukadinovic-potez-lutovca-pokazuje-da-se-pes-nece-prikloniti-kleronacionalizmu\/#respond"]}]},{"@type":"WebPage","@id":"https:\/\/dmcsrb.com\/politika\/vukadinovic-potez-lutovca-pokazuje-da-se-pes-nece-prikloniti-kleronacionalizmu\/","url":"https:\/\/dmcsrb.com\/politika\/vukadinovic-potez-lutovca-pokazuje-da-se-pes-nece-prikloniti-kleronacionalizmu\/","name":"Vukadinovi\u0107: Potez Lutovca pokazuje da se PES ne\u0107e prikloniti kleronacionalizmu - dmcsrb.com","isPartOf":{"@id":"https:\/\/dmcsrb.com\/#website"},"primaryImageOfPage":{"@id":"https:\/\/dmcsrb.com\/politika\/vukadinovic-potez-lutovca-pokazuje-da-se-pes-nece-prikloniti-kleronacionalizmu\/#primaryimage"},"image":{"@id":"https:\/\/dmcsrb.com\/politika\/vukadinovic-potez-lutovca-pokazuje-da-se-pes-nece-prikloniti-kleronacionalizmu\/#primaryimage"},"thumbnailUrl":"https:\/\/dmcsrb.com\/wp-content\/uploads\/2026\/01\/Spajic-Lutovac-Jokovic-foto-pes-1320x733-1.webp","datePublished":"2025-08-19T04:55:00+00:00","author":{"@id":"https:\/\/dmcsrb.com\/#\/schema\/person\/5c39170f12db1b8b457732d0b5c854e2"},"breadcrumb":{"@id":"https:\/\/dmcsrb.com\/politika\/vukadinovic-potez-lutovca-pokazuje-da-se-pes-nece-prikloniti-kleronacionalizmu\/#breadcrumb"},"inLanguage":"en-GB","potentialAction":[{"@type":"ReadAction","target":["https:\/\/dmcsrb.com\/politika\/vukadinovic-potez-lutovca-pokazuje-da-se-pes-nece-prikloniti-kleronacionalizmu\/"]}]},{"@type":"ImageObject","inLanguage":"en-GB","@id":"https:\/\/dmcsrb.com\/politika\/vukadinovic-potez-lutovca-pokazuje-da-se-pes-nece-prikloniti-kleronacionalizmu\/#primaryimage","url":"https:\/\/dmcsrb.com\/wp-content\/uploads\/2026\/01\/Spajic-Lutovac-Jokovic-foto-pes-1320x733-1.webp","contentUrl":"https:\/\/dmcsrb.com\/wp-content\/uploads\/2026\/01\/Spajic-Lutovac-Jokovic-foto-pes-1320x733-1.webp","width":1320,"height":733},{"@type":"BreadcrumbList","@id":"https:\/\/dmcsrb.com\/politika\/vukadinovic-potez-lutovca-pokazuje-da-se-pes-nece-prikloniti-kleronacionalizmu\/#breadcrumb","itemListElement":[{"@type":"ListItem","position":1,"name":"Home","item":"https:\/\/dmcsrb.com\/"},{"@type":"ListItem","position":2,"name":"Vukadinovi\u0107: Potez Lutovca pokazuje da se PES ne\u0107e prikloniti kleronacionalizmu"}]},{"@type":"WebSite","@id":"https:\/\/dmcsrb.com\/#website","url":"https:\/\/dmcsrb.com\/","name":"dmcsrb.com","description":"","potentialAction":[{"@type":"SearchAction","target":{"@type":"EntryPoint","urlTemplate":"https:\/\/dmcsrb.com\/?s={search_term_string}"},"query-input":{"@type":"PropertyValueSpecification","valueRequired":true,"valueName":"search_term_string"}}],"inLanguage":"en-GB"},{"@type":"Person","@id":"https:\/\/dmcsrb.com\/#\/schema\/person\/5c39170f12db1b8b457732d0b5c854e2","name":"dmcsrbija.com@gmail.com","image":{"@type":"ImageObject","inLanguage":"en-GB","@id":"https:\/\/secure.gravatar.com\/avatar\/68592660ad6347fad0fb587f8d5d8f1a7b44961362f56e4f2cd524feb87e9069?s=96&d=mm&r=g","url":"https:\/\/secure.gravatar.com\/avatar\/68592660ad6347fad0fb587f8d5d8f1a7b44961362f56e4f2cd524feb87e9069?s=96&d=mm&r=g","contentUrl":"https:\/\/secure.gravatar.com\/avatar\/68592660ad6347fad0fb587f8d5d8f1a7b44961362f56e4f2cd524feb87e9069?s=96&d=mm&r=g","caption":"dmcsrbija.com@gmail.com"},"sameAs":["https:\/\/dmcsrb.com"],"url":"https:\/\/dmcsrb.com\/en\/author\/dmcsrbija-comgmail-com\/"}]}},"_links":{"self":[{"href":"https:\/\/dmcsrb.com\/en\/wp-json\/wp\/v2\/posts\/946997","targetHints":{"allow":["GET"]}}],"collection":[{"href":"https:\/\/dmcsrb.com\/en\/wp-json\/wp\/v2\/posts"}],"about":[{"href":"https:\/\/dmcsrb.com\/en\/wp-json\/wp\/v2\/types\/post"}],"author":[{"embeddable":true,"href":"https:\/\/dmcsrb.com\/en\/wp-json\/wp\/v2\/users\/1"}],"replies":[{"embeddable":true,"href":"https:\/\/dmcsrb.com\/en\/wp-json\/wp\/v2\/comments?post=946997"}],"version-history":[{"count":0,"href":"https:\/\/dmcsrb.com\/en\/wp-json\/wp\/v2\/posts\/946997\/revisions"}],"wp:featuredmedia":[{"embeddable":true,"href":"https:\/\/dmcsrb.com\/en\/wp-json\/wp\/v2\/media\/946998"}],"wp:attachment":[{"href":"https:\/\/dmcsrb.com\/en\/wp-json\/wp\/v2\/media?parent=946997"}],"wp:term":[{"taxonomy":"category","embeddable":true,"href":"https:\/\/dmcsrb.com\/en\/wp-json\/wp\/v2\/categories?post=946997"},{"taxonomy":"post_tag","embeddable":true,"href":"https:\/\/dmcsrb.com\/en\/wp-json\/wp\/v2\/tags?post=946997"},{"taxonomy":"naslovna","embeddable":true,"href":"https:\/\/dmcsrb.com\/en\/wp-json\/wp\/v2\/naslovna?post=946997"}],"curies":[{"name":"wp","href":"https:\/\/api.w.org\/{rel}","templated":true}]}}