{"id":946944,"date":"2025-08-18T18:20:00","date_gmt":"2025-08-18T16:20:00","guid":{"rendered":"https:\/\/dmcsrb.com\/uncategorized\/aerodromi-crne-gore-nijesmo-informisani-o-bilo-kakvim-krivicnim-prijavama\/"},"modified":"2025-08-18T18:20:00","modified_gmt":"2025-08-18T16:20:00","slug":"aerodromi-crne-gore-nijesmo-informisani-o-bilo-kakvim-krivicnim-prijavama","status":"publish","type":"post","link":"https:\/\/dmcsrb.com\/en\/ekonomija\/aerodromi-crne-gore-nijesmo-informisani-o-bilo-kakvim-krivicnim-prijavama\/","title":{"rendered":"Aerodromi Crne Gore: Nijesmo informisani o bilo kakvim krivi\u010dnim prijavama"},"content":{"rendered":"<p>\u201cVazdu\u0161ni saobra\u0107aj i sve avio-operacije na Aerodromu Tivat obavljaju se u skladu sa svim propisanim me\u0111unarodnim i doma\u0107im standardima. To potvr\u0111uje \u010dinjenica da smo u Tivtu od po\u010detka godine do sredine avgusta sigurno i bezbjedno opslu\u017eili preko 800 hiljada putnika na preko preko 8.600 hiljada dolaznih i odlaznih letova\u201d, naveli su u saop\u0161tenju.<\/p>\n\n\n\n<p>Kako su naglasili, u konkretnom slu\u010daju, zaposleni je potpisao aneks ugovora na dva mjeseca kojim je sa radnog mjesta stru\u010dnog saradnika za upravljanje divljim svijetom raspore\u0111en na radno mjesto \u0161efa smjene \u2013 koji \u0107e radne aktivnosti obavljati isklju\u010divo u javnoj zoni, izvr\u0161avaju\u0107i, pritom, dio zadataka za koje mu nijesu neophodne dodatne licence ili obuke.<\/p>\n\n\n\n<p>\u201cUostalom, rije\u010d je o zaposlenom koji je prije godinu samoinicijativno, navode\u0107i poznavanje aerodromskih procedura i njegovu \u017eelju da doprinese unapre\u0111enju procesa rada, slu\u017ebeno predlo\u017eio da bude preraspore\u0111en ba\u0161 na ovo mjesto koje mu je sada privremeno dodijeljeno\u201d, istakli su.<\/p>\n\n\n\n<p>Iz Aerodroma Crne Gore su podsjetili da su sve dosada\u0161nje redovne kontrole nadle\u017enih vazduhoplovnih vlasti pokazale da Aerodrom Tivat radi u skladu sa propisima iz oblasti sigurnosti i bezbjednosti vazdu\u0161nog saobra\u0107aja, a uz to, kako dodaju, nijesu informisani o bilo kakvim krivi\u010dnim prijavama niti je, koliko su upoznati, otvaran bilo kakav predmet ni u policiji niti u tu\u017eila\u0161tvu tim povodom.<\/p>\n\n\n\n<p>\u201cOvo je, me\u0111utim, prilika da istaknemo da se odluke o organizacija rada u Aerodromima Crne Gore ne donose i ne\u0107e se donositi van Aerodroma Crne Gore, a svaki zaposleni, mora\u0107e da radi i da zaradi svoju platu. To je jedina, i to \u201eekskluzivna vijest\u201c koju mo\u017eemo da saop\u0161timo\u201d, zaklju\u010dili su.<\/p>","protected":false},"excerpt":{"rendered":"<p>Aerodromi Crne Gore reagovali su povodom krivi\u010dne prijave koju je Nezavisni sindikat Specijalnom dr\u017eavnom tu\u017eila\u0161tvu SDT podnio protiv izvr\u0161nog direktora Aerodroma Crne Gore Roka Toli\u0107a i direktora tivatskog aerodroma Ivana Rako\u010devi\u0107a, i kazali da nijesu informisani o bilo kakvim krivi\u010dnim prijavama niti je, koliko su upoznati, otvaran bilo kakav predmet ni u policiji niti u tu\u017eila\u0161tvu tim povodom.<\/p>","protected":false},"author":1,"featured_media":915973,"comment_status":"open","ping_status":"open","sticky":false,"template":"","format":"standard","meta":{"_acf_changed":false,"footnotes":""},"categories":[27],"tags":[2408,3980],"naslovna":[],"class_list":["post-946944","post","type-post","status-publish","format-standard","has-post-thumbnail","hentry","category-ekonomija","tag-aerodromi-crne-gore","tag-reagovanje"],"acf":[],"yoast_head":"<!-- This site is optimized with the Yoast SEO plugin v27.0 - https:\/\/yoast.com\/product\/yoast-seo-wordpress\/ -->\n<title>Aerodromi Crne Gore: Nijesmo informisani o bilo kakvim krivi\u010dnim prijavama - dmcsrb.com<\/title>\n<meta name=\"robots\" content=\"index, follow, max-snippet:-1, max-image-preview:large, max-video-preview:-1\" \/>\n<link rel=\"canonical\" href=\"https:\/\/dmcsrb.com\/en\/ekonomija\/aerodromi-crne-gore-nijesmo-informisani-o-bilo-kakvim-krivicnim-prijavama\/\" \/>\n<meta property=\"og:locale\" content=\"en_GB\" \/>\n<meta property=\"og:type\" content=\"article\" \/>\n<meta property=\"og:title\" content=\"Aerodromi Crne Gore: Nijesmo informisani o bilo kakvim krivi\u010dnim prijavama - dmcsrb.com\" \/>\n<meta property=\"og:description\" content=\"Aerodromi Crne Gore reagovali su povodom krivi\u010dne prijave koju je Nezavisni sindikat Specijalnom dr\u017eavnom tu\u017eila\u0161tvu SDT podnio protiv izvr\u0161nog direktora Aerodroma Crne Gore Roka Toli\u0107a i direktora tivatskog aerodroma Ivana Rako\u010devi\u0107a, i kazali da nijesu informisani o bilo kakvim krivi\u010dnim prijavama niti je, koliko su upoznati, otvaran bilo kakav predmet ni u policiji niti u tu\u017eila\u0161tvu tim povodom.\" \/>\n<meta property=\"og:url\" content=\"https:\/\/dmcsrb.com\/en\/ekonomija\/aerodromi-crne-gore-nijesmo-informisani-o-bilo-kakvim-krivicnim-prijavama\/\" \/>\n<meta property=\"og:site_name\" content=\"dmcsrb.com\" \/>\n<meta property=\"article:published_time\" content=\"2025-08-18T16:20:00+00:00\" \/>\n<meta property=\"og:image\" content=\"https:\/\/dmcsrb.com\/wp-content\/uploads\/2026\/01\/aerodromi_675x900.jpg\" \/>\n\t<meta property=\"og:image:width\" content=\"900\" \/>\n\t<meta property=\"og:image:height\" content=\"675\" \/>\n\t<meta property=\"og:image:type\" content=\"image\/jpeg\" \/>\n<meta name=\"author\" content=\"dmcsrbija.com@gmail.com\" \/>\n<meta name=\"twitter:card\" content=\"summary_large_image\" \/>\n<meta name=\"twitter:label1\" content=\"Written by\" \/>\n\t<meta name=\"twitter:data1\" content=\"dmcsrbija.com@gmail.com\" \/>\n\t<meta name=\"twitter:label2\" content=\"Estimated reading time\" \/>\n\t<meta name=\"twitter:data2\" content=\"1 minute\" \/>\n<script type=\"application\/ld+json\" class=\"yoast-schema-graph\">{\"@context\":\"https:\/\/schema.org\",\"@graph\":[{\"@type\":\"Article\",\"@id\":\"https:\/\/dmcsrb.com\/ekonomija\/aerodromi-crne-gore-nijesmo-informisani-o-bilo-kakvim-krivicnim-prijavama\/#article\",\"isPartOf\":{\"@id\":\"https:\/\/dmcsrb.com\/ekonomija\/aerodromi-crne-gore-nijesmo-informisani-o-bilo-kakvim-krivicnim-prijavama\/\"},\"author\":{\"name\":\"dmcsrbija.com@gmail.com\",\"@id\":\"https:\/\/dmcsrb.com\/#\/schema\/person\/5c39170f12db1b8b457732d0b5c854e2\"},\"headline\":\"Aerodromi Crne Gore: Nijesmo informisani o bilo kakvim krivi\u010dnim prijavama\",\"datePublished\":\"2025-08-18T16:20:00+00:00\",\"mainEntityOfPage\":{\"@id\":\"https:\/\/dmcsrb.com\/ekonomija\/aerodromi-crne-gore-nijesmo-informisani-o-bilo-kakvim-krivicnim-prijavama\/\"},\"wordCount\":296,\"commentCount\":0,\"image\":{\"@id\":\"https:\/\/dmcsrb.com\/ekonomija\/aerodromi-crne-gore-nijesmo-informisani-o-bilo-kakvim-krivicnim-prijavama\/#primaryimage\"},\"thumbnailUrl\":\"https:\/\/dmcsrb.com\/wp-content\/uploads\/2026\/01\/aerodromi_675x900.jpg\",\"keywords\":[\"Aerodromi Crne Gore\",\"reagovanje\"],\"articleSection\":[\"Ekonomija\"],\"inLanguage\":\"en-GB\",\"potentialAction\":[{\"@type\":\"CommentAction\",\"name\":\"Comment\",\"target\":[\"https:\/\/dmcsrb.com\/ekonomija\/aerodromi-crne-gore-nijesmo-informisani-o-bilo-kakvim-krivicnim-prijavama\/#respond\"]}]},{\"@type\":\"WebPage\",\"@id\":\"https:\/\/dmcsrb.com\/ekonomija\/aerodromi-crne-gore-nijesmo-informisani-o-bilo-kakvim-krivicnim-prijavama\/\",\"url\":\"https:\/\/dmcsrb.com\/ekonomija\/aerodromi-crne-gore-nijesmo-informisani-o-bilo-kakvim-krivicnim-prijavama\/\",\"name\":\"Aerodromi Crne Gore: Nijesmo informisani o bilo kakvim krivi\u010dnim prijavama - dmcsrb.com\",\"isPartOf\":{\"@id\":\"https:\/\/dmcsrb.com\/#website\"},\"primaryImageOfPage\":{\"@id\":\"https:\/\/dmcsrb.com\/ekonomija\/aerodromi-crne-gore-nijesmo-informisani-o-bilo-kakvim-krivicnim-prijavama\/#primaryimage\"},\"image\":{\"@id\":\"https:\/\/dmcsrb.com\/ekonomija\/aerodromi-crne-gore-nijesmo-informisani-o-bilo-kakvim-krivicnim-prijavama\/#primaryimage\"},\"thumbnailUrl\":\"https:\/\/dmcsrb.com\/wp-content\/uploads\/2026\/01\/aerodromi_675x900.jpg\",\"datePublished\":\"2025-08-18T16:20:00+00:00\",\"author\":{\"@id\":\"https:\/\/dmcsrb.com\/#\/schema\/person\/5c39170f12db1b8b457732d0b5c854e2\"},\"breadcrumb\":{\"@id\":\"https:\/\/dmcsrb.com\/ekonomija\/aerodromi-crne-gore-nijesmo-informisani-o-bilo-kakvim-krivicnim-prijavama\/#breadcrumb\"},\"inLanguage\":\"en-GB\",\"potentialAction\":[{\"@type\":\"ReadAction\",\"target\":[\"https:\/\/dmcsrb.com\/ekonomija\/aerodromi-crne-gore-nijesmo-informisani-o-bilo-kakvim-krivicnim-prijavama\/\"]}]},{\"@type\":\"ImageObject\",\"inLanguage\":\"en-GB\",\"@id\":\"https:\/\/dmcsrb.com\/ekonomija\/aerodromi-crne-gore-nijesmo-informisani-o-bilo-kakvim-krivicnim-prijavama\/#primaryimage\",\"url\":\"https:\/\/dmcsrb.com\/wp-content\/uploads\/2026\/01\/aerodromi_675x900.jpg\",\"contentUrl\":\"https:\/\/dmcsrb.com\/wp-content\/uploads\/2026\/01\/aerodromi_675x900.jpg\",\"width\":900,\"height\":675},{\"@type\":\"BreadcrumbList\",\"@id\":\"https:\/\/dmcsrb.com\/ekonomija\/aerodromi-crne-gore-nijesmo-informisani-o-bilo-kakvim-krivicnim-prijavama\/#breadcrumb\",\"itemListElement\":[{\"@type\":\"ListItem\",\"position\":1,\"name\":\"Home\",\"item\":\"https:\/\/dmcsrb.com\/\"},{\"@type\":\"ListItem\",\"position\":2,\"name\":\"Aerodromi Crne Gore: Nijesmo informisani o bilo kakvim krivi\u010dnim prijavama\"}]},{\"@type\":\"WebSite\",\"@id\":\"https:\/\/dmcsrb.com\/#website\",\"url\":\"https:\/\/dmcsrb.com\/\",\"name\":\"dmcsrb.com\",\"description\":\"\",\"potentialAction\":[{\"@type\":\"SearchAction\",\"target\":{\"@type\":\"EntryPoint\",\"urlTemplate\":\"https:\/\/dmcsrb.com\/?s={search_term_string}\"},\"query-input\":{\"@type\":\"PropertyValueSpecification\",\"valueRequired\":true,\"valueName\":\"search_term_string\"}}],\"inLanguage\":\"en-GB\"},{\"@type\":\"Person\",\"@id\":\"https:\/\/dmcsrb.com\/#\/schema\/person\/5c39170f12db1b8b457732d0b5c854e2\",\"name\":\"dmcsrbija.com@gmail.com\",\"image\":{\"@type\":\"ImageObject\",\"inLanguage\":\"en-GB\",\"@id\":\"https:\/\/dmcsrb.com\/#\/schema\/person\/image\/\",\"url\":\"https:\/\/secure.gravatar.com\/avatar\/68592660ad6347fad0fb587f8d5d8f1a7b44961362f56e4f2cd524feb87e9069?s=96&d=mm&r=g\",\"contentUrl\":\"https:\/\/secure.gravatar.com\/avatar\/68592660ad6347fad0fb587f8d5d8f1a7b44961362f56e4f2cd524feb87e9069?s=96&d=mm&r=g\",\"caption\":\"dmcsrbija.com@gmail.com\"},\"sameAs\":[\"https:\/\/dmcsrb.com\"],\"url\":\"https:\/\/dmcsrb.com\/en\/author\/dmcsrbija-comgmail-com\/\"}]}<\/script>\n<!-- \/ Yoast SEO plugin. -->","yoast_head_json":{"title":"Aerodromi Crne Gore: Nijesmo informisani o bilo kakvim krivi\u010dnim prijavama - dmcsrb.com","robots":{"index":"index","follow":"follow","max-snippet":"max-snippet:-1","max-image-preview":"max-image-preview:large","max-video-preview":"max-video-preview:-1"},"canonical":"https:\/\/dmcsrb.com\/en\/ekonomija\/aerodromi-crne-gore-nijesmo-informisani-o-bilo-kakvim-krivicnim-prijavama\/","og_locale":"en_GB","og_type":"article","og_title":"Aerodromi Crne Gore: Nijesmo informisani o bilo kakvim krivi\u010dnim prijavama - dmcsrb.com","og_description":"Aerodromi Crne Gore reagovali su povodom krivi\u010dne prijave koju je Nezavisni sindikat Specijalnom dr\u017eavnom tu\u017eila\u0161tvu SDT podnio protiv izvr\u0161nog direktora Aerodroma Crne Gore Roka Toli\u0107a i direktora tivatskog aerodroma Ivana Rako\u010devi\u0107a, i kazali da nijesu informisani o bilo kakvim krivi\u010dnim prijavama niti je, koliko su upoznati, otvaran bilo kakav predmet ni u policiji niti u tu\u017eila\u0161tvu tim povodom.","og_url":"https:\/\/dmcsrb.com\/en\/ekonomija\/aerodromi-crne-gore-nijesmo-informisani-o-bilo-kakvim-krivicnim-prijavama\/","og_site_name":"dmcsrb.com","article_published_time":"2025-08-18T16:20:00+00:00","og_image":[{"width":900,"height":675,"url":"https:\/\/dmcsrb.com\/wp-content\/uploads\/2026\/01\/aerodromi_675x900.jpg","type":"image\/jpeg"}],"author":"dmcsrbija.com@gmail.com","twitter_card":"summary_large_image","twitter_misc":{"Written by":"dmcsrbija.com@gmail.com","Estimated reading time":"1 minute"},"schema":{"@context":"https:\/\/schema.org","@graph":[{"@type":"Article","@id":"https:\/\/dmcsrb.com\/ekonomija\/aerodromi-crne-gore-nijesmo-informisani-o-bilo-kakvim-krivicnim-prijavama\/#article","isPartOf":{"@id":"https:\/\/dmcsrb.com\/ekonomija\/aerodromi-crne-gore-nijesmo-informisani-o-bilo-kakvim-krivicnim-prijavama\/"},"author":{"name":"dmcsrbija.com@gmail.com","@id":"https:\/\/dmcsrb.com\/#\/schema\/person\/5c39170f12db1b8b457732d0b5c854e2"},"headline":"Aerodromi Crne Gore: Nijesmo informisani o bilo kakvim krivi\u010dnim prijavama","datePublished":"2025-08-18T16:20:00+00:00","mainEntityOfPage":{"@id":"https:\/\/dmcsrb.com\/ekonomija\/aerodromi-crne-gore-nijesmo-informisani-o-bilo-kakvim-krivicnim-prijavama\/"},"wordCount":296,"commentCount":0,"image":{"@id":"https:\/\/dmcsrb.com\/ekonomija\/aerodromi-crne-gore-nijesmo-informisani-o-bilo-kakvim-krivicnim-prijavama\/#primaryimage"},"thumbnailUrl":"https:\/\/dmcsrb.com\/wp-content\/uploads\/2026\/01\/aerodromi_675x900.jpg","keywords":["Aerodromi Crne Gore","reagovanje"],"articleSection":["Ekonomija"],"inLanguage":"en-GB","potentialAction":[{"@type":"CommentAction","name":"Comment","target":["https:\/\/dmcsrb.com\/ekonomija\/aerodromi-crne-gore-nijesmo-informisani-o-bilo-kakvim-krivicnim-prijavama\/#respond"]}]},{"@type":"WebPage","@id":"https:\/\/dmcsrb.com\/ekonomija\/aerodromi-crne-gore-nijesmo-informisani-o-bilo-kakvim-krivicnim-prijavama\/","url":"https:\/\/dmcsrb.com\/ekonomija\/aerodromi-crne-gore-nijesmo-informisani-o-bilo-kakvim-krivicnim-prijavama\/","name":"Aerodromi Crne Gore: Nijesmo informisani o bilo kakvim krivi\u010dnim prijavama - dmcsrb.com","isPartOf":{"@id":"https:\/\/dmcsrb.com\/#website"},"primaryImageOfPage":{"@id":"https:\/\/dmcsrb.com\/ekonomija\/aerodromi-crne-gore-nijesmo-informisani-o-bilo-kakvim-krivicnim-prijavama\/#primaryimage"},"image":{"@id":"https:\/\/dmcsrb.com\/ekonomija\/aerodromi-crne-gore-nijesmo-informisani-o-bilo-kakvim-krivicnim-prijavama\/#primaryimage"},"thumbnailUrl":"https:\/\/dmcsrb.com\/wp-content\/uploads\/2026\/01\/aerodromi_675x900.jpg","datePublished":"2025-08-18T16:20:00+00:00","author":{"@id":"https:\/\/dmcsrb.com\/#\/schema\/person\/5c39170f12db1b8b457732d0b5c854e2"},"breadcrumb":{"@id":"https:\/\/dmcsrb.com\/ekonomija\/aerodromi-crne-gore-nijesmo-informisani-o-bilo-kakvim-krivicnim-prijavama\/#breadcrumb"},"inLanguage":"en-GB","potentialAction":[{"@type":"ReadAction","target":["https:\/\/dmcsrb.com\/ekonomija\/aerodromi-crne-gore-nijesmo-informisani-o-bilo-kakvim-krivicnim-prijavama\/"]}]},{"@type":"ImageObject","inLanguage":"en-GB","@id":"https:\/\/dmcsrb.com\/ekonomija\/aerodromi-crne-gore-nijesmo-informisani-o-bilo-kakvim-krivicnim-prijavama\/#primaryimage","url":"https:\/\/dmcsrb.com\/wp-content\/uploads\/2026\/01\/aerodromi_675x900.jpg","contentUrl":"https:\/\/dmcsrb.com\/wp-content\/uploads\/2026\/01\/aerodromi_675x900.jpg","width":900,"height":675},{"@type":"BreadcrumbList","@id":"https:\/\/dmcsrb.com\/ekonomija\/aerodromi-crne-gore-nijesmo-informisani-o-bilo-kakvim-krivicnim-prijavama\/#breadcrumb","itemListElement":[{"@type":"ListItem","position":1,"name":"Home","item":"https:\/\/dmcsrb.com\/"},{"@type":"ListItem","position":2,"name":"Aerodromi Crne Gore: Nijesmo informisani o bilo kakvim krivi\u010dnim prijavama"}]},{"@type":"WebSite","@id":"https:\/\/dmcsrb.com\/#website","url":"https:\/\/dmcsrb.com\/","name":"dmcsrb.com","description":"","potentialAction":[{"@type":"SearchAction","target":{"@type":"EntryPoint","urlTemplate":"https:\/\/dmcsrb.com\/?s={search_term_string}"},"query-input":{"@type":"PropertyValueSpecification","valueRequired":true,"valueName":"search_term_string"}}],"inLanguage":"en-GB"},{"@type":"Person","@id":"https:\/\/dmcsrb.com\/#\/schema\/person\/5c39170f12db1b8b457732d0b5c854e2","name":"dmcsrbija.com@gmail.com","image":{"@type":"ImageObject","inLanguage":"en-GB","@id":"https:\/\/dmcsrb.com\/#\/schema\/person\/image\/","url":"https:\/\/secure.gravatar.com\/avatar\/68592660ad6347fad0fb587f8d5d8f1a7b44961362f56e4f2cd524feb87e9069?s=96&d=mm&r=g","contentUrl":"https:\/\/secure.gravatar.com\/avatar\/68592660ad6347fad0fb587f8d5d8f1a7b44961362f56e4f2cd524feb87e9069?s=96&d=mm&r=g","caption":"dmcsrbija.com@gmail.com"},"sameAs":["https:\/\/dmcsrb.com"],"url":"https:\/\/dmcsrb.com\/en\/author\/dmcsrbija-comgmail-com\/"}]}},"_links":{"self":[{"href":"https:\/\/dmcsrb.com\/en\/wp-json\/wp\/v2\/posts\/946944","targetHints":{"allow":["GET"]}}],"collection":[{"href":"https:\/\/dmcsrb.com\/en\/wp-json\/wp\/v2\/posts"}],"about":[{"href":"https:\/\/dmcsrb.com\/en\/wp-json\/wp\/v2\/types\/post"}],"author":[{"embeddable":true,"href":"https:\/\/dmcsrb.com\/en\/wp-json\/wp\/v2\/users\/1"}],"replies":[{"embeddable":true,"href":"https:\/\/dmcsrb.com\/en\/wp-json\/wp\/v2\/comments?post=946944"}],"version-history":[{"count":0,"href":"https:\/\/dmcsrb.com\/en\/wp-json\/wp\/v2\/posts\/946944\/revisions"}],"wp:featuredmedia":[{"embeddable":true,"href":"https:\/\/dmcsrb.com\/en\/wp-json\/wp\/v2\/media\/915973"}],"wp:attachment":[{"href":"https:\/\/dmcsrb.com\/en\/wp-json\/wp\/v2\/media?parent=946944"}],"wp:term":[{"taxonomy":"category","embeddable":true,"href":"https:\/\/dmcsrb.com\/en\/wp-json\/wp\/v2\/categories?post=946944"},{"taxonomy":"post_tag","embeddable":true,"href":"https:\/\/dmcsrb.com\/en\/wp-json\/wp\/v2\/tags?post=946944"},{"taxonomy":"naslovna","embeddable":true,"href":"https:\/\/dmcsrb.com\/en\/wp-json\/wp\/v2\/naslovna?post=946944"}],"curies":[{"name":"wp","href":"https:\/\/api.w.org\/{rel}","templated":true}]}}