{"id":946929,"date":"2025-08-18T17:10:00","date_gmt":"2025-08-18T15:10:00","guid":{"rendered":"https:\/\/dmcsrb.com\/uncategorized\/vujisic-bice-potrebne-godine-i-decenije-za-obnovu-unistenih-suma\/"},"modified":"2025-08-18T17:10:00","modified_gmt":"2025-08-18T15:10:00","slug":"vujisic-bice-potrebne-godine-i-decenije-za-obnovu-unistenih-suma","status":"publish","type":"post","link":"https:\/\/dmcsrb.com\/en\/podgorica\/vujisic-bice-potrebne-godine-i-decenije-za-obnovu-unistenih-suma\/","title":{"rendered":"Vujisi\u0107: Bi\u0107e potrebne godine i decenije za obnovu uni\u0161tenih \u0161uma"},"content":{"rendered":"<p><\/p>\n\n\n\n<p>Borbu sa visokim temperaturama u Podgorici u godinama koje dolaze uslo\u017eni\u0107e po\u017eari koji su tokom prethodne sedmice uni\u0161tili veliki dio zelene povr\u0161ine. Ipak, sve \u0107e zavisiti od ki\u0161e, saop\u0161tavaju ekolozi. Kada je u pitanju mikroklima u Glavnom gradu, o\u010dekuje nas te\u017eak period, \u0161to kao dr\u017eava i pojedinci moramo spremno do\u010dekati.<\/p>\n\n\n\n<p>&#8220;Mikroklima \u0107e se promijeniti u narednim godina, pogotovo u podru\u010djima gdje je gorjelo i pogotovo u kamenitim predjelima, gdje je niska hrastova \u0161uma pokrivala taj kameniti dio. Do\u0107i \u0107e do spiranja tla, bi\u0107e ote\u017eano povratiti biodiverzitet na tom podru\u010dju, ali priroda ima svoje mehanizme. Nadamo se da \u0107e to krenuti dobrim tokom i da nam sljede\u0107a godina ne\u0107e biti tako su\u0161na kao ova&#8221;, kazao je ekolo\u0161ki aktivista Vuk Vujisi\u0107.<\/p>\n\n\n\n<figure class=\"wp-block-image size-large\"><img decoding=\"async\" src=\"https:\/\/gradski.me\/wp-content\/uploads\/2025\/08\/ddddd-1024x494.jpg\" alt=\"\" class=\"wp-image-815936\"\/><\/figure>\n\n\n\n<p> U po\u017earima po kojima \u0107e ova godina ostati upam\u0107ena izgorjelo je vi\u0161e stabala nego \u0161to su u prethodnih desetak godina ekolo\u0161ki aktivisti uspjeli da zasade. Osim flore, vatra je ugrozila i brojne \u017eivotinjske vrste. Ekolozi saop\u0161tavaju da \u0107e, ukoliko se steknu uslovi, ve\u0107 ove jeseni po\u010deti osjemenjavanje ugro\u017eenog podru\u010dja.<\/p>\n\n\n\n<p>&#8220;Prije svega, osjemenjavanjem iz vazduha, \u0161to dronovima, \u0161to avionima i helikopterima. Pravi\u0107e se loptice sa sjemenom, humusom i one \u0107e se bacati iz vazduha, pogotovo na ta nepristupa\u010dna mjesta. Vodi\u0107e se ra\u010duna o tome da su to vrste sa tog podru\u010dja, da je to genetski materijal sa tog podru\u010dja. Dakle prvo ide mapiranje, uzimanje sjemena, pravljenje ovih kuglica i krajnji stadijum \u2013 sadnja&#8221;, isti\u010de Vujisi\u0107.<\/p>\n\n\n\n<p>\u017divotna okolina od nas o\u010dekuje punu posve\u0107enost, kako bi se sprije\u010dile budu\u0107e nepogode. Odgovornost je, saop\u0161tava Vujisi\u0107, na dr\u017eavi, ali i svakom pojedincu.<\/p>\n\n\n\n<p>&#8220;Onamo gdje je bilo poko\u0161eno, mnogo je lak\u0161e bilo braniti imanja. To je apel da napravimo mehanizme da nam se ovakve stvari vi\u0161e ne de\u0161avaju, a ako se dese, da lak\u0161e mo\u017eemo da ih branimo. Tu je i kaznena politika. Ve\u0107 se najavljuje da \u0107e se poo\u0161triti kazne za organizovano paljenjeili paljenje iz nemara. Tu se pominje i bolest piromanija. Postoje oni koji to rade iz bolesti, a i oni koji zbog toga imaju korist. Svakako, i za jedne i za druge, sistem mora prona\u0107i rje\u0161enje, da ih adekvatno kazni ili zbrine&#8221;, zaklju\u010duje.<\/p>\n\n\n\n<p>Vujisi\u0107 vjeruje da \u0107e gra\u0111ani pokazati solidarnost i prilikom ozelenjavanja uni\u0161tenog podru\u010dja, kao \u0161to su kada je vatrena stihija prijetila imovini i \u017eivotima.<\/p>\n\n\n\n<figure class=\"wp-block-embed is-type-video is-provider-youtube wp-block-embed-youtube wp-embed-aspect-16-9 wp-has-aspect-ratio\"><div class=\"wp-block-embed__wrapper\">\n<iframe loading=\"lazy\" title=\"Vujisi\u0107: Bi\u0107e potrebne godine i decenije za obnovu uni\u0161tenih \u0161uma\" width=\"500\" height=\"281\" src=\"https:\/\/www.youtube.com\/embed\/Kl3YL7hxChU?feature=oembed\" frameborder=\"0\" allow=\"accelerometer; autoplay; clipboard-write; encrypted-media; gyroscope; picture-in-picture; web-share\" referrerpolicy=\"strict-origin-when-cross-origin\" allowfullscreen><\/iframe>\n<\/div><\/figure>","protected":false},"excerpt":{"rendered":"<p>Po\u017eari koji su pro\u0161le sedmice uni\u0161tili veliki dio zelene povr\u0161ine u Glavnom gradu, bili su pogubni po \u017eivotnu sredinu i ekosistem. Ekolozi saop\u0161tavaju da \u0107e biti potrebne godine i decenije za obnovu uni\u0161tenih \u0161uma, te da \u0107e aktivisti sa po\u0161umljavanjem terena po\u010deti ve\u0107 ove jeseni. Kada su u pitanju ekstremno visoke temperature u Podgorici, uni\u0161tavanje zelenog pojasa uslo\u017eni\u0107e situaciju.<\/p>","protected":false},"author":1,"featured_media":946930,"comment_status":"open","ping_status":"open","sticky":false,"template":"","format":"standard","meta":{"_acf_changed":false,"footnotes":""},"categories":[56],"tags":[31,10351,4238,2649],"naslovna":[],"class_list":["post-946929","post","type-post","status-publish","format-standard","has-post-thumbnail","hentry","category-podgorica","tag-podgorica","tag-posumljavanje","tag-pozari","tag-vuk-vujisic"],"acf":[],"yoast_head":"<!-- This site is optimized with the Yoast SEO plugin v27.4 - https:\/\/yoast.com\/product\/yoast-seo-wordpress\/ -->\n<title>Vujisi\u0107: Bi\u0107e potrebne godine i decenije za obnovu uni\u0161tenih \u0161uma - dmcsrb.com<\/title>\n<meta name=\"robots\" content=\"index, follow, max-snippet:-1, max-image-preview:large, max-video-preview:-1\" \/>\n<link rel=\"canonical\" href=\"https:\/\/dmcsrb.com\/en\/podgorica\/vujisic-bice-potrebne-godine-i-decenije-za-obnovu-unistenih-suma\/\" \/>\n<meta property=\"og:locale\" content=\"en_GB\" \/>\n<meta property=\"og:type\" content=\"article\" \/>\n<meta property=\"og:title\" content=\"Vujisi\u0107: Bi\u0107e potrebne godine i decenije za obnovu uni\u0161tenih \u0161uma - dmcsrb.com\" \/>\n<meta property=\"og:description\" content=\"Po\u017eari koji su pro\u0161le sedmice uni\u0161tili veliki dio zelene povr\u0161ine u Glavnom gradu, bili su pogubni po \u017eivotnu sredinu i ekosistem. Ekolozi saop\u0161tavaju da \u0107e biti potrebne godine i decenije za obnovu uni\u0161tenih \u0161uma, te da \u0107e aktivisti sa po\u0161umljavanjem terena po\u010deti ve\u0107 ove jeseni. Kada su u pitanju ekstremno visoke temperature u Podgorici, uni\u0161tavanje zelenog pojasa uslo\u017eni\u0107e situaciju.\" \/>\n<meta property=\"og:url\" content=\"https:\/\/dmcsrb.com\/en\/podgorica\/vujisic-bice-potrebne-godine-i-decenije-za-obnovu-unistenih-suma\/\" \/>\n<meta property=\"og:site_name\" content=\"dmcsrb.com\" \/>\n<meta property=\"article:published_time\" content=\"2025-08-18T15:10:00+00:00\" \/>\n<meta property=\"og:image\" content=\"https:\/\/dmcsrb.com\/wp-content\/uploads\/2026\/01\/1-5-1.webp\" \/>\n\t<meta property=\"og:image:width\" content=\"1823\" \/>\n\t<meta property=\"og:image:height\" content=\"852\" \/>\n\t<meta property=\"og:image:type\" content=\"image\/jpeg\" \/>\n<meta name=\"author\" content=\"dmcsrbija.com@gmail.com\" \/>\n<meta name=\"twitter:card\" content=\"summary_large_image\" \/>\n<meta name=\"twitter:label1\" content=\"Written by\" \/>\n\t<meta name=\"twitter:data1\" content=\"dmcsrbija.com@gmail.com\" \/>\n\t<meta name=\"twitter:label2\" content=\"Estimated reading time\" \/>\n\t<meta name=\"twitter:data2\" content=\"2 minutes\" \/>\n<script type=\"application\/ld+json\" class=\"yoast-schema-graph\">{\"@context\":\"https:\\\/\\\/schema.org\",\"@graph\":[{\"@type\":\"Article\",\"@id\":\"https:\\\/\\\/dmcsrb.com\\\/podgorica\\\/vujisic-bice-potrebne-godine-i-decenije-za-obnovu-unistenih-suma\\\/#article\",\"isPartOf\":{\"@id\":\"https:\\\/\\\/dmcsrb.com\\\/podgorica\\\/vujisic-bice-potrebne-godine-i-decenije-za-obnovu-unistenih-suma\\\/\"},\"author\":{\"name\":\"dmcsrbija.com@gmail.com\",\"@id\":\"https:\\\/\\\/dmcsrb.com\\\/#\\\/schema\\\/person\\\/5c39170f12db1b8b457732d0b5c854e2\"},\"headline\":\"Vujisi\u0107: Bi\u0107e potrebne godine i decenije za obnovu uni\u0161tenih \u0161uma\",\"datePublished\":\"2025-08-18T15:10:00+00:00\",\"mainEntityOfPage\":{\"@id\":\"https:\\\/\\\/dmcsrb.com\\\/podgorica\\\/vujisic-bice-potrebne-godine-i-decenije-za-obnovu-unistenih-suma\\\/\"},\"wordCount\":443,\"commentCount\":0,\"image\":{\"@id\":\"https:\\\/\\\/dmcsrb.com\\\/podgorica\\\/vujisic-bice-potrebne-godine-i-decenije-za-obnovu-unistenih-suma\\\/#primaryimage\"},\"thumbnailUrl\":\"https:\\\/\\\/dmcsrb.com\\\/wp-content\\\/uploads\\\/2026\\\/01\\\/1-5-1.webp\",\"keywords\":[\"Podgorica\",\"Po\u0161umljavanje\",\"po\u017eari\",\"Vuk Vujisi\u0107\"],\"articleSection\":[\"Podgorica\"],\"inLanguage\":\"en-GB\",\"potentialAction\":[{\"@type\":\"CommentAction\",\"name\":\"Comment\",\"target\":[\"https:\\\/\\\/dmcsrb.com\\\/podgorica\\\/vujisic-bice-potrebne-godine-i-decenije-za-obnovu-unistenih-suma\\\/#respond\"]}]},{\"@type\":\"WebPage\",\"@id\":\"https:\\\/\\\/dmcsrb.com\\\/podgorica\\\/vujisic-bice-potrebne-godine-i-decenije-za-obnovu-unistenih-suma\\\/\",\"url\":\"https:\\\/\\\/dmcsrb.com\\\/podgorica\\\/vujisic-bice-potrebne-godine-i-decenije-za-obnovu-unistenih-suma\\\/\",\"name\":\"Vujisi\u0107: Bi\u0107e potrebne godine i decenije za obnovu uni\u0161tenih \u0161uma - dmcsrb.com\",\"isPartOf\":{\"@id\":\"https:\\\/\\\/dmcsrb.com\\\/#website\"},\"primaryImageOfPage\":{\"@id\":\"https:\\\/\\\/dmcsrb.com\\\/podgorica\\\/vujisic-bice-potrebne-godine-i-decenije-za-obnovu-unistenih-suma\\\/#primaryimage\"},\"image\":{\"@id\":\"https:\\\/\\\/dmcsrb.com\\\/podgorica\\\/vujisic-bice-potrebne-godine-i-decenije-za-obnovu-unistenih-suma\\\/#primaryimage\"},\"thumbnailUrl\":\"https:\\\/\\\/dmcsrb.com\\\/wp-content\\\/uploads\\\/2026\\\/01\\\/1-5-1.webp\",\"datePublished\":\"2025-08-18T15:10:00+00:00\",\"author\":{\"@id\":\"https:\\\/\\\/dmcsrb.com\\\/#\\\/schema\\\/person\\\/5c39170f12db1b8b457732d0b5c854e2\"},\"breadcrumb\":{\"@id\":\"https:\\\/\\\/dmcsrb.com\\\/podgorica\\\/vujisic-bice-potrebne-godine-i-decenije-za-obnovu-unistenih-suma\\\/#breadcrumb\"},\"inLanguage\":\"en-GB\",\"potentialAction\":[{\"@type\":\"ReadAction\",\"target\":[\"https:\\\/\\\/dmcsrb.com\\\/podgorica\\\/vujisic-bice-potrebne-godine-i-decenije-za-obnovu-unistenih-suma\\\/\"]}]},{\"@type\":\"ImageObject\",\"inLanguage\":\"en-GB\",\"@id\":\"https:\\\/\\\/dmcsrb.com\\\/podgorica\\\/vujisic-bice-potrebne-godine-i-decenije-za-obnovu-unistenih-suma\\\/#primaryimage\",\"url\":\"https:\\\/\\\/dmcsrb.com\\\/wp-content\\\/uploads\\\/2026\\\/01\\\/1-5-1.webp\",\"contentUrl\":\"https:\\\/\\\/dmcsrb.com\\\/wp-content\\\/uploads\\\/2026\\\/01\\\/1-5-1.webp\",\"width\":1823,\"height\":852},{\"@type\":\"BreadcrumbList\",\"@id\":\"https:\\\/\\\/dmcsrb.com\\\/podgorica\\\/vujisic-bice-potrebne-godine-i-decenije-za-obnovu-unistenih-suma\\\/#breadcrumb\",\"itemListElement\":[{\"@type\":\"ListItem\",\"position\":1,\"name\":\"Home\",\"item\":\"https:\\\/\\\/dmcsrb.com\\\/\"},{\"@type\":\"ListItem\",\"position\":2,\"name\":\"Vujisi\u0107: Bi\u0107e potrebne godine i decenije za obnovu uni\u0161tenih \u0161uma\"}]},{\"@type\":\"WebSite\",\"@id\":\"https:\\\/\\\/dmcsrb.com\\\/#website\",\"url\":\"https:\\\/\\\/dmcsrb.com\\\/\",\"name\":\"dmcsrb.com\",\"description\":\"\",\"potentialAction\":[{\"@type\":\"SearchAction\",\"target\":{\"@type\":\"EntryPoint\",\"urlTemplate\":\"https:\\\/\\\/dmcsrb.com\\\/?s={search_term_string}\"},\"query-input\":{\"@type\":\"PropertyValueSpecification\",\"valueRequired\":true,\"valueName\":\"search_term_string\"}}],\"inLanguage\":\"en-GB\"},{\"@type\":\"Person\",\"@id\":\"https:\\\/\\\/dmcsrb.com\\\/#\\\/schema\\\/person\\\/5c39170f12db1b8b457732d0b5c854e2\",\"name\":\"dmcsrbija.com@gmail.com\",\"image\":{\"@type\":\"ImageObject\",\"inLanguage\":\"en-GB\",\"@id\":\"https:\\\/\\\/secure.gravatar.com\\\/avatar\\\/68592660ad6347fad0fb587f8d5d8f1a7b44961362f56e4f2cd524feb87e9069?s=96&d=mm&r=g\",\"url\":\"https:\\\/\\\/secure.gravatar.com\\\/avatar\\\/68592660ad6347fad0fb587f8d5d8f1a7b44961362f56e4f2cd524feb87e9069?s=96&d=mm&r=g\",\"contentUrl\":\"https:\\\/\\\/secure.gravatar.com\\\/avatar\\\/68592660ad6347fad0fb587f8d5d8f1a7b44961362f56e4f2cd524feb87e9069?s=96&d=mm&r=g\",\"caption\":\"dmcsrbija.com@gmail.com\"},\"sameAs\":[\"https:\\\/\\\/dmcsrb.com\"],\"url\":\"https:\\\/\\\/dmcsrb.com\\\/en\\\/author\\\/dmcsrbija-comgmail-com\\\/\"}]}<\/script>\n<!-- \/ Yoast SEO plugin. -->","yoast_head_json":{"title":"Vujisi\u0107: Bi\u0107e potrebne godine i decenije za obnovu uni\u0161tenih \u0161uma - dmcsrb.com","robots":{"index":"index","follow":"follow","max-snippet":"max-snippet:-1","max-image-preview":"max-image-preview:large","max-video-preview":"max-video-preview:-1"},"canonical":"https:\/\/dmcsrb.com\/en\/podgorica\/vujisic-bice-potrebne-godine-i-decenije-za-obnovu-unistenih-suma\/","og_locale":"en_GB","og_type":"article","og_title":"Vujisi\u0107: Bi\u0107e potrebne godine i decenije za obnovu uni\u0161tenih \u0161uma - dmcsrb.com","og_description":"Po\u017eari koji su pro\u0161le sedmice uni\u0161tili veliki dio zelene povr\u0161ine u Glavnom gradu, bili su pogubni po \u017eivotnu sredinu i ekosistem. Ekolozi saop\u0161tavaju da \u0107e biti potrebne godine i decenije za obnovu uni\u0161tenih \u0161uma, te da \u0107e aktivisti sa po\u0161umljavanjem terena po\u010deti ve\u0107 ove jeseni. Kada su u pitanju ekstremno visoke temperature u Podgorici, uni\u0161tavanje zelenog pojasa uslo\u017eni\u0107e situaciju.","og_url":"https:\/\/dmcsrb.com\/en\/podgorica\/vujisic-bice-potrebne-godine-i-decenije-za-obnovu-unistenih-suma\/","og_site_name":"dmcsrb.com","article_published_time":"2025-08-18T15:10:00+00:00","og_image":[{"width":1823,"height":852,"url":"https:\/\/dmcsrb.com\/wp-content\/uploads\/2026\/01\/1-5-1.webp","type":"image\/jpeg"}],"author":"dmcsrbija.com@gmail.com","twitter_card":"summary_large_image","twitter_misc":{"Written by":"dmcsrbija.com@gmail.com","Estimated reading time":"2 minutes"},"schema":{"@context":"https:\/\/schema.org","@graph":[{"@type":"Article","@id":"https:\/\/dmcsrb.com\/podgorica\/vujisic-bice-potrebne-godine-i-decenije-za-obnovu-unistenih-suma\/#article","isPartOf":{"@id":"https:\/\/dmcsrb.com\/podgorica\/vujisic-bice-potrebne-godine-i-decenije-za-obnovu-unistenih-suma\/"},"author":{"name":"dmcsrbija.com@gmail.com","@id":"https:\/\/dmcsrb.com\/#\/schema\/person\/5c39170f12db1b8b457732d0b5c854e2"},"headline":"Vujisi\u0107: Bi\u0107e potrebne godine i decenije za obnovu uni\u0161tenih \u0161uma","datePublished":"2025-08-18T15:10:00+00:00","mainEntityOfPage":{"@id":"https:\/\/dmcsrb.com\/podgorica\/vujisic-bice-potrebne-godine-i-decenije-za-obnovu-unistenih-suma\/"},"wordCount":443,"commentCount":0,"image":{"@id":"https:\/\/dmcsrb.com\/podgorica\/vujisic-bice-potrebne-godine-i-decenije-za-obnovu-unistenih-suma\/#primaryimage"},"thumbnailUrl":"https:\/\/dmcsrb.com\/wp-content\/uploads\/2026\/01\/1-5-1.webp","keywords":["Podgorica","Po\u0161umljavanje","po\u017eari","Vuk Vujisi\u0107"],"articleSection":["Podgorica"],"inLanguage":"en-GB","potentialAction":[{"@type":"CommentAction","name":"Comment","target":["https:\/\/dmcsrb.com\/podgorica\/vujisic-bice-potrebne-godine-i-decenije-za-obnovu-unistenih-suma\/#respond"]}]},{"@type":"WebPage","@id":"https:\/\/dmcsrb.com\/podgorica\/vujisic-bice-potrebne-godine-i-decenije-za-obnovu-unistenih-suma\/","url":"https:\/\/dmcsrb.com\/podgorica\/vujisic-bice-potrebne-godine-i-decenije-za-obnovu-unistenih-suma\/","name":"Vujisi\u0107: Bi\u0107e potrebne godine i decenije za obnovu uni\u0161tenih \u0161uma - dmcsrb.com","isPartOf":{"@id":"https:\/\/dmcsrb.com\/#website"},"primaryImageOfPage":{"@id":"https:\/\/dmcsrb.com\/podgorica\/vujisic-bice-potrebne-godine-i-decenije-za-obnovu-unistenih-suma\/#primaryimage"},"image":{"@id":"https:\/\/dmcsrb.com\/podgorica\/vujisic-bice-potrebne-godine-i-decenije-za-obnovu-unistenih-suma\/#primaryimage"},"thumbnailUrl":"https:\/\/dmcsrb.com\/wp-content\/uploads\/2026\/01\/1-5-1.webp","datePublished":"2025-08-18T15:10:00+00:00","author":{"@id":"https:\/\/dmcsrb.com\/#\/schema\/person\/5c39170f12db1b8b457732d0b5c854e2"},"breadcrumb":{"@id":"https:\/\/dmcsrb.com\/podgorica\/vujisic-bice-potrebne-godine-i-decenije-za-obnovu-unistenih-suma\/#breadcrumb"},"inLanguage":"en-GB","potentialAction":[{"@type":"ReadAction","target":["https:\/\/dmcsrb.com\/podgorica\/vujisic-bice-potrebne-godine-i-decenije-za-obnovu-unistenih-suma\/"]}]},{"@type":"ImageObject","inLanguage":"en-GB","@id":"https:\/\/dmcsrb.com\/podgorica\/vujisic-bice-potrebne-godine-i-decenije-za-obnovu-unistenih-suma\/#primaryimage","url":"https:\/\/dmcsrb.com\/wp-content\/uploads\/2026\/01\/1-5-1.webp","contentUrl":"https:\/\/dmcsrb.com\/wp-content\/uploads\/2026\/01\/1-5-1.webp","width":1823,"height":852},{"@type":"BreadcrumbList","@id":"https:\/\/dmcsrb.com\/podgorica\/vujisic-bice-potrebne-godine-i-decenije-za-obnovu-unistenih-suma\/#breadcrumb","itemListElement":[{"@type":"ListItem","position":1,"name":"Home","item":"https:\/\/dmcsrb.com\/"},{"@type":"ListItem","position":2,"name":"Vujisi\u0107: Bi\u0107e potrebne godine i decenije za obnovu uni\u0161tenih \u0161uma"}]},{"@type":"WebSite","@id":"https:\/\/dmcsrb.com\/#website","url":"https:\/\/dmcsrb.com\/","name":"dmcsrb.com","description":"","potentialAction":[{"@type":"SearchAction","target":{"@type":"EntryPoint","urlTemplate":"https:\/\/dmcsrb.com\/?s={search_term_string}"},"query-input":{"@type":"PropertyValueSpecification","valueRequired":true,"valueName":"search_term_string"}}],"inLanguage":"en-GB"},{"@type":"Person","@id":"https:\/\/dmcsrb.com\/#\/schema\/person\/5c39170f12db1b8b457732d0b5c854e2","name":"dmcsrbija.com@gmail.com","image":{"@type":"ImageObject","inLanguage":"en-GB","@id":"https:\/\/secure.gravatar.com\/avatar\/68592660ad6347fad0fb587f8d5d8f1a7b44961362f56e4f2cd524feb87e9069?s=96&d=mm&r=g","url":"https:\/\/secure.gravatar.com\/avatar\/68592660ad6347fad0fb587f8d5d8f1a7b44961362f56e4f2cd524feb87e9069?s=96&d=mm&r=g","contentUrl":"https:\/\/secure.gravatar.com\/avatar\/68592660ad6347fad0fb587f8d5d8f1a7b44961362f56e4f2cd524feb87e9069?s=96&d=mm&r=g","caption":"dmcsrbija.com@gmail.com"},"sameAs":["https:\/\/dmcsrb.com"],"url":"https:\/\/dmcsrb.com\/en\/author\/dmcsrbija-comgmail-com\/"}]}},"_links":{"self":[{"href":"https:\/\/dmcsrb.com\/en\/wp-json\/wp\/v2\/posts\/946929","targetHints":{"allow":["GET"]}}],"collection":[{"href":"https:\/\/dmcsrb.com\/en\/wp-json\/wp\/v2\/posts"}],"about":[{"href":"https:\/\/dmcsrb.com\/en\/wp-json\/wp\/v2\/types\/post"}],"author":[{"embeddable":true,"href":"https:\/\/dmcsrb.com\/en\/wp-json\/wp\/v2\/users\/1"}],"replies":[{"embeddable":true,"href":"https:\/\/dmcsrb.com\/en\/wp-json\/wp\/v2\/comments?post=946929"}],"version-history":[{"count":0,"href":"https:\/\/dmcsrb.com\/en\/wp-json\/wp\/v2\/posts\/946929\/revisions"}],"wp:featuredmedia":[{"embeddable":true,"href":"https:\/\/dmcsrb.com\/en\/wp-json\/wp\/v2\/media\/946930"}],"wp:attachment":[{"href":"https:\/\/dmcsrb.com\/en\/wp-json\/wp\/v2\/media?parent=946929"}],"wp:term":[{"taxonomy":"category","embeddable":true,"href":"https:\/\/dmcsrb.com\/en\/wp-json\/wp\/v2\/categories?post=946929"},{"taxonomy":"post_tag","embeddable":true,"href":"https:\/\/dmcsrb.com\/en\/wp-json\/wp\/v2\/tags?post=946929"},{"taxonomy":"naslovna","embeddable":true,"href":"https:\/\/dmcsrb.com\/en\/wp-json\/wp\/v2\/naslovna?post=946929"}],"curies":[{"name":"wp","href":"https:\/\/api.w.org\/{rel}","templated":true}]}}