{"id":946906,"date":"2025-08-18T14:41:00","date_gmt":"2025-08-18T12:41:00","guid":{"rendered":"https:\/\/dmcsrb.com\/uncategorized\/sud-bih-odbio-dodikovu-zalbu\/"},"modified":"2025-08-18T14:41:00","modified_gmt":"2025-08-18T12:41:00","slug":"sud-bih-odbio-dodikovu-zalbu","status":"publish","type":"post","link":"https:\/\/dmcsrb.com\/en\/region\/sud-bih-odbio-dodikovu-zalbu\/","title":{"rendered":"Sud BiH odbio Dodikovu \u017ealbu"},"content":{"rendered":"<p><\/p>\n\n\n\n<p>Podsjetimo, CIK je ranije donio odluku o prestanku njegovog mandata, ali ona je mogla stupiti na snagu tek nakon pravosna\u017enosti, odnosno potvrde Apelacionog odjeljenja Suda BiH. Dana\u0161njom odlukom pravosna\u017eno je utvr\u0111eno da Dodik vi\u0161e ne obavlja funkciju predsjednika RS-a.<\/p>\n\n\n\n<p>Iako su Dodikovi advokati tvrdili da postoje pravni razlozi za poni\u0161tenje odluke, sud je odbacio njihovu \u017ealbu. <\/p>\n\n\n\n<p>Dodik je ranije danas iz Banje Luke najavio odr\u017eavanje referenduma krajem septembra, na kojem bi gra\u0111ani RS-a trebali odgovoriti da li prihvataju da visoki predstavnik u BiH donosi odluke, te da li priznaju presudu kojom je on smijenjen.<\/p>\n\n\n\n<p>U istom obra\u0107anju Dodik je poru\u010dio da u RS-u ne\u0107e biti prijevremenih izbora, iako je sada jasno da \u0107e CIK biti obavezan da ih raspi\u0161e.<\/p>\n\n\n\n<p>Osim toga, najavio je i drugi referendum u roku od 90 dana od prvog, ovoga puta o secesiji entiteta, \u0161to Dodik ponavlja godinama, ali do sada nikada nije realizovao.<\/p>","protected":false},"excerpt":{"rendered":"<p>Apelaciono odjeljenje Suda Bosne i Hercegovine odbilo je \u017ealbu Milorada Dodika na odluku Centralne izborne komisije (CIK) kojom mu je oduzet mandat predsjednika Republike Srpske, potvr\u0111eno je za Klix.ba. Ovime Dodik i zvani\u010dno vi\u0161e nije na toj funkciji, a CIK je du\u017ean raspisati prijevremene izbore za predsjednika entiteta.<\/p>","protected":false},"author":1,"featured_media":944700,"comment_status":"open","ping_status":"open","sticky":false,"template":"","format":"standard","meta":{"_acf_changed":false,"footnotes":""},"categories":[103],"tags":[17881,10810],"naslovna":[],"class_list":["post-946906","post","type-post","status-publish","format-standard","has-post-thumbnail","hentry","category-region","tag-dodikova-zalba","tag-sud-bih"],"acf":[],"yoast_head":"<!-- This site is optimized with the Yoast SEO plugin v27.0 - https:\/\/yoast.com\/product\/yoast-seo-wordpress\/ -->\n<title>Sud BiH odbio Dodikovu \u017ealbu - dmcsrb.com<\/title>\n<meta name=\"robots\" content=\"index, follow, max-snippet:-1, max-image-preview:large, max-video-preview:-1\" \/>\n<link rel=\"canonical\" href=\"https:\/\/dmcsrb.com\/en\/region\/sud-bih-odbio-dodikovu-zalbu\/\" \/>\n<meta property=\"og:locale\" content=\"en_GB\" \/>\n<meta property=\"og:type\" content=\"article\" \/>\n<meta property=\"og:title\" content=\"Sud BiH odbio Dodikovu \u017ealbu - dmcsrb.com\" \/>\n<meta property=\"og:description\" content=\"Apelaciono odjeljenje Suda Bosne i Hercegovine odbilo je \u017ealbu Milorada Dodika na odluku Centralne izborne komisije (CIK) kojom mu je oduzet mandat predsjednika Republike Srpske, potvr\u0111eno je za Klix.ba. Ovime Dodik i zvani\u010dno vi\u0161e nije na toj funkciji, a CIK je du\u017ean raspisati prijevremene izbore za predsjednika entiteta.\" \/>\n<meta property=\"og:url\" content=\"https:\/\/dmcsrb.com\/en\/region\/sud-bih-odbio-dodikovu-zalbu\/\" \/>\n<meta property=\"og:site_name\" content=\"dmcsrb.com\" \/>\n<meta property=\"article:published_time\" content=\"2025-08-18T12:41:00+00:00\" \/>\n<meta property=\"og:image\" content=\"https:\/\/dmcsrb.com\/wp-content\/uploads\/2026\/01\/dodik-printscreen-rtrs.webp\" \/>\n\t<meta property=\"og:image:width\" content=\"798\" \/>\n\t<meta property=\"og:image:height\" content=\"489\" \/>\n\t<meta property=\"og:image:type\" content=\"image\/jpeg\" \/>\n<meta name=\"author\" content=\"dmcsrbija.com@gmail.com\" \/>\n<meta name=\"twitter:card\" content=\"summary_large_image\" \/>\n<meta name=\"twitter:label1\" content=\"Written by\" \/>\n\t<meta name=\"twitter:data1\" content=\"dmcsrbija.com@gmail.com\" \/>\n\t<meta name=\"twitter:label2\" content=\"Estimated reading time\" \/>\n\t<meta name=\"twitter:data2\" content=\"1 minute\" \/>\n<script type=\"application\/ld+json\" class=\"yoast-schema-graph\">{\"@context\":\"https:\/\/schema.org\",\"@graph\":[{\"@type\":\"Article\",\"@id\":\"https:\/\/dmcsrb.com\/region\/sud-bih-odbio-dodikovu-zalbu\/#article\",\"isPartOf\":{\"@id\":\"https:\/\/dmcsrb.com\/region\/sud-bih-odbio-dodikovu-zalbu\/\"},\"author\":{\"name\":\"dmcsrbija.com@gmail.com\",\"@id\":\"https:\/\/dmcsrb.com\/#\/schema\/person\/5c39170f12db1b8b457732d0b5c854e2\"},\"headline\":\"Sud BiH odbio Dodikovu \u017ealbu\",\"datePublished\":\"2025-08-18T12:41:00+00:00\",\"mainEntityOfPage\":{\"@id\":\"https:\/\/dmcsrb.com\/region\/sud-bih-odbio-dodikovu-zalbu\/\"},\"wordCount\":164,\"commentCount\":0,\"image\":{\"@id\":\"https:\/\/dmcsrb.com\/region\/sud-bih-odbio-dodikovu-zalbu\/#primaryimage\"},\"thumbnailUrl\":\"https:\/\/dmcsrb.com\/wp-content\/uploads\/2026\/01\/dodik-printscreen-rtrs.webp\",\"keywords\":[\"Dodikova \u017ealba\",\"Sud BiH\"],\"articleSection\":[\"Region\"],\"inLanguage\":\"en-GB\",\"potentialAction\":[{\"@type\":\"CommentAction\",\"name\":\"Comment\",\"target\":[\"https:\/\/dmcsrb.com\/region\/sud-bih-odbio-dodikovu-zalbu\/#respond\"]}]},{\"@type\":\"WebPage\",\"@id\":\"https:\/\/dmcsrb.com\/region\/sud-bih-odbio-dodikovu-zalbu\/\",\"url\":\"https:\/\/dmcsrb.com\/region\/sud-bih-odbio-dodikovu-zalbu\/\",\"name\":\"Sud BiH odbio Dodikovu \u017ealbu - dmcsrb.com\",\"isPartOf\":{\"@id\":\"https:\/\/dmcsrb.com\/#website\"},\"primaryImageOfPage\":{\"@id\":\"https:\/\/dmcsrb.com\/region\/sud-bih-odbio-dodikovu-zalbu\/#primaryimage\"},\"image\":{\"@id\":\"https:\/\/dmcsrb.com\/region\/sud-bih-odbio-dodikovu-zalbu\/#primaryimage\"},\"thumbnailUrl\":\"https:\/\/dmcsrb.com\/wp-content\/uploads\/2026\/01\/dodik-printscreen-rtrs.webp\",\"datePublished\":\"2025-08-18T12:41:00+00:00\",\"author\":{\"@id\":\"https:\/\/dmcsrb.com\/#\/schema\/person\/5c39170f12db1b8b457732d0b5c854e2\"},\"breadcrumb\":{\"@id\":\"https:\/\/dmcsrb.com\/region\/sud-bih-odbio-dodikovu-zalbu\/#breadcrumb\"},\"inLanguage\":\"en-GB\",\"potentialAction\":[{\"@type\":\"ReadAction\",\"target\":[\"https:\/\/dmcsrb.com\/region\/sud-bih-odbio-dodikovu-zalbu\/\"]}]},{\"@type\":\"ImageObject\",\"inLanguage\":\"en-GB\",\"@id\":\"https:\/\/dmcsrb.com\/region\/sud-bih-odbio-dodikovu-zalbu\/#primaryimage\",\"url\":\"https:\/\/dmcsrb.com\/wp-content\/uploads\/2026\/01\/dodik-printscreen-rtrs.webp\",\"contentUrl\":\"https:\/\/dmcsrb.com\/wp-content\/uploads\/2026\/01\/dodik-printscreen-rtrs.webp\",\"width\":798,\"height\":489},{\"@type\":\"BreadcrumbList\",\"@id\":\"https:\/\/dmcsrb.com\/region\/sud-bih-odbio-dodikovu-zalbu\/#breadcrumb\",\"itemListElement\":[{\"@type\":\"ListItem\",\"position\":1,\"name\":\"Home\",\"item\":\"https:\/\/dmcsrb.com\/\"},{\"@type\":\"ListItem\",\"position\":2,\"name\":\"Sud BiH odbio Dodikovu \u017ealbu\"}]},{\"@type\":\"WebSite\",\"@id\":\"https:\/\/dmcsrb.com\/#website\",\"url\":\"https:\/\/dmcsrb.com\/\",\"name\":\"dmcsrb.com\",\"description\":\"\",\"potentialAction\":[{\"@type\":\"SearchAction\",\"target\":{\"@type\":\"EntryPoint\",\"urlTemplate\":\"https:\/\/dmcsrb.com\/?s={search_term_string}\"},\"query-input\":{\"@type\":\"PropertyValueSpecification\",\"valueRequired\":true,\"valueName\":\"search_term_string\"}}],\"inLanguage\":\"en-GB\"},{\"@type\":\"Person\",\"@id\":\"https:\/\/dmcsrb.com\/#\/schema\/person\/5c39170f12db1b8b457732d0b5c854e2\",\"name\":\"dmcsrbija.com@gmail.com\",\"image\":{\"@type\":\"ImageObject\",\"inLanguage\":\"en-GB\",\"@id\":\"https:\/\/dmcsrb.com\/#\/schema\/person\/image\/\",\"url\":\"https:\/\/secure.gravatar.com\/avatar\/68592660ad6347fad0fb587f8d5d8f1a7b44961362f56e4f2cd524feb87e9069?s=96&d=mm&r=g\",\"contentUrl\":\"https:\/\/secure.gravatar.com\/avatar\/68592660ad6347fad0fb587f8d5d8f1a7b44961362f56e4f2cd524feb87e9069?s=96&d=mm&r=g\",\"caption\":\"dmcsrbija.com@gmail.com\"},\"sameAs\":[\"https:\/\/dmcsrb.com\"],\"url\":\"https:\/\/dmcsrb.com\/en\/author\/dmcsrbija-comgmail-com\/\"}]}<\/script>\n<!-- \/ Yoast SEO plugin. -->","yoast_head_json":{"title":"Sud BiH odbio Dodikovu \u017ealbu - dmcsrb.com","robots":{"index":"index","follow":"follow","max-snippet":"max-snippet:-1","max-image-preview":"max-image-preview:large","max-video-preview":"max-video-preview:-1"},"canonical":"https:\/\/dmcsrb.com\/en\/region\/sud-bih-odbio-dodikovu-zalbu\/","og_locale":"en_GB","og_type":"article","og_title":"Sud BiH odbio Dodikovu \u017ealbu - dmcsrb.com","og_description":"Apelaciono odjeljenje Suda Bosne i Hercegovine odbilo je \u017ealbu Milorada Dodika na odluku Centralne izborne komisije (CIK) kojom mu je oduzet mandat predsjednika Republike Srpske, potvr\u0111eno je za Klix.ba. Ovime Dodik i zvani\u010dno vi\u0161e nije na toj funkciji, a CIK je du\u017ean raspisati prijevremene izbore za predsjednika entiteta.","og_url":"https:\/\/dmcsrb.com\/en\/region\/sud-bih-odbio-dodikovu-zalbu\/","og_site_name":"dmcsrb.com","article_published_time":"2025-08-18T12:41:00+00:00","og_image":[{"width":798,"height":489,"url":"https:\/\/dmcsrb.com\/wp-content\/uploads\/2026\/01\/dodik-printscreen-rtrs.webp","type":"image\/jpeg"}],"author":"dmcsrbija.com@gmail.com","twitter_card":"summary_large_image","twitter_misc":{"Written by":"dmcsrbija.com@gmail.com","Estimated reading time":"1 minute"},"schema":{"@context":"https:\/\/schema.org","@graph":[{"@type":"Article","@id":"https:\/\/dmcsrb.com\/region\/sud-bih-odbio-dodikovu-zalbu\/#article","isPartOf":{"@id":"https:\/\/dmcsrb.com\/region\/sud-bih-odbio-dodikovu-zalbu\/"},"author":{"name":"dmcsrbija.com@gmail.com","@id":"https:\/\/dmcsrb.com\/#\/schema\/person\/5c39170f12db1b8b457732d0b5c854e2"},"headline":"Sud BiH odbio Dodikovu \u017ealbu","datePublished":"2025-08-18T12:41:00+00:00","mainEntityOfPage":{"@id":"https:\/\/dmcsrb.com\/region\/sud-bih-odbio-dodikovu-zalbu\/"},"wordCount":164,"commentCount":0,"image":{"@id":"https:\/\/dmcsrb.com\/region\/sud-bih-odbio-dodikovu-zalbu\/#primaryimage"},"thumbnailUrl":"https:\/\/dmcsrb.com\/wp-content\/uploads\/2026\/01\/dodik-printscreen-rtrs.webp","keywords":["Dodikova \u017ealba","Sud BiH"],"articleSection":["Region"],"inLanguage":"en-GB","potentialAction":[{"@type":"CommentAction","name":"Comment","target":["https:\/\/dmcsrb.com\/region\/sud-bih-odbio-dodikovu-zalbu\/#respond"]}]},{"@type":"WebPage","@id":"https:\/\/dmcsrb.com\/region\/sud-bih-odbio-dodikovu-zalbu\/","url":"https:\/\/dmcsrb.com\/region\/sud-bih-odbio-dodikovu-zalbu\/","name":"Sud BiH odbio Dodikovu \u017ealbu - dmcsrb.com","isPartOf":{"@id":"https:\/\/dmcsrb.com\/#website"},"primaryImageOfPage":{"@id":"https:\/\/dmcsrb.com\/region\/sud-bih-odbio-dodikovu-zalbu\/#primaryimage"},"image":{"@id":"https:\/\/dmcsrb.com\/region\/sud-bih-odbio-dodikovu-zalbu\/#primaryimage"},"thumbnailUrl":"https:\/\/dmcsrb.com\/wp-content\/uploads\/2026\/01\/dodik-printscreen-rtrs.webp","datePublished":"2025-08-18T12:41:00+00:00","author":{"@id":"https:\/\/dmcsrb.com\/#\/schema\/person\/5c39170f12db1b8b457732d0b5c854e2"},"breadcrumb":{"@id":"https:\/\/dmcsrb.com\/region\/sud-bih-odbio-dodikovu-zalbu\/#breadcrumb"},"inLanguage":"en-GB","potentialAction":[{"@type":"ReadAction","target":["https:\/\/dmcsrb.com\/region\/sud-bih-odbio-dodikovu-zalbu\/"]}]},{"@type":"ImageObject","inLanguage":"en-GB","@id":"https:\/\/dmcsrb.com\/region\/sud-bih-odbio-dodikovu-zalbu\/#primaryimage","url":"https:\/\/dmcsrb.com\/wp-content\/uploads\/2026\/01\/dodik-printscreen-rtrs.webp","contentUrl":"https:\/\/dmcsrb.com\/wp-content\/uploads\/2026\/01\/dodik-printscreen-rtrs.webp","width":798,"height":489},{"@type":"BreadcrumbList","@id":"https:\/\/dmcsrb.com\/region\/sud-bih-odbio-dodikovu-zalbu\/#breadcrumb","itemListElement":[{"@type":"ListItem","position":1,"name":"Home","item":"https:\/\/dmcsrb.com\/"},{"@type":"ListItem","position":2,"name":"Sud BiH odbio Dodikovu \u017ealbu"}]},{"@type":"WebSite","@id":"https:\/\/dmcsrb.com\/#website","url":"https:\/\/dmcsrb.com\/","name":"dmcsrb.com","description":"","potentialAction":[{"@type":"SearchAction","target":{"@type":"EntryPoint","urlTemplate":"https:\/\/dmcsrb.com\/?s={search_term_string}"},"query-input":{"@type":"PropertyValueSpecification","valueRequired":true,"valueName":"search_term_string"}}],"inLanguage":"en-GB"},{"@type":"Person","@id":"https:\/\/dmcsrb.com\/#\/schema\/person\/5c39170f12db1b8b457732d0b5c854e2","name":"dmcsrbija.com@gmail.com","image":{"@type":"ImageObject","inLanguage":"en-GB","@id":"https:\/\/dmcsrb.com\/#\/schema\/person\/image\/","url":"https:\/\/secure.gravatar.com\/avatar\/68592660ad6347fad0fb587f8d5d8f1a7b44961362f56e4f2cd524feb87e9069?s=96&d=mm&r=g","contentUrl":"https:\/\/secure.gravatar.com\/avatar\/68592660ad6347fad0fb587f8d5d8f1a7b44961362f56e4f2cd524feb87e9069?s=96&d=mm&r=g","caption":"dmcsrbija.com@gmail.com"},"sameAs":["https:\/\/dmcsrb.com"],"url":"https:\/\/dmcsrb.com\/en\/author\/dmcsrbija-comgmail-com\/"}]}},"_links":{"self":[{"href":"https:\/\/dmcsrb.com\/en\/wp-json\/wp\/v2\/posts\/946906","targetHints":{"allow":["GET"]}}],"collection":[{"href":"https:\/\/dmcsrb.com\/en\/wp-json\/wp\/v2\/posts"}],"about":[{"href":"https:\/\/dmcsrb.com\/en\/wp-json\/wp\/v2\/types\/post"}],"author":[{"embeddable":true,"href":"https:\/\/dmcsrb.com\/en\/wp-json\/wp\/v2\/users\/1"}],"replies":[{"embeddable":true,"href":"https:\/\/dmcsrb.com\/en\/wp-json\/wp\/v2\/comments?post=946906"}],"version-history":[{"count":0,"href":"https:\/\/dmcsrb.com\/en\/wp-json\/wp\/v2\/posts\/946906\/revisions"}],"wp:featuredmedia":[{"embeddable":true,"href":"https:\/\/dmcsrb.com\/en\/wp-json\/wp\/v2\/media\/944700"}],"wp:attachment":[{"href":"https:\/\/dmcsrb.com\/en\/wp-json\/wp\/v2\/media?parent=946906"}],"wp:term":[{"taxonomy":"category","embeddable":true,"href":"https:\/\/dmcsrb.com\/en\/wp-json\/wp\/v2\/categories?post=946906"},{"taxonomy":"post_tag","embeddable":true,"href":"https:\/\/dmcsrb.com\/en\/wp-json\/wp\/v2\/tags?post=946906"},{"taxonomy":"naslovna","embeddable":true,"href":"https:\/\/dmcsrb.com\/en\/wp-json\/wp\/v2\/naslovna?post=946906"}],"curies":[{"name":"wp","href":"https:\/\/api.w.org\/{rel}","templated":true}]}}