{"id":946872,"date":"2025-08-18T17:00:00","date_gmt":"2025-08-18T15:00:00","guid":{"rendered":"https:\/\/dmcsrb.com\/uncategorized\/video-foto-jokovic-nakon-sto-se-izvrsi-procjena-stete-vlada-ce-izdvojiti-sredstva-za-tu-namjenu\/"},"modified":"2025-08-18T17:00:00","modified_gmt":"2025-08-18T15:00:00","slug":"video-foto-jokovic-nakon-sto-se-izvrsi-procjena-stete-vlada-ce-izdvojiti-sredstva-za-tu-namjenu","status":"publish","type":"post","link":"https:\/\/dmcsrb.com\/en\/podgorica\/video-foto-jokovic-nakon-sto-se-izvrsi-procjena-stete-vlada-ce-izdvojiti-sredstva-za-tu-namjenu\/","title":{"rendered":"(VIDEO\/FOTO) Jokovi\u0107: Nakon \u0161to se izvr\u0161i procjena \u0161tete, Vlada \u0107e izdvojiti sredstva za tu namjenu"},"content":{"rendered":"<p><\/p>\n\n\n\n<p>Usljed aktuelnih po\u017eara, brojni gra\u0111ani i poljoprivrednici na teritoriji Glavnog grada pretrpjeli su materijalnu \u0161tetu. Posebno su pogo\u0111eni proizvo\u0111a\u010di i sto\u010dari kojima je uni\u0161ten dio imovine.<\/p>\n\n\n\n<figure class=\"wp-block-image size-full\"><img decoding=\"async\" src=\"https:\/\/gradski.me\/wp-content\/uploads\/2025\/08\/1000049752-1024x577-1.jpg-1.jpg\" alt=\"\" class=\"wp-image-815957\"\/><figcaption class=\"wp-element-caption\">Foto: <strong>Gradski.me<\/strong><\/figcaption><\/figure>\n\n\n\n<p>Sumoran i tu\u017ean prizor do\u010dekao nas je u Piperima. Na uni\u0161tenom\u00a0imanju <strong>Rada Vukovi\u0107a<\/strong> u \u0110urkovi\u0107ima miris izgorelog i slika nemo\u0107i. Na zgari\u0161tu ovce mirno le\u017ee, dok im je vatra progutala pa\u0161njak. Vatra je odnijela i godine truda i rada porodice Vukovi\u0107. \u00a0<\/p>\n\n\n\n<p>\u201cIzgorela mi je \u0161tala od 600 bala sijena, kosa\u010dica, prikolica, kao i \u0161to vidite imanje \u010ditavo. Nema vi\u0161e ni\u0111e mjesta da mo\u017ee ova stoka da se pu\u0161ti na ispa\u0161u. Izgoreo mi je dio vinograda, vo\u0107e, smokve. Znate kako, to je puno godina truda, ulaganja, ne samo mene, nego i moga oca, koji ima 95 godina i bolje \u0161to ne zna \u0161ta se desilo, bolestan je.\u201c \u201eSve \u0107e se nekako vratiti, sve \u0161to se mo\u017ee kupiti, ali osje\u0107aj nemo\u0107i pred vatrenom stihijom je katastrofa\u201c, konstatuje Vukovi\u0107.<\/p>\n\n\n\n<p>Vukovi\u0107 nagla\u0161ava da im je sada najpre\u010de da nabave hranu za stoku, a kako se bli\u017ei jesen i ki\u0161e, potrebno je obezbjediti i skloni\u0161te za \u017eivotinje.<\/p>\n\n\n\n<figure class=\"wp-block-image size-full\"><img decoding=\"async\" src=\"https:\/\/gradski.me\/wp-content\/uploads\/2025\/08\/1000049749-1024x768.jpg.jpg\" alt=\"\" class=\"wp-image-815960\"\/><figcaption class=\"wp-element-caption\">Foto: <strong>Gradski.me<\/strong><\/figcaption><\/figure>\n\n\n\n<p>\u0160ef Slu\u017ebe za podr\u0161ku poljoprivredi i ruralnog razvoja i \u010dlan komisije za procjenu \u0161tete,<strong> Petar Nuculovi\u0107<\/strong> kazao\u00a0je da \u0107e uskoro, \u010dim se formira kompletna komisija, iza\u0107i opet na teren, te na osnovu procjene, ustanoviti ta\u010dnu \u0161tetu, koja je, kako ka\u017ee, prema prvim podacima, ogromna.<\/p>\n\n\n\n<p>\u201cIzgorela mu je i mehanizacija i motokultivator,\u00a0koji je igrom slu\u010daja dobio od Slu\u017ebe za podr\u0161ku poljoprovredi, po veoma povoljnim uslovima. Izgorela mu je prikolica, \u0161tala, vinogradi, vo\u0107njaci, pa\u0161njaci, \u0161uma.\u201c \u201eSa obzirom da je bilo po\u017eara mimo Ku\u010da i Pipera, po mojoj procjeni, komisiji \u0107e trebati 15-20 dana da ih sve obi\u0111e\u201c, naveo je Nuculovi\u0107.<\/p>\n\n\n\n<p>Slu\u017eba za podr\u0161ku poljoprivredi i ruralnom razvoju Glavnog grada\u00a0 je izdvojila zna\u010dajna sredstva za poljoprivrednike. Podsje\u0107amo, izdvojeno je 805 000 eura za ovu godinu. Rukovoditeljka slu\u017ebe <strong>Zorica Pavi\u0107evi\u0107<\/strong> navodi da su zbog novonastale situacije za narednu godinu planirana jo\u0161 ve\u0107a izdvajanja.<\/p>\n\n\n\n<p>\u201cTako\u0111e smo razmatrali i odlu\u010dili da bi bilo vrlo korisno da na\u0161i aplikanti koji su pretrpjeli ogromne \u0161tete ovom po\u0161asti-po\u017earom, imaju prioritet kod nas u dodjeli tih sredstava.\u201c \u201eApelujem, naredne godine\u00a0da apliciraju, da bi dobili sredstva, da bi ovu elementarnu nepogodu mogli \u0161to lak\u0161e da prevazi\u0111u\u201c, poru\u010dila je Pavi\u0107evi\u0107.<\/p>\n\n\n\n<figure class=\"wp-block-image size-full\"><img decoding=\"async\" src=\"https:\/\/gradski.me\/wp-content\/uploads\/2025\/08\/IMG-083fcde6651c9a0a805427a40e02d149-V-1024x768.jpg.jpg\" alt=\"\" class=\"wp-image-815967\"\/><figcaption class=\"wp-element-caption\">Foto: <strong>Gradski.me<\/strong><\/figcaption><\/figure>\n\n\n\n<p>Ministar poljoprivrede, \u0161umarstva i vodoprivrede, <strong>Vladimir Jokovi\u0107<\/strong> smatra da je na imanjima u Piperima najve\u0107a \u0161teta.<\/p>\n\n\n\n<p>\u201cPo\u017ear-pusto\u0161enje svega \u0161to je \u010dovjek imao. Samo su ostala grla \u017eiva i mehanizacija. Ma\u0161ine, \u0161tala, sijeno, sve je izgorelo. Snimci pokazuju sve, da je ovo ogromna \u0161teta. Ministarstvo \u0107e sve u\u010diniti, da pomogne \u0161to prije, kako bi u nekoj mjeri sanirale ove posljedice. Obi\u0161li smo \u010ditave Pipere, velika je \u0161teta i na vo\u0107njacima i na vinogradima, a ovdje, \u010dini mi se da je ovo najve\u0107a \u0161teta koja je bila. Evo \u0161ta sve vatra za kratko vrijeme mo\u017ee da uradi. Kosa\u010dice su se same topile od temperature, iako vatra do njih nije ni dolazila\u201d, navodi Jokovi\u0107.<\/p>\n\n\n\n<p>Kako bi o\u0161te\u0107eni poljoprivrednici spremno do\u010dekali predstoje\u0107u jesen i zimu, nakon \u0161to lokalna samouprava izvr\u0161i procjenu \u0161tete, nadle\u017ena ministarstva i komisija\u00a0 za elementarne nepogode Vlade Crne Gore \u0107e izdvojiti sredstva za tu namjenu, nagla\u0161ava Jokovi\u0107.<\/p>\n\n\n\n<p>\u201cMoraju obezbjediti novu hranu, moraju ove objekte popraviti, moraju napraviti krovove, obezbjediti uslove za grla, hranu za predstoje\u0107u zimu. Velika je obaveza na Vladi, na Ministarstvu finansija, ali naravno najve\u0107a je obaveza na njihovim le\u0111ima\u201c, istakao je Jokovi\u0107.<\/p>\n\n\n\n<figure class=\"wp-block-image size-full\"><img decoding=\"async\" src=\"https:\/\/gradski.me\/wp-content\/uploads\/2025\/08\/1000049747-1024x768.jpg.jpg\" alt=\"\" class=\"wp-image-815968\"\/><figcaption class=\"wp-element-caption\">Foto: <strong>Gradski.me<\/strong><\/figcaption><\/figure>\n\n\n\n<p>Ministar apeluje na poljoprivrednike da svi osiguraju svoju imovinu, jer, podsje\u0107a Ministarstvo daje 60% premije za osiguranje, lokalne samouprave 25%, jer sve ovo \u0161to se danas de\u0161ava, da je osigurano, sve bi bilo bi druga\u010dije, poru\u010duje Jokovi\u0107.<\/p>\n\n\n\n<p>Podsje\u0107amo, pogo\u0111eni proizvo\u0111a\u010di i sto\u010dari kojima je uni\u0161ten dio imovine uslijed po\u017eara, \u0161tetu mogu prijaviti preko mjesnih zajednica gdje \u0107e popuniti formulare na licu mjesta, ali i u zgradi Skup\u0161tine Glavnog grada. <\/p>\n\n\n\n<p><\/p>","protected":false},"excerpt":{"rendered":"<p>Komisija za procjenu \u0161tete, Slu\u017ebe za pomo\u0107 poljoprivredi i ruralnom razvoju Glavnog grada, danas je po\u010dela sa obilaskom poljoprivrednika na teritoriji Podgorice. Nadle\u017ene gradske slu\u017ebe obilaze poljoprivredna gazdinstva, a na terenu je i ministar poljoprivrede, \u0161umarstva i vodoprivrede Vladimir Jokovi\u0107.<\/p>","protected":false},"author":1,"featured_media":946873,"comment_status":"open","ping_status":"open","sticky":false,"template":"","format":"standard","meta":{"_acf_changed":false,"footnotes":""},"categories":[56],"tags":[6936,4239,786],"naslovna":[],"class_list":["post-946872","post","type-post","status-publish","format-standard","has-post-thumbnail","hentry","category-podgorica","tag-komisija-za-procjenu-stete","tag-sluzba-za-podrsku-poljoprivredi-i-ruralnom-razvoju","tag-vladimir-jokovic"],"acf":[],"yoast_head":"<!-- This site is optimized with the Yoast SEO plugin v27.0 - https:\/\/yoast.com\/product\/yoast-seo-wordpress\/ -->\n<title>(VIDEO\/FOTO) Jokovi\u0107: Nakon \u0161to se izvr\u0161i procjena \u0161tete, Vlada \u0107e izdvojiti sredstva za tu namjenu - dmcsrb.com<\/title>\n<meta name=\"robots\" content=\"index, follow, max-snippet:-1, max-image-preview:large, max-video-preview:-1\" \/>\n<link rel=\"canonical\" href=\"https:\/\/dmcsrb.com\/en\/podgorica\/video-foto-jokovic-nakon-sto-se-izvrsi-procjena-stete-vlada-ce-izdvojiti-sredstva-za-tu-namjenu\/\" \/>\n<meta property=\"og:locale\" content=\"en_GB\" \/>\n<meta property=\"og:type\" content=\"article\" \/>\n<meta property=\"og:title\" content=\"(VIDEO\/FOTO) Jokovi\u0107: Nakon \u0161to se izvr\u0161i procjena \u0161tete, Vlada \u0107e izdvojiti sredstva za tu namjenu - dmcsrb.com\" \/>\n<meta property=\"og:description\" content=\"Komisija za procjenu \u0161tete, Slu\u017ebe za pomo\u0107 poljoprivredi i ruralnom razvoju Glavnog grada, danas je po\u010dela sa obilaskom poljoprivrednika na teritoriji Podgorice. Nadle\u017ene gradske slu\u017ebe obilaze poljoprivredna gazdinstva, a na terenu je i ministar poljoprivrede, \u0161umarstva i vodoprivrede Vladimir Jokovi\u0107.\" \/>\n<meta property=\"og:url\" content=\"https:\/\/dmcsrb.com\/en\/podgorica\/video-foto-jokovic-nakon-sto-se-izvrsi-procjena-stete-vlada-ce-izdvojiti-sredstva-za-tu-namjenu\/\" \/>\n<meta property=\"og:site_name\" content=\"dmcsrb.com\" \/>\n<meta property=\"article:published_time\" content=\"2025-08-18T15:00:00+00:00\" \/>\n<meta property=\"og:image\" content=\"https:\/\/dmcsrb.com\/wp-content\/uploads\/2026\/01\/Capture-45-1.webp\" \/>\n\t<meta property=\"og:image:width\" content=\"1852\" \/>\n\t<meta property=\"og:image:height\" content=\"886\" \/>\n\t<meta property=\"og:image:type\" content=\"image\/jpeg\" \/>\n<meta name=\"author\" content=\"dmcsrbija.com@gmail.com\" \/>\n<meta name=\"twitter:card\" content=\"summary_large_image\" \/>\n<meta name=\"twitter:label1\" content=\"Written by\" \/>\n\t<meta name=\"twitter:data1\" content=\"dmcsrbija.com@gmail.com\" \/>\n\t<meta name=\"twitter:label2\" content=\"Estimated reading time\" \/>\n\t<meta name=\"twitter:data2\" content=\"4 minutes\" \/>\n<script type=\"application\/ld+json\" class=\"yoast-schema-graph\">{\"@context\":\"https:\/\/schema.org\",\"@graph\":[{\"@type\":\"Article\",\"@id\":\"https:\/\/dmcsrb.com\/podgorica\/video-foto-jokovic-nakon-sto-se-izvrsi-procjena-stete-vlada-ce-izdvojiti-sredstva-za-tu-namjenu\/#article\",\"isPartOf\":{\"@id\":\"https:\/\/dmcsrb.com\/podgorica\/video-foto-jokovic-nakon-sto-se-izvrsi-procjena-stete-vlada-ce-izdvojiti-sredstva-za-tu-namjenu\/\"},\"author\":{\"name\":\"dmcsrbija.com@gmail.com\",\"@id\":\"https:\/\/dmcsrb.com\/#\/schema\/person\/5c39170f12db1b8b457732d0b5c854e2\"},\"headline\":\"(VIDEO\/FOTO) Jokovi\u0107: Nakon \u0161to se izvr\u0161i procjena \u0161tete, Vlada \u0107e izdvojiti sredstva za tu namjenu\",\"datePublished\":\"2025-08-18T15:00:00+00:00\",\"mainEntityOfPage\":{\"@id\":\"https:\/\/dmcsrb.com\/podgorica\/video-foto-jokovic-nakon-sto-se-izvrsi-procjena-stete-vlada-ce-izdvojiti-sredstva-za-tu-namjenu\/\"},\"wordCount\":738,\"commentCount\":0,\"image\":{\"@id\":\"https:\/\/dmcsrb.com\/podgorica\/video-foto-jokovic-nakon-sto-se-izvrsi-procjena-stete-vlada-ce-izdvojiti-sredstva-za-tu-namjenu\/#primaryimage\"},\"thumbnailUrl\":\"https:\/\/dmcsrb.com\/wp-content\/uploads\/2026\/01\/Capture-45-1.webp\",\"keywords\":[\"Komisija za procjenu \u0161tete\",\"Slu\u017eba za podr\u0161ku poljoprivredi i ruralnom razvoju\",\"Vladimir Jokovi\u0107\"],\"articleSection\":[\"Podgorica\"],\"inLanguage\":\"en-GB\",\"potentialAction\":[{\"@type\":\"CommentAction\",\"name\":\"Comment\",\"target\":[\"https:\/\/dmcsrb.com\/podgorica\/video-foto-jokovic-nakon-sto-se-izvrsi-procjena-stete-vlada-ce-izdvojiti-sredstva-za-tu-namjenu\/#respond\"]}]},{\"@type\":\"WebPage\",\"@id\":\"https:\/\/dmcsrb.com\/podgorica\/video-foto-jokovic-nakon-sto-se-izvrsi-procjena-stete-vlada-ce-izdvojiti-sredstva-za-tu-namjenu\/\",\"url\":\"https:\/\/dmcsrb.com\/podgorica\/video-foto-jokovic-nakon-sto-se-izvrsi-procjena-stete-vlada-ce-izdvojiti-sredstva-za-tu-namjenu\/\",\"name\":\"(VIDEO\/FOTO) Jokovi\u0107: Nakon \u0161to se izvr\u0161i procjena \u0161tete, Vlada \u0107e izdvojiti sredstva za tu namjenu - dmcsrb.com\",\"isPartOf\":{\"@id\":\"https:\/\/dmcsrb.com\/#website\"},\"primaryImageOfPage\":{\"@id\":\"https:\/\/dmcsrb.com\/podgorica\/video-foto-jokovic-nakon-sto-se-izvrsi-procjena-stete-vlada-ce-izdvojiti-sredstva-za-tu-namjenu\/#primaryimage\"},\"image\":{\"@id\":\"https:\/\/dmcsrb.com\/podgorica\/video-foto-jokovic-nakon-sto-se-izvrsi-procjena-stete-vlada-ce-izdvojiti-sredstva-za-tu-namjenu\/#primaryimage\"},\"thumbnailUrl\":\"https:\/\/dmcsrb.com\/wp-content\/uploads\/2026\/01\/Capture-45-1.webp\",\"datePublished\":\"2025-08-18T15:00:00+00:00\",\"author\":{\"@id\":\"https:\/\/dmcsrb.com\/#\/schema\/person\/5c39170f12db1b8b457732d0b5c854e2\"},\"breadcrumb\":{\"@id\":\"https:\/\/dmcsrb.com\/podgorica\/video-foto-jokovic-nakon-sto-se-izvrsi-procjena-stete-vlada-ce-izdvojiti-sredstva-za-tu-namjenu\/#breadcrumb\"},\"inLanguage\":\"en-GB\",\"potentialAction\":[{\"@type\":\"ReadAction\",\"target\":[\"https:\/\/dmcsrb.com\/podgorica\/video-foto-jokovic-nakon-sto-se-izvrsi-procjena-stete-vlada-ce-izdvojiti-sredstva-za-tu-namjenu\/\"]}]},{\"@type\":\"ImageObject\",\"inLanguage\":\"en-GB\",\"@id\":\"https:\/\/dmcsrb.com\/podgorica\/video-foto-jokovic-nakon-sto-se-izvrsi-procjena-stete-vlada-ce-izdvojiti-sredstva-za-tu-namjenu\/#primaryimage\",\"url\":\"https:\/\/dmcsrb.com\/wp-content\/uploads\/2026\/01\/Capture-45-1.webp\",\"contentUrl\":\"https:\/\/dmcsrb.com\/wp-content\/uploads\/2026\/01\/Capture-45-1.webp\",\"width\":1852,\"height\":886},{\"@type\":\"BreadcrumbList\",\"@id\":\"https:\/\/dmcsrb.com\/podgorica\/video-foto-jokovic-nakon-sto-se-izvrsi-procjena-stete-vlada-ce-izdvojiti-sredstva-za-tu-namjenu\/#breadcrumb\",\"itemListElement\":[{\"@type\":\"ListItem\",\"position\":1,\"name\":\"Home\",\"item\":\"https:\/\/dmcsrb.com\/\"},{\"@type\":\"ListItem\",\"position\":2,\"name\":\"(VIDEO\/FOTO) Jokovi\u0107: Nakon \u0161to se izvr\u0161i procjena \u0161tete, Vlada \u0107e izdvojiti sredstva za tu namjenu\"}]},{\"@type\":\"WebSite\",\"@id\":\"https:\/\/dmcsrb.com\/#website\",\"url\":\"https:\/\/dmcsrb.com\/\",\"name\":\"dmcsrb.com\",\"description\":\"\",\"potentialAction\":[{\"@type\":\"SearchAction\",\"target\":{\"@type\":\"EntryPoint\",\"urlTemplate\":\"https:\/\/dmcsrb.com\/?s={search_term_string}\"},\"query-input\":{\"@type\":\"PropertyValueSpecification\",\"valueRequired\":true,\"valueName\":\"search_term_string\"}}],\"inLanguage\":\"en-GB\"},{\"@type\":\"Person\",\"@id\":\"https:\/\/dmcsrb.com\/#\/schema\/person\/5c39170f12db1b8b457732d0b5c854e2\",\"name\":\"dmcsrbija.com@gmail.com\",\"image\":{\"@type\":\"ImageObject\",\"inLanguage\":\"en-GB\",\"@id\":\"https:\/\/dmcsrb.com\/#\/schema\/person\/image\/\",\"url\":\"https:\/\/secure.gravatar.com\/avatar\/68592660ad6347fad0fb587f8d5d8f1a7b44961362f56e4f2cd524feb87e9069?s=96&d=mm&r=g\",\"contentUrl\":\"https:\/\/secure.gravatar.com\/avatar\/68592660ad6347fad0fb587f8d5d8f1a7b44961362f56e4f2cd524feb87e9069?s=96&d=mm&r=g\",\"caption\":\"dmcsrbija.com@gmail.com\"},\"sameAs\":[\"https:\/\/dmcsrb.com\"],\"url\":\"https:\/\/dmcsrb.com\/en\/author\/dmcsrbija-comgmail-com\/\"}]}<\/script>\n<!-- \/ Yoast SEO plugin. -->","yoast_head_json":{"title":"(VIDEO\/FOTO) Jokovi\u0107: Nakon \u0161to se izvr\u0161i procjena \u0161tete, Vlada \u0107e izdvojiti sredstva za tu namjenu - dmcsrb.com","robots":{"index":"index","follow":"follow","max-snippet":"max-snippet:-1","max-image-preview":"max-image-preview:large","max-video-preview":"max-video-preview:-1"},"canonical":"https:\/\/dmcsrb.com\/en\/podgorica\/video-foto-jokovic-nakon-sto-se-izvrsi-procjena-stete-vlada-ce-izdvojiti-sredstva-za-tu-namjenu\/","og_locale":"en_GB","og_type":"article","og_title":"(VIDEO\/FOTO) Jokovi\u0107: Nakon \u0161to se izvr\u0161i procjena \u0161tete, Vlada \u0107e izdvojiti sredstva za tu namjenu - dmcsrb.com","og_description":"Komisija za procjenu \u0161tete, Slu\u017ebe za pomo\u0107 poljoprivredi i ruralnom razvoju Glavnog grada, danas je po\u010dela sa obilaskom poljoprivrednika na teritoriji Podgorice. Nadle\u017ene gradske slu\u017ebe obilaze poljoprivredna gazdinstva, a na terenu je i ministar poljoprivrede, \u0161umarstva i vodoprivrede Vladimir Jokovi\u0107.","og_url":"https:\/\/dmcsrb.com\/en\/podgorica\/video-foto-jokovic-nakon-sto-se-izvrsi-procjena-stete-vlada-ce-izdvojiti-sredstva-za-tu-namjenu\/","og_site_name":"dmcsrb.com","article_published_time":"2025-08-18T15:00:00+00:00","og_image":[{"width":1852,"height":886,"url":"https:\/\/dmcsrb.com\/wp-content\/uploads\/2026\/01\/Capture-45-1.webp","type":"image\/jpeg"}],"author":"dmcsrbija.com@gmail.com","twitter_card":"summary_large_image","twitter_misc":{"Written by":"dmcsrbija.com@gmail.com","Estimated reading time":"4 minutes"},"schema":{"@context":"https:\/\/schema.org","@graph":[{"@type":"Article","@id":"https:\/\/dmcsrb.com\/podgorica\/video-foto-jokovic-nakon-sto-se-izvrsi-procjena-stete-vlada-ce-izdvojiti-sredstva-za-tu-namjenu\/#article","isPartOf":{"@id":"https:\/\/dmcsrb.com\/podgorica\/video-foto-jokovic-nakon-sto-se-izvrsi-procjena-stete-vlada-ce-izdvojiti-sredstva-za-tu-namjenu\/"},"author":{"name":"dmcsrbija.com@gmail.com","@id":"https:\/\/dmcsrb.com\/#\/schema\/person\/5c39170f12db1b8b457732d0b5c854e2"},"headline":"(VIDEO\/FOTO) Jokovi\u0107: Nakon \u0161to se izvr\u0161i procjena \u0161tete, Vlada \u0107e izdvojiti sredstva za tu namjenu","datePublished":"2025-08-18T15:00:00+00:00","mainEntityOfPage":{"@id":"https:\/\/dmcsrb.com\/podgorica\/video-foto-jokovic-nakon-sto-se-izvrsi-procjena-stete-vlada-ce-izdvojiti-sredstva-za-tu-namjenu\/"},"wordCount":738,"commentCount":0,"image":{"@id":"https:\/\/dmcsrb.com\/podgorica\/video-foto-jokovic-nakon-sto-se-izvrsi-procjena-stete-vlada-ce-izdvojiti-sredstva-za-tu-namjenu\/#primaryimage"},"thumbnailUrl":"https:\/\/dmcsrb.com\/wp-content\/uploads\/2026\/01\/Capture-45-1.webp","keywords":["Komisija za procjenu \u0161tete","Slu\u017eba za podr\u0161ku poljoprivredi i ruralnom razvoju","Vladimir Jokovi\u0107"],"articleSection":["Podgorica"],"inLanguage":"en-GB","potentialAction":[{"@type":"CommentAction","name":"Comment","target":["https:\/\/dmcsrb.com\/podgorica\/video-foto-jokovic-nakon-sto-se-izvrsi-procjena-stete-vlada-ce-izdvojiti-sredstva-za-tu-namjenu\/#respond"]}]},{"@type":"WebPage","@id":"https:\/\/dmcsrb.com\/podgorica\/video-foto-jokovic-nakon-sto-se-izvrsi-procjena-stete-vlada-ce-izdvojiti-sredstva-za-tu-namjenu\/","url":"https:\/\/dmcsrb.com\/podgorica\/video-foto-jokovic-nakon-sto-se-izvrsi-procjena-stete-vlada-ce-izdvojiti-sredstva-za-tu-namjenu\/","name":"(VIDEO\/FOTO) Jokovi\u0107: Nakon \u0161to se izvr\u0161i procjena \u0161tete, Vlada \u0107e izdvojiti sredstva za tu namjenu - dmcsrb.com","isPartOf":{"@id":"https:\/\/dmcsrb.com\/#website"},"primaryImageOfPage":{"@id":"https:\/\/dmcsrb.com\/podgorica\/video-foto-jokovic-nakon-sto-se-izvrsi-procjena-stete-vlada-ce-izdvojiti-sredstva-za-tu-namjenu\/#primaryimage"},"image":{"@id":"https:\/\/dmcsrb.com\/podgorica\/video-foto-jokovic-nakon-sto-se-izvrsi-procjena-stete-vlada-ce-izdvojiti-sredstva-za-tu-namjenu\/#primaryimage"},"thumbnailUrl":"https:\/\/dmcsrb.com\/wp-content\/uploads\/2026\/01\/Capture-45-1.webp","datePublished":"2025-08-18T15:00:00+00:00","author":{"@id":"https:\/\/dmcsrb.com\/#\/schema\/person\/5c39170f12db1b8b457732d0b5c854e2"},"breadcrumb":{"@id":"https:\/\/dmcsrb.com\/podgorica\/video-foto-jokovic-nakon-sto-se-izvrsi-procjena-stete-vlada-ce-izdvojiti-sredstva-za-tu-namjenu\/#breadcrumb"},"inLanguage":"en-GB","potentialAction":[{"@type":"ReadAction","target":["https:\/\/dmcsrb.com\/podgorica\/video-foto-jokovic-nakon-sto-se-izvrsi-procjena-stete-vlada-ce-izdvojiti-sredstva-za-tu-namjenu\/"]}]},{"@type":"ImageObject","inLanguage":"en-GB","@id":"https:\/\/dmcsrb.com\/podgorica\/video-foto-jokovic-nakon-sto-se-izvrsi-procjena-stete-vlada-ce-izdvojiti-sredstva-za-tu-namjenu\/#primaryimage","url":"https:\/\/dmcsrb.com\/wp-content\/uploads\/2026\/01\/Capture-45-1.webp","contentUrl":"https:\/\/dmcsrb.com\/wp-content\/uploads\/2026\/01\/Capture-45-1.webp","width":1852,"height":886},{"@type":"BreadcrumbList","@id":"https:\/\/dmcsrb.com\/podgorica\/video-foto-jokovic-nakon-sto-se-izvrsi-procjena-stete-vlada-ce-izdvojiti-sredstva-za-tu-namjenu\/#breadcrumb","itemListElement":[{"@type":"ListItem","position":1,"name":"Home","item":"https:\/\/dmcsrb.com\/"},{"@type":"ListItem","position":2,"name":"(VIDEO\/FOTO) Jokovi\u0107: Nakon \u0161to se izvr\u0161i procjena \u0161tete, Vlada \u0107e izdvojiti sredstva za tu namjenu"}]},{"@type":"WebSite","@id":"https:\/\/dmcsrb.com\/#website","url":"https:\/\/dmcsrb.com\/","name":"dmcsrb.com","description":"","potentialAction":[{"@type":"SearchAction","target":{"@type":"EntryPoint","urlTemplate":"https:\/\/dmcsrb.com\/?s={search_term_string}"},"query-input":{"@type":"PropertyValueSpecification","valueRequired":true,"valueName":"search_term_string"}}],"inLanguage":"en-GB"},{"@type":"Person","@id":"https:\/\/dmcsrb.com\/#\/schema\/person\/5c39170f12db1b8b457732d0b5c854e2","name":"dmcsrbija.com@gmail.com","image":{"@type":"ImageObject","inLanguage":"en-GB","@id":"https:\/\/dmcsrb.com\/#\/schema\/person\/image\/","url":"https:\/\/secure.gravatar.com\/avatar\/68592660ad6347fad0fb587f8d5d8f1a7b44961362f56e4f2cd524feb87e9069?s=96&d=mm&r=g","contentUrl":"https:\/\/secure.gravatar.com\/avatar\/68592660ad6347fad0fb587f8d5d8f1a7b44961362f56e4f2cd524feb87e9069?s=96&d=mm&r=g","caption":"dmcsrbija.com@gmail.com"},"sameAs":["https:\/\/dmcsrb.com"],"url":"https:\/\/dmcsrb.com\/en\/author\/dmcsrbija-comgmail-com\/"}]}},"_links":{"self":[{"href":"https:\/\/dmcsrb.com\/en\/wp-json\/wp\/v2\/posts\/946872","targetHints":{"allow":["GET"]}}],"collection":[{"href":"https:\/\/dmcsrb.com\/en\/wp-json\/wp\/v2\/posts"}],"about":[{"href":"https:\/\/dmcsrb.com\/en\/wp-json\/wp\/v2\/types\/post"}],"author":[{"embeddable":true,"href":"https:\/\/dmcsrb.com\/en\/wp-json\/wp\/v2\/users\/1"}],"replies":[{"embeddable":true,"href":"https:\/\/dmcsrb.com\/en\/wp-json\/wp\/v2\/comments?post=946872"}],"version-history":[{"count":0,"href":"https:\/\/dmcsrb.com\/en\/wp-json\/wp\/v2\/posts\/946872\/revisions"}],"wp:featuredmedia":[{"embeddable":true,"href":"https:\/\/dmcsrb.com\/en\/wp-json\/wp\/v2\/media\/946873"}],"wp:attachment":[{"href":"https:\/\/dmcsrb.com\/en\/wp-json\/wp\/v2\/media?parent=946872"}],"wp:term":[{"taxonomy":"category","embeddable":true,"href":"https:\/\/dmcsrb.com\/en\/wp-json\/wp\/v2\/categories?post=946872"},{"taxonomy":"post_tag","embeddable":true,"href":"https:\/\/dmcsrb.com\/en\/wp-json\/wp\/v2\/tags?post=946872"},{"taxonomy":"naslovna","embeddable":true,"href":"https:\/\/dmcsrb.com\/en\/wp-json\/wp\/v2\/naslovna?post=946872"}],"curies":[{"name":"wp","href":"https:\/\/api.w.org\/{rel}","templated":true}]}}