{"id":946870,"date":"2025-08-18T10:57:43","date_gmt":"2025-08-18T08:57:43","guid":{"rendered":"https:\/\/dmcsrb.com\/uncategorized\/gorica-ljubovic-duklja-i-medun-ponovo-otvoreni-za-posjetioce\/"},"modified":"2025-08-18T10:57:43","modified_gmt":"2025-08-18T08:57:43","slug":"gorica-ljubovic-duklja-i-medun-ponovo-otvoreni-za-posjetioce","status":"publish","type":"post","link":"https:\/\/dmcsrb.com\/en\/podgorica\/gorica-ljubovic-duklja-i-medun-ponovo-otvoreni-za-posjetioce\/","title":{"rendered":"Gorica, Ljubovi\u0107, Duklja i Medun ponovo otvoreni za posjetioce"},"content":{"rendered":"<p><\/p>\n\n\n\n<p>Kao \u0161to je ranije saop\u0161teno, situacija po pitanju po\u017eara u Podgorici je pod kontrolom, a ekipe Slu\u017ebe za\u0161tite i spa\u0161avanja su u pripravnosti i prate stanje na terenu i dalje.<\/p>\n\n\n\n<p>Zbog poja\u010danog rizika od po\u017eara u Podgorici u P\u0160 Gorica, Agencija za upravljanje za\u0161ti\u0107enim podru\u010djima Podgorice sprovodila je 24-\u010dasovna de\u017eurstva.<\/p>","protected":false},"excerpt":{"rendered":"<p>Nakon \u0161to su park \u0161uma Gorica, brdo Ljubovi\u0107, arheolo\u0161ki lokatiteti Duklja i Medun, usljed pove\u0107anog rizika od po\u017eara, bili zatvoreni proteklih dana, obavje\u0161tavamo javnost da su sve pomenute lokacije od danas otvorene za posjetioce, saop\u0161teno je iz Glavnog grada.<\/p>","protected":false},"author":1,"featured_media":946871,"comment_status":"open","ping_status":"open","sticky":false,"template":"","format":"standard","meta":{"_acf_changed":false,"footnotes":""},"categories":[56],"tags":[12195,405,630,1010,17503],"naslovna":[],"class_list":["post-946870","post","type-post","status-publish","format-standard","has-post-thumbnail","hentry","category-podgorica","tag-duklja","tag-glavni-grad","tag-gorica","tag-ljubovic","tag-medun"],"acf":[],"yoast_head":"<!-- This site is optimized with the Yoast SEO plugin v27.0 - https:\/\/yoast.com\/product\/yoast-seo-wordpress\/ -->\n<title>Gorica, Ljubovi\u0107, Duklja i Medun ponovo otvoreni za posjetioce - dmcsrb.com<\/title>\n<meta name=\"robots\" content=\"index, follow, max-snippet:-1, max-image-preview:large, max-video-preview:-1\" \/>\n<link rel=\"canonical\" href=\"https:\/\/dmcsrb.com\/en\/podgorica\/gorica-ljubovic-duklja-i-medun-ponovo-otvoreni-za-posjetioce\/\" \/>\n<meta property=\"og:locale\" content=\"en_GB\" \/>\n<meta property=\"og:type\" content=\"article\" \/>\n<meta property=\"og:title\" content=\"Gorica, Ljubovi\u0107, Duklja i Medun ponovo otvoreni za posjetioce - dmcsrb.com\" \/>\n<meta property=\"og:description\" content=\"Nakon \u0161to su park \u0161uma Gorica, brdo Ljubovi\u0107, arheolo\u0161ki lokatiteti Duklja i Medun, usljed pove\u0107anog rizika od po\u017eara, bili zatvoreni proteklih dana, obavje\u0161tavamo javnost da su sve pomenute lokacije od danas otvorene za posjetioce, saop\u0161teno je iz Glavnog grada.\" \/>\n<meta property=\"og:url\" content=\"https:\/\/dmcsrb.com\/en\/podgorica\/gorica-ljubovic-duklja-i-medun-ponovo-otvoreni-za-posjetioce\/\" \/>\n<meta property=\"og:site_name\" content=\"dmcsrb.com\" \/>\n<meta property=\"article:published_time\" content=\"2025-08-18T08:57:43+00:00\" \/>\n<meta property=\"og:image\" content=\"https:\/\/dmcsrb.com\/wp-content\/uploads\/2026\/01\/GORICA-Ljubovic-Medun-i-Duklja-otvoreni.-foto-glavni-grad.webp\" \/>\n\t<meta property=\"og:image:width\" content=\"1340\" \/>\n\t<meta property=\"og:image:height\" content=\"810\" \/>\n\t<meta property=\"og:image:type\" content=\"image\/jpeg\" \/>\n<meta name=\"author\" content=\"dmcsrbija.com@gmail.com\" \/>\n<meta name=\"twitter:card\" content=\"summary_large_image\" \/>\n<meta name=\"twitter:label1\" content=\"Written by\" \/>\n\t<meta name=\"twitter:data1\" content=\"dmcsrbija.com@gmail.com\" \/>\n<script type=\"application\/ld+json\" class=\"yoast-schema-graph\">{\"@context\":\"https:\/\/schema.org\",\"@graph\":[{\"@type\":\"Article\",\"@id\":\"https:\/\/dmcsrb.com\/podgorica\/gorica-ljubovic-duklja-i-medun-ponovo-otvoreni-za-posjetioce\/#article\",\"isPartOf\":{\"@id\":\"https:\/\/dmcsrb.com\/podgorica\/gorica-ljubovic-duklja-i-medun-ponovo-otvoreni-za-posjetioce\/\"},\"author\":{\"name\":\"dmcsrbija.com@gmail.com\",\"@id\":\"https:\/\/dmcsrb.com\/#\/schema\/person\/5c39170f12db1b8b457732d0b5c854e2\"},\"headline\":\"Gorica, Ljubovi\u0107, Duklja i Medun ponovo otvoreni za posjetioce\",\"datePublished\":\"2025-08-18T08:57:43+00:00\",\"mainEntityOfPage\":{\"@id\":\"https:\/\/dmcsrb.com\/podgorica\/gorica-ljubovic-duklja-i-medun-ponovo-otvoreni-za-posjetioce\/\"},\"wordCount\":71,\"commentCount\":0,\"image\":{\"@id\":\"https:\/\/dmcsrb.com\/podgorica\/gorica-ljubovic-duklja-i-medun-ponovo-otvoreni-za-posjetioce\/#primaryimage\"},\"thumbnailUrl\":\"https:\/\/dmcsrb.com\/wp-content\/uploads\/2026\/01\/GORICA-Ljubovic-Medun-i-Duklja-otvoreni.-foto-glavni-grad.webp\",\"keywords\":[\"Duklja\",\"glavni grad\",\"Gorica\",\"Ljubovi\u0107\",\"medun\"],\"articleSection\":[\"Podgorica\"],\"inLanguage\":\"en-GB\",\"potentialAction\":[{\"@type\":\"CommentAction\",\"name\":\"Comment\",\"target\":[\"https:\/\/dmcsrb.com\/podgorica\/gorica-ljubovic-duklja-i-medun-ponovo-otvoreni-za-posjetioce\/#respond\"]}]},{\"@type\":\"WebPage\",\"@id\":\"https:\/\/dmcsrb.com\/podgorica\/gorica-ljubovic-duklja-i-medun-ponovo-otvoreni-za-posjetioce\/\",\"url\":\"https:\/\/dmcsrb.com\/podgorica\/gorica-ljubovic-duklja-i-medun-ponovo-otvoreni-za-posjetioce\/\",\"name\":\"Gorica, Ljubovi\u0107, Duklja i Medun ponovo otvoreni za posjetioce - dmcsrb.com\",\"isPartOf\":{\"@id\":\"https:\/\/dmcsrb.com\/#website\"},\"primaryImageOfPage\":{\"@id\":\"https:\/\/dmcsrb.com\/podgorica\/gorica-ljubovic-duklja-i-medun-ponovo-otvoreni-za-posjetioce\/#primaryimage\"},\"image\":{\"@id\":\"https:\/\/dmcsrb.com\/podgorica\/gorica-ljubovic-duklja-i-medun-ponovo-otvoreni-za-posjetioce\/#primaryimage\"},\"thumbnailUrl\":\"https:\/\/dmcsrb.com\/wp-content\/uploads\/2026\/01\/GORICA-Ljubovic-Medun-i-Duklja-otvoreni.-foto-glavni-grad.webp\",\"datePublished\":\"2025-08-18T08:57:43+00:00\",\"author\":{\"@id\":\"https:\/\/dmcsrb.com\/#\/schema\/person\/5c39170f12db1b8b457732d0b5c854e2\"},\"breadcrumb\":{\"@id\":\"https:\/\/dmcsrb.com\/podgorica\/gorica-ljubovic-duklja-i-medun-ponovo-otvoreni-za-posjetioce\/#breadcrumb\"},\"inLanguage\":\"en-GB\",\"potentialAction\":[{\"@type\":\"ReadAction\",\"target\":[\"https:\/\/dmcsrb.com\/podgorica\/gorica-ljubovic-duklja-i-medun-ponovo-otvoreni-za-posjetioce\/\"]}]},{\"@type\":\"ImageObject\",\"inLanguage\":\"en-GB\",\"@id\":\"https:\/\/dmcsrb.com\/podgorica\/gorica-ljubovic-duklja-i-medun-ponovo-otvoreni-za-posjetioce\/#primaryimage\",\"url\":\"https:\/\/dmcsrb.com\/wp-content\/uploads\/2026\/01\/GORICA-Ljubovic-Medun-i-Duklja-otvoreni.-foto-glavni-grad.webp\",\"contentUrl\":\"https:\/\/dmcsrb.com\/wp-content\/uploads\/2026\/01\/GORICA-Ljubovic-Medun-i-Duklja-otvoreni.-foto-glavni-grad.webp\",\"width\":1340,\"height\":810},{\"@type\":\"BreadcrumbList\",\"@id\":\"https:\/\/dmcsrb.com\/podgorica\/gorica-ljubovic-duklja-i-medun-ponovo-otvoreni-za-posjetioce\/#breadcrumb\",\"itemListElement\":[{\"@type\":\"ListItem\",\"position\":1,\"name\":\"Home\",\"item\":\"https:\/\/dmcsrb.com\/\"},{\"@type\":\"ListItem\",\"position\":2,\"name\":\"Gorica, Ljubovi\u0107, Duklja i Medun ponovo otvoreni za posjetioce\"}]},{\"@type\":\"WebSite\",\"@id\":\"https:\/\/dmcsrb.com\/#website\",\"url\":\"https:\/\/dmcsrb.com\/\",\"name\":\"dmcsrb.com\",\"description\":\"\",\"potentialAction\":[{\"@type\":\"SearchAction\",\"target\":{\"@type\":\"EntryPoint\",\"urlTemplate\":\"https:\/\/dmcsrb.com\/?s={search_term_string}\"},\"query-input\":{\"@type\":\"PropertyValueSpecification\",\"valueRequired\":true,\"valueName\":\"search_term_string\"}}],\"inLanguage\":\"en-GB\"},{\"@type\":\"Person\",\"@id\":\"https:\/\/dmcsrb.com\/#\/schema\/person\/5c39170f12db1b8b457732d0b5c854e2\",\"name\":\"dmcsrbija.com@gmail.com\",\"image\":{\"@type\":\"ImageObject\",\"inLanguage\":\"en-GB\",\"@id\":\"https:\/\/dmcsrb.com\/#\/schema\/person\/image\/\",\"url\":\"https:\/\/secure.gravatar.com\/avatar\/68592660ad6347fad0fb587f8d5d8f1a7b44961362f56e4f2cd524feb87e9069?s=96&d=mm&r=g\",\"contentUrl\":\"https:\/\/secure.gravatar.com\/avatar\/68592660ad6347fad0fb587f8d5d8f1a7b44961362f56e4f2cd524feb87e9069?s=96&d=mm&r=g\",\"caption\":\"dmcsrbija.com@gmail.com\"},\"sameAs\":[\"https:\/\/dmcsrb.com\"],\"url\":\"https:\/\/dmcsrb.com\/en\/author\/dmcsrbija-comgmail-com\/\"}]}<\/script>\n<!-- \/ Yoast SEO plugin. -->","yoast_head_json":{"title":"Gorica, Ljubovi\u0107, Duklja i Medun ponovo otvoreni za posjetioce - dmcsrb.com","robots":{"index":"index","follow":"follow","max-snippet":"max-snippet:-1","max-image-preview":"max-image-preview:large","max-video-preview":"max-video-preview:-1"},"canonical":"https:\/\/dmcsrb.com\/en\/podgorica\/gorica-ljubovic-duklja-i-medun-ponovo-otvoreni-za-posjetioce\/","og_locale":"en_GB","og_type":"article","og_title":"Gorica, Ljubovi\u0107, Duklja i Medun ponovo otvoreni za posjetioce - dmcsrb.com","og_description":"Nakon \u0161to su park \u0161uma Gorica, brdo Ljubovi\u0107, arheolo\u0161ki lokatiteti Duklja i Medun, usljed pove\u0107anog rizika od po\u017eara, bili zatvoreni proteklih dana, obavje\u0161tavamo javnost da su sve pomenute lokacije od danas otvorene za posjetioce, saop\u0161teno je iz Glavnog grada.","og_url":"https:\/\/dmcsrb.com\/en\/podgorica\/gorica-ljubovic-duklja-i-medun-ponovo-otvoreni-za-posjetioce\/","og_site_name":"dmcsrb.com","article_published_time":"2025-08-18T08:57:43+00:00","og_image":[{"width":1340,"height":810,"url":"https:\/\/dmcsrb.com\/wp-content\/uploads\/2026\/01\/GORICA-Ljubovic-Medun-i-Duklja-otvoreni.-foto-glavni-grad.webp","type":"image\/jpeg"}],"author":"dmcsrbija.com@gmail.com","twitter_card":"summary_large_image","twitter_misc":{"Written by":"dmcsrbija.com@gmail.com"},"schema":{"@context":"https:\/\/schema.org","@graph":[{"@type":"Article","@id":"https:\/\/dmcsrb.com\/podgorica\/gorica-ljubovic-duklja-i-medun-ponovo-otvoreni-za-posjetioce\/#article","isPartOf":{"@id":"https:\/\/dmcsrb.com\/podgorica\/gorica-ljubovic-duklja-i-medun-ponovo-otvoreni-za-posjetioce\/"},"author":{"name":"dmcsrbija.com@gmail.com","@id":"https:\/\/dmcsrb.com\/#\/schema\/person\/5c39170f12db1b8b457732d0b5c854e2"},"headline":"Gorica, Ljubovi\u0107, Duklja i Medun ponovo otvoreni za posjetioce","datePublished":"2025-08-18T08:57:43+00:00","mainEntityOfPage":{"@id":"https:\/\/dmcsrb.com\/podgorica\/gorica-ljubovic-duklja-i-medun-ponovo-otvoreni-za-posjetioce\/"},"wordCount":71,"commentCount":0,"image":{"@id":"https:\/\/dmcsrb.com\/podgorica\/gorica-ljubovic-duklja-i-medun-ponovo-otvoreni-za-posjetioce\/#primaryimage"},"thumbnailUrl":"https:\/\/dmcsrb.com\/wp-content\/uploads\/2026\/01\/GORICA-Ljubovic-Medun-i-Duklja-otvoreni.-foto-glavni-grad.webp","keywords":["Duklja","glavni grad","Gorica","Ljubovi\u0107","medun"],"articleSection":["Podgorica"],"inLanguage":"en-GB","potentialAction":[{"@type":"CommentAction","name":"Comment","target":["https:\/\/dmcsrb.com\/podgorica\/gorica-ljubovic-duklja-i-medun-ponovo-otvoreni-za-posjetioce\/#respond"]}]},{"@type":"WebPage","@id":"https:\/\/dmcsrb.com\/podgorica\/gorica-ljubovic-duklja-i-medun-ponovo-otvoreni-za-posjetioce\/","url":"https:\/\/dmcsrb.com\/podgorica\/gorica-ljubovic-duklja-i-medun-ponovo-otvoreni-za-posjetioce\/","name":"Gorica, Ljubovi\u0107, Duklja i Medun ponovo otvoreni za posjetioce - dmcsrb.com","isPartOf":{"@id":"https:\/\/dmcsrb.com\/#website"},"primaryImageOfPage":{"@id":"https:\/\/dmcsrb.com\/podgorica\/gorica-ljubovic-duklja-i-medun-ponovo-otvoreni-za-posjetioce\/#primaryimage"},"image":{"@id":"https:\/\/dmcsrb.com\/podgorica\/gorica-ljubovic-duklja-i-medun-ponovo-otvoreni-za-posjetioce\/#primaryimage"},"thumbnailUrl":"https:\/\/dmcsrb.com\/wp-content\/uploads\/2026\/01\/GORICA-Ljubovic-Medun-i-Duklja-otvoreni.-foto-glavni-grad.webp","datePublished":"2025-08-18T08:57:43+00:00","author":{"@id":"https:\/\/dmcsrb.com\/#\/schema\/person\/5c39170f12db1b8b457732d0b5c854e2"},"breadcrumb":{"@id":"https:\/\/dmcsrb.com\/podgorica\/gorica-ljubovic-duklja-i-medun-ponovo-otvoreni-za-posjetioce\/#breadcrumb"},"inLanguage":"en-GB","potentialAction":[{"@type":"ReadAction","target":["https:\/\/dmcsrb.com\/podgorica\/gorica-ljubovic-duklja-i-medun-ponovo-otvoreni-za-posjetioce\/"]}]},{"@type":"ImageObject","inLanguage":"en-GB","@id":"https:\/\/dmcsrb.com\/podgorica\/gorica-ljubovic-duklja-i-medun-ponovo-otvoreni-za-posjetioce\/#primaryimage","url":"https:\/\/dmcsrb.com\/wp-content\/uploads\/2026\/01\/GORICA-Ljubovic-Medun-i-Duklja-otvoreni.-foto-glavni-grad.webp","contentUrl":"https:\/\/dmcsrb.com\/wp-content\/uploads\/2026\/01\/GORICA-Ljubovic-Medun-i-Duklja-otvoreni.-foto-glavni-grad.webp","width":1340,"height":810},{"@type":"BreadcrumbList","@id":"https:\/\/dmcsrb.com\/podgorica\/gorica-ljubovic-duklja-i-medun-ponovo-otvoreni-za-posjetioce\/#breadcrumb","itemListElement":[{"@type":"ListItem","position":1,"name":"Home","item":"https:\/\/dmcsrb.com\/"},{"@type":"ListItem","position":2,"name":"Gorica, Ljubovi\u0107, Duklja i Medun ponovo otvoreni za posjetioce"}]},{"@type":"WebSite","@id":"https:\/\/dmcsrb.com\/#website","url":"https:\/\/dmcsrb.com\/","name":"dmcsrb.com","description":"","potentialAction":[{"@type":"SearchAction","target":{"@type":"EntryPoint","urlTemplate":"https:\/\/dmcsrb.com\/?s={search_term_string}"},"query-input":{"@type":"PropertyValueSpecification","valueRequired":true,"valueName":"search_term_string"}}],"inLanguage":"en-GB"},{"@type":"Person","@id":"https:\/\/dmcsrb.com\/#\/schema\/person\/5c39170f12db1b8b457732d0b5c854e2","name":"dmcsrbija.com@gmail.com","image":{"@type":"ImageObject","inLanguage":"en-GB","@id":"https:\/\/dmcsrb.com\/#\/schema\/person\/image\/","url":"https:\/\/secure.gravatar.com\/avatar\/68592660ad6347fad0fb587f8d5d8f1a7b44961362f56e4f2cd524feb87e9069?s=96&d=mm&r=g","contentUrl":"https:\/\/secure.gravatar.com\/avatar\/68592660ad6347fad0fb587f8d5d8f1a7b44961362f56e4f2cd524feb87e9069?s=96&d=mm&r=g","caption":"dmcsrbija.com@gmail.com"},"sameAs":["https:\/\/dmcsrb.com"],"url":"https:\/\/dmcsrb.com\/en\/author\/dmcsrbija-comgmail-com\/"}]}},"_links":{"self":[{"href":"https:\/\/dmcsrb.com\/en\/wp-json\/wp\/v2\/posts\/946870","targetHints":{"allow":["GET"]}}],"collection":[{"href":"https:\/\/dmcsrb.com\/en\/wp-json\/wp\/v2\/posts"}],"about":[{"href":"https:\/\/dmcsrb.com\/en\/wp-json\/wp\/v2\/types\/post"}],"author":[{"embeddable":true,"href":"https:\/\/dmcsrb.com\/en\/wp-json\/wp\/v2\/users\/1"}],"replies":[{"embeddable":true,"href":"https:\/\/dmcsrb.com\/en\/wp-json\/wp\/v2\/comments?post=946870"}],"version-history":[{"count":0,"href":"https:\/\/dmcsrb.com\/en\/wp-json\/wp\/v2\/posts\/946870\/revisions"}],"wp:featuredmedia":[{"embeddable":true,"href":"https:\/\/dmcsrb.com\/en\/wp-json\/wp\/v2\/media\/946871"}],"wp:attachment":[{"href":"https:\/\/dmcsrb.com\/en\/wp-json\/wp\/v2\/media?parent=946870"}],"wp:term":[{"taxonomy":"category","embeddable":true,"href":"https:\/\/dmcsrb.com\/en\/wp-json\/wp\/v2\/categories?post=946870"},{"taxonomy":"post_tag","embeddable":true,"href":"https:\/\/dmcsrb.com\/en\/wp-json\/wp\/v2\/tags?post=946870"},{"taxonomy":"naslovna","embeddable":true,"href":"https:\/\/dmcsrb.com\/en\/wp-json\/wp\/v2\/naslovna?post=946870"}],"curies":[{"name":"wp","href":"https:\/\/api.w.org\/{rel}","templated":true}]}}