{"id":946856,"date":"2025-08-18T10:07:00","date_gmt":"2025-08-18T08:07:00","guid":{"rendered":"https:\/\/dmcsrb.com\/uncategorized\/preokret-potrebne-hitne-privremene-mjere-u-ulici-27-marta-radi-rasterecenja-saobracaja-tokom-radova-u-ulici-vojislavljevica\/"},"modified":"2025-08-18T10:07:00","modified_gmt":"2025-08-18T08:07:00","slug":"preokret-potrebne-hitne-privremene-mjere-u-ulici-27-marta-radi-rasterecenja-saobracaja-tokom-radova-u-ulici-vojislavljevica","status":"publish","type":"post","link":"https:\/\/dmcsrb.com\/en\/podgorica\/preokret-potrebne-hitne-privremene-mjere-u-ulici-27-marta-radi-rasterecenja-saobracaja-tokom-radova-u-ulici-vojislavljevica\/","title":{"rendered":"Preokret: Potrebne hitne privremene mjere u Ulici 27. marta radi rastere\u0107enja saobra\u0107aja tokom radova u Ulici Vojislavljevi\u0107a"},"content":{"rendered":"<p><\/p>\n\n\n\n<p><\/p>\n\n\n\n<p>Predlo\u017eene mjere obuhvataju:<br>&#8211; uklanjanje svih parking mjesta na saobra\u0107ajnim trakama u Ulici 27. marta kako bi se obezbijedila ve\u0107a \u0161irina kolovoza i smanjili saobra\u0107ajni \u010depovi, naro\u010dito u jutarnjem i popodnevnom \u0161picu; &#8211; promjenu re\u017eima semaforskog upravljanja koja se odnosi na produ\u017eavanje trajanja zelenog svjetla u oba pravca kako bi se pove\u0107ao kapacitet protoka vozila tokom kriti\u010dnih perioda; &#8211; stalno prisustvo komunalne policije radi spre\u010davanja i sankcionisanja nepropisnog parkiranja i zaustavljanja vozila na kriti\u010dnim ta\u010dkama.<\/p>\n\n\n\n<p>Kako navodi, poseban akcenat je stavljen na po\u010detak \u0161kolske godine zbog blizine dvije osnovne \u0161kole na trasi Ulice 27. marta. Potrebno je preventivno djelovati kako bi se za\u0161titila bezbjednost u\u010denika, roditelja i svih u\u010desnika u saobra\u0107aju.<\/p>\n\n\n\n<p>Krni\u0107 isti\u010de da su predlo\u017eene mjere privremenog karaktera, ali nu\u017ene i opravdane u vanrednim okolnostima, kako bi se o\u010duvala funkcionalnost saobra\u0107aja, bezbjednost u\u010desnika i kvalitet \u017eivota gra\u0111ana pogo\u0111enih promjenama re\u017eima saobra\u0107aja.<\/p>","protected":false},"excerpt":{"rendered":"<p>Odbornik u Skup\u0161tini Glavnog grada Podgorica, Mirza Krni\u0107, uputio je dana 07.08.2025 godine. Sekretarijatu za saobra\u0107aj inicijativu kojom tra\u017ei hitno preduzimanje privremenih mjera s ciljem rastere\u0107enja saobra\u0107aja na klju\u010dnim gradskim pravcima, posebno u Ulici 27. marta, usljed rekonstrukcije i zatvaranja Ulice Vojislavljevi\u0107a.<\/p>","protected":false},"author":1,"featured_media":946857,"comment_status":"open","ping_status":"open","sticky":false,"template":"","format":"standard","meta":{"_acf_changed":false,"footnotes":""},"categories":[56],"tags":[10153,6094],"naslovna":[],"class_list":["post-946856","post","type-post","status-publish","format-standard","has-post-thumbnail","hentry","category-podgorica","tag-krnic","tag-mjere"],"acf":[],"yoast_head":"<!-- This site is optimized with the Yoast SEO plugin v27.4 - https:\/\/yoast.com\/product\/yoast-seo-wordpress\/ -->\n<title>Preokret: Potrebne hitne privremene mjere u Ulici 27. marta radi rastere\u0107enja saobra\u0107aja tokom radova u Ulici Vojislavljevi\u0107a - dmcsrb.com<\/title>\n<meta name=\"robots\" content=\"index, follow, max-snippet:-1, max-image-preview:large, max-video-preview:-1\" \/>\n<link rel=\"canonical\" href=\"https:\/\/dmcsrb.com\/en\/podgorica\/preokret-potrebne-hitne-privremene-mjere-u-ulici-27-marta-radi-rasterecenja-saobracaja-tokom-radova-u-ulici-vojislavljevica\/\" \/>\n<meta property=\"og:locale\" content=\"en_GB\" \/>\n<meta property=\"og:type\" content=\"article\" \/>\n<meta property=\"og:title\" content=\"Preokret: Potrebne hitne privremene mjere u Ulici 27. marta radi rastere\u0107enja saobra\u0107aja tokom radova u Ulici Vojislavljevi\u0107a - dmcsrb.com\" \/>\n<meta property=\"og:description\" content=\"Odbornik u Skup\u0161tini Glavnog grada Podgorica, Mirza Krni\u0107, uputio je dana 07.08.2025 godine. Sekretarijatu za saobra\u0107aj inicijativu kojom tra\u017ei hitno preduzimanje privremenih mjera s ciljem rastere\u0107enja saobra\u0107aja na klju\u010dnim gradskim pravcima, posebno u Ulici 27. marta, usljed rekonstrukcije i zatvaranja Ulice Vojislavljevi\u0107a.\" \/>\n<meta property=\"og:url\" content=\"https:\/\/dmcsrb.com\/en\/podgorica\/preokret-potrebne-hitne-privremene-mjere-u-ulici-27-marta-radi-rasterecenja-saobracaja-tokom-radova-u-ulici-vojislavljevica\/\" \/>\n<meta property=\"og:site_name\" content=\"dmcsrb.com\" \/>\n<meta property=\"article:published_time\" content=\"2025-08-18T08:07:00+00:00\" \/>\n<meta property=\"og:image\" content=\"https:\/\/dmcsrb.com\/wp-content\/uploads\/2026\/01\/1715031403-mirza-krnic-clan-pokreta-preokret-1110-2023-i_960x600.webp\" \/>\n\t<meta property=\"og:image:width\" content=\"960\" \/>\n\t<meta property=\"og:image:height\" content=\"600\" \/>\n\t<meta property=\"og:image:type\" content=\"image\/jpeg\" \/>\n<meta name=\"author\" content=\"dmcsrbija.com@gmail.com\" \/>\n<meta name=\"twitter:card\" content=\"summary_large_image\" \/>\n<meta name=\"twitter:label1\" content=\"Written by\" \/>\n\t<meta name=\"twitter:data1\" content=\"dmcsrbija.com@gmail.com\" \/>\n\t<meta name=\"twitter:label2\" content=\"Estimated reading time\" \/>\n\t<meta name=\"twitter:data2\" content=\"1 minute\" \/>\n<script type=\"application\/ld+json\" class=\"yoast-schema-graph\">{\"@context\":\"https:\\\/\\\/schema.org\",\"@graph\":[{\"@type\":\"Article\",\"@id\":\"https:\\\/\\\/dmcsrb.com\\\/podgorica\\\/preokret-potrebne-hitne-privremene-mjere-u-ulici-27-marta-radi-rasterecenja-saobracaja-tokom-radova-u-ulici-vojislavljevica\\\/#article\",\"isPartOf\":{\"@id\":\"https:\\\/\\\/dmcsrb.com\\\/podgorica\\\/preokret-potrebne-hitne-privremene-mjere-u-ulici-27-marta-radi-rasterecenja-saobracaja-tokom-radova-u-ulici-vojislavljevica\\\/\"},\"author\":{\"name\":\"dmcsrbija.com@gmail.com\",\"@id\":\"https:\\\/\\\/dmcsrb.com\\\/#\\\/schema\\\/person\\\/5c39170f12db1b8b457732d0b5c854e2\"},\"headline\":\"Preokret: Potrebne hitne privremene mjere u Ulici 27. marta radi rastere\u0107enja saobra\u0107aja tokom radova u Ulici Vojislavljevi\u0107a\",\"datePublished\":\"2025-08-18T08:07:00+00:00\",\"mainEntityOfPage\":{\"@id\":\"https:\\\/\\\/dmcsrb.com\\\/podgorica\\\/preokret-potrebne-hitne-privremene-mjere-u-ulici-27-marta-radi-rasterecenja-saobracaja-tokom-radova-u-ulici-vojislavljevica\\\/\"},\"wordCount\":186,\"commentCount\":0,\"image\":{\"@id\":\"https:\\\/\\\/dmcsrb.com\\\/podgorica\\\/preokret-potrebne-hitne-privremene-mjere-u-ulici-27-marta-radi-rasterecenja-saobracaja-tokom-radova-u-ulici-vojislavljevica\\\/#primaryimage\"},\"thumbnailUrl\":\"https:\\\/\\\/dmcsrb.com\\\/wp-content\\\/uploads\\\/2026\\\/01\\\/1715031403-mirza-krnic-clan-pokreta-preokret-1110-2023-i_960x600.webp\",\"keywords\":[\"krni\u0107\",\"Mjere\"],\"articleSection\":[\"Podgorica\"],\"inLanguage\":\"en-GB\",\"potentialAction\":[{\"@type\":\"CommentAction\",\"name\":\"Comment\",\"target\":[\"https:\\\/\\\/dmcsrb.com\\\/podgorica\\\/preokret-potrebne-hitne-privremene-mjere-u-ulici-27-marta-radi-rasterecenja-saobracaja-tokom-radova-u-ulici-vojislavljevica\\\/#respond\"]}]},{\"@type\":\"WebPage\",\"@id\":\"https:\\\/\\\/dmcsrb.com\\\/podgorica\\\/preokret-potrebne-hitne-privremene-mjere-u-ulici-27-marta-radi-rasterecenja-saobracaja-tokom-radova-u-ulici-vojislavljevica\\\/\",\"url\":\"https:\\\/\\\/dmcsrb.com\\\/podgorica\\\/preokret-potrebne-hitne-privremene-mjere-u-ulici-27-marta-radi-rasterecenja-saobracaja-tokom-radova-u-ulici-vojislavljevica\\\/\",\"name\":\"Preokret: Potrebne hitne privremene mjere u Ulici 27. marta radi rastere\u0107enja saobra\u0107aja tokom radova u Ulici Vojislavljevi\u0107a - dmcsrb.com\",\"isPartOf\":{\"@id\":\"https:\\\/\\\/dmcsrb.com\\\/#website\"},\"primaryImageOfPage\":{\"@id\":\"https:\\\/\\\/dmcsrb.com\\\/podgorica\\\/preokret-potrebne-hitne-privremene-mjere-u-ulici-27-marta-radi-rasterecenja-saobracaja-tokom-radova-u-ulici-vojislavljevica\\\/#primaryimage\"},\"image\":{\"@id\":\"https:\\\/\\\/dmcsrb.com\\\/podgorica\\\/preokret-potrebne-hitne-privremene-mjere-u-ulici-27-marta-radi-rasterecenja-saobracaja-tokom-radova-u-ulici-vojislavljevica\\\/#primaryimage\"},\"thumbnailUrl\":\"https:\\\/\\\/dmcsrb.com\\\/wp-content\\\/uploads\\\/2026\\\/01\\\/1715031403-mirza-krnic-clan-pokreta-preokret-1110-2023-i_960x600.webp\",\"datePublished\":\"2025-08-18T08:07:00+00:00\",\"author\":{\"@id\":\"https:\\\/\\\/dmcsrb.com\\\/#\\\/schema\\\/person\\\/5c39170f12db1b8b457732d0b5c854e2\"},\"breadcrumb\":{\"@id\":\"https:\\\/\\\/dmcsrb.com\\\/podgorica\\\/preokret-potrebne-hitne-privremene-mjere-u-ulici-27-marta-radi-rasterecenja-saobracaja-tokom-radova-u-ulici-vojislavljevica\\\/#breadcrumb\"},\"inLanguage\":\"en-GB\",\"potentialAction\":[{\"@type\":\"ReadAction\",\"target\":[\"https:\\\/\\\/dmcsrb.com\\\/podgorica\\\/preokret-potrebne-hitne-privremene-mjere-u-ulici-27-marta-radi-rasterecenja-saobracaja-tokom-radova-u-ulici-vojislavljevica\\\/\"]}]},{\"@type\":\"ImageObject\",\"inLanguage\":\"en-GB\",\"@id\":\"https:\\\/\\\/dmcsrb.com\\\/podgorica\\\/preokret-potrebne-hitne-privremene-mjere-u-ulici-27-marta-radi-rasterecenja-saobracaja-tokom-radova-u-ulici-vojislavljevica\\\/#primaryimage\",\"url\":\"https:\\\/\\\/dmcsrb.com\\\/wp-content\\\/uploads\\\/2026\\\/01\\\/1715031403-mirza-krnic-clan-pokreta-preokret-1110-2023-i_960x600.webp\",\"contentUrl\":\"https:\\\/\\\/dmcsrb.com\\\/wp-content\\\/uploads\\\/2026\\\/01\\\/1715031403-mirza-krnic-clan-pokreta-preokret-1110-2023-i_960x600.webp\",\"width\":960,\"height\":600},{\"@type\":\"BreadcrumbList\",\"@id\":\"https:\\\/\\\/dmcsrb.com\\\/podgorica\\\/preokret-potrebne-hitne-privremene-mjere-u-ulici-27-marta-radi-rasterecenja-saobracaja-tokom-radova-u-ulici-vojislavljevica\\\/#breadcrumb\",\"itemListElement\":[{\"@type\":\"ListItem\",\"position\":1,\"name\":\"Home\",\"item\":\"https:\\\/\\\/dmcsrb.com\\\/\"},{\"@type\":\"ListItem\",\"position\":2,\"name\":\"Preokret: Potrebne hitne privremene mjere u Ulici 27. marta radi rastere\u0107enja saobra\u0107aja tokom radova u Ulici Vojislavljevi\u0107a\"}]},{\"@type\":\"WebSite\",\"@id\":\"https:\\\/\\\/dmcsrb.com\\\/#website\",\"url\":\"https:\\\/\\\/dmcsrb.com\\\/\",\"name\":\"dmcsrb.com\",\"description\":\"\",\"potentialAction\":[{\"@type\":\"SearchAction\",\"target\":{\"@type\":\"EntryPoint\",\"urlTemplate\":\"https:\\\/\\\/dmcsrb.com\\\/?s={search_term_string}\"},\"query-input\":{\"@type\":\"PropertyValueSpecification\",\"valueRequired\":true,\"valueName\":\"search_term_string\"}}],\"inLanguage\":\"en-GB\"},{\"@type\":\"Person\",\"@id\":\"https:\\\/\\\/dmcsrb.com\\\/#\\\/schema\\\/person\\\/5c39170f12db1b8b457732d0b5c854e2\",\"name\":\"dmcsrbija.com@gmail.com\",\"image\":{\"@type\":\"ImageObject\",\"inLanguage\":\"en-GB\",\"@id\":\"https:\\\/\\\/secure.gravatar.com\\\/avatar\\\/68592660ad6347fad0fb587f8d5d8f1a7b44961362f56e4f2cd524feb87e9069?s=96&d=mm&r=g\",\"url\":\"https:\\\/\\\/secure.gravatar.com\\\/avatar\\\/68592660ad6347fad0fb587f8d5d8f1a7b44961362f56e4f2cd524feb87e9069?s=96&d=mm&r=g\",\"contentUrl\":\"https:\\\/\\\/secure.gravatar.com\\\/avatar\\\/68592660ad6347fad0fb587f8d5d8f1a7b44961362f56e4f2cd524feb87e9069?s=96&d=mm&r=g\",\"caption\":\"dmcsrbija.com@gmail.com\"},\"sameAs\":[\"https:\\\/\\\/dmcsrb.com\"],\"url\":\"https:\\\/\\\/dmcsrb.com\\\/en\\\/author\\\/dmcsrbija-comgmail-com\\\/\"}]}<\/script>\n<!-- \/ Yoast SEO plugin. -->","yoast_head_json":{"title":"Preokret: Potrebne hitne privremene mjere u Ulici 27. marta radi rastere\u0107enja saobra\u0107aja tokom radova u Ulici Vojislavljevi\u0107a - dmcsrb.com","robots":{"index":"index","follow":"follow","max-snippet":"max-snippet:-1","max-image-preview":"max-image-preview:large","max-video-preview":"max-video-preview:-1"},"canonical":"https:\/\/dmcsrb.com\/en\/podgorica\/preokret-potrebne-hitne-privremene-mjere-u-ulici-27-marta-radi-rasterecenja-saobracaja-tokom-radova-u-ulici-vojislavljevica\/","og_locale":"en_GB","og_type":"article","og_title":"Preokret: Potrebne hitne privremene mjere u Ulici 27. marta radi rastere\u0107enja saobra\u0107aja tokom radova u Ulici Vojislavljevi\u0107a - dmcsrb.com","og_description":"Odbornik u Skup\u0161tini Glavnog grada Podgorica, Mirza Krni\u0107, uputio je dana 07.08.2025 godine. Sekretarijatu za saobra\u0107aj inicijativu kojom tra\u017ei hitno preduzimanje privremenih mjera s ciljem rastere\u0107enja saobra\u0107aja na klju\u010dnim gradskim pravcima, posebno u Ulici 27. marta, usljed rekonstrukcije i zatvaranja Ulice Vojislavljevi\u0107a.","og_url":"https:\/\/dmcsrb.com\/en\/podgorica\/preokret-potrebne-hitne-privremene-mjere-u-ulici-27-marta-radi-rasterecenja-saobracaja-tokom-radova-u-ulici-vojislavljevica\/","og_site_name":"dmcsrb.com","article_published_time":"2025-08-18T08:07:00+00:00","og_image":[{"width":960,"height":600,"url":"https:\/\/dmcsrb.com\/wp-content\/uploads\/2026\/01\/1715031403-mirza-krnic-clan-pokreta-preokret-1110-2023-i_960x600.webp","type":"image\/jpeg"}],"author":"dmcsrbija.com@gmail.com","twitter_card":"summary_large_image","twitter_misc":{"Written by":"dmcsrbija.com@gmail.com","Estimated reading time":"1 minute"},"schema":{"@context":"https:\/\/schema.org","@graph":[{"@type":"Article","@id":"https:\/\/dmcsrb.com\/podgorica\/preokret-potrebne-hitne-privremene-mjere-u-ulici-27-marta-radi-rasterecenja-saobracaja-tokom-radova-u-ulici-vojislavljevica\/#article","isPartOf":{"@id":"https:\/\/dmcsrb.com\/podgorica\/preokret-potrebne-hitne-privremene-mjere-u-ulici-27-marta-radi-rasterecenja-saobracaja-tokom-radova-u-ulici-vojislavljevica\/"},"author":{"name":"dmcsrbija.com@gmail.com","@id":"https:\/\/dmcsrb.com\/#\/schema\/person\/5c39170f12db1b8b457732d0b5c854e2"},"headline":"Preokret: Potrebne hitne privremene mjere u Ulici 27. marta radi rastere\u0107enja saobra\u0107aja tokom radova u Ulici Vojislavljevi\u0107a","datePublished":"2025-08-18T08:07:00+00:00","mainEntityOfPage":{"@id":"https:\/\/dmcsrb.com\/podgorica\/preokret-potrebne-hitne-privremene-mjere-u-ulici-27-marta-radi-rasterecenja-saobracaja-tokom-radova-u-ulici-vojislavljevica\/"},"wordCount":186,"commentCount":0,"image":{"@id":"https:\/\/dmcsrb.com\/podgorica\/preokret-potrebne-hitne-privremene-mjere-u-ulici-27-marta-radi-rasterecenja-saobracaja-tokom-radova-u-ulici-vojislavljevica\/#primaryimage"},"thumbnailUrl":"https:\/\/dmcsrb.com\/wp-content\/uploads\/2026\/01\/1715031403-mirza-krnic-clan-pokreta-preokret-1110-2023-i_960x600.webp","keywords":["krni\u0107","Mjere"],"articleSection":["Podgorica"],"inLanguage":"en-GB","potentialAction":[{"@type":"CommentAction","name":"Comment","target":["https:\/\/dmcsrb.com\/podgorica\/preokret-potrebne-hitne-privremene-mjere-u-ulici-27-marta-radi-rasterecenja-saobracaja-tokom-radova-u-ulici-vojislavljevica\/#respond"]}]},{"@type":"WebPage","@id":"https:\/\/dmcsrb.com\/podgorica\/preokret-potrebne-hitne-privremene-mjere-u-ulici-27-marta-radi-rasterecenja-saobracaja-tokom-radova-u-ulici-vojislavljevica\/","url":"https:\/\/dmcsrb.com\/podgorica\/preokret-potrebne-hitne-privremene-mjere-u-ulici-27-marta-radi-rasterecenja-saobracaja-tokom-radova-u-ulici-vojislavljevica\/","name":"Preokret: Potrebne hitne privremene mjere u Ulici 27. marta radi rastere\u0107enja saobra\u0107aja tokom radova u Ulici Vojislavljevi\u0107a - dmcsrb.com","isPartOf":{"@id":"https:\/\/dmcsrb.com\/#website"},"primaryImageOfPage":{"@id":"https:\/\/dmcsrb.com\/podgorica\/preokret-potrebne-hitne-privremene-mjere-u-ulici-27-marta-radi-rasterecenja-saobracaja-tokom-radova-u-ulici-vojislavljevica\/#primaryimage"},"image":{"@id":"https:\/\/dmcsrb.com\/podgorica\/preokret-potrebne-hitne-privremene-mjere-u-ulici-27-marta-radi-rasterecenja-saobracaja-tokom-radova-u-ulici-vojislavljevica\/#primaryimage"},"thumbnailUrl":"https:\/\/dmcsrb.com\/wp-content\/uploads\/2026\/01\/1715031403-mirza-krnic-clan-pokreta-preokret-1110-2023-i_960x600.webp","datePublished":"2025-08-18T08:07:00+00:00","author":{"@id":"https:\/\/dmcsrb.com\/#\/schema\/person\/5c39170f12db1b8b457732d0b5c854e2"},"breadcrumb":{"@id":"https:\/\/dmcsrb.com\/podgorica\/preokret-potrebne-hitne-privremene-mjere-u-ulici-27-marta-radi-rasterecenja-saobracaja-tokom-radova-u-ulici-vojislavljevica\/#breadcrumb"},"inLanguage":"en-GB","potentialAction":[{"@type":"ReadAction","target":["https:\/\/dmcsrb.com\/podgorica\/preokret-potrebne-hitne-privremene-mjere-u-ulici-27-marta-radi-rasterecenja-saobracaja-tokom-radova-u-ulici-vojislavljevica\/"]}]},{"@type":"ImageObject","inLanguage":"en-GB","@id":"https:\/\/dmcsrb.com\/podgorica\/preokret-potrebne-hitne-privremene-mjere-u-ulici-27-marta-radi-rasterecenja-saobracaja-tokom-radova-u-ulici-vojislavljevica\/#primaryimage","url":"https:\/\/dmcsrb.com\/wp-content\/uploads\/2026\/01\/1715031403-mirza-krnic-clan-pokreta-preokret-1110-2023-i_960x600.webp","contentUrl":"https:\/\/dmcsrb.com\/wp-content\/uploads\/2026\/01\/1715031403-mirza-krnic-clan-pokreta-preokret-1110-2023-i_960x600.webp","width":960,"height":600},{"@type":"BreadcrumbList","@id":"https:\/\/dmcsrb.com\/podgorica\/preokret-potrebne-hitne-privremene-mjere-u-ulici-27-marta-radi-rasterecenja-saobracaja-tokom-radova-u-ulici-vojislavljevica\/#breadcrumb","itemListElement":[{"@type":"ListItem","position":1,"name":"Home","item":"https:\/\/dmcsrb.com\/"},{"@type":"ListItem","position":2,"name":"Preokret: Potrebne hitne privremene mjere u Ulici 27. marta radi rastere\u0107enja saobra\u0107aja tokom radova u Ulici Vojislavljevi\u0107a"}]},{"@type":"WebSite","@id":"https:\/\/dmcsrb.com\/#website","url":"https:\/\/dmcsrb.com\/","name":"dmcsrb.com","description":"","potentialAction":[{"@type":"SearchAction","target":{"@type":"EntryPoint","urlTemplate":"https:\/\/dmcsrb.com\/?s={search_term_string}"},"query-input":{"@type":"PropertyValueSpecification","valueRequired":true,"valueName":"search_term_string"}}],"inLanguage":"en-GB"},{"@type":"Person","@id":"https:\/\/dmcsrb.com\/#\/schema\/person\/5c39170f12db1b8b457732d0b5c854e2","name":"dmcsrbija.com@gmail.com","image":{"@type":"ImageObject","inLanguage":"en-GB","@id":"https:\/\/secure.gravatar.com\/avatar\/68592660ad6347fad0fb587f8d5d8f1a7b44961362f56e4f2cd524feb87e9069?s=96&d=mm&r=g","url":"https:\/\/secure.gravatar.com\/avatar\/68592660ad6347fad0fb587f8d5d8f1a7b44961362f56e4f2cd524feb87e9069?s=96&d=mm&r=g","contentUrl":"https:\/\/secure.gravatar.com\/avatar\/68592660ad6347fad0fb587f8d5d8f1a7b44961362f56e4f2cd524feb87e9069?s=96&d=mm&r=g","caption":"dmcsrbija.com@gmail.com"},"sameAs":["https:\/\/dmcsrb.com"],"url":"https:\/\/dmcsrb.com\/en\/author\/dmcsrbija-comgmail-com\/"}]}},"_links":{"self":[{"href":"https:\/\/dmcsrb.com\/en\/wp-json\/wp\/v2\/posts\/946856","targetHints":{"allow":["GET"]}}],"collection":[{"href":"https:\/\/dmcsrb.com\/en\/wp-json\/wp\/v2\/posts"}],"about":[{"href":"https:\/\/dmcsrb.com\/en\/wp-json\/wp\/v2\/types\/post"}],"author":[{"embeddable":true,"href":"https:\/\/dmcsrb.com\/en\/wp-json\/wp\/v2\/users\/1"}],"replies":[{"embeddable":true,"href":"https:\/\/dmcsrb.com\/en\/wp-json\/wp\/v2\/comments?post=946856"}],"version-history":[{"count":0,"href":"https:\/\/dmcsrb.com\/en\/wp-json\/wp\/v2\/posts\/946856\/revisions"}],"wp:featuredmedia":[{"embeddable":true,"href":"https:\/\/dmcsrb.com\/en\/wp-json\/wp\/v2\/media\/946857"}],"wp:attachment":[{"href":"https:\/\/dmcsrb.com\/en\/wp-json\/wp\/v2\/media?parent=946856"}],"wp:term":[{"taxonomy":"category","embeddable":true,"href":"https:\/\/dmcsrb.com\/en\/wp-json\/wp\/v2\/categories?post=946856"},{"taxonomy":"post_tag","embeddable":true,"href":"https:\/\/dmcsrb.com\/en\/wp-json\/wp\/v2\/tags?post=946856"},{"taxonomy":"naslovna","embeddable":true,"href":"https:\/\/dmcsrb.com\/en\/wp-json\/wp\/v2\/naslovna?post=946856"}],"curies":[{"name":"wp","href":"https:\/\/api.w.org\/{rel}","templated":true}]}}