{"id":946837,"date":"2025-08-18T08:31:59","date_gmt":"2025-08-18T06:31:59","guid":{"rendered":"https:\/\/dmcsrb.com\/uncategorized\/na-granicnim-prelazima-oduzeta-dva-vozila-od-pocetka-godine-oduzeta-82-vozila-od-cega-48-vozila-sa-potjernica-interpola\/"},"modified":"2025-08-18T08:31:59","modified_gmt":"2025-08-18T06:31:59","slug":"na-granicnim-prelazima-oduzeta-dva-vozila-od-pocetka-godine-oduzeta-82-vozila-od-cega-48-vozila-sa-potjernica-interpola","status":"publish","type":"post","link":"https:\/\/dmcsrb.com\/en\/hronika\/na-granicnim-prelazima-oduzeta-dva-vozila-od-pocetka-godine-oduzeta-82-vozila-od-cega-48-vozila-sa-potjernica-interpola\/","title":{"rendered":"Na grani\u010dnim prelazima oduzeta dva vozila; od po\u010detka godine oduzeta 82 vozila od \u010dega 48 vozila sa potjernica Interpola"},"content":{"rendered":"<p><\/p>\n\n\n\n<p>Kako navode, policijski slu\u017ebenici su na grani\u010dnom prelazu Debeli Brijeg, na izlazu iz Crne Gore, kontrolisali dr\u017eavljanku Srbije A.M.(36) i vozilo marke Fiat Abarth 500 kojim je upravljala.<\/p>\n\n\n\n<p>&#8220;Izvr\u0161enim pregledom vozila na drugoj liniji grani\u010dnih provjera, u saradnji sa slu\u017ebenikom Frontexa, utvr\u0111eno je da broj \u0161asije ne odgovara standardu koji se koristi kod Fiat vozila, nakon \u010dega je dodatnim provjerama ustanovljeno da broj motora ne odgovara originalnom broju \u0161asije te da je vozilo u evidencijama Liona, Francuska od 17.avgusta 2021. godine, ozna\u010deno kao ukradeno&#8221;, navode iz Uprave policije.<\/p>\n\n\n\n<figure class=\"wp-block-image size-full\"><img decoding=\"async\" src=\"https:\/\/gradski.me\/wp-content\/uploads\/2025\/08\/ODUZETI-fiat-foto-up.jpg\" alt=\"\" class=\"wp-image-815643\"\/><\/figure>\n\n\n\n<p>Vozilo je predato slu\u017ebenicima Odjeljenja bezbjednosti Herceg Novi na dalje provjere.<\/p>\n\n\n\n<p>Slu\u017ebenici grani\u010dne policije Bar su prilikom izlazne grani\u010dne kontrole na grani\u010dnom prelazu Luka Bar, kontrolisali A.P.(39) dr\u017eavljanina Francuske, koji je upravljao vozilom marke Audi.<\/p>\n\n\n\n<p>&#8220;Provjerom kroz elektronske baze podataka utvr\u0111eno je da je za ovim vozilom raspisana me\u0111unarodna potjernica od strane NCB Interpola Francuska. Vozilo je nakon oduzimanja, predato na dalju nadle\u017enost Odjeljenju bezbjednosti Bar&#8221;, saop\u0161tili su iz policije.<\/p>\n\n\n\n<p>Slu\u017ebenici Sektora grani\u010dne policije su u okviru raznih aktivnosti, od po\u010detka godine, oduzeli 82 vozila od \u010dega 48 sa me\u0111unarodnih potjernica Interpola i 6 vozila sa nacionalnih potjernica.<\/p>","protected":false},"excerpt":{"rendered":"<p>Slu\u017ebenici Regionalnog centra grani\u010dne policije \u201cJug\u201d su u nastavku poja\u010danih kontrola na grani\u010dnim prelazima, usmjerenim na otkrivanje i suzbijanje svih oblika prekograni\u010dnog i transnacionalnog kriminala, oduzeli dva vozila koja potra\u017euje Francuska, saop\u0161teno je iz Uprave policije.<\/p>","protected":false},"author":1,"featured_media":946838,"comment_status":"open","ping_status":"open","sticky":false,"template":"","format":"standard","meta":{"_acf_changed":false,"footnotes":""},"categories":[17],"tags":[341,2830],"naslovna":[],"class_list":["post-946837","post","type-post","status-publish","format-standard","has-post-thumbnail","hentry","category-hronika","tag-gp-debeli-brijeg","tag-luka-bar"],"acf":[],"yoast_head":"<!-- This site is optimized with the Yoast SEO plugin v27.0 - https:\/\/yoast.com\/product\/yoast-seo-wordpress\/ -->\n<title>Na grani\u010dnim prelazima oduzeta dva vozila; od po\u010detka godine oduzeta 82 vozila od \u010dega 48 vozila sa potjernica Interpola - dmcsrb.com<\/title>\n<meta name=\"robots\" content=\"index, follow, max-snippet:-1, max-image-preview:large, max-video-preview:-1\" \/>\n<link rel=\"canonical\" href=\"https:\/\/dmcsrb.com\/en\/hronika\/na-granicnim-prelazima-oduzeta-dva-vozila-od-pocetka-godine-oduzeta-82-vozila-od-cega-48-vozila-sa-potjernica-interpola\/\" \/>\n<meta property=\"og:locale\" content=\"en_GB\" \/>\n<meta property=\"og:type\" content=\"article\" \/>\n<meta property=\"og:title\" content=\"Na grani\u010dnim prelazima oduzeta dva vozila; od po\u010detka godine oduzeta 82 vozila od \u010dega 48 vozila sa potjernica Interpola - dmcsrb.com\" \/>\n<meta property=\"og:description\" content=\"Slu\u017ebenici Regionalnog centra grani\u010dne policije \u201cJug\u201d su u nastavku poja\u010danih kontrola na grani\u010dnim prelazima, usmjerenim na otkrivanje i suzbijanje svih oblika prekograni\u010dnog i transnacionalnog kriminala, oduzeli dva vozila koja potra\u017euje Francuska, saop\u0161teno je iz Uprave policije.\" \/>\n<meta property=\"og:url\" content=\"https:\/\/dmcsrb.com\/en\/hronika\/na-granicnim-prelazima-oduzeta-dva-vozila-od-pocetka-godine-oduzeta-82-vozila-od-cega-48-vozila-sa-potjernica-interpola\/\" \/>\n<meta property=\"og:site_name\" content=\"dmcsrb.com\" \/>\n<meta property=\"article:published_time\" content=\"2025-08-18T06:31:59+00:00\" \/>\n<meta property=\"og:image\" content=\"https:\/\/dmcsrb.com\/wp-content\/uploads\/2026\/01\/oduzeti-audi-foto-UP.webp\" \/>\n\t<meta property=\"og:image:width\" content=\"1041\" \/>\n\t<meta property=\"og:image:height\" content=\"720\" \/>\n\t<meta property=\"og:image:type\" content=\"image\/jpeg\" \/>\n<meta name=\"author\" content=\"dmcsrbija.com@gmail.com\" \/>\n<meta name=\"twitter:card\" content=\"summary_large_image\" \/>\n<meta name=\"twitter:label1\" content=\"Written by\" \/>\n\t<meta name=\"twitter:data1\" content=\"dmcsrbija.com@gmail.com\" \/>\n\t<meta name=\"twitter:label2\" content=\"Estimated reading time\" \/>\n\t<meta name=\"twitter:data2\" content=\"1 minute\" \/>\n<script type=\"application\/ld+json\" class=\"yoast-schema-graph\">{\"@context\":\"https:\/\/schema.org\",\"@graph\":[{\"@type\":\"Article\",\"@id\":\"https:\/\/dmcsrb.com\/hronika\/na-granicnim-prelazima-oduzeta-dva-vozila-od-pocetka-godine-oduzeta-82-vozila-od-cega-48-vozila-sa-potjernica-interpola\/#article\",\"isPartOf\":{\"@id\":\"https:\/\/dmcsrb.com\/hronika\/na-granicnim-prelazima-oduzeta-dva-vozila-od-pocetka-godine-oduzeta-82-vozila-od-cega-48-vozila-sa-potjernica-interpola\/\"},\"author\":{\"name\":\"dmcsrbija.com@gmail.com\",\"@id\":\"https:\/\/dmcsrb.com\/#\/schema\/person\/5c39170f12db1b8b457732d0b5c854e2\"},\"headline\":\"Na grani\u010dnim prelazima oduzeta dva vozila; od po\u010detka godine oduzeta 82 vozila od \u010dega 48 vozila sa potjernica Interpola\",\"datePublished\":\"2025-08-18T06:31:59+00:00\",\"mainEntityOfPage\":{\"@id\":\"https:\/\/dmcsrb.com\/hronika\/na-granicnim-prelazima-oduzeta-dva-vozila-od-pocetka-godine-oduzeta-82-vozila-od-cega-48-vozila-sa-potjernica-interpola\/\"},\"wordCount\":224,\"commentCount\":0,\"image\":{\"@id\":\"https:\/\/dmcsrb.com\/hronika\/na-granicnim-prelazima-oduzeta-dva-vozila-od-pocetka-godine-oduzeta-82-vozila-od-cega-48-vozila-sa-potjernica-interpola\/#primaryimage\"},\"thumbnailUrl\":\"https:\/\/dmcsrb.com\/wp-content\/uploads\/2026\/01\/oduzeti-audi-foto-UP.webp\",\"keywords\":[\"GP Debeli Brijeg\",\"Luka Bar\"],\"articleSection\":[\"Hronika\"],\"inLanguage\":\"en-GB\",\"potentialAction\":[{\"@type\":\"CommentAction\",\"name\":\"Comment\",\"target\":[\"https:\/\/dmcsrb.com\/hronika\/na-granicnim-prelazima-oduzeta-dva-vozila-od-pocetka-godine-oduzeta-82-vozila-od-cega-48-vozila-sa-potjernica-interpola\/#respond\"]}]},{\"@type\":\"WebPage\",\"@id\":\"https:\/\/dmcsrb.com\/hronika\/na-granicnim-prelazima-oduzeta-dva-vozila-od-pocetka-godine-oduzeta-82-vozila-od-cega-48-vozila-sa-potjernica-interpola\/\",\"url\":\"https:\/\/dmcsrb.com\/hronika\/na-granicnim-prelazima-oduzeta-dva-vozila-od-pocetka-godine-oduzeta-82-vozila-od-cega-48-vozila-sa-potjernica-interpola\/\",\"name\":\"Na grani\u010dnim prelazima oduzeta dva vozila; od po\u010detka godine oduzeta 82 vozila od \u010dega 48 vozila sa potjernica Interpola - dmcsrb.com\",\"isPartOf\":{\"@id\":\"https:\/\/dmcsrb.com\/#website\"},\"primaryImageOfPage\":{\"@id\":\"https:\/\/dmcsrb.com\/hronika\/na-granicnim-prelazima-oduzeta-dva-vozila-od-pocetka-godine-oduzeta-82-vozila-od-cega-48-vozila-sa-potjernica-interpola\/#primaryimage\"},\"image\":{\"@id\":\"https:\/\/dmcsrb.com\/hronika\/na-granicnim-prelazima-oduzeta-dva-vozila-od-pocetka-godine-oduzeta-82-vozila-od-cega-48-vozila-sa-potjernica-interpola\/#primaryimage\"},\"thumbnailUrl\":\"https:\/\/dmcsrb.com\/wp-content\/uploads\/2026\/01\/oduzeti-audi-foto-UP.webp\",\"datePublished\":\"2025-08-18T06:31:59+00:00\",\"author\":{\"@id\":\"https:\/\/dmcsrb.com\/#\/schema\/person\/5c39170f12db1b8b457732d0b5c854e2\"},\"breadcrumb\":{\"@id\":\"https:\/\/dmcsrb.com\/hronika\/na-granicnim-prelazima-oduzeta-dva-vozila-od-pocetka-godine-oduzeta-82-vozila-od-cega-48-vozila-sa-potjernica-interpola\/#breadcrumb\"},\"inLanguage\":\"en-GB\",\"potentialAction\":[{\"@type\":\"ReadAction\",\"target\":[\"https:\/\/dmcsrb.com\/hronika\/na-granicnim-prelazima-oduzeta-dva-vozila-od-pocetka-godine-oduzeta-82-vozila-od-cega-48-vozila-sa-potjernica-interpola\/\"]}]},{\"@type\":\"ImageObject\",\"inLanguage\":\"en-GB\",\"@id\":\"https:\/\/dmcsrb.com\/hronika\/na-granicnim-prelazima-oduzeta-dva-vozila-od-pocetka-godine-oduzeta-82-vozila-od-cega-48-vozila-sa-potjernica-interpola\/#primaryimage\",\"url\":\"https:\/\/dmcsrb.com\/wp-content\/uploads\/2026\/01\/oduzeti-audi-foto-UP.webp\",\"contentUrl\":\"https:\/\/dmcsrb.com\/wp-content\/uploads\/2026\/01\/oduzeti-audi-foto-UP.webp\",\"width\":1041,\"height\":720},{\"@type\":\"BreadcrumbList\",\"@id\":\"https:\/\/dmcsrb.com\/hronika\/na-granicnim-prelazima-oduzeta-dva-vozila-od-pocetka-godine-oduzeta-82-vozila-od-cega-48-vozila-sa-potjernica-interpola\/#breadcrumb\",\"itemListElement\":[{\"@type\":\"ListItem\",\"position\":1,\"name\":\"Home\",\"item\":\"https:\/\/dmcsrb.com\/\"},{\"@type\":\"ListItem\",\"position\":2,\"name\":\"Na grani\u010dnim prelazima oduzeta dva vozila; od po\u010detka godine oduzeta 82 vozila od \u010dega 48 vozila sa potjernica Interpola\"}]},{\"@type\":\"WebSite\",\"@id\":\"https:\/\/dmcsrb.com\/#website\",\"url\":\"https:\/\/dmcsrb.com\/\",\"name\":\"dmcsrb.com\",\"description\":\"\",\"potentialAction\":[{\"@type\":\"SearchAction\",\"target\":{\"@type\":\"EntryPoint\",\"urlTemplate\":\"https:\/\/dmcsrb.com\/?s={search_term_string}\"},\"query-input\":{\"@type\":\"PropertyValueSpecification\",\"valueRequired\":true,\"valueName\":\"search_term_string\"}}],\"inLanguage\":\"en-GB\"},{\"@type\":\"Person\",\"@id\":\"https:\/\/dmcsrb.com\/#\/schema\/person\/5c39170f12db1b8b457732d0b5c854e2\",\"name\":\"dmcsrbija.com@gmail.com\",\"image\":{\"@type\":\"ImageObject\",\"inLanguage\":\"en-GB\",\"@id\":\"https:\/\/dmcsrb.com\/#\/schema\/person\/image\/\",\"url\":\"https:\/\/secure.gravatar.com\/avatar\/68592660ad6347fad0fb587f8d5d8f1a7b44961362f56e4f2cd524feb87e9069?s=96&d=mm&r=g\",\"contentUrl\":\"https:\/\/secure.gravatar.com\/avatar\/68592660ad6347fad0fb587f8d5d8f1a7b44961362f56e4f2cd524feb87e9069?s=96&d=mm&r=g\",\"caption\":\"dmcsrbija.com@gmail.com\"},\"sameAs\":[\"https:\/\/dmcsrb.com\"],\"url\":\"https:\/\/dmcsrb.com\/en\/author\/dmcsrbija-comgmail-com\/\"}]}<\/script>\n<!-- \/ Yoast SEO plugin. -->","yoast_head_json":{"title":"Na grani\u010dnim prelazima oduzeta dva vozila; od po\u010detka godine oduzeta 82 vozila od \u010dega 48 vozila sa potjernica Interpola - dmcsrb.com","robots":{"index":"index","follow":"follow","max-snippet":"max-snippet:-1","max-image-preview":"max-image-preview:large","max-video-preview":"max-video-preview:-1"},"canonical":"https:\/\/dmcsrb.com\/en\/hronika\/na-granicnim-prelazima-oduzeta-dva-vozila-od-pocetka-godine-oduzeta-82-vozila-od-cega-48-vozila-sa-potjernica-interpola\/","og_locale":"en_GB","og_type":"article","og_title":"Na grani\u010dnim prelazima oduzeta dva vozila; od po\u010detka godine oduzeta 82 vozila od \u010dega 48 vozila sa potjernica Interpola - dmcsrb.com","og_description":"Slu\u017ebenici Regionalnog centra grani\u010dne policije \u201cJug\u201d su u nastavku poja\u010danih kontrola na grani\u010dnim prelazima, usmjerenim na otkrivanje i suzbijanje svih oblika prekograni\u010dnog i transnacionalnog kriminala, oduzeli dva vozila koja potra\u017euje Francuska, saop\u0161teno je iz Uprave policije.","og_url":"https:\/\/dmcsrb.com\/en\/hronika\/na-granicnim-prelazima-oduzeta-dva-vozila-od-pocetka-godine-oduzeta-82-vozila-od-cega-48-vozila-sa-potjernica-interpola\/","og_site_name":"dmcsrb.com","article_published_time":"2025-08-18T06:31:59+00:00","og_image":[{"width":1041,"height":720,"url":"https:\/\/dmcsrb.com\/wp-content\/uploads\/2026\/01\/oduzeti-audi-foto-UP.webp","type":"image\/jpeg"}],"author":"dmcsrbija.com@gmail.com","twitter_card":"summary_large_image","twitter_misc":{"Written by":"dmcsrbija.com@gmail.com","Estimated reading time":"1 minute"},"schema":{"@context":"https:\/\/schema.org","@graph":[{"@type":"Article","@id":"https:\/\/dmcsrb.com\/hronika\/na-granicnim-prelazima-oduzeta-dva-vozila-od-pocetka-godine-oduzeta-82-vozila-od-cega-48-vozila-sa-potjernica-interpola\/#article","isPartOf":{"@id":"https:\/\/dmcsrb.com\/hronika\/na-granicnim-prelazima-oduzeta-dva-vozila-od-pocetka-godine-oduzeta-82-vozila-od-cega-48-vozila-sa-potjernica-interpola\/"},"author":{"name":"dmcsrbija.com@gmail.com","@id":"https:\/\/dmcsrb.com\/#\/schema\/person\/5c39170f12db1b8b457732d0b5c854e2"},"headline":"Na grani\u010dnim prelazima oduzeta dva vozila; od po\u010detka godine oduzeta 82 vozila od \u010dega 48 vozila sa potjernica Interpola","datePublished":"2025-08-18T06:31:59+00:00","mainEntityOfPage":{"@id":"https:\/\/dmcsrb.com\/hronika\/na-granicnim-prelazima-oduzeta-dva-vozila-od-pocetka-godine-oduzeta-82-vozila-od-cega-48-vozila-sa-potjernica-interpola\/"},"wordCount":224,"commentCount":0,"image":{"@id":"https:\/\/dmcsrb.com\/hronika\/na-granicnim-prelazima-oduzeta-dva-vozila-od-pocetka-godine-oduzeta-82-vozila-od-cega-48-vozila-sa-potjernica-interpola\/#primaryimage"},"thumbnailUrl":"https:\/\/dmcsrb.com\/wp-content\/uploads\/2026\/01\/oduzeti-audi-foto-UP.webp","keywords":["GP Debeli Brijeg","Luka Bar"],"articleSection":["Hronika"],"inLanguage":"en-GB","potentialAction":[{"@type":"CommentAction","name":"Comment","target":["https:\/\/dmcsrb.com\/hronika\/na-granicnim-prelazima-oduzeta-dva-vozila-od-pocetka-godine-oduzeta-82-vozila-od-cega-48-vozila-sa-potjernica-interpola\/#respond"]}]},{"@type":"WebPage","@id":"https:\/\/dmcsrb.com\/hronika\/na-granicnim-prelazima-oduzeta-dva-vozila-od-pocetka-godine-oduzeta-82-vozila-od-cega-48-vozila-sa-potjernica-interpola\/","url":"https:\/\/dmcsrb.com\/hronika\/na-granicnim-prelazima-oduzeta-dva-vozila-od-pocetka-godine-oduzeta-82-vozila-od-cega-48-vozila-sa-potjernica-interpola\/","name":"Na grani\u010dnim prelazima oduzeta dva vozila; od po\u010detka godine oduzeta 82 vozila od \u010dega 48 vozila sa potjernica Interpola - dmcsrb.com","isPartOf":{"@id":"https:\/\/dmcsrb.com\/#website"},"primaryImageOfPage":{"@id":"https:\/\/dmcsrb.com\/hronika\/na-granicnim-prelazima-oduzeta-dva-vozila-od-pocetka-godine-oduzeta-82-vozila-od-cega-48-vozila-sa-potjernica-interpola\/#primaryimage"},"image":{"@id":"https:\/\/dmcsrb.com\/hronika\/na-granicnim-prelazima-oduzeta-dva-vozila-od-pocetka-godine-oduzeta-82-vozila-od-cega-48-vozila-sa-potjernica-interpola\/#primaryimage"},"thumbnailUrl":"https:\/\/dmcsrb.com\/wp-content\/uploads\/2026\/01\/oduzeti-audi-foto-UP.webp","datePublished":"2025-08-18T06:31:59+00:00","author":{"@id":"https:\/\/dmcsrb.com\/#\/schema\/person\/5c39170f12db1b8b457732d0b5c854e2"},"breadcrumb":{"@id":"https:\/\/dmcsrb.com\/hronika\/na-granicnim-prelazima-oduzeta-dva-vozila-od-pocetka-godine-oduzeta-82-vozila-od-cega-48-vozila-sa-potjernica-interpola\/#breadcrumb"},"inLanguage":"en-GB","potentialAction":[{"@type":"ReadAction","target":["https:\/\/dmcsrb.com\/hronika\/na-granicnim-prelazima-oduzeta-dva-vozila-od-pocetka-godine-oduzeta-82-vozila-od-cega-48-vozila-sa-potjernica-interpola\/"]}]},{"@type":"ImageObject","inLanguage":"en-GB","@id":"https:\/\/dmcsrb.com\/hronika\/na-granicnim-prelazima-oduzeta-dva-vozila-od-pocetka-godine-oduzeta-82-vozila-od-cega-48-vozila-sa-potjernica-interpola\/#primaryimage","url":"https:\/\/dmcsrb.com\/wp-content\/uploads\/2026\/01\/oduzeti-audi-foto-UP.webp","contentUrl":"https:\/\/dmcsrb.com\/wp-content\/uploads\/2026\/01\/oduzeti-audi-foto-UP.webp","width":1041,"height":720},{"@type":"BreadcrumbList","@id":"https:\/\/dmcsrb.com\/hronika\/na-granicnim-prelazima-oduzeta-dva-vozila-od-pocetka-godine-oduzeta-82-vozila-od-cega-48-vozila-sa-potjernica-interpola\/#breadcrumb","itemListElement":[{"@type":"ListItem","position":1,"name":"Home","item":"https:\/\/dmcsrb.com\/"},{"@type":"ListItem","position":2,"name":"Na grani\u010dnim prelazima oduzeta dva vozila; od po\u010detka godine oduzeta 82 vozila od \u010dega 48 vozila sa potjernica Interpola"}]},{"@type":"WebSite","@id":"https:\/\/dmcsrb.com\/#website","url":"https:\/\/dmcsrb.com\/","name":"dmcsrb.com","description":"","potentialAction":[{"@type":"SearchAction","target":{"@type":"EntryPoint","urlTemplate":"https:\/\/dmcsrb.com\/?s={search_term_string}"},"query-input":{"@type":"PropertyValueSpecification","valueRequired":true,"valueName":"search_term_string"}}],"inLanguage":"en-GB"},{"@type":"Person","@id":"https:\/\/dmcsrb.com\/#\/schema\/person\/5c39170f12db1b8b457732d0b5c854e2","name":"dmcsrbija.com@gmail.com","image":{"@type":"ImageObject","inLanguage":"en-GB","@id":"https:\/\/dmcsrb.com\/#\/schema\/person\/image\/","url":"https:\/\/secure.gravatar.com\/avatar\/68592660ad6347fad0fb587f8d5d8f1a7b44961362f56e4f2cd524feb87e9069?s=96&d=mm&r=g","contentUrl":"https:\/\/secure.gravatar.com\/avatar\/68592660ad6347fad0fb587f8d5d8f1a7b44961362f56e4f2cd524feb87e9069?s=96&d=mm&r=g","caption":"dmcsrbija.com@gmail.com"},"sameAs":["https:\/\/dmcsrb.com"],"url":"https:\/\/dmcsrb.com\/en\/author\/dmcsrbija-comgmail-com\/"}]}},"_links":{"self":[{"href":"https:\/\/dmcsrb.com\/en\/wp-json\/wp\/v2\/posts\/946837","targetHints":{"allow":["GET"]}}],"collection":[{"href":"https:\/\/dmcsrb.com\/en\/wp-json\/wp\/v2\/posts"}],"about":[{"href":"https:\/\/dmcsrb.com\/en\/wp-json\/wp\/v2\/types\/post"}],"author":[{"embeddable":true,"href":"https:\/\/dmcsrb.com\/en\/wp-json\/wp\/v2\/users\/1"}],"replies":[{"embeddable":true,"href":"https:\/\/dmcsrb.com\/en\/wp-json\/wp\/v2\/comments?post=946837"}],"version-history":[{"count":0,"href":"https:\/\/dmcsrb.com\/en\/wp-json\/wp\/v2\/posts\/946837\/revisions"}],"wp:featuredmedia":[{"embeddable":true,"href":"https:\/\/dmcsrb.com\/en\/wp-json\/wp\/v2\/media\/946838"}],"wp:attachment":[{"href":"https:\/\/dmcsrb.com\/en\/wp-json\/wp\/v2\/media?parent=946837"}],"wp:term":[{"taxonomy":"category","embeddable":true,"href":"https:\/\/dmcsrb.com\/en\/wp-json\/wp\/v2\/categories?post=946837"},{"taxonomy":"post_tag","embeddable":true,"href":"https:\/\/dmcsrb.com\/en\/wp-json\/wp\/v2\/tags?post=946837"},{"taxonomy":"naslovna","embeddable":true,"href":"https:\/\/dmcsrb.com\/en\/wp-json\/wp\/v2\/naslovna?post=946837"}],"curies":[{"name":"wp","href":"https:\/\/api.w.org\/{rel}","templated":true}]}}