{"id":946791,"date":"2025-08-17T19:38:00","date_gmt":"2025-08-17T17:38:00","guid":{"rendered":"https:\/\/dmcsrb.com\/uncategorized\/pobjeda-nad-norveskom-za-kraj-kvalifikacija\/"},"modified":"2025-08-17T19:38:00","modified_gmt":"2025-08-17T17:38:00","slug":"pobjeda-nad-norveskom-za-kraj-kvalifikacija","status":"publish","type":"post","link":"https:\/\/dmcsrb.com\/en\/sport\/pobjeda-nad-norveskom-za-kraj-kvalifikacija\/","title":{"rendered":"Pobjeda nad Norve\u0161kom za kraj kvalifikacija"},"content":{"rendered":"<p>Mlada selekcija, u kojoj je samo Milutin Pavi\u0107evi\u0107 ro\u0111en prije 2000. godine, popravila je utisak protiv rivala koji je pro\u0161le godine iskusnijem sastavu Crne Gore nanio poraz 3:0.<\/p>\n\n\n\n<p>Nesiguran po\u010detak i vo\u0111stvo rivala \u2013 ve\u0107 nakon 5:1 za goste selektor&nbsp;<strong>Ivica Jevti\u0107<\/strong>&nbsp;zatra\u017eio je tajm-aut i stigla je reakcija. Prvi put na\u0161a ekipa imala je prednost pri rezultatu 12:11, ali ona nije dugo trajala. Dobrim rotacijama selektora i uporno\u0161\u0107u igra\u010da uslijedio je novi preokret, pa je Crna Gora imala prvu set-loptu pri 24:23. Ipak,&nbsp;<strong>Nemanja Peruni\u010di\u0107<\/strong>&nbsp;i saigra\u010di morali su da spasu tri set-lopte rivala, a potom sjajnim servisima&nbsp;<strong>Vuka\u0161ina Cimbaljevi\u0107a<\/strong>&nbsp;do\u0161li do prvog seta \u2013 30:28.<\/p>\n\n\n\n<p>Norve\u017eani su izgubljenim setom ostali bez nade da se plasiraju na Evropsko prvenstvo, a Jevti\u0107eva ekipa do\u010dekala je nastavak me\u010da sa psiholo\u0161kom predno\u0161\u0107u. Osvojila je uvodna \u010detiri poena, od \u010dega tri ponovo na servis Cimbaljevi\u0107a, uve\u0107avala prednost na +6, nakon fenomenalnog bloka Peruni\u010di\u0107a za 13:7, a u zavr\u0161nici seta sve je funkcionisalo kako treba. Izuzetnim napadima prima\u010da i korektora&nbsp;<strong>\u0110or\u0111a Jovovi\u0107a&nbsp;<\/strong>maksimalno vo\u0111stvo bilo je 19:10, a set je zaklju\u010den sa uvjerljivih 25:17.<\/p>\n\n\n\n<figure class=\"wp-block-image size-large\"><img decoding=\"async\" src=\"https:\/\/gradski.me\/wp-content\/uploads\/2025\/08\/Odbojkasi-OSCG-1-5-1024x683.jpg\" alt=\"\" class=\"wp-image-815416\"\/><figcaption class=\"wp-element-caption\">Foto: OSCG<\/figcaption><\/figure>\n\n\n\n<p>Rastere\u0107eni protivnik odigrao je najbolje u tre\u0107em dijelu me\u010da i ubjedljivo odgovorio \u2013 dobio je naredni set 25:16 uz agresivnu igru. Povratak Norve\u0161ke u me\u010d razdrmao je Jovovi\u0107a i saigra\u010de, pa su u \u010detvrtom setu na\u0161i poenteri, Cimbaljevi\u0107, Peruni\u010di\u0107 i Jovovi\u0107, ponovo poveli igru. Crna Gora je postepeno uve\u0107avala prednost i odbijala poku\u0161aje rivala da izbori taj-brejk. Posebno efikasno na\u0161i momci igrali su u fini\u0161u me\u010da \u2013 raznovrsni u napadu, \u010dvrsti u odbrani \u2013 a utakmicu su zaklju\u010dili sigurnim trijumfom, 25:18.<\/p>\n\n\n\n<p>Na prvom me\u010du za A reprezentaciju pred doma\u0107om publikom,&nbsp;<strong>Vuka\u0161in Cimbaljevi\u0107&nbsp;<\/strong>osvojio je \u010dak 23 poena. Na visokom nivou bio je i korektor&nbsp;<strong>\u0110or\u0111e Jovovi\u0107&nbsp;<\/strong>sa 20, dok je dvocifren bio i&nbsp;<strong>Nemanja Peruni\u010di\u0107&nbsp;<\/strong>sa 12 poena. Blokeri&nbsp;<strong>Nikola&nbsp;\u0110urovi\u0107&nbsp;<\/strong>i&nbsp;<strong>Matija \u0106in\u0107ur&nbsp;<\/strong>doprinijeli su pobjedi sa sedam, odnosno \u0161est poena. Kod Norve\u0161ke najbolji je bio korektor&nbsp;<strong>Kavli&nbsp;<\/strong>sa 17 poena.<\/p>\n\n\n\n<p>Iz na\u0161e grupe dalje je pro\u0161la samo \u010ce\u0161ka, kao osvaja\u010d sa svim pobjedama. Evropsko prvenstvo igra se od 9. do 27. septembra 2026. godine u Italiji, Finskoj, Bugarskoj i Rumuniji.<\/p>\n\n\n\n<h3 class=\"wp-block-heading\">CRNA GORA \u2013 NORVE\u0160KA 3:1 <strong>(30:28, 25:17; 16:25, 25:18)<\/strong><\/h3>\n\n\n\n<p><strong>Kolasin&nbsp;<\/strong>\u2013 SC \u201cKola\u0161in\u201d. Gledalaca: 350. Sudije:&nbsp;<strong>Bernard Valentar&nbsp;<\/strong>(Slovenija) i&nbsp;<strong>Dejan Rogi\u0107&nbsp;<\/strong>(Srbija).<\/p>\n\n\n\n<p><strong>Crna Gora: \u0106in\u0107ur 6, Peruni\u010di\u0107 12, Cimbaljevi\u0107 23, M. Joksimovi\u0107, A. Joksimovi\u0107 (libero), V. Milenkovi\u0107, R. Milenkovi\u0107 3, Le\u010di\u0107, Loji\u0107, Jovovi\u0107 20, Rov\u010danin (libero), \u0110urovi\u0107 7, Pavi\u0107evi\u0107 1, Stanojevi\u0107. Selektor: Ivica Jevti\u0107.<\/strong><\/p>\n\n\n\n<p><strong>Norve\u0161ka: S. Olsen, Espleland, Estvik 8, Loftesnes 7, Fasteland 8, Hetervik, Tele 3, Sunde 2, E. Olsen (libero), Kalstad 8, Bergum (libero), Kavli 17, Bjeland. Selektor: Luka\u0161 Mar\u010dinjak.<\/strong><\/p>","protected":false},"excerpt":{"rendered":"<p>Prva pobjeda crnogorskih odbojka\u0161a u kvalifikacijama za Evropsko prvenstvo 2026. godine stigla je u duelu sa Norve\u0161kom, 3:1 (30:28, 25:17, 16:25, 25:18), kojom je zaklju\u010den dvogodi\u0161nji ciklus.<\/p>","protected":false},"author":1,"featured_media":946792,"comment_status":"open","ping_status":"open","sticky":false,"template":"","format":"standard","meta":{"_acf_changed":false,"footnotes":""},"categories":[148],"tags":[17848,2151,17778],"naslovna":[],"class_list":["post-946791","post","type-post","status-publish","format-standard","has-post-thumbnail","hentry","category-sport","tag-kvalifikacije-za-eurovolej","tag-muska-odbojkaska-reprezentacija-crne-gore","tag-muska-odbojkaska-reprezentacija-norveske"],"acf":[],"yoast_head":"<!-- This site is optimized with the Yoast SEO plugin v27.0 - https:\/\/yoast.com\/product\/yoast-seo-wordpress\/ -->\n<title>Pobjeda nad Norve\u0161kom za kraj kvalifikacija - dmcsrb.com<\/title>\n<meta name=\"robots\" content=\"index, follow, max-snippet:-1, max-image-preview:large, max-video-preview:-1\" \/>\n<link rel=\"canonical\" href=\"https:\/\/dmcsrb.com\/en\/sport\/pobjeda-nad-norveskom-za-kraj-kvalifikacija\/\" \/>\n<meta property=\"og:locale\" content=\"en_GB\" \/>\n<meta property=\"og:type\" content=\"article\" \/>\n<meta property=\"og:title\" content=\"Pobjeda nad Norve\u0161kom za kraj kvalifikacija - dmcsrb.com\" \/>\n<meta property=\"og:description\" content=\"Prva pobjeda crnogorskih odbojka\u0161a u kvalifikacijama za Evropsko prvenstvo 2026. godine stigla je u duelu sa Norve\u0161kom, 3:1 (30:28, 25:17, 16:25, 25:18), kojom je zaklju\u010den dvogodi\u0161nji ciklus.\" \/>\n<meta property=\"og:url\" content=\"https:\/\/dmcsrb.com\/en\/sport\/pobjeda-nad-norveskom-za-kraj-kvalifikacija\/\" \/>\n<meta property=\"og:site_name\" content=\"dmcsrb.com\" \/>\n<meta property=\"article:published_time\" content=\"2025-08-17T17:38:00+00:00\" \/>\n<meta property=\"og:image\" content=\"https:\/\/dmcsrb.com\/wp-content\/uploads\/2026\/01\/Odbojkasi-OSCG-1-4.webp\" \/>\n\t<meta property=\"og:image:width\" content=\"2000\" \/>\n\t<meta property=\"og:image:height\" content=\"1333\" \/>\n\t<meta property=\"og:image:type\" content=\"image\/jpeg\" \/>\n<meta name=\"author\" content=\"dmcsrbija.com@gmail.com\" \/>\n<meta name=\"twitter:card\" content=\"summary_large_image\" \/>\n<meta name=\"twitter:label1\" content=\"Written by\" \/>\n\t<meta name=\"twitter:data1\" content=\"dmcsrbija.com@gmail.com\" \/>\n\t<meta name=\"twitter:label2\" content=\"Estimated reading time\" \/>\n\t<meta name=\"twitter:data2\" content=\"2 minutes\" \/>\n<script type=\"application\/ld+json\" class=\"yoast-schema-graph\">{\"@context\":\"https:\/\/schema.org\",\"@graph\":[{\"@type\":\"Article\",\"@id\":\"https:\/\/dmcsrb.com\/sport\/pobjeda-nad-norveskom-za-kraj-kvalifikacija\/#article\",\"isPartOf\":{\"@id\":\"https:\/\/dmcsrb.com\/sport\/pobjeda-nad-norveskom-za-kraj-kvalifikacija\/\"},\"author\":{\"name\":\"dmcsrbija.com@gmail.com\",\"@id\":\"https:\/\/dmcsrb.com\/#\/schema\/person\/5c39170f12db1b8b457732d0b5c854e2\"},\"headline\":\"Pobjeda nad Norve\u0161kom za kraj kvalifikacija\",\"datePublished\":\"2025-08-17T17:38:00+00:00\",\"mainEntityOfPage\":{\"@id\":\"https:\/\/dmcsrb.com\/sport\/pobjeda-nad-norveskom-za-kraj-kvalifikacija\/\"},\"wordCount\":488,\"commentCount\":0,\"image\":{\"@id\":\"https:\/\/dmcsrb.com\/sport\/pobjeda-nad-norveskom-za-kraj-kvalifikacija\/#primaryimage\"},\"thumbnailUrl\":\"https:\/\/dmcsrb.com\/wp-content\/uploads\/2026\/01\/Odbojkasi-OSCG-1-4.webp\",\"keywords\":[\"kvalifikacije za Eurovolej\",\"Mu\u0161ka odbojka\u0161ka reprezentacija Crne Gore\",\"Mu\u0161ka odbojka\u0161ka reprezentacija Norve\u0161ke\"],\"articleSection\":[\"Sport\"],\"inLanguage\":\"en-GB\",\"potentialAction\":[{\"@type\":\"CommentAction\",\"name\":\"Comment\",\"target\":[\"https:\/\/dmcsrb.com\/sport\/pobjeda-nad-norveskom-za-kraj-kvalifikacija\/#respond\"]}]},{\"@type\":\"WebPage\",\"@id\":\"https:\/\/dmcsrb.com\/sport\/pobjeda-nad-norveskom-za-kraj-kvalifikacija\/\",\"url\":\"https:\/\/dmcsrb.com\/sport\/pobjeda-nad-norveskom-za-kraj-kvalifikacija\/\",\"name\":\"Pobjeda nad Norve\u0161kom za kraj kvalifikacija - dmcsrb.com\",\"isPartOf\":{\"@id\":\"https:\/\/dmcsrb.com\/#website\"},\"primaryImageOfPage\":{\"@id\":\"https:\/\/dmcsrb.com\/sport\/pobjeda-nad-norveskom-za-kraj-kvalifikacija\/#primaryimage\"},\"image\":{\"@id\":\"https:\/\/dmcsrb.com\/sport\/pobjeda-nad-norveskom-za-kraj-kvalifikacija\/#primaryimage\"},\"thumbnailUrl\":\"https:\/\/dmcsrb.com\/wp-content\/uploads\/2026\/01\/Odbojkasi-OSCG-1-4.webp\",\"datePublished\":\"2025-08-17T17:38:00+00:00\",\"author\":{\"@id\":\"https:\/\/dmcsrb.com\/#\/schema\/person\/5c39170f12db1b8b457732d0b5c854e2\"},\"breadcrumb\":{\"@id\":\"https:\/\/dmcsrb.com\/sport\/pobjeda-nad-norveskom-za-kraj-kvalifikacija\/#breadcrumb\"},\"inLanguage\":\"en-GB\",\"potentialAction\":[{\"@type\":\"ReadAction\",\"target\":[\"https:\/\/dmcsrb.com\/sport\/pobjeda-nad-norveskom-za-kraj-kvalifikacija\/\"]}]},{\"@type\":\"ImageObject\",\"inLanguage\":\"en-GB\",\"@id\":\"https:\/\/dmcsrb.com\/sport\/pobjeda-nad-norveskom-za-kraj-kvalifikacija\/#primaryimage\",\"url\":\"https:\/\/dmcsrb.com\/wp-content\/uploads\/2026\/01\/Odbojkasi-OSCG-1-4.webp\",\"contentUrl\":\"https:\/\/dmcsrb.com\/wp-content\/uploads\/2026\/01\/Odbojkasi-OSCG-1-4.webp\",\"width\":2000,\"height\":1333},{\"@type\":\"BreadcrumbList\",\"@id\":\"https:\/\/dmcsrb.com\/sport\/pobjeda-nad-norveskom-za-kraj-kvalifikacija\/#breadcrumb\",\"itemListElement\":[{\"@type\":\"ListItem\",\"position\":1,\"name\":\"Home\",\"item\":\"https:\/\/dmcsrb.com\/\"},{\"@type\":\"ListItem\",\"position\":2,\"name\":\"Pobjeda nad Norve\u0161kom za kraj kvalifikacija\"}]},{\"@type\":\"WebSite\",\"@id\":\"https:\/\/dmcsrb.com\/#website\",\"url\":\"https:\/\/dmcsrb.com\/\",\"name\":\"dmcsrb.com\",\"description\":\"\",\"potentialAction\":[{\"@type\":\"SearchAction\",\"target\":{\"@type\":\"EntryPoint\",\"urlTemplate\":\"https:\/\/dmcsrb.com\/?s={search_term_string}\"},\"query-input\":{\"@type\":\"PropertyValueSpecification\",\"valueRequired\":true,\"valueName\":\"search_term_string\"}}],\"inLanguage\":\"en-GB\"},{\"@type\":\"Person\",\"@id\":\"https:\/\/dmcsrb.com\/#\/schema\/person\/5c39170f12db1b8b457732d0b5c854e2\",\"name\":\"dmcsrbija.com@gmail.com\",\"image\":{\"@type\":\"ImageObject\",\"inLanguage\":\"en-GB\",\"@id\":\"https:\/\/dmcsrb.com\/#\/schema\/person\/image\/\",\"url\":\"https:\/\/secure.gravatar.com\/avatar\/68592660ad6347fad0fb587f8d5d8f1a7b44961362f56e4f2cd524feb87e9069?s=96&d=mm&r=g\",\"contentUrl\":\"https:\/\/secure.gravatar.com\/avatar\/68592660ad6347fad0fb587f8d5d8f1a7b44961362f56e4f2cd524feb87e9069?s=96&d=mm&r=g\",\"caption\":\"dmcsrbija.com@gmail.com\"},\"sameAs\":[\"https:\/\/dmcsrb.com\"],\"url\":\"https:\/\/dmcsrb.com\/en\/author\/dmcsrbija-comgmail-com\/\"}]}<\/script>\n<!-- \/ Yoast SEO plugin. -->","yoast_head_json":{"title":"Pobjeda nad Norve\u0161kom za kraj kvalifikacija - dmcsrb.com","robots":{"index":"index","follow":"follow","max-snippet":"max-snippet:-1","max-image-preview":"max-image-preview:large","max-video-preview":"max-video-preview:-1"},"canonical":"https:\/\/dmcsrb.com\/en\/sport\/pobjeda-nad-norveskom-za-kraj-kvalifikacija\/","og_locale":"en_GB","og_type":"article","og_title":"Pobjeda nad Norve\u0161kom za kraj kvalifikacija - dmcsrb.com","og_description":"Prva pobjeda crnogorskih odbojka\u0161a u kvalifikacijama za Evropsko prvenstvo 2026. godine stigla je u duelu sa Norve\u0161kom, 3:1 (30:28, 25:17, 16:25, 25:18), kojom je zaklju\u010den dvogodi\u0161nji ciklus.","og_url":"https:\/\/dmcsrb.com\/en\/sport\/pobjeda-nad-norveskom-za-kraj-kvalifikacija\/","og_site_name":"dmcsrb.com","article_published_time":"2025-08-17T17:38:00+00:00","og_image":[{"width":2000,"height":1333,"url":"https:\/\/dmcsrb.com\/wp-content\/uploads\/2026\/01\/Odbojkasi-OSCG-1-4.webp","type":"image\/jpeg"}],"author":"dmcsrbija.com@gmail.com","twitter_card":"summary_large_image","twitter_misc":{"Written by":"dmcsrbija.com@gmail.com","Estimated reading time":"2 minutes"},"schema":{"@context":"https:\/\/schema.org","@graph":[{"@type":"Article","@id":"https:\/\/dmcsrb.com\/sport\/pobjeda-nad-norveskom-za-kraj-kvalifikacija\/#article","isPartOf":{"@id":"https:\/\/dmcsrb.com\/sport\/pobjeda-nad-norveskom-za-kraj-kvalifikacija\/"},"author":{"name":"dmcsrbija.com@gmail.com","@id":"https:\/\/dmcsrb.com\/#\/schema\/person\/5c39170f12db1b8b457732d0b5c854e2"},"headline":"Pobjeda nad Norve\u0161kom za kraj kvalifikacija","datePublished":"2025-08-17T17:38:00+00:00","mainEntityOfPage":{"@id":"https:\/\/dmcsrb.com\/sport\/pobjeda-nad-norveskom-za-kraj-kvalifikacija\/"},"wordCount":488,"commentCount":0,"image":{"@id":"https:\/\/dmcsrb.com\/sport\/pobjeda-nad-norveskom-za-kraj-kvalifikacija\/#primaryimage"},"thumbnailUrl":"https:\/\/dmcsrb.com\/wp-content\/uploads\/2026\/01\/Odbojkasi-OSCG-1-4.webp","keywords":["kvalifikacije za Eurovolej","Mu\u0161ka odbojka\u0161ka reprezentacija Crne Gore","Mu\u0161ka odbojka\u0161ka reprezentacija Norve\u0161ke"],"articleSection":["Sport"],"inLanguage":"en-GB","potentialAction":[{"@type":"CommentAction","name":"Comment","target":["https:\/\/dmcsrb.com\/sport\/pobjeda-nad-norveskom-za-kraj-kvalifikacija\/#respond"]}]},{"@type":"WebPage","@id":"https:\/\/dmcsrb.com\/sport\/pobjeda-nad-norveskom-za-kraj-kvalifikacija\/","url":"https:\/\/dmcsrb.com\/sport\/pobjeda-nad-norveskom-za-kraj-kvalifikacija\/","name":"Pobjeda nad Norve\u0161kom za kraj kvalifikacija - dmcsrb.com","isPartOf":{"@id":"https:\/\/dmcsrb.com\/#website"},"primaryImageOfPage":{"@id":"https:\/\/dmcsrb.com\/sport\/pobjeda-nad-norveskom-za-kraj-kvalifikacija\/#primaryimage"},"image":{"@id":"https:\/\/dmcsrb.com\/sport\/pobjeda-nad-norveskom-za-kraj-kvalifikacija\/#primaryimage"},"thumbnailUrl":"https:\/\/dmcsrb.com\/wp-content\/uploads\/2026\/01\/Odbojkasi-OSCG-1-4.webp","datePublished":"2025-08-17T17:38:00+00:00","author":{"@id":"https:\/\/dmcsrb.com\/#\/schema\/person\/5c39170f12db1b8b457732d0b5c854e2"},"breadcrumb":{"@id":"https:\/\/dmcsrb.com\/sport\/pobjeda-nad-norveskom-za-kraj-kvalifikacija\/#breadcrumb"},"inLanguage":"en-GB","potentialAction":[{"@type":"ReadAction","target":["https:\/\/dmcsrb.com\/sport\/pobjeda-nad-norveskom-za-kraj-kvalifikacija\/"]}]},{"@type":"ImageObject","inLanguage":"en-GB","@id":"https:\/\/dmcsrb.com\/sport\/pobjeda-nad-norveskom-za-kraj-kvalifikacija\/#primaryimage","url":"https:\/\/dmcsrb.com\/wp-content\/uploads\/2026\/01\/Odbojkasi-OSCG-1-4.webp","contentUrl":"https:\/\/dmcsrb.com\/wp-content\/uploads\/2026\/01\/Odbojkasi-OSCG-1-4.webp","width":2000,"height":1333},{"@type":"BreadcrumbList","@id":"https:\/\/dmcsrb.com\/sport\/pobjeda-nad-norveskom-za-kraj-kvalifikacija\/#breadcrumb","itemListElement":[{"@type":"ListItem","position":1,"name":"Home","item":"https:\/\/dmcsrb.com\/"},{"@type":"ListItem","position":2,"name":"Pobjeda nad Norve\u0161kom za kraj kvalifikacija"}]},{"@type":"WebSite","@id":"https:\/\/dmcsrb.com\/#website","url":"https:\/\/dmcsrb.com\/","name":"dmcsrb.com","description":"","potentialAction":[{"@type":"SearchAction","target":{"@type":"EntryPoint","urlTemplate":"https:\/\/dmcsrb.com\/?s={search_term_string}"},"query-input":{"@type":"PropertyValueSpecification","valueRequired":true,"valueName":"search_term_string"}}],"inLanguage":"en-GB"},{"@type":"Person","@id":"https:\/\/dmcsrb.com\/#\/schema\/person\/5c39170f12db1b8b457732d0b5c854e2","name":"dmcsrbija.com@gmail.com","image":{"@type":"ImageObject","inLanguage":"en-GB","@id":"https:\/\/dmcsrb.com\/#\/schema\/person\/image\/","url":"https:\/\/secure.gravatar.com\/avatar\/68592660ad6347fad0fb587f8d5d8f1a7b44961362f56e4f2cd524feb87e9069?s=96&d=mm&r=g","contentUrl":"https:\/\/secure.gravatar.com\/avatar\/68592660ad6347fad0fb587f8d5d8f1a7b44961362f56e4f2cd524feb87e9069?s=96&d=mm&r=g","caption":"dmcsrbija.com@gmail.com"},"sameAs":["https:\/\/dmcsrb.com"],"url":"https:\/\/dmcsrb.com\/en\/author\/dmcsrbija-comgmail-com\/"}]}},"_links":{"self":[{"href":"https:\/\/dmcsrb.com\/en\/wp-json\/wp\/v2\/posts\/946791","targetHints":{"allow":["GET"]}}],"collection":[{"href":"https:\/\/dmcsrb.com\/en\/wp-json\/wp\/v2\/posts"}],"about":[{"href":"https:\/\/dmcsrb.com\/en\/wp-json\/wp\/v2\/types\/post"}],"author":[{"embeddable":true,"href":"https:\/\/dmcsrb.com\/en\/wp-json\/wp\/v2\/users\/1"}],"replies":[{"embeddable":true,"href":"https:\/\/dmcsrb.com\/en\/wp-json\/wp\/v2\/comments?post=946791"}],"version-history":[{"count":0,"href":"https:\/\/dmcsrb.com\/en\/wp-json\/wp\/v2\/posts\/946791\/revisions"}],"wp:featuredmedia":[{"embeddable":true,"href":"https:\/\/dmcsrb.com\/en\/wp-json\/wp\/v2\/media\/946792"}],"wp:attachment":[{"href":"https:\/\/dmcsrb.com\/en\/wp-json\/wp\/v2\/media?parent=946791"}],"wp:term":[{"taxonomy":"category","embeddable":true,"href":"https:\/\/dmcsrb.com\/en\/wp-json\/wp\/v2\/categories?post=946791"},{"taxonomy":"post_tag","embeddable":true,"href":"https:\/\/dmcsrb.com\/en\/wp-json\/wp\/v2\/tags?post=946791"},{"taxonomy":"naslovna","embeddable":true,"href":"https:\/\/dmcsrb.com\/en\/wp-json\/wp\/v2\/naslovna?post=946791"}],"curies":[{"name":"wp","href":"https:\/\/api.w.org\/{rel}","templated":true}]}}