{"id":946788,"date":"2025-08-17T19:56:00","date_gmt":"2025-08-17T17:56:00","guid":{"rendered":"https:\/\/dmcsrb.com\/uncategorized\/eu-najavljuje-novi-19-paket-sankcija-rusiji-pocetkom-septembra\/"},"modified":"2025-08-17T19:56:00","modified_gmt":"2025-08-17T17:56:00","slug":"eu-najavljuje-novi-19-paket-sankcija-rusiji-pocetkom-septembra","status":"publish","type":"post","link":"https:\/\/dmcsrb.com\/en\/svijet\/eu-najavljuje-novi-19-paket-sankcija-rusiji-pocetkom-septembra\/","title":{"rendered":"EU najavljuje novi 19. paket sankcija Rusiji po\u010detkom septembra"},"content":{"rendered":"<p><br><\/p>\n\n\n\n<p>Do sada smo usvojili 18 paketa sankcija i trenutno radimo na pripremi 19. paketa, koji \u0107e biti predstavljen po\u010detkom septembra. Dokle god se krvoproli\u0107e u Ukrajini nastavlja, Evropa \u0107e zadr\u017eati diplomatski, a naro\u010dito ekonomski pritisak na Rusiju &#8211; izjavila je Fon der Lajen na zajedni\u010dkoj konferenciji za novinare sa predsednikom Ukrajine Volodimirom Zelenskim u Briselu.<\/p>\n\n\n\n<p>Ona je, kako pi\u0161e portal Politiko, naglasila da su dosada\u0161nje mjere imale efekta na ratne kapacitete predsjednika Rusije Vladimira Putina, dodav\u0161i da su zamrznuta ruska sredstva ve\u0107 preusmjerena u podr\u0161ku Ukrajini.<\/p>\n\n\n\n<ul class=\"wp-block-list\"><\/ul>","protected":false},"excerpt":{"rendered":"<p>Predsjednica Evropske komisije Ursula fon der Lajen saop\u0161tila je danas da \u0107e 19. paket sankcija Evropske unije protiv Rusije biti predstavljen po\u010detkom septembra.<\/p>","protected":false},"author":1,"featured_media":946789,"comment_status":"open","ping_status":"open","sticky":false,"template":"","format":"standard","meta":{"_acf_changed":false,"footnotes":""},"categories":[144],"tags":[12311,5372],"naslovna":[],"class_list":["post-946788","post","type-post","status-publish","format-standard","has-post-thumbnail","hentry","category-svijet","tag-novi-paket-sankcija","tag-ursula-fon-der-lajen"],"acf":[],"yoast_head":"<!-- This site is optimized with the Yoast SEO plugin v27.4 - https:\/\/yoast.com\/product\/yoast-seo-wordpress\/ -->\n<title>EU najavljuje novi 19. paket sankcija Rusiji po\u010detkom septembra - dmcsrb.com<\/title>\n<meta name=\"robots\" content=\"index, follow, max-snippet:-1, max-image-preview:large, max-video-preview:-1\" \/>\n<link rel=\"canonical\" href=\"https:\/\/dmcsrb.com\/en\/svijet\/eu-najavljuje-novi-19-paket-sankcija-rusiji-pocetkom-septembra\/\" \/>\n<meta property=\"og:locale\" content=\"en_GB\" \/>\n<meta property=\"og:type\" content=\"article\" \/>\n<meta property=\"og:title\" content=\"EU najavljuje novi 19. paket sankcija Rusiji po\u010detkom septembra - dmcsrb.com\" \/>\n<meta property=\"og:description\" content=\"Predsjednica Evropske komisije Ursula fon der Lajen saop\u0161tila je danas da \u0107e 19. paket sankcija Evropske unije protiv Rusije biti predstavljen po\u010detkom septembra.\" \/>\n<meta property=\"og:url\" content=\"https:\/\/dmcsrb.com\/en\/svijet\/eu-najavljuje-novi-19-paket-sankcija-rusiji-pocetkom-septembra\/\" \/>\n<meta property=\"og:site_name\" content=\"dmcsrb.com\" \/>\n<meta property=\"article:published_time\" content=\"2025-08-17T17:56:00+00:00\" \/>\n<meta property=\"og:image\" content=\"https:\/\/dmcsrb.com\/wp-content\/uploads\/2026\/01\/ursula-von-der-leyen.webp\" \/>\n\t<meta property=\"og:image:width\" content=\"600\" \/>\n\t<meta property=\"og:image:height\" content=\"400\" \/>\n\t<meta property=\"og:image:type\" content=\"image\/jpeg\" \/>\n<meta name=\"author\" content=\"dmcsrbija.com@gmail.com\" \/>\n<meta name=\"twitter:card\" content=\"summary_large_image\" \/>\n<meta name=\"twitter:label1\" content=\"Written by\" \/>\n\t<meta name=\"twitter:data1\" content=\"dmcsrbija.com@gmail.com\" \/>\n<script type=\"application\/ld+json\" class=\"yoast-schema-graph\">{\"@context\":\"https:\\\/\\\/schema.org\",\"@graph\":[{\"@type\":\"Article\",\"@id\":\"https:\\\/\\\/dmcsrb.com\\\/svijet\\\/eu-najavljuje-novi-19-paket-sankcija-rusiji-pocetkom-septembra\\\/#article\",\"isPartOf\":{\"@id\":\"https:\\\/\\\/dmcsrb.com\\\/svijet\\\/eu-najavljuje-novi-19-paket-sankcija-rusiji-pocetkom-septembra\\\/\"},\"author\":{\"name\":\"dmcsrbija.com@gmail.com\",\"@id\":\"https:\\\/\\\/dmcsrb.com\\\/#\\\/schema\\\/person\\\/5c39170f12db1b8b457732d0b5c854e2\"},\"headline\":\"EU najavljuje novi 19. paket sankcija Rusiji po\u010detkom septembra\",\"datePublished\":\"2025-08-17T17:56:00+00:00\",\"mainEntityOfPage\":{\"@id\":\"https:\\\/\\\/dmcsrb.com\\\/svijet\\\/eu-najavljuje-novi-19-paket-sankcija-rusiji-pocetkom-septembra\\\/\"},\"wordCount\":102,\"commentCount\":0,\"image\":{\"@id\":\"https:\\\/\\\/dmcsrb.com\\\/svijet\\\/eu-najavljuje-novi-19-paket-sankcija-rusiji-pocetkom-septembra\\\/#primaryimage\"},\"thumbnailUrl\":\"https:\\\/\\\/dmcsrb.com\\\/wp-content\\\/uploads\\\/2026\\\/01\\\/ursula-von-der-leyen.webp\",\"keywords\":[\"Novi paket sankcija\",\"Ursula fon der Lajen\"],\"articleSection\":[\"Svijet\"],\"inLanguage\":\"en-GB\",\"potentialAction\":[{\"@type\":\"CommentAction\",\"name\":\"Comment\",\"target\":[\"https:\\\/\\\/dmcsrb.com\\\/svijet\\\/eu-najavljuje-novi-19-paket-sankcija-rusiji-pocetkom-septembra\\\/#respond\"]}]},{\"@type\":\"WebPage\",\"@id\":\"https:\\\/\\\/dmcsrb.com\\\/svijet\\\/eu-najavljuje-novi-19-paket-sankcija-rusiji-pocetkom-septembra\\\/\",\"url\":\"https:\\\/\\\/dmcsrb.com\\\/svijet\\\/eu-najavljuje-novi-19-paket-sankcija-rusiji-pocetkom-septembra\\\/\",\"name\":\"EU najavljuje novi 19. paket sankcija Rusiji po\u010detkom septembra - dmcsrb.com\",\"isPartOf\":{\"@id\":\"https:\\\/\\\/dmcsrb.com\\\/#website\"},\"primaryImageOfPage\":{\"@id\":\"https:\\\/\\\/dmcsrb.com\\\/svijet\\\/eu-najavljuje-novi-19-paket-sankcija-rusiji-pocetkom-septembra\\\/#primaryimage\"},\"image\":{\"@id\":\"https:\\\/\\\/dmcsrb.com\\\/svijet\\\/eu-najavljuje-novi-19-paket-sankcija-rusiji-pocetkom-septembra\\\/#primaryimage\"},\"thumbnailUrl\":\"https:\\\/\\\/dmcsrb.com\\\/wp-content\\\/uploads\\\/2026\\\/01\\\/ursula-von-der-leyen.webp\",\"datePublished\":\"2025-08-17T17:56:00+00:00\",\"author\":{\"@id\":\"https:\\\/\\\/dmcsrb.com\\\/#\\\/schema\\\/person\\\/5c39170f12db1b8b457732d0b5c854e2\"},\"breadcrumb\":{\"@id\":\"https:\\\/\\\/dmcsrb.com\\\/svijet\\\/eu-najavljuje-novi-19-paket-sankcija-rusiji-pocetkom-septembra\\\/#breadcrumb\"},\"inLanguage\":\"en-GB\",\"potentialAction\":[{\"@type\":\"ReadAction\",\"target\":[\"https:\\\/\\\/dmcsrb.com\\\/svijet\\\/eu-najavljuje-novi-19-paket-sankcija-rusiji-pocetkom-septembra\\\/\"]}]},{\"@type\":\"ImageObject\",\"inLanguage\":\"en-GB\",\"@id\":\"https:\\\/\\\/dmcsrb.com\\\/svijet\\\/eu-najavljuje-novi-19-paket-sankcija-rusiji-pocetkom-septembra\\\/#primaryimage\",\"url\":\"https:\\\/\\\/dmcsrb.com\\\/wp-content\\\/uploads\\\/2026\\\/01\\\/ursula-von-der-leyen.webp\",\"contentUrl\":\"https:\\\/\\\/dmcsrb.com\\\/wp-content\\\/uploads\\\/2026\\\/01\\\/ursula-von-der-leyen.webp\",\"width\":600,\"height\":400},{\"@type\":\"BreadcrumbList\",\"@id\":\"https:\\\/\\\/dmcsrb.com\\\/svijet\\\/eu-najavljuje-novi-19-paket-sankcija-rusiji-pocetkom-septembra\\\/#breadcrumb\",\"itemListElement\":[{\"@type\":\"ListItem\",\"position\":1,\"name\":\"Home\",\"item\":\"https:\\\/\\\/dmcsrb.com\\\/\"},{\"@type\":\"ListItem\",\"position\":2,\"name\":\"EU najavljuje novi 19. paket sankcija Rusiji po\u010detkom septembra\"}]},{\"@type\":\"WebSite\",\"@id\":\"https:\\\/\\\/dmcsrb.com\\\/#website\",\"url\":\"https:\\\/\\\/dmcsrb.com\\\/\",\"name\":\"dmcsrb.com\",\"description\":\"\",\"potentialAction\":[{\"@type\":\"SearchAction\",\"target\":{\"@type\":\"EntryPoint\",\"urlTemplate\":\"https:\\\/\\\/dmcsrb.com\\\/?s={search_term_string}\"},\"query-input\":{\"@type\":\"PropertyValueSpecification\",\"valueRequired\":true,\"valueName\":\"search_term_string\"}}],\"inLanguage\":\"en-GB\"},{\"@type\":\"Person\",\"@id\":\"https:\\\/\\\/dmcsrb.com\\\/#\\\/schema\\\/person\\\/5c39170f12db1b8b457732d0b5c854e2\",\"name\":\"dmcsrbija.com@gmail.com\",\"image\":{\"@type\":\"ImageObject\",\"inLanguage\":\"en-GB\",\"@id\":\"https:\\\/\\\/secure.gravatar.com\\\/avatar\\\/68592660ad6347fad0fb587f8d5d8f1a7b44961362f56e4f2cd524feb87e9069?s=96&d=mm&r=g\",\"url\":\"https:\\\/\\\/secure.gravatar.com\\\/avatar\\\/68592660ad6347fad0fb587f8d5d8f1a7b44961362f56e4f2cd524feb87e9069?s=96&d=mm&r=g\",\"contentUrl\":\"https:\\\/\\\/secure.gravatar.com\\\/avatar\\\/68592660ad6347fad0fb587f8d5d8f1a7b44961362f56e4f2cd524feb87e9069?s=96&d=mm&r=g\",\"caption\":\"dmcsrbija.com@gmail.com\"},\"sameAs\":[\"https:\\\/\\\/dmcsrb.com\"],\"url\":\"https:\\\/\\\/dmcsrb.com\\\/en\\\/author\\\/dmcsrbija-comgmail-com\\\/\"}]}<\/script>\n<!-- \/ Yoast SEO plugin. -->","yoast_head_json":{"title":"EU najavljuje novi 19. paket sankcija Rusiji po\u010detkom septembra - dmcsrb.com","robots":{"index":"index","follow":"follow","max-snippet":"max-snippet:-1","max-image-preview":"max-image-preview:large","max-video-preview":"max-video-preview:-1"},"canonical":"https:\/\/dmcsrb.com\/en\/svijet\/eu-najavljuje-novi-19-paket-sankcija-rusiji-pocetkom-septembra\/","og_locale":"en_GB","og_type":"article","og_title":"EU najavljuje novi 19. paket sankcija Rusiji po\u010detkom septembra - dmcsrb.com","og_description":"Predsjednica Evropske komisije Ursula fon der Lajen saop\u0161tila je danas da \u0107e 19. paket sankcija Evropske unije protiv Rusije biti predstavljen po\u010detkom septembra.","og_url":"https:\/\/dmcsrb.com\/en\/svijet\/eu-najavljuje-novi-19-paket-sankcija-rusiji-pocetkom-septembra\/","og_site_name":"dmcsrb.com","article_published_time":"2025-08-17T17:56:00+00:00","og_image":[{"width":600,"height":400,"url":"https:\/\/dmcsrb.com\/wp-content\/uploads\/2026\/01\/ursula-von-der-leyen.webp","type":"image\/jpeg"}],"author":"dmcsrbija.com@gmail.com","twitter_card":"summary_large_image","twitter_misc":{"Written by":"dmcsrbija.com@gmail.com"},"schema":{"@context":"https:\/\/schema.org","@graph":[{"@type":"Article","@id":"https:\/\/dmcsrb.com\/svijet\/eu-najavljuje-novi-19-paket-sankcija-rusiji-pocetkom-septembra\/#article","isPartOf":{"@id":"https:\/\/dmcsrb.com\/svijet\/eu-najavljuje-novi-19-paket-sankcija-rusiji-pocetkom-septembra\/"},"author":{"name":"dmcsrbija.com@gmail.com","@id":"https:\/\/dmcsrb.com\/#\/schema\/person\/5c39170f12db1b8b457732d0b5c854e2"},"headline":"EU najavljuje novi 19. paket sankcija Rusiji po\u010detkom septembra","datePublished":"2025-08-17T17:56:00+00:00","mainEntityOfPage":{"@id":"https:\/\/dmcsrb.com\/svijet\/eu-najavljuje-novi-19-paket-sankcija-rusiji-pocetkom-septembra\/"},"wordCount":102,"commentCount":0,"image":{"@id":"https:\/\/dmcsrb.com\/svijet\/eu-najavljuje-novi-19-paket-sankcija-rusiji-pocetkom-septembra\/#primaryimage"},"thumbnailUrl":"https:\/\/dmcsrb.com\/wp-content\/uploads\/2026\/01\/ursula-von-der-leyen.webp","keywords":["Novi paket sankcija","Ursula fon der Lajen"],"articleSection":["Svijet"],"inLanguage":"en-GB","potentialAction":[{"@type":"CommentAction","name":"Comment","target":["https:\/\/dmcsrb.com\/svijet\/eu-najavljuje-novi-19-paket-sankcija-rusiji-pocetkom-septembra\/#respond"]}]},{"@type":"WebPage","@id":"https:\/\/dmcsrb.com\/svijet\/eu-najavljuje-novi-19-paket-sankcija-rusiji-pocetkom-septembra\/","url":"https:\/\/dmcsrb.com\/svijet\/eu-najavljuje-novi-19-paket-sankcija-rusiji-pocetkom-septembra\/","name":"EU najavljuje novi 19. paket sankcija Rusiji po\u010detkom septembra - dmcsrb.com","isPartOf":{"@id":"https:\/\/dmcsrb.com\/#website"},"primaryImageOfPage":{"@id":"https:\/\/dmcsrb.com\/svijet\/eu-najavljuje-novi-19-paket-sankcija-rusiji-pocetkom-septembra\/#primaryimage"},"image":{"@id":"https:\/\/dmcsrb.com\/svijet\/eu-najavljuje-novi-19-paket-sankcija-rusiji-pocetkom-septembra\/#primaryimage"},"thumbnailUrl":"https:\/\/dmcsrb.com\/wp-content\/uploads\/2026\/01\/ursula-von-der-leyen.webp","datePublished":"2025-08-17T17:56:00+00:00","author":{"@id":"https:\/\/dmcsrb.com\/#\/schema\/person\/5c39170f12db1b8b457732d0b5c854e2"},"breadcrumb":{"@id":"https:\/\/dmcsrb.com\/svijet\/eu-najavljuje-novi-19-paket-sankcija-rusiji-pocetkom-septembra\/#breadcrumb"},"inLanguage":"en-GB","potentialAction":[{"@type":"ReadAction","target":["https:\/\/dmcsrb.com\/svijet\/eu-najavljuje-novi-19-paket-sankcija-rusiji-pocetkom-septembra\/"]}]},{"@type":"ImageObject","inLanguage":"en-GB","@id":"https:\/\/dmcsrb.com\/svijet\/eu-najavljuje-novi-19-paket-sankcija-rusiji-pocetkom-septembra\/#primaryimage","url":"https:\/\/dmcsrb.com\/wp-content\/uploads\/2026\/01\/ursula-von-der-leyen.webp","contentUrl":"https:\/\/dmcsrb.com\/wp-content\/uploads\/2026\/01\/ursula-von-der-leyen.webp","width":600,"height":400},{"@type":"BreadcrumbList","@id":"https:\/\/dmcsrb.com\/svijet\/eu-najavljuje-novi-19-paket-sankcija-rusiji-pocetkom-septembra\/#breadcrumb","itemListElement":[{"@type":"ListItem","position":1,"name":"Home","item":"https:\/\/dmcsrb.com\/"},{"@type":"ListItem","position":2,"name":"EU najavljuje novi 19. paket sankcija Rusiji po\u010detkom septembra"}]},{"@type":"WebSite","@id":"https:\/\/dmcsrb.com\/#website","url":"https:\/\/dmcsrb.com\/","name":"dmcsrb.com","description":"","potentialAction":[{"@type":"SearchAction","target":{"@type":"EntryPoint","urlTemplate":"https:\/\/dmcsrb.com\/?s={search_term_string}"},"query-input":{"@type":"PropertyValueSpecification","valueRequired":true,"valueName":"search_term_string"}}],"inLanguage":"en-GB"},{"@type":"Person","@id":"https:\/\/dmcsrb.com\/#\/schema\/person\/5c39170f12db1b8b457732d0b5c854e2","name":"dmcsrbija.com@gmail.com","image":{"@type":"ImageObject","inLanguage":"en-GB","@id":"https:\/\/secure.gravatar.com\/avatar\/68592660ad6347fad0fb587f8d5d8f1a7b44961362f56e4f2cd524feb87e9069?s=96&d=mm&r=g","url":"https:\/\/secure.gravatar.com\/avatar\/68592660ad6347fad0fb587f8d5d8f1a7b44961362f56e4f2cd524feb87e9069?s=96&d=mm&r=g","contentUrl":"https:\/\/secure.gravatar.com\/avatar\/68592660ad6347fad0fb587f8d5d8f1a7b44961362f56e4f2cd524feb87e9069?s=96&d=mm&r=g","caption":"dmcsrbija.com@gmail.com"},"sameAs":["https:\/\/dmcsrb.com"],"url":"https:\/\/dmcsrb.com\/en\/author\/dmcsrbija-comgmail-com\/"}]}},"_links":{"self":[{"href":"https:\/\/dmcsrb.com\/en\/wp-json\/wp\/v2\/posts\/946788","targetHints":{"allow":["GET"]}}],"collection":[{"href":"https:\/\/dmcsrb.com\/en\/wp-json\/wp\/v2\/posts"}],"about":[{"href":"https:\/\/dmcsrb.com\/en\/wp-json\/wp\/v2\/types\/post"}],"author":[{"embeddable":true,"href":"https:\/\/dmcsrb.com\/en\/wp-json\/wp\/v2\/users\/1"}],"replies":[{"embeddable":true,"href":"https:\/\/dmcsrb.com\/en\/wp-json\/wp\/v2\/comments?post=946788"}],"version-history":[{"count":0,"href":"https:\/\/dmcsrb.com\/en\/wp-json\/wp\/v2\/posts\/946788\/revisions"}],"wp:featuredmedia":[{"embeddable":true,"href":"https:\/\/dmcsrb.com\/en\/wp-json\/wp\/v2\/media\/946789"}],"wp:attachment":[{"href":"https:\/\/dmcsrb.com\/en\/wp-json\/wp\/v2\/media?parent=946788"}],"wp:term":[{"taxonomy":"category","embeddable":true,"href":"https:\/\/dmcsrb.com\/en\/wp-json\/wp\/v2\/categories?post=946788"},{"taxonomy":"post_tag","embeddable":true,"href":"https:\/\/dmcsrb.com\/en\/wp-json\/wp\/v2\/tags?post=946788"},{"taxonomy":"naslovna","embeddable":true,"href":"https:\/\/dmcsrb.com\/en\/wp-json\/wp\/v2\/naslovna?post=946788"}],"curies":[{"name":"wp","href":"https:\/\/api.w.org\/{rel}","templated":true}]}}