{"id":946732,"date":"2025-08-17T14:16:00","date_gmt":"2025-08-17T12:16:00","guid":{"rendered":"https:\/\/dmcsrb.com\/uncategorized\/nikac-brani-srebro-na-sp\/"},"modified":"2025-08-17T14:16:00","modified_gmt":"2025-08-17T12:16:00","slug":"nikac-brani-srebro-na-sp","status":"publish","type":"post","link":"https:\/\/dmcsrb.com\/en\/sport\/nikac-brani-srebro-na-sp\/","title":{"rendered":"Nika\u010d brani srebro na SP"},"content":{"rendered":"<p>Nika\u010d \u0107e braniti srebro sa \u0161ampionata na Rodosu, postavljen je za petog nosioca, a za medalju bori\u0107e se u konkurenciji 65 \u0161ahista.&nbsp;Prijavljen je i za nastup u brzopoteznom \u0161ahu, gdje je u konkrenciji 56 \u0161ahista \u010detvrti nosilac.<\/p>\n\n\n\n<p>Turnir \u0107e biti odigran po \u0161vajcarskom sistemu, devet kola i 40 poteza za dva sata po igra\u010du, plus po sat do kraja partije.&nbsp;<\/p>\n\n\n\n<p>Nika\u010d u karijeri, osim medalje sa Rodosa, ima jo\u0161 \u010detiri velika odli\u010dja. Crnogorski predstavnik bio je \u0161ampion svijeta u Kaljariju 2019, kao i zlatni na prvoj tabli na Olimpijadi slijepih i slabovidih 2017. i prvoj tabli prve Paraolimpijade po\u010detkom februara 2023. godine u Beogradu.&nbsp;<\/p>\n\n\n\n<p>Ima i bronzu sa pro\u0161logodi\u0161njeg IBSA Svjetskog pojedina\u010dnog prvenstva u \u0161ahu za osobe bez i sa smetnjama vida u Petrovcu.<\/p>\n\n\n\n<p>Najozbiljniji konkurenti za novo odli\u010dje bi\u0107e mu poljski velemajstor&nbsp;<strong>Mar\u010din Tazbir<\/strong>, \u0160panac&nbsp;<strong>Danijel Eduardo Pulvet<\/strong>, Njemac&nbsp;<strong>Dominik Miler<\/strong>&nbsp;i \u0160ve\u0111anin&nbsp;<strong>Jorgen Magnusen<\/strong>.<\/p>\n\n\n\n<p>Nika\u010d je prvi \u0161ampion nezavisne Crne Gore, koji je \u010detiri puta bio dr\u017eavni prvak u redovnom programu.&nbsp;<\/p>\n\n\n\n<p>\u201cPoslije dvije velike medalje, u Kaljariju i na Rodosu, sa velikim ambicijama idem i na \u0161ampionat u Poljskoj. Nadam se da \u0107u biti plasiran me\u0111u pet najboljih igra\u010da. Prvi favoriti su zvani\u010dni \u0161ampion, Poljak Tazbir i \u0160panac Pulvet. Smatram da sam konkurentan. Prvi put ove godine, uz prvenstvo u klasi\u010dnom \u0161ahu, igra se i rapid, pa i tu imam odre\u0111ene ambicije. Nadam se da \u0107u i ovog puta dostojno predstaviti Crnu Goru, Paraolimpijski komitet i \u0160ahovski savez\u201d, rekao je Nika\u010d, kojeg \u0107e na Rodosu pratiti FIDE majstor\u00a0Nenad Aleksi\u0107.\u00a0<\/p>\n\n\n\n<p>Partije prvog kola na programu su sjutra. U okviru \u0161ampionata, 23. avgusta, bi\u0107e odr\u017ean i redovni kongres Svjetske \u0161ahovske federacije osoba bez i sa smetnjama vida, na kojem \u0107e biti odlu\u010deno da li \u0107e Petrovac biti doma\u0107in Svjetskog ekipnog prvenstva, u aprilu sljede\u0107e godine.<\/p>\n\n\n\n<p>Crnu Goru \u0107e na Kongresu predstavljati predsjednici \u0160ahovskom saveza i Paraolimpijskog komiteta,&nbsp;<strong>Jovan Milovi\u0107&nbsp;<\/strong>i&nbsp;<strong>Igor Tomi\u0107<\/strong>.<\/p>","protected":false},"excerpt":{"rendered":"<p>Crnogorski \u0161ahista\u00a0Predrag Nika\u010d\u00a0u\u010destvova\u0107e na Svjetskom pojedina\u010dnom prvenstvu za osobe bez i sa smetnjama vida, koje \u0107e biti odr\u017eano u poljskom \u017de\u0161ovu od 18. do 26. avgusta.<\/p>","protected":false},"author":1,"featured_media":946733,"comment_status":"open","ping_status":"open","sticky":false,"template":"","format":"standard","meta":{"_acf_changed":false,"footnotes":""},"categories":[148],"tags":[747,3788,17826],"naslovna":[],"class_list":["post-946732","post","type-post","status-publish","format-standard","has-post-thumbnail","hentry","category-sport","tag-pok","tag-predrag-nikac","tag-svjetsko-prvenstvo-u-sahu-za-osobe-bez-i-sa-smetnjama-vida"],"acf":[],"yoast_head":"<!-- This site is optimized with the Yoast SEO plugin v27.4 - https:\/\/yoast.com\/product\/yoast-seo-wordpress\/ -->\n<title>Nika\u010d brani srebro na SP - dmcsrb.com<\/title>\n<meta name=\"robots\" content=\"index, follow, max-snippet:-1, max-image-preview:large, max-video-preview:-1\" \/>\n<link rel=\"canonical\" href=\"https:\/\/dmcsrb.com\/en\/sport\/nikac-brani-srebro-na-sp\/\" \/>\n<meta property=\"og:locale\" content=\"en_GB\" \/>\n<meta property=\"og:type\" content=\"article\" \/>\n<meta property=\"og:title\" content=\"Nika\u010d brani srebro na SP - dmcsrb.com\" \/>\n<meta property=\"og:description\" content=\"Crnogorski \u0161ahista\u00a0Predrag Nika\u010d\u00a0u\u010destvova\u0107e na Svjetskom pojedina\u010dnom prvenstvu za osobe bez i sa smetnjama vida, koje \u0107e biti odr\u017eano u poljskom \u017de\u0161ovu od 18. do 26. avgusta.\" \/>\n<meta property=\"og:url\" content=\"https:\/\/dmcsrb.com\/en\/sport\/nikac-brani-srebro-na-sp\/\" \/>\n<meta property=\"og:site_name\" content=\"dmcsrb.com\" \/>\n<meta property=\"article:published_time\" content=\"2025-08-17T12:16:00+00:00\" \/>\n<meta property=\"og:image\" content=\"https:\/\/dmcsrb.com\/wp-content\/uploads\/2026\/01\/Nikac-POK.webp\" \/>\n\t<meta property=\"og:image:width\" content=\"1068\" \/>\n\t<meta property=\"og:image:height\" content=\"1478\" \/>\n\t<meta property=\"og:image:type\" content=\"image\/jpeg\" \/>\n<meta name=\"author\" content=\"dmcsrbija.com@gmail.com\" \/>\n<meta name=\"twitter:card\" content=\"summary_large_image\" \/>\n<meta name=\"twitter:label1\" content=\"Written by\" \/>\n\t<meta name=\"twitter:data1\" content=\"dmcsrbija.com@gmail.com\" \/>\n\t<meta name=\"twitter:label2\" content=\"Estimated reading time\" \/>\n\t<meta name=\"twitter:data2\" content=\"2 minutes\" \/>\n<script type=\"application\/ld+json\" class=\"yoast-schema-graph\">{\"@context\":\"https:\\\/\\\/schema.org\",\"@graph\":[{\"@type\":\"Article\",\"@id\":\"https:\\\/\\\/dmcsrb.com\\\/sport\\\/nikac-brani-srebro-na-sp\\\/#article\",\"isPartOf\":{\"@id\":\"https:\\\/\\\/dmcsrb.com\\\/sport\\\/nikac-brani-srebro-na-sp\\\/\"},\"author\":{\"name\":\"dmcsrbija.com@gmail.com\",\"@id\":\"https:\\\/\\\/dmcsrb.com\\\/#\\\/schema\\\/person\\\/5c39170f12db1b8b457732d0b5c854e2\"},\"headline\":\"Nika\u010d brani srebro na SP\",\"datePublished\":\"2025-08-17T12:16:00+00:00\",\"mainEntityOfPage\":{\"@id\":\"https:\\\/\\\/dmcsrb.com\\\/sport\\\/nikac-brani-srebro-na-sp\\\/\"},\"wordCount\":346,\"commentCount\":0,\"image\":{\"@id\":\"https:\\\/\\\/dmcsrb.com\\\/sport\\\/nikac-brani-srebro-na-sp\\\/#primaryimage\"},\"thumbnailUrl\":\"https:\\\/\\\/dmcsrb.com\\\/wp-content\\\/uploads\\\/2026\\\/01\\\/Nikac-POK.webp\",\"keywords\":[\"POK\",\"Predrag Nika\u010d\",\"Svjetsko prvenstvo u \u0161ahu za osobe bez i sa smetnjama vida\"],\"articleSection\":[\"Sport\"],\"inLanguage\":\"en-GB\",\"potentialAction\":[{\"@type\":\"CommentAction\",\"name\":\"Comment\",\"target\":[\"https:\\\/\\\/dmcsrb.com\\\/sport\\\/nikac-brani-srebro-na-sp\\\/#respond\"]}]},{\"@type\":\"WebPage\",\"@id\":\"https:\\\/\\\/dmcsrb.com\\\/sport\\\/nikac-brani-srebro-na-sp\\\/\",\"url\":\"https:\\\/\\\/dmcsrb.com\\\/sport\\\/nikac-brani-srebro-na-sp\\\/\",\"name\":\"Nika\u010d brani srebro na SP - dmcsrb.com\",\"isPartOf\":{\"@id\":\"https:\\\/\\\/dmcsrb.com\\\/#website\"},\"primaryImageOfPage\":{\"@id\":\"https:\\\/\\\/dmcsrb.com\\\/sport\\\/nikac-brani-srebro-na-sp\\\/#primaryimage\"},\"image\":{\"@id\":\"https:\\\/\\\/dmcsrb.com\\\/sport\\\/nikac-brani-srebro-na-sp\\\/#primaryimage\"},\"thumbnailUrl\":\"https:\\\/\\\/dmcsrb.com\\\/wp-content\\\/uploads\\\/2026\\\/01\\\/Nikac-POK.webp\",\"datePublished\":\"2025-08-17T12:16:00+00:00\",\"author\":{\"@id\":\"https:\\\/\\\/dmcsrb.com\\\/#\\\/schema\\\/person\\\/5c39170f12db1b8b457732d0b5c854e2\"},\"breadcrumb\":{\"@id\":\"https:\\\/\\\/dmcsrb.com\\\/sport\\\/nikac-brani-srebro-na-sp\\\/#breadcrumb\"},\"inLanguage\":\"en-GB\",\"potentialAction\":[{\"@type\":\"ReadAction\",\"target\":[\"https:\\\/\\\/dmcsrb.com\\\/sport\\\/nikac-brani-srebro-na-sp\\\/\"]}]},{\"@type\":\"ImageObject\",\"inLanguage\":\"en-GB\",\"@id\":\"https:\\\/\\\/dmcsrb.com\\\/sport\\\/nikac-brani-srebro-na-sp\\\/#primaryimage\",\"url\":\"https:\\\/\\\/dmcsrb.com\\\/wp-content\\\/uploads\\\/2026\\\/01\\\/Nikac-POK.webp\",\"contentUrl\":\"https:\\\/\\\/dmcsrb.com\\\/wp-content\\\/uploads\\\/2026\\\/01\\\/Nikac-POK.webp\",\"width\":1068,\"height\":1478},{\"@type\":\"BreadcrumbList\",\"@id\":\"https:\\\/\\\/dmcsrb.com\\\/sport\\\/nikac-brani-srebro-na-sp\\\/#breadcrumb\",\"itemListElement\":[{\"@type\":\"ListItem\",\"position\":1,\"name\":\"Home\",\"item\":\"https:\\\/\\\/dmcsrb.com\\\/\"},{\"@type\":\"ListItem\",\"position\":2,\"name\":\"Nika\u010d brani srebro na SP\"}]},{\"@type\":\"WebSite\",\"@id\":\"https:\\\/\\\/dmcsrb.com\\\/#website\",\"url\":\"https:\\\/\\\/dmcsrb.com\\\/\",\"name\":\"dmcsrb.com\",\"description\":\"\",\"potentialAction\":[{\"@type\":\"SearchAction\",\"target\":{\"@type\":\"EntryPoint\",\"urlTemplate\":\"https:\\\/\\\/dmcsrb.com\\\/?s={search_term_string}\"},\"query-input\":{\"@type\":\"PropertyValueSpecification\",\"valueRequired\":true,\"valueName\":\"search_term_string\"}}],\"inLanguage\":\"en-GB\"},{\"@type\":\"Person\",\"@id\":\"https:\\\/\\\/dmcsrb.com\\\/#\\\/schema\\\/person\\\/5c39170f12db1b8b457732d0b5c854e2\",\"name\":\"dmcsrbija.com@gmail.com\",\"image\":{\"@type\":\"ImageObject\",\"inLanguage\":\"en-GB\",\"@id\":\"https:\\\/\\\/secure.gravatar.com\\\/avatar\\\/68592660ad6347fad0fb587f8d5d8f1a7b44961362f56e4f2cd524feb87e9069?s=96&d=mm&r=g\",\"url\":\"https:\\\/\\\/secure.gravatar.com\\\/avatar\\\/68592660ad6347fad0fb587f8d5d8f1a7b44961362f56e4f2cd524feb87e9069?s=96&d=mm&r=g\",\"contentUrl\":\"https:\\\/\\\/secure.gravatar.com\\\/avatar\\\/68592660ad6347fad0fb587f8d5d8f1a7b44961362f56e4f2cd524feb87e9069?s=96&d=mm&r=g\",\"caption\":\"dmcsrbija.com@gmail.com\"},\"sameAs\":[\"https:\\\/\\\/dmcsrb.com\"],\"url\":\"https:\\\/\\\/dmcsrb.com\\\/en\\\/author\\\/dmcsrbija-comgmail-com\\\/\"}]}<\/script>\n<!-- \/ Yoast SEO plugin. -->","yoast_head_json":{"title":"Nika\u010d brani srebro na SP - dmcsrb.com","robots":{"index":"index","follow":"follow","max-snippet":"max-snippet:-1","max-image-preview":"max-image-preview:large","max-video-preview":"max-video-preview:-1"},"canonical":"https:\/\/dmcsrb.com\/en\/sport\/nikac-brani-srebro-na-sp\/","og_locale":"en_GB","og_type":"article","og_title":"Nika\u010d brani srebro na SP - dmcsrb.com","og_description":"Crnogorski \u0161ahista\u00a0Predrag Nika\u010d\u00a0u\u010destvova\u0107e na Svjetskom pojedina\u010dnom prvenstvu za osobe bez i sa smetnjama vida, koje \u0107e biti odr\u017eano u poljskom \u017de\u0161ovu od 18. do 26. avgusta.","og_url":"https:\/\/dmcsrb.com\/en\/sport\/nikac-brani-srebro-na-sp\/","og_site_name":"dmcsrb.com","article_published_time":"2025-08-17T12:16:00+00:00","og_image":[{"width":1068,"height":1478,"url":"https:\/\/dmcsrb.com\/wp-content\/uploads\/2026\/01\/Nikac-POK.webp","type":"image\/jpeg"}],"author":"dmcsrbija.com@gmail.com","twitter_card":"summary_large_image","twitter_misc":{"Written by":"dmcsrbija.com@gmail.com","Estimated reading time":"2 minutes"},"schema":{"@context":"https:\/\/schema.org","@graph":[{"@type":"Article","@id":"https:\/\/dmcsrb.com\/sport\/nikac-brani-srebro-na-sp\/#article","isPartOf":{"@id":"https:\/\/dmcsrb.com\/sport\/nikac-brani-srebro-na-sp\/"},"author":{"name":"dmcsrbija.com@gmail.com","@id":"https:\/\/dmcsrb.com\/#\/schema\/person\/5c39170f12db1b8b457732d0b5c854e2"},"headline":"Nika\u010d brani srebro na SP","datePublished":"2025-08-17T12:16:00+00:00","mainEntityOfPage":{"@id":"https:\/\/dmcsrb.com\/sport\/nikac-brani-srebro-na-sp\/"},"wordCount":346,"commentCount":0,"image":{"@id":"https:\/\/dmcsrb.com\/sport\/nikac-brani-srebro-na-sp\/#primaryimage"},"thumbnailUrl":"https:\/\/dmcsrb.com\/wp-content\/uploads\/2026\/01\/Nikac-POK.webp","keywords":["POK","Predrag Nika\u010d","Svjetsko prvenstvo u \u0161ahu za osobe bez i sa smetnjama vida"],"articleSection":["Sport"],"inLanguage":"en-GB","potentialAction":[{"@type":"CommentAction","name":"Comment","target":["https:\/\/dmcsrb.com\/sport\/nikac-brani-srebro-na-sp\/#respond"]}]},{"@type":"WebPage","@id":"https:\/\/dmcsrb.com\/sport\/nikac-brani-srebro-na-sp\/","url":"https:\/\/dmcsrb.com\/sport\/nikac-brani-srebro-na-sp\/","name":"Nika\u010d brani srebro na SP - dmcsrb.com","isPartOf":{"@id":"https:\/\/dmcsrb.com\/#website"},"primaryImageOfPage":{"@id":"https:\/\/dmcsrb.com\/sport\/nikac-brani-srebro-na-sp\/#primaryimage"},"image":{"@id":"https:\/\/dmcsrb.com\/sport\/nikac-brani-srebro-na-sp\/#primaryimage"},"thumbnailUrl":"https:\/\/dmcsrb.com\/wp-content\/uploads\/2026\/01\/Nikac-POK.webp","datePublished":"2025-08-17T12:16:00+00:00","author":{"@id":"https:\/\/dmcsrb.com\/#\/schema\/person\/5c39170f12db1b8b457732d0b5c854e2"},"breadcrumb":{"@id":"https:\/\/dmcsrb.com\/sport\/nikac-brani-srebro-na-sp\/#breadcrumb"},"inLanguage":"en-GB","potentialAction":[{"@type":"ReadAction","target":["https:\/\/dmcsrb.com\/sport\/nikac-brani-srebro-na-sp\/"]}]},{"@type":"ImageObject","inLanguage":"en-GB","@id":"https:\/\/dmcsrb.com\/sport\/nikac-brani-srebro-na-sp\/#primaryimage","url":"https:\/\/dmcsrb.com\/wp-content\/uploads\/2026\/01\/Nikac-POK.webp","contentUrl":"https:\/\/dmcsrb.com\/wp-content\/uploads\/2026\/01\/Nikac-POK.webp","width":1068,"height":1478},{"@type":"BreadcrumbList","@id":"https:\/\/dmcsrb.com\/sport\/nikac-brani-srebro-na-sp\/#breadcrumb","itemListElement":[{"@type":"ListItem","position":1,"name":"Home","item":"https:\/\/dmcsrb.com\/"},{"@type":"ListItem","position":2,"name":"Nika\u010d brani srebro na SP"}]},{"@type":"WebSite","@id":"https:\/\/dmcsrb.com\/#website","url":"https:\/\/dmcsrb.com\/","name":"dmcsrb.com","description":"","potentialAction":[{"@type":"SearchAction","target":{"@type":"EntryPoint","urlTemplate":"https:\/\/dmcsrb.com\/?s={search_term_string}"},"query-input":{"@type":"PropertyValueSpecification","valueRequired":true,"valueName":"search_term_string"}}],"inLanguage":"en-GB"},{"@type":"Person","@id":"https:\/\/dmcsrb.com\/#\/schema\/person\/5c39170f12db1b8b457732d0b5c854e2","name":"dmcsrbija.com@gmail.com","image":{"@type":"ImageObject","inLanguage":"en-GB","@id":"https:\/\/secure.gravatar.com\/avatar\/68592660ad6347fad0fb587f8d5d8f1a7b44961362f56e4f2cd524feb87e9069?s=96&d=mm&r=g","url":"https:\/\/secure.gravatar.com\/avatar\/68592660ad6347fad0fb587f8d5d8f1a7b44961362f56e4f2cd524feb87e9069?s=96&d=mm&r=g","contentUrl":"https:\/\/secure.gravatar.com\/avatar\/68592660ad6347fad0fb587f8d5d8f1a7b44961362f56e4f2cd524feb87e9069?s=96&d=mm&r=g","caption":"dmcsrbija.com@gmail.com"},"sameAs":["https:\/\/dmcsrb.com"],"url":"https:\/\/dmcsrb.com\/en\/author\/dmcsrbija-comgmail-com\/"}]}},"_links":{"self":[{"href":"https:\/\/dmcsrb.com\/en\/wp-json\/wp\/v2\/posts\/946732","targetHints":{"allow":["GET"]}}],"collection":[{"href":"https:\/\/dmcsrb.com\/en\/wp-json\/wp\/v2\/posts"}],"about":[{"href":"https:\/\/dmcsrb.com\/en\/wp-json\/wp\/v2\/types\/post"}],"author":[{"embeddable":true,"href":"https:\/\/dmcsrb.com\/en\/wp-json\/wp\/v2\/users\/1"}],"replies":[{"embeddable":true,"href":"https:\/\/dmcsrb.com\/en\/wp-json\/wp\/v2\/comments?post=946732"}],"version-history":[{"count":0,"href":"https:\/\/dmcsrb.com\/en\/wp-json\/wp\/v2\/posts\/946732\/revisions"}],"wp:featuredmedia":[{"embeddable":true,"href":"https:\/\/dmcsrb.com\/en\/wp-json\/wp\/v2\/media\/946733"}],"wp:attachment":[{"href":"https:\/\/dmcsrb.com\/en\/wp-json\/wp\/v2\/media?parent=946732"}],"wp:term":[{"taxonomy":"category","embeddable":true,"href":"https:\/\/dmcsrb.com\/en\/wp-json\/wp\/v2\/categories?post=946732"},{"taxonomy":"post_tag","embeddable":true,"href":"https:\/\/dmcsrb.com\/en\/wp-json\/wp\/v2\/tags?post=946732"},{"taxonomy":"naslovna","embeddable":true,"href":"https:\/\/dmcsrb.com\/en\/wp-json\/wp\/v2\/naslovna?post=946732"}],"curies":[{"name":"wp","href":"https:\/\/api.w.org\/{rel}","templated":true}]}}