{"id":946712,"date":"2025-08-17T11:49:00","date_gmt":"2025-08-17T09:49:00","guid":{"rendered":"https:\/\/dmcsrb.com\/uncategorized\/uhapsene-tri-osobe-zbog-zelenastva-u-podgorici\/"},"modified":"2025-08-17T11:49:00","modified_gmt":"2025-08-17T09:49:00","slug":"uhapsene-tri-osobe-zbog-zelenastva-u-podgorici","status":"publish","type":"post","link":"https:\/\/dmcsrb.com\/en\/hronika\/uhapsene-tri-osobe-zbog-zelenastva-u-podgorici\/","title":{"rendered":"Uhap\u0161ene tri osobe zbog zelena\u0161tva u Podgorici"},"content":{"rendered":"<p><\/p>\n\n\n\n<p>&#8220;Naime, slobode su li\u0161eni S.K. (19), I.M. (19) i F.J. (21) jer su, kako se sumnja, u du\u017eem vremenskom periodu, koriste\u0107i nu\u017edu i lakomislenost o\u0161te\u0107enog lica, u vi\u0161e navrata istom pozajmljivali novac, a od njega zahtjevali na ime zelena\u0161kle kamate odre\u0111eni iznos novca i na taj na\u010din za sebe su pribavili protivpravnu imovinsku korist. Osim toga, policija je izvr\u0161ila pretres prostorija koje koriste M.M. (20) i maloljetno lice staro 17 godina. Ovom prilikom je prona\u0111ena materija za koju se sumnja da je opojna droga marihuana, ukupne mase oko 60 grama, o \u010demu je upoznat de\u017eurni tu\u017eilac u Vi\u0161em dr\u017eavnom tu\u017eila\u0161tvu u Podgorici&#8221;, kazali su iz policije.<\/p>\n\n\n\n<p>Od maloljetnika je prikupljeno obavje\u0161tenje na zapisnik, dok \u0107e oduzeta materija biti upu\u0107ena na odgovaraju\u0107a vje\u0161ta\u010denja.<\/p>\n\n\n\n<p>&#8220;Cjelokupni spisi ovog predmeta dostavljeni su na ocjenu i mi\u0161ljenje postupaju\u0107em tu\u017eiocu, koji \u0107e se naknadno izjasniti o pravnoj kvalifikaciji djela&#8221;, zaklju\u010duju.<\/p>","protected":false},"excerpt":{"rendered":"<p>Slu\u017ebenici Stanice kriminalisti\u010dke policije za suzbijanje ekonomskog kriminala Odjeljenja bezbjednosti Podgorica, izvr\u0161ili su pretrese na nekoliko lokacija na teritoriji Glavnog grada, te su u saradnji i po nalogu tu\u017eioca u Osnovnom dr\u017eavnom tu\u017eila\u0161tvu u Podgorici li\u0161ena slobode tri lica koja se sumnji\u010de za krivi\u010dna djela zelena\u0161tvo, dok \u0107e u odnosu na jedno lice biti cijenjeni elementi krivi\u010dnog djela ili prekr\u0161aja zbog posjedovanja droge, saop\u0161tenmo je iz Uprave policije.<\/p>","protected":false},"author":1,"featured_media":908771,"comment_status":"open","ping_status":"open","sticky":false,"template":"","format":"standard","meta":{"_acf_changed":false,"footnotes":""},"categories":[17],"tags":[72,5882],"naslovna":[],"class_list":["post-946712","post","type-post","status-publish","format-standard","has-post-thumbnail","hentry","category-hronika","tag-uprava-policije","tag-zelenastvo"],"acf":[],"yoast_head":"<!-- This site is optimized with the Yoast SEO plugin v27.4 - https:\/\/yoast.com\/product\/yoast-seo-wordpress\/ -->\n<title>Uhap\u0161ene tri osobe zbog zelena\u0161tva u Podgorici - dmcsrb.com<\/title>\n<meta name=\"robots\" content=\"index, follow, max-snippet:-1, max-image-preview:large, max-video-preview:-1\" \/>\n<link rel=\"canonical\" href=\"https:\/\/dmcsrb.com\/en\/hronika\/uhapsene-tri-osobe-zbog-zelenastva-u-podgorici\/\" \/>\n<meta property=\"og:locale\" content=\"en_GB\" \/>\n<meta property=\"og:type\" content=\"article\" \/>\n<meta property=\"og:title\" content=\"Uhap\u0161ene tri osobe zbog zelena\u0161tva u Podgorici - dmcsrb.com\" \/>\n<meta property=\"og:description\" content=\"Slu\u017ebenici Stanice kriminalisti\u010dke policije za suzbijanje ekonomskog kriminala Odjeljenja bezbjednosti Podgorica, izvr\u0161ili su pretrese na nekoliko lokacija na teritoriji Glavnog grada, te su u saradnji i po nalogu tu\u017eioca u Osnovnom dr\u017eavnom tu\u017eila\u0161tvu u Podgorici li\u0161ena slobode tri lica koja se sumnji\u010de za krivi\u010dna djela zelena\u0161tvo, dok \u0107e u odnosu na jedno lice biti cijenjeni elementi krivi\u010dnog djela ili prekr\u0161aja zbog posjedovanja droge, saop\u0161tenmo je iz Uprave policije.\" \/>\n<meta property=\"og:url\" content=\"https:\/\/dmcsrb.com\/en\/hronika\/uhapsene-tri-osobe-zbog-zelenastva-u-podgorici\/\" \/>\n<meta property=\"og:site_name\" content=\"dmcsrb.com\" \/>\n<meta property=\"article:published_time\" content=\"2025-08-17T09:49:00+00:00\" \/>\n<meta property=\"og:image\" content=\"https:\/\/dmcsrb.com\/wp-content\/uploads\/2026\/01\/Policija-ilustracija-foto-Gradski.jpg\" \/>\n\t<meta property=\"og:image:width\" content=\"828\" \/>\n\t<meta property=\"og:image:height\" content=\"465\" \/>\n\t<meta property=\"og:image:type\" content=\"image\/jpeg\" \/>\n<meta name=\"author\" content=\"dmcsrbija.com@gmail.com\" \/>\n<meta name=\"twitter:card\" content=\"summary_large_image\" \/>\n<meta name=\"twitter:label1\" content=\"Written by\" \/>\n\t<meta name=\"twitter:data1\" content=\"dmcsrbija.com@gmail.com\" \/>\n\t<meta name=\"twitter:label2\" content=\"Estimated reading time\" \/>\n\t<meta name=\"twitter:data2\" content=\"1 minute\" \/>\n<script type=\"application\/ld+json\" class=\"yoast-schema-graph\">{\"@context\":\"https:\\\/\\\/schema.org\",\"@graph\":[{\"@type\":\"Article\",\"@id\":\"https:\\\/\\\/dmcsrb.com\\\/en\\\/hronika\\\/uhapsene-tri-osobe-zbog-zelenastva-u-podgorici\\\/#article\",\"isPartOf\":{\"@id\":\"https:\\\/\\\/dmcsrb.com\\\/en\\\/hronika\\\/uhapsene-tri-osobe-zbog-zelenastva-u-podgorici\\\/\"},\"author\":{\"name\":\"dmcsrbija.com@gmail.com\",\"@id\":\"https:\\\/\\\/dmcsrb.com\\\/#\\\/schema\\\/person\\\/5c39170f12db1b8b457732d0b5c854e2\"},\"headline\":\"Uhap\u0161ene tri osobe zbog zelena\u0161tva u Podgorici\",\"datePublished\":\"2025-08-17T09:49:00+00:00\",\"mainEntityOfPage\":{\"@id\":\"https:\\\/\\\/dmcsrb.com\\\/en\\\/hronika\\\/uhapsene-tri-osobe-zbog-zelenastva-u-podgorici\\\/\"},\"wordCount\":178,\"commentCount\":0,\"image\":{\"@id\":\"https:\\\/\\\/dmcsrb.com\\\/en\\\/hronika\\\/uhapsene-tri-osobe-zbog-zelenastva-u-podgorici\\\/#primaryimage\"},\"thumbnailUrl\":\"https:\\\/\\\/dmcsrb.com\\\/wp-content\\\/uploads\\\/2026\\\/01\\\/Policija-ilustracija-foto-Gradski.jpg\",\"keywords\":[\"Uprava policije\",\"zelena\u0161tvo\"],\"articleSection\":[\"Hronika\"],\"inLanguage\":\"en-GB\",\"potentialAction\":[{\"@type\":\"CommentAction\",\"name\":\"Comment\",\"target\":[\"https:\\\/\\\/dmcsrb.com\\\/en\\\/hronika\\\/uhapsene-tri-osobe-zbog-zelenastva-u-podgorici\\\/#respond\"]}]},{\"@type\":\"WebPage\",\"@id\":\"https:\\\/\\\/dmcsrb.com\\\/en\\\/hronika\\\/uhapsene-tri-osobe-zbog-zelenastva-u-podgorici\\\/\",\"url\":\"https:\\\/\\\/dmcsrb.com\\\/en\\\/hronika\\\/uhapsene-tri-osobe-zbog-zelenastva-u-podgorici\\\/\",\"name\":\"Uhap\u0161ene tri osobe zbog zelena\u0161tva u Podgorici - dmcsrb.com\",\"isPartOf\":{\"@id\":\"https:\\\/\\\/dmcsrb.com\\\/#website\"},\"primaryImageOfPage\":{\"@id\":\"https:\\\/\\\/dmcsrb.com\\\/en\\\/hronika\\\/uhapsene-tri-osobe-zbog-zelenastva-u-podgorici\\\/#primaryimage\"},\"image\":{\"@id\":\"https:\\\/\\\/dmcsrb.com\\\/en\\\/hronika\\\/uhapsene-tri-osobe-zbog-zelenastva-u-podgorici\\\/#primaryimage\"},\"thumbnailUrl\":\"https:\\\/\\\/dmcsrb.com\\\/wp-content\\\/uploads\\\/2026\\\/01\\\/Policija-ilustracija-foto-Gradski.jpg\",\"datePublished\":\"2025-08-17T09:49:00+00:00\",\"author\":{\"@id\":\"https:\\\/\\\/dmcsrb.com\\\/#\\\/schema\\\/person\\\/5c39170f12db1b8b457732d0b5c854e2\"},\"breadcrumb\":{\"@id\":\"https:\\\/\\\/dmcsrb.com\\\/en\\\/hronika\\\/uhapsene-tri-osobe-zbog-zelenastva-u-podgorici\\\/#breadcrumb\"},\"inLanguage\":\"en-GB\",\"potentialAction\":[{\"@type\":\"ReadAction\",\"target\":[\"https:\\\/\\\/dmcsrb.com\\\/en\\\/hronika\\\/uhapsene-tri-osobe-zbog-zelenastva-u-podgorici\\\/\"]}]},{\"@type\":\"ImageObject\",\"inLanguage\":\"en-GB\",\"@id\":\"https:\\\/\\\/dmcsrb.com\\\/en\\\/hronika\\\/uhapsene-tri-osobe-zbog-zelenastva-u-podgorici\\\/#primaryimage\",\"url\":\"https:\\\/\\\/dmcsrb.com\\\/wp-content\\\/uploads\\\/2026\\\/01\\\/Policija-ilustracija-foto-Gradski.jpg\",\"contentUrl\":\"https:\\\/\\\/dmcsrb.com\\\/wp-content\\\/uploads\\\/2026\\\/01\\\/Policija-ilustracija-foto-Gradski.jpg\",\"width\":828,\"height\":465},{\"@type\":\"BreadcrumbList\",\"@id\":\"https:\\\/\\\/dmcsrb.com\\\/en\\\/hronika\\\/uhapsene-tri-osobe-zbog-zelenastva-u-podgorici\\\/#breadcrumb\",\"itemListElement\":[{\"@type\":\"ListItem\",\"position\":1,\"name\":\"Home\",\"item\":\"https:\\\/\\\/dmcsrb.com\\\/\"},{\"@type\":\"ListItem\",\"position\":2,\"name\":\"Uhap\u0161ene tri osobe zbog zelena\u0161tva u Podgorici\"}]},{\"@type\":\"WebSite\",\"@id\":\"https:\\\/\\\/dmcsrb.com\\\/#website\",\"url\":\"https:\\\/\\\/dmcsrb.com\\\/\",\"name\":\"dmcsrb.com\",\"description\":\"\",\"potentialAction\":[{\"@type\":\"SearchAction\",\"target\":{\"@type\":\"EntryPoint\",\"urlTemplate\":\"https:\\\/\\\/dmcsrb.com\\\/?s={search_term_string}\"},\"query-input\":{\"@type\":\"PropertyValueSpecification\",\"valueRequired\":true,\"valueName\":\"search_term_string\"}}],\"inLanguage\":\"en-GB\"},{\"@type\":\"Person\",\"@id\":\"https:\\\/\\\/dmcsrb.com\\\/#\\\/schema\\\/person\\\/5c39170f12db1b8b457732d0b5c854e2\",\"name\":\"dmcsrbija.com@gmail.com\",\"image\":{\"@type\":\"ImageObject\",\"inLanguage\":\"en-GB\",\"@id\":\"https:\\\/\\\/secure.gravatar.com\\\/avatar\\\/68592660ad6347fad0fb587f8d5d8f1a7b44961362f56e4f2cd524feb87e9069?s=96&d=mm&r=g\",\"url\":\"https:\\\/\\\/secure.gravatar.com\\\/avatar\\\/68592660ad6347fad0fb587f8d5d8f1a7b44961362f56e4f2cd524feb87e9069?s=96&d=mm&r=g\",\"contentUrl\":\"https:\\\/\\\/secure.gravatar.com\\\/avatar\\\/68592660ad6347fad0fb587f8d5d8f1a7b44961362f56e4f2cd524feb87e9069?s=96&d=mm&r=g\",\"caption\":\"dmcsrbija.com@gmail.com\"},\"sameAs\":[\"https:\\\/\\\/dmcsrb.com\"],\"url\":\"https:\\\/\\\/dmcsrb.com\\\/en\\\/author\\\/dmcsrbija-comgmail-com\\\/\"}]}<\/script>\n<!-- \/ Yoast SEO plugin. -->","yoast_head_json":{"title":"Uhap\u0161ene tri osobe zbog zelena\u0161tva u Podgorici - dmcsrb.com","robots":{"index":"index","follow":"follow","max-snippet":"max-snippet:-1","max-image-preview":"max-image-preview:large","max-video-preview":"max-video-preview:-1"},"canonical":"https:\/\/dmcsrb.com\/en\/hronika\/uhapsene-tri-osobe-zbog-zelenastva-u-podgorici\/","og_locale":"en_GB","og_type":"article","og_title":"Uhap\u0161ene tri osobe zbog zelena\u0161tva u Podgorici - dmcsrb.com","og_description":"Slu\u017ebenici Stanice kriminalisti\u010dke policije za suzbijanje ekonomskog kriminala Odjeljenja bezbjednosti Podgorica, izvr\u0161ili su pretrese na nekoliko lokacija na teritoriji Glavnog grada, te su u saradnji i po nalogu tu\u017eioca u Osnovnom dr\u017eavnom tu\u017eila\u0161tvu u Podgorici li\u0161ena slobode tri lica koja se sumnji\u010de za krivi\u010dna djela zelena\u0161tvo, dok \u0107e u odnosu na jedno lice biti cijenjeni elementi krivi\u010dnog djela ili prekr\u0161aja zbog posjedovanja droge, saop\u0161tenmo je iz Uprave policije.","og_url":"https:\/\/dmcsrb.com\/en\/hronika\/uhapsene-tri-osobe-zbog-zelenastva-u-podgorici\/","og_site_name":"dmcsrb.com","article_published_time":"2025-08-17T09:49:00+00:00","og_image":[{"width":828,"height":465,"url":"https:\/\/dmcsrb.com\/wp-content\/uploads\/2026\/01\/Policija-ilustracija-foto-Gradski.jpg","type":"image\/jpeg"}],"author":"dmcsrbija.com@gmail.com","twitter_card":"summary_large_image","twitter_misc":{"Written by":"dmcsrbija.com@gmail.com","Estimated reading time":"1 minute"},"schema":{"@context":"https:\/\/schema.org","@graph":[{"@type":"Article","@id":"https:\/\/dmcsrb.com\/en\/hronika\/uhapsene-tri-osobe-zbog-zelenastva-u-podgorici\/#article","isPartOf":{"@id":"https:\/\/dmcsrb.com\/en\/hronika\/uhapsene-tri-osobe-zbog-zelenastva-u-podgorici\/"},"author":{"name":"dmcsrbija.com@gmail.com","@id":"https:\/\/dmcsrb.com\/#\/schema\/person\/5c39170f12db1b8b457732d0b5c854e2"},"headline":"Uhap\u0161ene tri osobe zbog zelena\u0161tva u Podgorici","datePublished":"2025-08-17T09:49:00+00:00","mainEntityOfPage":{"@id":"https:\/\/dmcsrb.com\/en\/hronika\/uhapsene-tri-osobe-zbog-zelenastva-u-podgorici\/"},"wordCount":178,"commentCount":0,"image":{"@id":"https:\/\/dmcsrb.com\/en\/hronika\/uhapsene-tri-osobe-zbog-zelenastva-u-podgorici\/#primaryimage"},"thumbnailUrl":"https:\/\/dmcsrb.com\/wp-content\/uploads\/2026\/01\/Policija-ilustracija-foto-Gradski.jpg","keywords":["Uprava policije","zelena\u0161tvo"],"articleSection":["Hronika"],"inLanguage":"en-GB","potentialAction":[{"@type":"CommentAction","name":"Comment","target":["https:\/\/dmcsrb.com\/en\/hronika\/uhapsene-tri-osobe-zbog-zelenastva-u-podgorici\/#respond"]}]},{"@type":"WebPage","@id":"https:\/\/dmcsrb.com\/en\/hronika\/uhapsene-tri-osobe-zbog-zelenastva-u-podgorici\/","url":"https:\/\/dmcsrb.com\/en\/hronika\/uhapsene-tri-osobe-zbog-zelenastva-u-podgorici\/","name":"Uhap\u0161ene tri osobe zbog zelena\u0161tva u Podgorici - dmcsrb.com","isPartOf":{"@id":"https:\/\/dmcsrb.com\/#website"},"primaryImageOfPage":{"@id":"https:\/\/dmcsrb.com\/en\/hronika\/uhapsene-tri-osobe-zbog-zelenastva-u-podgorici\/#primaryimage"},"image":{"@id":"https:\/\/dmcsrb.com\/en\/hronika\/uhapsene-tri-osobe-zbog-zelenastva-u-podgorici\/#primaryimage"},"thumbnailUrl":"https:\/\/dmcsrb.com\/wp-content\/uploads\/2026\/01\/Policija-ilustracija-foto-Gradski.jpg","datePublished":"2025-08-17T09:49:00+00:00","author":{"@id":"https:\/\/dmcsrb.com\/#\/schema\/person\/5c39170f12db1b8b457732d0b5c854e2"},"breadcrumb":{"@id":"https:\/\/dmcsrb.com\/en\/hronika\/uhapsene-tri-osobe-zbog-zelenastva-u-podgorici\/#breadcrumb"},"inLanguage":"en-GB","potentialAction":[{"@type":"ReadAction","target":["https:\/\/dmcsrb.com\/en\/hronika\/uhapsene-tri-osobe-zbog-zelenastva-u-podgorici\/"]}]},{"@type":"ImageObject","inLanguage":"en-GB","@id":"https:\/\/dmcsrb.com\/en\/hronika\/uhapsene-tri-osobe-zbog-zelenastva-u-podgorici\/#primaryimage","url":"https:\/\/dmcsrb.com\/wp-content\/uploads\/2026\/01\/Policija-ilustracija-foto-Gradski.jpg","contentUrl":"https:\/\/dmcsrb.com\/wp-content\/uploads\/2026\/01\/Policija-ilustracija-foto-Gradski.jpg","width":828,"height":465},{"@type":"BreadcrumbList","@id":"https:\/\/dmcsrb.com\/en\/hronika\/uhapsene-tri-osobe-zbog-zelenastva-u-podgorici\/#breadcrumb","itemListElement":[{"@type":"ListItem","position":1,"name":"Home","item":"https:\/\/dmcsrb.com\/"},{"@type":"ListItem","position":2,"name":"Uhap\u0161ene tri osobe zbog zelena\u0161tva u Podgorici"}]},{"@type":"WebSite","@id":"https:\/\/dmcsrb.com\/#website","url":"https:\/\/dmcsrb.com\/","name":"dmcsrb.com","description":"","potentialAction":[{"@type":"SearchAction","target":{"@type":"EntryPoint","urlTemplate":"https:\/\/dmcsrb.com\/?s={search_term_string}"},"query-input":{"@type":"PropertyValueSpecification","valueRequired":true,"valueName":"search_term_string"}}],"inLanguage":"en-GB"},{"@type":"Person","@id":"https:\/\/dmcsrb.com\/#\/schema\/person\/5c39170f12db1b8b457732d0b5c854e2","name":"dmcsrbija.com@gmail.com","image":{"@type":"ImageObject","inLanguage":"en-GB","@id":"https:\/\/secure.gravatar.com\/avatar\/68592660ad6347fad0fb587f8d5d8f1a7b44961362f56e4f2cd524feb87e9069?s=96&d=mm&r=g","url":"https:\/\/secure.gravatar.com\/avatar\/68592660ad6347fad0fb587f8d5d8f1a7b44961362f56e4f2cd524feb87e9069?s=96&d=mm&r=g","contentUrl":"https:\/\/secure.gravatar.com\/avatar\/68592660ad6347fad0fb587f8d5d8f1a7b44961362f56e4f2cd524feb87e9069?s=96&d=mm&r=g","caption":"dmcsrbija.com@gmail.com"},"sameAs":["https:\/\/dmcsrb.com"],"url":"https:\/\/dmcsrb.com\/en\/author\/dmcsrbija-comgmail-com\/"}]}},"_links":{"self":[{"href":"https:\/\/dmcsrb.com\/en\/wp-json\/wp\/v2\/posts\/946712","targetHints":{"allow":["GET"]}}],"collection":[{"href":"https:\/\/dmcsrb.com\/en\/wp-json\/wp\/v2\/posts"}],"about":[{"href":"https:\/\/dmcsrb.com\/en\/wp-json\/wp\/v2\/types\/post"}],"author":[{"embeddable":true,"href":"https:\/\/dmcsrb.com\/en\/wp-json\/wp\/v2\/users\/1"}],"replies":[{"embeddable":true,"href":"https:\/\/dmcsrb.com\/en\/wp-json\/wp\/v2\/comments?post=946712"}],"version-history":[{"count":0,"href":"https:\/\/dmcsrb.com\/en\/wp-json\/wp\/v2\/posts\/946712\/revisions"}],"wp:featuredmedia":[{"embeddable":true,"href":"https:\/\/dmcsrb.com\/en\/wp-json\/wp\/v2\/media\/908771"}],"wp:attachment":[{"href":"https:\/\/dmcsrb.com\/en\/wp-json\/wp\/v2\/media?parent=946712"}],"wp:term":[{"taxonomy":"category","embeddable":true,"href":"https:\/\/dmcsrb.com\/en\/wp-json\/wp\/v2\/categories?post=946712"},{"taxonomy":"post_tag","embeddable":true,"href":"https:\/\/dmcsrb.com\/en\/wp-json\/wp\/v2\/tags?post=946712"},{"taxonomy":"naslovna","embeddable":true,"href":"https:\/\/dmcsrb.com\/en\/wp-json\/wp\/v2\/naslovna?post=946712"}],"curies":[{"name":"wp","href":"https:\/\/api.w.org\/{rel}","templated":true}]}}