{"id":946665,"date":"2025-08-17T07:08:00","date_gmt":"2025-08-17T05:08:00","guid":{"rendered":"https:\/\/dmcsrb.com\/uncategorized\/lutovac-istina-potkrijepljena-cinjenicama-dijametralno-je-suprotna-tvrdnjama-mitropolita-metodija\/"},"modified":"2025-08-17T07:08:00","modified_gmt":"2025-08-17T05:08:00","slug":"lutovac-istina-potkrijepljena-cinjenicama-dijametralno-je-suprotna-tvrdnjama-mitropolita-metodija","status":"publish","type":"post","link":"https:\/\/dmcsrb.com\/en\/politika\/lutovac-istina-potkrijepljena-cinjenicama-dijametralno-je-suprotna-tvrdnjama-mitropolita-metodija\/","title":{"rendered":"Lutovac: Istina, potkrijepljena \u010dinjenicama, dijametralno je suprotna tvrdnjama mitropolita Metodija"},"content":{"rendered":"<p>Po nalogu ministarke kulture i medija, nadle\u017ena inspektorka je iza\u0161la na teren i u poslijepodnevnim \u010dasovima utvrdila \u010dinjeni\u010dno stanje.<\/p>\n\n\n\n<p>&#8211; Op\u0161tini Berane i meni li\u010dno, kao odgovornom licu, uru\u010den je zapisnik i rje\u0161enje kojim smo obavezani da po hitnom postupku, u roku od odmah, a najkasnije u roku od tri dana uklonimo spomenik, u skladu sa Zakonom o spomen-obilje\u017ejima.<\/p>\n\n\n\n<p>Kao odgovorna lokalna samouprava, odmah smo pokrenuli proceduru kako bi se ispunili svi preduslovi za uklanjanje spomenika. Uzimaju\u0107i u obzir slo\u017eenost situacije \u2013 anga\u017eovanje vi\u0161e lokalnih i dr\u017eavnih slu\u017ebi, obavje\u0161tavanje drugih institucija i koordinaciju sa bezbjednosnim slu\u017ebama zbog informacija da su na lokaciji prisutna lica potencijalno povezana sa slu\u017ebama iz regiona \u2013 stvoreni su uslovi da se na lice mjesta iza\u0111e deset sati nakon dono\u0161enja rje\u0161enja, tj. oko dva sata poslije pono\u0107i narednog dana &#8211; naveo je <strong>Lutovac<\/strong>.<\/p>\n\n\n\n<p>Po dolasku su, ka\u017ee,&nbsp;zatekli okupljene gra\u0111ane koji su znali za njihov dolazak i \u010dekali su ih kako bi izrazili protivljenje uklanjanju spomenika. Razgovor sa njima vo\u0111en je u mirnoj atmosferi, bez povi\u0161enih tonova, a kamoli tenzija.<\/p>\n\n\n\n<p>&#8211; Zamolio sam sve\u0161tenike, oca Milenka Ralevi\u0107a, oca Milo\u0161a Mizi\u0107a i jo\u0161 nekoliko ljudi da se, zajedno sa na\u010delnikom Babovi\u0107em i komandirom Delevi\u0107em, izdvojimo od okupljenih i razgovaramo o rje\u0161enju problema. Tom prilikom re\u010deno nam je da \u0107e za nekoliko sati u obli\u017enjoj crkvi liturgiju slu\u017eiti mitropolit Metodije, te da \u0107e prisutni postupiti u skladu s njegovim stavom \u2013 bilo da spomenik bude uklonjen, bilo da ostane &#8211; dodaje.<\/p>\n\n\n\n<p>Jasno su&nbsp;istakli da \u017eivimo u sekularnoj dr\u017eavi, da se zakoni moraju po\u0161tovati i da njihovo sprovo\u0111enje ne mo\u017ee zavisiti od bilo \u010dije rije\u010di ili stava \u2013 bez obzira da li dolazi od vjerskog poglavara, predsjednika op\u0161tine ili nekog tre\u0107eg.<\/p>\n\n\n\n<p>&#8211; Nakon konsultacija sa kolegama iz Odjeljenja bezbjednosti Berane, procijenio sam da se gra\u0111ani ne\u0107e povu\u0107i dobrovoljno i da bi uklanjanje spomenika bilo mogu\u0107e jedino uz upotrebu sile. To sam odbacio kao opciju, ne \u017eele\u0107i da se primijeni sila prema okupljenima ili njihovoj imovini. Gra\u0111anima sam saop\u0161tio da u roku od 12 sati, odnosno do 15 \u010dasova narednog dana, moraju osloboditi prilaz spomeniku kako bi slu\u017ebe mogle da pristupe i realizuju rje\u0161enje. Oni su moju namjeru da smirim tenzije shvatili i prihvatili, a potom odlu\u010dili da sami uklone spomenik &#8211; tvrdi Lutovac.<\/p>\n\n\n\n<p>Kao \u0161to je naveo Metodije, smatra&nbsp;sebe najodgovornijim za de\u0161avanja te no\u0107i u Gornjem Zaostru.<\/p>\n\n\n\n<p>&#8211; Upravo zato \u0161to sam smirivao tenzije, \u0161to nisam dozvolio primjenu sile, \u0161to sam sa\u010duvao i okupljene i slu\u017ebenike, izbjegao nova hap\u0161enja, krivi\u010dne prijave, desetine optu\u017enica i bratske sukobe i eskalaciju. Istina, potkrijepljena ovim \u010dinjenicama, dijametralno je suprotna tvrdnjama mitropolita Metodija. Spreman sam da to potvrdim i na poligrafu i pred sudom, ukoliko bude potrebno &#8211; rekao je Lutovac.<\/p>\n\n\n\n<p>Za razliku od Metodija, sve\u0161tenici Milo\u0161 Mizi\u0107 i Milenko Ralevi\u0107 pokazali su, isti\u010de, konstruktivnost i odgovornost.<\/p>\n\n\n\n<p>&#8211; Posebno isti\u010dem sve\u0161tenika Ralevi\u0107a, koji je svojim pona\u0161anjem doprinosio smirivanju tenzija, \u0161to sam mu i li\u010dno priznao i o \u010demu sam spreman da svjedo\u010dim gdje god bude potrebno.<\/p>\n\n\n\n<p>Nakon doga\u0111aja, iz ljudske i moralne obaveze, ostvario sam kontakt i sa porodicom uhap\u0161enog Dobra\u0161inovi\u0107a, \u017eele\u0107i da izrazim brigu za njegovo zdravlje i dobrobit. \u017divot i zdravlje svake osobe moraju biti za\u0161ti\u0107eni. Istovremeno, zakoni dr\u017eave moraju se po\u0161tovati, a institucije su du\u017ene da ih sprovode pravedno i nepristrasno &#8211; navodi Lutovac.<\/p>\n\n\n\n<p>Njegovu iskrenu brigu potvr\u0111uje i izjava porodice Dobra\u0161inovi\u0107a data za medije, pred Osnovnim sudom u Beranama, u kojoj su naveli da su u razgovoru sa njim nai\u0161li na razumijevanje, iako je&nbsp;osudio postavljanje spomenika.<\/p>\n\n\n\n<p>&#8211; Tako\u0111e, pominjanje gospodina Ivana Radevi\u0107a u ovom kontekstu je neutemeljeno \u2013 on je, na moj zahtjev, kao direktor jednog op\u0161tinskog preduze\u0107a, obezbijedio ma\u0161inu potrebnu za izvr\u0161enje rje\u0161enja i ni\u0161ta vi\u0161e od toga<\/p>\n\n\n\n<p>Na\u017ealost, pojedinci su uklanjanje nelegalno podignutog spomenika iskoristili za politi\u010dki obra\u010dun sa dr\u017eavnim i lokalnim vlastima. Posebno je problemati\u010dno \u0161to se poku\u0161ava nametnuti neistinit narativ da se zbog uklanjanja spomenika Srbi hapse po Crnoj Gori. Kao predsjednik Op\u0161tine Berane jasno poru\u010dujem da nikoga ne hapsim \u2013 to nije moja nadle\u017enost, niti motiv &#8211; poru\u010dio je.<\/p>\n\n\n\n<p>\u017divimo u maloj sredini, dobro se poznajemo i narod jasno prepoznaje iskrene namjere.<\/p>\n\n\n\n<p>&#8211; Moj odnos prema gra\u0111anima, zakonima i po\u0161tovanju pravnog poretka bio je i ostaje vo\u0111en odgovorno\u0161\u0107u i iskreno\u0161\u0107u. Jasan mi je cilj ovakvih izjava, a jasan je i narodu. Stojim miran pred svim \u0161to se dogodilo,&nbsp;&nbsp;sa\u010duvao sam narod i ujedno postupio po zakonu &#8211; smatra Lutovac.<\/p>\n\n\n\n<p>U srcu i duhu ostaje, kako je kazao,&nbsp;vjeran hri\u0161\u0107anskoj na\u010delnosti &#8211; oslonjen na molitvu i istinu koju Hristos donosi.<\/p>\n\n\n\n<p>&#8211; U duhu ljubavi i pra\u0161tanja po\u0161tujem svakoga, vjeruju\u0107i da pravda proizilazi iz iskrene vjere i ljubavi. Vjerujem i da \u0107e do\u0107i dan, kada \u0107e istina spajati ljude, jer samo kroz mir, koji smo kao odgovorno rukovodstvo sa\u010duvali, mo\u017eemo i\u0107i naprijed.<\/p>\n\n\n\n<p>A, vrijeme je majstorsko re\u0161eto, sve \u0107e pokazati &#8211; zaklju\u010dio je \u0110ole Lutovac.<\/p>","protected":false},"excerpt":{"rendered":"<p>Dana 7. avgusta oko 11 \u010dasova prijepodne dobio sam informaciju da je u selu Gornjem Zaostru postavljen spomenik Pavlu \u0110uri\u0161i\u0107u, na \u0161to sam, kao predsjednik Op\u0161tine, odmah reagovao saop\u0161tenjem \u010diji ste sadr\u017eaj mogli pro\u010ditati, saop\u0161tio je \u0110ole Lutovac.<\/p>","protected":false},"author":1,"featured_media":944876,"comment_status":"open","ping_status":"open","sticky":false,"template":"","format":"standard","meta":{"_acf_changed":false,"footnotes":""},"categories":[12],"tags":[546,14302],"naslovna":[],"class_list":["post-946665","post","type-post","status-publish","format-standard","has-post-thumbnail","hentry","category-politika","tag-djole-lutovac","tag-metodije"],"acf":[],"yoast_head":"<!-- This site is optimized with the Yoast SEO plugin v27.4 - https:\/\/yoast.com\/product\/yoast-seo-wordpress\/ -->\n<title>Lutovac: Istina, potkrijepljena \u010dinjenicama, dijametralno je suprotna tvrdnjama mitropolita Metodija - dmcsrb.com<\/title>\n<meta name=\"robots\" content=\"index, follow, max-snippet:-1, max-image-preview:large, max-video-preview:-1\" \/>\n<link rel=\"canonical\" href=\"https:\/\/dmcsrb.com\/en\/politika\/lutovac-istina-potkrijepljena-cinjenicama-dijametralno-je-suprotna-tvrdnjama-mitropolita-metodija\/\" \/>\n<meta property=\"og:locale\" content=\"en_GB\" \/>\n<meta property=\"og:type\" content=\"article\" \/>\n<meta property=\"og:title\" content=\"Lutovac: Istina, potkrijepljena \u010dinjenicama, dijametralno je suprotna tvrdnjama mitropolita Metodija - dmcsrb.com\" \/>\n<meta property=\"og:description\" content=\"Dana 7. avgusta oko 11 \u010dasova prijepodne dobio sam informaciju da je u selu Gornjem Zaostru postavljen spomenik Pavlu \u0110uri\u0161i\u0107u, na \u0161to sam, kao predsjednik Op\u0161tine, odmah reagovao saop\u0161tenjem \u010diji ste sadr\u017eaj mogli pro\u010ditati, saop\u0161tio je \u0110ole Lutovac.\" \/>\n<meta property=\"og:url\" content=\"https:\/\/dmcsrb.com\/en\/politika\/lutovac-istina-potkrijepljena-cinjenicama-dijametralno-je-suprotna-tvrdnjama-mitropolita-metodija\/\" \/>\n<meta property=\"og:site_name\" content=\"dmcsrb.com\" \/>\n<meta property=\"article:published_time\" content=\"2025-08-17T05:08:00+00:00\" \/>\n<meta property=\"og:image\" content=\"https:\/\/dmcsrb.com\/wp-content\/uploads\/2026\/01\/DJole-Lutovac1.webp\" \/>\n\t<meta property=\"og:image:width\" content=\"1024\" \/>\n\t<meta property=\"og:image:height\" content=\"568\" \/>\n\t<meta property=\"og:image:type\" content=\"image\/jpeg\" \/>\n<meta name=\"author\" content=\"dmcsrbija.com@gmail.com\" \/>\n<meta name=\"twitter:card\" content=\"summary_large_image\" \/>\n<meta name=\"twitter:label1\" content=\"Written by\" \/>\n\t<meta name=\"twitter:data1\" content=\"dmcsrbija.com@gmail.com\" \/>\n\t<meta name=\"twitter:label2\" content=\"Estimated reading time\" \/>\n\t<meta name=\"twitter:data2\" content=\"5 minutes\" \/>\n<script type=\"application\/ld+json\" class=\"yoast-schema-graph\">{\"@context\":\"https:\\\/\\\/schema.org\",\"@graph\":[{\"@type\":\"Article\",\"@id\":\"https:\\\/\\\/dmcsrb.com\\\/politika\\\/lutovac-istina-potkrijepljena-cinjenicama-dijametralno-je-suprotna-tvrdnjama-mitropolita-metodija\\\/#article\",\"isPartOf\":{\"@id\":\"https:\\\/\\\/dmcsrb.com\\\/politika\\\/lutovac-istina-potkrijepljena-cinjenicama-dijametralno-je-suprotna-tvrdnjama-mitropolita-metodija\\\/\"},\"author\":{\"name\":\"dmcsrbija.com@gmail.com\",\"@id\":\"https:\\\/\\\/dmcsrb.com\\\/#\\\/schema\\\/person\\\/5c39170f12db1b8b457732d0b5c854e2\"},\"headline\":\"Lutovac: Istina, potkrijepljena \u010dinjenicama, dijametralno je suprotna tvrdnjama mitropolita Metodija\",\"datePublished\":\"2025-08-17T05:08:00+00:00\",\"mainEntityOfPage\":{\"@id\":\"https:\\\/\\\/dmcsrb.com\\\/politika\\\/lutovac-istina-potkrijepljena-cinjenicama-dijametralno-je-suprotna-tvrdnjama-mitropolita-metodija\\\/\"},\"wordCount\":928,\"commentCount\":0,\"image\":{\"@id\":\"https:\\\/\\\/dmcsrb.com\\\/politika\\\/lutovac-istina-potkrijepljena-cinjenicama-dijametralno-je-suprotna-tvrdnjama-mitropolita-metodija\\\/#primaryimage\"},\"thumbnailUrl\":\"https:\\\/\\\/dmcsrb.com\\\/wp-content\\\/uploads\\\/2026\\\/01\\\/DJole-Lutovac1.webp\",\"keywords\":[\"\u0110ole Lutovac\",\"Metodije\"],\"articleSection\":[\"Politika\"],\"inLanguage\":\"en-GB\",\"potentialAction\":[{\"@type\":\"CommentAction\",\"name\":\"Comment\",\"target\":[\"https:\\\/\\\/dmcsrb.com\\\/politika\\\/lutovac-istina-potkrijepljena-cinjenicama-dijametralno-je-suprotna-tvrdnjama-mitropolita-metodija\\\/#respond\"]}]},{\"@type\":\"WebPage\",\"@id\":\"https:\\\/\\\/dmcsrb.com\\\/politika\\\/lutovac-istina-potkrijepljena-cinjenicama-dijametralno-je-suprotna-tvrdnjama-mitropolita-metodija\\\/\",\"url\":\"https:\\\/\\\/dmcsrb.com\\\/politika\\\/lutovac-istina-potkrijepljena-cinjenicama-dijametralno-je-suprotna-tvrdnjama-mitropolita-metodija\\\/\",\"name\":\"Lutovac: Istina, potkrijepljena \u010dinjenicama, dijametralno je suprotna tvrdnjama mitropolita Metodija - dmcsrb.com\",\"isPartOf\":{\"@id\":\"https:\\\/\\\/dmcsrb.com\\\/#website\"},\"primaryImageOfPage\":{\"@id\":\"https:\\\/\\\/dmcsrb.com\\\/politika\\\/lutovac-istina-potkrijepljena-cinjenicama-dijametralno-je-suprotna-tvrdnjama-mitropolita-metodija\\\/#primaryimage\"},\"image\":{\"@id\":\"https:\\\/\\\/dmcsrb.com\\\/politika\\\/lutovac-istina-potkrijepljena-cinjenicama-dijametralno-je-suprotna-tvrdnjama-mitropolita-metodija\\\/#primaryimage\"},\"thumbnailUrl\":\"https:\\\/\\\/dmcsrb.com\\\/wp-content\\\/uploads\\\/2026\\\/01\\\/DJole-Lutovac1.webp\",\"datePublished\":\"2025-08-17T05:08:00+00:00\",\"author\":{\"@id\":\"https:\\\/\\\/dmcsrb.com\\\/#\\\/schema\\\/person\\\/5c39170f12db1b8b457732d0b5c854e2\"},\"breadcrumb\":{\"@id\":\"https:\\\/\\\/dmcsrb.com\\\/politika\\\/lutovac-istina-potkrijepljena-cinjenicama-dijametralno-je-suprotna-tvrdnjama-mitropolita-metodija\\\/#breadcrumb\"},\"inLanguage\":\"en-GB\",\"potentialAction\":[{\"@type\":\"ReadAction\",\"target\":[\"https:\\\/\\\/dmcsrb.com\\\/politika\\\/lutovac-istina-potkrijepljena-cinjenicama-dijametralno-je-suprotna-tvrdnjama-mitropolita-metodija\\\/\"]}]},{\"@type\":\"ImageObject\",\"inLanguage\":\"en-GB\",\"@id\":\"https:\\\/\\\/dmcsrb.com\\\/politika\\\/lutovac-istina-potkrijepljena-cinjenicama-dijametralno-je-suprotna-tvrdnjama-mitropolita-metodija\\\/#primaryimage\",\"url\":\"https:\\\/\\\/dmcsrb.com\\\/wp-content\\\/uploads\\\/2026\\\/01\\\/DJole-Lutovac1.webp\",\"contentUrl\":\"https:\\\/\\\/dmcsrb.com\\\/wp-content\\\/uploads\\\/2026\\\/01\\\/DJole-Lutovac1.webp\",\"width\":1024,\"height\":568},{\"@type\":\"BreadcrumbList\",\"@id\":\"https:\\\/\\\/dmcsrb.com\\\/politika\\\/lutovac-istina-potkrijepljena-cinjenicama-dijametralno-je-suprotna-tvrdnjama-mitropolita-metodija\\\/#breadcrumb\",\"itemListElement\":[{\"@type\":\"ListItem\",\"position\":1,\"name\":\"Home\",\"item\":\"https:\\\/\\\/dmcsrb.com\\\/\"},{\"@type\":\"ListItem\",\"position\":2,\"name\":\"Lutovac: Istina, potkrijepljena \u010dinjenicama, dijametralno je suprotna tvrdnjama mitropolita Metodija\"}]},{\"@type\":\"WebSite\",\"@id\":\"https:\\\/\\\/dmcsrb.com\\\/#website\",\"url\":\"https:\\\/\\\/dmcsrb.com\\\/\",\"name\":\"dmcsrb.com\",\"description\":\"\",\"potentialAction\":[{\"@type\":\"SearchAction\",\"target\":{\"@type\":\"EntryPoint\",\"urlTemplate\":\"https:\\\/\\\/dmcsrb.com\\\/?s={search_term_string}\"},\"query-input\":{\"@type\":\"PropertyValueSpecification\",\"valueRequired\":true,\"valueName\":\"search_term_string\"}}],\"inLanguage\":\"en-GB\"},{\"@type\":\"Person\",\"@id\":\"https:\\\/\\\/dmcsrb.com\\\/#\\\/schema\\\/person\\\/5c39170f12db1b8b457732d0b5c854e2\",\"name\":\"dmcsrbija.com@gmail.com\",\"image\":{\"@type\":\"ImageObject\",\"inLanguage\":\"en-GB\",\"@id\":\"https:\\\/\\\/secure.gravatar.com\\\/avatar\\\/68592660ad6347fad0fb587f8d5d8f1a7b44961362f56e4f2cd524feb87e9069?s=96&d=mm&r=g\",\"url\":\"https:\\\/\\\/secure.gravatar.com\\\/avatar\\\/68592660ad6347fad0fb587f8d5d8f1a7b44961362f56e4f2cd524feb87e9069?s=96&d=mm&r=g\",\"contentUrl\":\"https:\\\/\\\/secure.gravatar.com\\\/avatar\\\/68592660ad6347fad0fb587f8d5d8f1a7b44961362f56e4f2cd524feb87e9069?s=96&d=mm&r=g\",\"caption\":\"dmcsrbija.com@gmail.com\"},\"sameAs\":[\"https:\\\/\\\/dmcsrb.com\"],\"url\":\"https:\\\/\\\/dmcsrb.com\\\/en\\\/author\\\/dmcsrbija-comgmail-com\\\/\"}]}<\/script>\n<!-- \/ Yoast SEO plugin. -->","yoast_head_json":{"title":"Lutovac: Istina, potkrijepljena \u010dinjenicama, dijametralno je suprotna tvrdnjama mitropolita Metodija - dmcsrb.com","robots":{"index":"index","follow":"follow","max-snippet":"max-snippet:-1","max-image-preview":"max-image-preview:large","max-video-preview":"max-video-preview:-1"},"canonical":"https:\/\/dmcsrb.com\/en\/politika\/lutovac-istina-potkrijepljena-cinjenicama-dijametralno-je-suprotna-tvrdnjama-mitropolita-metodija\/","og_locale":"en_GB","og_type":"article","og_title":"Lutovac: Istina, potkrijepljena \u010dinjenicama, dijametralno je suprotna tvrdnjama mitropolita Metodija - dmcsrb.com","og_description":"Dana 7. avgusta oko 11 \u010dasova prijepodne dobio sam informaciju da je u selu Gornjem Zaostru postavljen spomenik Pavlu \u0110uri\u0161i\u0107u, na \u0161to sam, kao predsjednik Op\u0161tine, odmah reagovao saop\u0161tenjem \u010diji ste sadr\u017eaj mogli pro\u010ditati, saop\u0161tio je \u0110ole Lutovac.","og_url":"https:\/\/dmcsrb.com\/en\/politika\/lutovac-istina-potkrijepljena-cinjenicama-dijametralno-je-suprotna-tvrdnjama-mitropolita-metodija\/","og_site_name":"dmcsrb.com","article_published_time":"2025-08-17T05:08:00+00:00","og_image":[{"width":1024,"height":568,"url":"https:\/\/dmcsrb.com\/wp-content\/uploads\/2026\/01\/DJole-Lutovac1.webp","type":"image\/jpeg"}],"author":"dmcsrbija.com@gmail.com","twitter_card":"summary_large_image","twitter_misc":{"Written by":"dmcsrbija.com@gmail.com","Estimated reading time":"5 minutes"},"schema":{"@context":"https:\/\/schema.org","@graph":[{"@type":"Article","@id":"https:\/\/dmcsrb.com\/politika\/lutovac-istina-potkrijepljena-cinjenicama-dijametralno-je-suprotna-tvrdnjama-mitropolita-metodija\/#article","isPartOf":{"@id":"https:\/\/dmcsrb.com\/politika\/lutovac-istina-potkrijepljena-cinjenicama-dijametralno-je-suprotna-tvrdnjama-mitropolita-metodija\/"},"author":{"name":"dmcsrbija.com@gmail.com","@id":"https:\/\/dmcsrb.com\/#\/schema\/person\/5c39170f12db1b8b457732d0b5c854e2"},"headline":"Lutovac: Istina, potkrijepljena \u010dinjenicama, dijametralno je suprotna tvrdnjama mitropolita Metodija","datePublished":"2025-08-17T05:08:00+00:00","mainEntityOfPage":{"@id":"https:\/\/dmcsrb.com\/politika\/lutovac-istina-potkrijepljena-cinjenicama-dijametralno-je-suprotna-tvrdnjama-mitropolita-metodija\/"},"wordCount":928,"commentCount":0,"image":{"@id":"https:\/\/dmcsrb.com\/politika\/lutovac-istina-potkrijepljena-cinjenicama-dijametralno-je-suprotna-tvrdnjama-mitropolita-metodija\/#primaryimage"},"thumbnailUrl":"https:\/\/dmcsrb.com\/wp-content\/uploads\/2026\/01\/DJole-Lutovac1.webp","keywords":["\u0110ole Lutovac","Metodije"],"articleSection":["Politika"],"inLanguage":"en-GB","potentialAction":[{"@type":"CommentAction","name":"Comment","target":["https:\/\/dmcsrb.com\/politika\/lutovac-istina-potkrijepljena-cinjenicama-dijametralno-je-suprotna-tvrdnjama-mitropolita-metodija\/#respond"]}]},{"@type":"WebPage","@id":"https:\/\/dmcsrb.com\/politika\/lutovac-istina-potkrijepljena-cinjenicama-dijametralno-je-suprotna-tvrdnjama-mitropolita-metodija\/","url":"https:\/\/dmcsrb.com\/politika\/lutovac-istina-potkrijepljena-cinjenicama-dijametralno-je-suprotna-tvrdnjama-mitropolita-metodija\/","name":"Lutovac: Istina, potkrijepljena \u010dinjenicama, dijametralno je suprotna tvrdnjama mitropolita Metodija - dmcsrb.com","isPartOf":{"@id":"https:\/\/dmcsrb.com\/#website"},"primaryImageOfPage":{"@id":"https:\/\/dmcsrb.com\/politika\/lutovac-istina-potkrijepljena-cinjenicama-dijametralno-je-suprotna-tvrdnjama-mitropolita-metodija\/#primaryimage"},"image":{"@id":"https:\/\/dmcsrb.com\/politika\/lutovac-istina-potkrijepljena-cinjenicama-dijametralno-je-suprotna-tvrdnjama-mitropolita-metodija\/#primaryimage"},"thumbnailUrl":"https:\/\/dmcsrb.com\/wp-content\/uploads\/2026\/01\/DJole-Lutovac1.webp","datePublished":"2025-08-17T05:08:00+00:00","author":{"@id":"https:\/\/dmcsrb.com\/#\/schema\/person\/5c39170f12db1b8b457732d0b5c854e2"},"breadcrumb":{"@id":"https:\/\/dmcsrb.com\/politika\/lutovac-istina-potkrijepljena-cinjenicama-dijametralno-je-suprotna-tvrdnjama-mitropolita-metodija\/#breadcrumb"},"inLanguage":"en-GB","potentialAction":[{"@type":"ReadAction","target":["https:\/\/dmcsrb.com\/politika\/lutovac-istina-potkrijepljena-cinjenicama-dijametralno-je-suprotna-tvrdnjama-mitropolita-metodija\/"]}]},{"@type":"ImageObject","inLanguage":"en-GB","@id":"https:\/\/dmcsrb.com\/politika\/lutovac-istina-potkrijepljena-cinjenicama-dijametralno-je-suprotna-tvrdnjama-mitropolita-metodija\/#primaryimage","url":"https:\/\/dmcsrb.com\/wp-content\/uploads\/2026\/01\/DJole-Lutovac1.webp","contentUrl":"https:\/\/dmcsrb.com\/wp-content\/uploads\/2026\/01\/DJole-Lutovac1.webp","width":1024,"height":568},{"@type":"BreadcrumbList","@id":"https:\/\/dmcsrb.com\/politika\/lutovac-istina-potkrijepljena-cinjenicama-dijametralno-je-suprotna-tvrdnjama-mitropolita-metodija\/#breadcrumb","itemListElement":[{"@type":"ListItem","position":1,"name":"Home","item":"https:\/\/dmcsrb.com\/"},{"@type":"ListItem","position":2,"name":"Lutovac: Istina, potkrijepljena \u010dinjenicama, dijametralno je suprotna tvrdnjama mitropolita Metodija"}]},{"@type":"WebSite","@id":"https:\/\/dmcsrb.com\/#website","url":"https:\/\/dmcsrb.com\/","name":"dmcsrb.com","description":"","potentialAction":[{"@type":"SearchAction","target":{"@type":"EntryPoint","urlTemplate":"https:\/\/dmcsrb.com\/?s={search_term_string}"},"query-input":{"@type":"PropertyValueSpecification","valueRequired":true,"valueName":"search_term_string"}}],"inLanguage":"en-GB"},{"@type":"Person","@id":"https:\/\/dmcsrb.com\/#\/schema\/person\/5c39170f12db1b8b457732d0b5c854e2","name":"dmcsrbija.com@gmail.com","image":{"@type":"ImageObject","inLanguage":"en-GB","@id":"https:\/\/secure.gravatar.com\/avatar\/68592660ad6347fad0fb587f8d5d8f1a7b44961362f56e4f2cd524feb87e9069?s=96&d=mm&r=g","url":"https:\/\/secure.gravatar.com\/avatar\/68592660ad6347fad0fb587f8d5d8f1a7b44961362f56e4f2cd524feb87e9069?s=96&d=mm&r=g","contentUrl":"https:\/\/secure.gravatar.com\/avatar\/68592660ad6347fad0fb587f8d5d8f1a7b44961362f56e4f2cd524feb87e9069?s=96&d=mm&r=g","caption":"dmcsrbija.com@gmail.com"},"sameAs":["https:\/\/dmcsrb.com"],"url":"https:\/\/dmcsrb.com\/en\/author\/dmcsrbija-comgmail-com\/"}]}},"_links":{"self":[{"href":"https:\/\/dmcsrb.com\/en\/wp-json\/wp\/v2\/posts\/946665","targetHints":{"allow":["GET"]}}],"collection":[{"href":"https:\/\/dmcsrb.com\/en\/wp-json\/wp\/v2\/posts"}],"about":[{"href":"https:\/\/dmcsrb.com\/en\/wp-json\/wp\/v2\/types\/post"}],"author":[{"embeddable":true,"href":"https:\/\/dmcsrb.com\/en\/wp-json\/wp\/v2\/users\/1"}],"replies":[{"embeddable":true,"href":"https:\/\/dmcsrb.com\/en\/wp-json\/wp\/v2\/comments?post=946665"}],"version-history":[{"count":0,"href":"https:\/\/dmcsrb.com\/en\/wp-json\/wp\/v2\/posts\/946665\/revisions"}],"wp:featuredmedia":[{"embeddable":true,"href":"https:\/\/dmcsrb.com\/en\/wp-json\/wp\/v2\/media\/944876"}],"wp:attachment":[{"href":"https:\/\/dmcsrb.com\/en\/wp-json\/wp\/v2\/media?parent=946665"}],"wp:term":[{"taxonomy":"category","embeddable":true,"href":"https:\/\/dmcsrb.com\/en\/wp-json\/wp\/v2\/categories?post=946665"},{"taxonomy":"post_tag","embeddable":true,"href":"https:\/\/dmcsrb.com\/en\/wp-json\/wp\/v2\/tags?post=946665"},{"taxonomy":"naslovna","embeddable":true,"href":"https:\/\/dmcsrb.com\/en\/wp-json\/wp\/v2\/naslovna?post=946665"}],"curies":[{"name":"wp","href":"https:\/\/api.w.org\/{rel}","templated":true}]}}