{"id":946588,"date":"2025-08-16T15:50:00","date_gmt":"2025-08-16T13:50:00","guid":{"rendered":"https:\/\/dmcsrb.com\/uncategorized\/dva-helikoptera-vojske-crne-gore-od-jutos-gase-pozar-u-regionu-zubera-u-opstini-bijelo-polje\/"},"modified":"2025-08-16T15:50:00","modified_gmt":"2025-08-16T13:50:00","slug":"dva-helikoptera-vojske-crne-gore-od-jutos-gase-pozar-u-regionu-zubera-u-opstini-bijelo-polje","status":"publish","type":"post","link":"https:\/\/dmcsrb.com\/en\/drustvo\/dva-helikoptera-vojske-crne-gore-od-jutos-gase-pozar-u-regionu-zubera-u-opstini-bijelo-polje\/","title":{"rendered":"Dva helikoptera Vojske Crne Gore od jutos gase po\u017ear u regionu \u017dubera u op\u0161tini Bijelo Polje"},"content":{"rendered":"<p>Helikopteri su poslati kao pomo\u0107 preko OKC-a.<\/p>\n\n\n\n<p>Slu\u017eba za\u0161tite i spa\u0161avanja Bijelo Polje obezbijedila je bazen koji cisternama dopunjava vodom, kako bi helikopteri mogli da dejstvuju.&nbsp;<\/p>\n\n\n\n<p><\/p>","protected":false},"excerpt":{"rendered":"<p>Dva vojna helikoptera Bell 412 Vojske Crne Gore od jutos gase po\u017ear u regionu \u017dubera, op\u0161tina Bijelo Polje, asistiraju\u0107i Slu\u017ebi spa\u0161avanja Bijelo Polje, koja ve\u0107 vi\u0161e dana gasi ovaj \u0161umski po\u017ear.<\/p>","protected":false},"author":1,"featured_media":946589,"comment_status":"open","ping_status":"open","sticky":false,"template":"","format":"standard","meta":{"_acf_changed":false,"footnotes":""},"categories":[2],"tags":[1144,4516,843],"naslovna":[],"class_list":["post-946588","post","type-post","status-publish","format-standard","has-post-thumbnail","hentry","category-drustvo","tag-bijelo-polje","tag-helikopter","tag-vcg"],"acf":[],"yoast_head":"<!-- This site is optimized with the Yoast SEO plugin v27.4 - https:\/\/yoast.com\/product\/yoast-seo-wordpress\/ -->\n<title>Dva helikoptera Vojske Crne Gore od jutos gase po\u017ear u regionu \u017dubera u op\u0161tini Bijelo Polje - dmcsrb.com<\/title>\n<meta name=\"robots\" content=\"index, follow, max-snippet:-1, max-image-preview:large, max-video-preview:-1\" \/>\n<link rel=\"canonical\" href=\"https:\/\/dmcsrb.com\/en\/drustvo\/dva-helikoptera-vojske-crne-gore-od-jutos-gase-pozar-u-regionu-zubera-u-opstini-bijelo-polje\/\" \/>\n<meta property=\"og:locale\" content=\"en_GB\" \/>\n<meta property=\"og:type\" content=\"article\" \/>\n<meta property=\"og:title\" content=\"Dva helikoptera Vojske Crne Gore od jutos gase po\u017ear u regionu \u017dubera u op\u0161tini Bijelo Polje - dmcsrb.com\" \/>\n<meta property=\"og:description\" content=\"Dva vojna helikoptera Bell 412 Vojske Crne Gore od jutos gase po\u017ear u regionu \u017dubera, op\u0161tina Bijelo Polje, asistiraju\u0107i Slu\u017ebi spa\u0161avanja Bijelo Polje, koja ve\u0107 vi\u0161e dana gasi ovaj \u0161umski po\u017ear.\" \/>\n<meta property=\"og:url\" content=\"https:\/\/dmcsrb.com\/en\/drustvo\/dva-helikoptera-vojske-crne-gore-od-jutos-gase-pozar-u-regionu-zubera-u-opstini-bijelo-polje\/\" \/>\n<meta property=\"og:site_name\" content=\"dmcsrb.com\" \/>\n<meta property=\"article:published_time\" content=\"2025-08-16T13:50:00+00:00\" \/>\n<meta property=\"og:image\" content=\"https:\/\/dmcsrb.com\/wp-content\/uploads\/2026\/01\/hhhh-e1755358807788.webp\" \/>\n\t<meta property=\"og:image:width\" content=\"605\" \/>\n\t<meta property=\"og:image:height\" content=\"609\" \/>\n\t<meta property=\"og:image:type\" content=\"image\/jpeg\" \/>\n<meta name=\"author\" content=\"dmcsrbija.com@gmail.com\" \/>\n<meta name=\"twitter:card\" content=\"summary_large_image\" \/>\n<meta name=\"twitter:label1\" content=\"Written by\" \/>\n\t<meta name=\"twitter:data1\" content=\"dmcsrbija.com@gmail.com\" \/>\n<script type=\"application\/ld+json\" class=\"yoast-schema-graph\">{\"@context\":\"https:\\\/\\\/schema.org\",\"@graph\":[{\"@type\":\"Article\",\"@id\":\"https:\\\/\\\/dmcsrb.com\\\/drustvo\\\/dva-helikoptera-vojske-crne-gore-od-jutos-gase-pozar-u-regionu-zubera-u-opstini-bijelo-polje\\\/#article\",\"isPartOf\":{\"@id\":\"https:\\\/\\\/dmcsrb.com\\\/drustvo\\\/dva-helikoptera-vojske-crne-gore-od-jutos-gase-pozar-u-regionu-zubera-u-opstini-bijelo-polje\\\/\"},\"author\":{\"name\":\"dmcsrbija.com@gmail.com\",\"@id\":\"https:\\\/\\\/dmcsrb.com\\\/#\\\/schema\\\/person\\\/5c39170f12db1b8b457732d0b5c854e2\"},\"headline\":\"Dva helikoptera Vojske Crne Gore od jutos gase po\u017ear u regionu \u017dubera u op\u0161tini Bijelo Polje\",\"datePublished\":\"2025-08-16T13:50:00+00:00\",\"mainEntityOfPage\":{\"@id\":\"https:\\\/\\\/dmcsrb.com\\\/drustvo\\\/dva-helikoptera-vojske-crne-gore-od-jutos-gase-pozar-u-regionu-zubera-u-opstini-bijelo-polje\\\/\"},\"wordCount\":48,\"commentCount\":0,\"image\":{\"@id\":\"https:\\\/\\\/dmcsrb.com\\\/drustvo\\\/dva-helikoptera-vojske-crne-gore-od-jutos-gase-pozar-u-regionu-zubera-u-opstini-bijelo-polje\\\/#primaryimage\"},\"thumbnailUrl\":\"https:\\\/\\\/dmcsrb.com\\\/wp-content\\\/uploads\\\/2026\\\/01\\\/hhhh-e1755358807788.webp\",\"keywords\":[\"Bijelo Polje\",\"Helikopter\",\"VCG\"],\"articleSection\":[\"Dru\u0161tvo\"],\"inLanguage\":\"en-GB\",\"potentialAction\":[{\"@type\":\"CommentAction\",\"name\":\"Comment\",\"target\":[\"https:\\\/\\\/dmcsrb.com\\\/drustvo\\\/dva-helikoptera-vojske-crne-gore-od-jutos-gase-pozar-u-regionu-zubera-u-opstini-bijelo-polje\\\/#respond\"]}]},{\"@type\":\"WebPage\",\"@id\":\"https:\\\/\\\/dmcsrb.com\\\/drustvo\\\/dva-helikoptera-vojske-crne-gore-od-jutos-gase-pozar-u-regionu-zubera-u-opstini-bijelo-polje\\\/\",\"url\":\"https:\\\/\\\/dmcsrb.com\\\/drustvo\\\/dva-helikoptera-vojske-crne-gore-od-jutos-gase-pozar-u-regionu-zubera-u-opstini-bijelo-polje\\\/\",\"name\":\"Dva helikoptera Vojske Crne Gore od jutos gase po\u017ear u regionu \u017dubera u op\u0161tini Bijelo Polje - dmcsrb.com\",\"isPartOf\":{\"@id\":\"https:\\\/\\\/dmcsrb.com\\\/#website\"},\"primaryImageOfPage\":{\"@id\":\"https:\\\/\\\/dmcsrb.com\\\/drustvo\\\/dva-helikoptera-vojske-crne-gore-od-jutos-gase-pozar-u-regionu-zubera-u-opstini-bijelo-polje\\\/#primaryimage\"},\"image\":{\"@id\":\"https:\\\/\\\/dmcsrb.com\\\/drustvo\\\/dva-helikoptera-vojske-crne-gore-od-jutos-gase-pozar-u-regionu-zubera-u-opstini-bijelo-polje\\\/#primaryimage\"},\"thumbnailUrl\":\"https:\\\/\\\/dmcsrb.com\\\/wp-content\\\/uploads\\\/2026\\\/01\\\/hhhh-e1755358807788.webp\",\"datePublished\":\"2025-08-16T13:50:00+00:00\",\"author\":{\"@id\":\"https:\\\/\\\/dmcsrb.com\\\/#\\\/schema\\\/person\\\/5c39170f12db1b8b457732d0b5c854e2\"},\"breadcrumb\":{\"@id\":\"https:\\\/\\\/dmcsrb.com\\\/drustvo\\\/dva-helikoptera-vojske-crne-gore-od-jutos-gase-pozar-u-regionu-zubera-u-opstini-bijelo-polje\\\/#breadcrumb\"},\"inLanguage\":\"en-GB\",\"potentialAction\":[{\"@type\":\"ReadAction\",\"target\":[\"https:\\\/\\\/dmcsrb.com\\\/drustvo\\\/dva-helikoptera-vojske-crne-gore-od-jutos-gase-pozar-u-regionu-zubera-u-opstini-bijelo-polje\\\/\"]}]},{\"@type\":\"ImageObject\",\"inLanguage\":\"en-GB\",\"@id\":\"https:\\\/\\\/dmcsrb.com\\\/drustvo\\\/dva-helikoptera-vojske-crne-gore-od-jutos-gase-pozar-u-regionu-zubera-u-opstini-bijelo-polje\\\/#primaryimage\",\"url\":\"https:\\\/\\\/dmcsrb.com\\\/wp-content\\\/uploads\\\/2026\\\/01\\\/hhhh-e1755358807788.webp\",\"contentUrl\":\"https:\\\/\\\/dmcsrb.com\\\/wp-content\\\/uploads\\\/2026\\\/01\\\/hhhh-e1755358807788.webp\",\"width\":605,\"height\":609},{\"@type\":\"BreadcrumbList\",\"@id\":\"https:\\\/\\\/dmcsrb.com\\\/drustvo\\\/dva-helikoptera-vojske-crne-gore-od-jutos-gase-pozar-u-regionu-zubera-u-opstini-bijelo-polje\\\/#breadcrumb\",\"itemListElement\":[{\"@type\":\"ListItem\",\"position\":1,\"name\":\"Home\",\"item\":\"https:\\\/\\\/dmcsrb.com\\\/\"},{\"@type\":\"ListItem\",\"position\":2,\"name\":\"Dva helikoptera Vojske Crne Gore od jutos gase po\u017ear u regionu \u017dubera u op\u0161tini Bijelo Polje\"}]},{\"@type\":\"WebSite\",\"@id\":\"https:\\\/\\\/dmcsrb.com\\\/#website\",\"url\":\"https:\\\/\\\/dmcsrb.com\\\/\",\"name\":\"dmcsrb.com\",\"description\":\"\",\"potentialAction\":[{\"@type\":\"SearchAction\",\"target\":{\"@type\":\"EntryPoint\",\"urlTemplate\":\"https:\\\/\\\/dmcsrb.com\\\/?s={search_term_string}\"},\"query-input\":{\"@type\":\"PropertyValueSpecification\",\"valueRequired\":true,\"valueName\":\"search_term_string\"}}],\"inLanguage\":\"en-GB\"},{\"@type\":\"Person\",\"@id\":\"https:\\\/\\\/dmcsrb.com\\\/#\\\/schema\\\/person\\\/5c39170f12db1b8b457732d0b5c854e2\",\"name\":\"dmcsrbija.com@gmail.com\",\"image\":{\"@type\":\"ImageObject\",\"inLanguage\":\"en-GB\",\"@id\":\"https:\\\/\\\/secure.gravatar.com\\\/avatar\\\/68592660ad6347fad0fb587f8d5d8f1a7b44961362f56e4f2cd524feb87e9069?s=96&d=mm&r=g\",\"url\":\"https:\\\/\\\/secure.gravatar.com\\\/avatar\\\/68592660ad6347fad0fb587f8d5d8f1a7b44961362f56e4f2cd524feb87e9069?s=96&d=mm&r=g\",\"contentUrl\":\"https:\\\/\\\/secure.gravatar.com\\\/avatar\\\/68592660ad6347fad0fb587f8d5d8f1a7b44961362f56e4f2cd524feb87e9069?s=96&d=mm&r=g\",\"caption\":\"dmcsrbija.com@gmail.com\"},\"sameAs\":[\"https:\\\/\\\/dmcsrb.com\"],\"url\":\"https:\\\/\\\/dmcsrb.com\\\/en\\\/author\\\/dmcsrbija-comgmail-com\\\/\"}]}<\/script>\n<!-- \/ Yoast SEO plugin. -->","yoast_head_json":{"title":"Dva helikoptera Vojske Crne Gore od jutos gase po\u017ear u regionu \u017dubera u op\u0161tini Bijelo Polje - dmcsrb.com","robots":{"index":"index","follow":"follow","max-snippet":"max-snippet:-1","max-image-preview":"max-image-preview:large","max-video-preview":"max-video-preview:-1"},"canonical":"https:\/\/dmcsrb.com\/en\/drustvo\/dva-helikoptera-vojske-crne-gore-od-jutos-gase-pozar-u-regionu-zubera-u-opstini-bijelo-polje\/","og_locale":"en_GB","og_type":"article","og_title":"Dva helikoptera Vojske Crne Gore od jutos gase po\u017ear u regionu \u017dubera u op\u0161tini Bijelo Polje - dmcsrb.com","og_description":"Dva vojna helikoptera Bell 412 Vojske Crne Gore od jutos gase po\u017ear u regionu \u017dubera, op\u0161tina Bijelo Polje, asistiraju\u0107i Slu\u017ebi spa\u0161avanja Bijelo Polje, koja ve\u0107 vi\u0161e dana gasi ovaj \u0161umski po\u017ear.","og_url":"https:\/\/dmcsrb.com\/en\/drustvo\/dva-helikoptera-vojske-crne-gore-od-jutos-gase-pozar-u-regionu-zubera-u-opstini-bijelo-polje\/","og_site_name":"dmcsrb.com","article_published_time":"2025-08-16T13:50:00+00:00","og_image":[{"width":605,"height":609,"url":"https:\/\/dmcsrb.com\/wp-content\/uploads\/2026\/01\/hhhh-e1755358807788.webp","type":"image\/jpeg"}],"author":"dmcsrbija.com@gmail.com","twitter_card":"summary_large_image","twitter_misc":{"Written by":"dmcsrbija.com@gmail.com"},"schema":{"@context":"https:\/\/schema.org","@graph":[{"@type":"Article","@id":"https:\/\/dmcsrb.com\/drustvo\/dva-helikoptera-vojske-crne-gore-od-jutos-gase-pozar-u-regionu-zubera-u-opstini-bijelo-polje\/#article","isPartOf":{"@id":"https:\/\/dmcsrb.com\/drustvo\/dva-helikoptera-vojske-crne-gore-od-jutos-gase-pozar-u-regionu-zubera-u-opstini-bijelo-polje\/"},"author":{"name":"dmcsrbija.com@gmail.com","@id":"https:\/\/dmcsrb.com\/#\/schema\/person\/5c39170f12db1b8b457732d0b5c854e2"},"headline":"Dva helikoptera Vojske Crne Gore od jutos gase po\u017ear u regionu \u017dubera u op\u0161tini Bijelo Polje","datePublished":"2025-08-16T13:50:00+00:00","mainEntityOfPage":{"@id":"https:\/\/dmcsrb.com\/drustvo\/dva-helikoptera-vojske-crne-gore-od-jutos-gase-pozar-u-regionu-zubera-u-opstini-bijelo-polje\/"},"wordCount":48,"commentCount":0,"image":{"@id":"https:\/\/dmcsrb.com\/drustvo\/dva-helikoptera-vojske-crne-gore-od-jutos-gase-pozar-u-regionu-zubera-u-opstini-bijelo-polje\/#primaryimage"},"thumbnailUrl":"https:\/\/dmcsrb.com\/wp-content\/uploads\/2026\/01\/hhhh-e1755358807788.webp","keywords":["Bijelo Polje","Helikopter","VCG"],"articleSection":["Dru\u0161tvo"],"inLanguage":"en-GB","potentialAction":[{"@type":"CommentAction","name":"Comment","target":["https:\/\/dmcsrb.com\/drustvo\/dva-helikoptera-vojske-crne-gore-od-jutos-gase-pozar-u-regionu-zubera-u-opstini-bijelo-polje\/#respond"]}]},{"@type":"WebPage","@id":"https:\/\/dmcsrb.com\/drustvo\/dva-helikoptera-vojske-crne-gore-od-jutos-gase-pozar-u-regionu-zubera-u-opstini-bijelo-polje\/","url":"https:\/\/dmcsrb.com\/drustvo\/dva-helikoptera-vojske-crne-gore-od-jutos-gase-pozar-u-regionu-zubera-u-opstini-bijelo-polje\/","name":"Dva helikoptera Vojske Crne Gore od jutos gase po\u017ear u regionu \u017dubera u op\u0161tini Bijelo Polje - dmcsrb.com","isPartOf":{"@id":"https:\/\/dmcsrb.com\/#website"},"primaryImageOfPage":{"@id":"https:\/\/dmcsrb.com\/drustvo\/dva-helikoptera-vojske-crne-gore-od-jutos-gase-pozar-u-regionu-zubera-u-opstini-bijelo-polje\/#primaryimage"},"image":{"@id":"https:\/\/dmcsrb.com\/drustvo\/dva-helikoptera-vojske-crne-gore-od-jutos-gase-pozar-u-regionu-zubera-u-opstini-bijelo-polje\/#primaryimage"},"thumbnailUrl":"https:\/\/dmcsrb.com\/wp-content\/uploads\/2026\/01\/hhhh-e1755358807788.webp","datePublished":"2025-08-16T13:50:00+00:00","author":{"@id":"https:\/\/dmcsrb.com\/#\/schema\/person\/5c39170f12db1b8b457732d0b5c854e2"},"breadcrumb":{"@id":"https:\/\/dmcsrb.com\/drustvo\/dva-helikoptera-vojske-crne-gore-od-jutos-gase-pozar-u-regionu-zubera-u-opstini-bijelo-polje\/#breadcrumb"},"inLanguage":"en-GB","potentialAction":[{"@type":"ReadAction","target":["https:\/\/dmcsrb.com\/drustvo\/dva-helikoptera-vojske-crne-gore-od-jutos-gase-pozar-u-regionu-zubera-u-opstini-bijelo-polje\/"]}]},{"@type":"ImageObject","inLanguage":"en-GB","@id":"https:\/\/dmcsrb.com\/drustvo\/dva-helikoptera-vojske-crne-gore-od-jutos-gase-pozar-u-regionu-zubera-u-opstini-bijelo-polje\/#primaryimage","url":"https:\/\/dmcsrb.com\/wp-content\/uploads\/2026\/01\/hhhh-e1755358807788.webp","contentUrl":"https:\/\/dmcsrb.com\/wp-content\/uploads\/2026\/01\/hhhh-e1755358807788.webp","width":605,"height":609},{"@type":"BreadcrumbList","@id":"https:\/\/dmcsrb.com\/drustvo\/dva-helikoptera-vojske-crne-gore-od-jutos-gase-pozar-u-regionu-zubera-u-opstini-bijelo-polje\/#breadcrumb","itemListElement":[{"@type":"ListItem","position":1,"name":"Home","item":"https:\/\/dmcsrb.com\/"},{"@type":"ListItem","position":2,"name":"Dva helikoptera Vojske Crne Gore od jutos gase po\u017ear u regionu \u017dubera u op\u0161tini Bijelo Polje"}]},{"@type":"WebSite","@id":"https:\/\/dmcsrb.com\/#website","url":"https:\/\/dmcsrb.com\/","name":"dmcsrb.com","description":"","potentialAction":[{"@type":"SearchAction","target":{"@type":"EntryPoint","urlTemplate":"https:\/\/dmcsrb.com\/?s={search_term_string}"},"query-input":{"@type":"PropertyValueSpecification","valueRequired":true,"valueName":"search_term_string"}}],"inLanguage":"en-GB"},{"@type":"Person","@id":"https:\/\/dmcsrb.com\/#\/schema\/person\/5c39170f12db1b8b457732d0b5c854e2","name":"dmcsrbija.com@gmail.com","image":{"@type":"ImageObject","inLanguage":"en-GB","@id":"https:\/\/secure.gravatar.com\/avatar\/68592660ad6347fad0fb587f8d5d8f1a7b44961362f56e4f2cd524feb87e9069?s=96&d=mm&r=g","url":"https:\/\/secure.gravatar.com\/avatar\/68592660ad6347fad0fb587f8d5d8f1a7b44961362f56e4f2cd524feb87e9069?s=96&d=mm&r=g","contentUrl":"https:\/\/secure.gravatar.com\/avatar\/68592660ad6347fad0fb587f8d5d8f1a7b44961362f56e4f2cd524feb87e9069?s=96&d=mm&r=g","caption":"dmcsrbija.com@gmail.com"},"sameAs":["https:\/\/dmcsrb.com"],"url":"https:\/\/dmcsrb.com\/en\/author\/dmcsrbija-comgmail-com\/"}]}},"_links":{"self":[{"href":"https:\/\/dmcsrb.com\/en\/wp-json\/wp\/v2\/posts\/946588","targetHints":{"allow":["GET"]}}],"collection":[{"href":"https:\/\/dmcsrb.com\/en\/wp-json\/wp\/v2\/posts"}],"about":[{"href":"https:\/\/dmcsrb.com\/en\/wp-json\/wp\/v2\/types\/post"}],"author":[{"embeddable":true,"href":"https:\/\/dmcsrb.com\/en\/wp-json\/wp\/v2\/users\/1"}],"replies":[{"embeddable":true,"href":"https:\/\/dmcsrb.com\/en\/wp-json\/wp\/v2\/comments?post=946588"}],"version-history":[{"count":0,"href":"https:\/\/dmcsrb.com\/en\/wp-json\/wp\/v2\/posts\/946588\/revisions"}],"wp:featuredmedia":[{"embeddable":true,"href":"https:\/\/dmcsrb.com\/en\/wp-json\/wp\/v2\/media\/946589"}],"wp:attachment":[{"href":"https:\/\/dmcsrb.com\/en\/wp-json\/wp\/v2\/media?parent=946588"}],"wp:term":[{"taxonomy":"category","embeddable":true,"href":"https:\/\/dmcsrb.com\/en\/wp-json\/wp\/v2\/categories?post=946588"},{"taxonomy":"post_tag","embeddable":true,"href":"https:\/\/dmcsrb.com\/en\/wp-json\/wp\/v2\/tags?post=946588"},{"taxonomy":"naslovna","embeddable":true,"href":"https:\/\/dmcsrb.com\/en\/wp-json\/wp\/v2\/naslovna?post=946588"}],"curies":[{"name":"wp","href":"https:\/\/api.w.org\/{rel}","templated":true}]}}