{"id":946557,"date":"2025-08-16T12:55:00","date_gmt":"2025-08-16T10:55:00","guid":{"rendered":"https:\/\/dmcsrb.com\/uncategorized\/odbojkasi-docekuju-norvesku-za-kraj-kvalifikacija\/"},"modified":"2025-08-16T12:55:00","modified_gmt":"2025-08-16T10:55:00","slug":"odbojkasi-docekuju-norvesku-za-kraj-kvalifikacija","status":"publish","type":"post","link":"https:\/\/dmcsrb.com\/en\/sport\/odbojkasi-docekuju-norvesku-za-kraj-kvalifikacija\/","title":{"rendered":"Odbojka\u0161i do\u010dekuju Norve\u0161ku za kraj kvalifikacija"},"content":{"rendered":"<p>Bi\u0107e to prilika za mladi tim\u00a0Ivice\u00a0Jevti\u0107a\u00a0da se revan\u0161ira Norve\u017eanima za poraz u Arendalu (3:0) i da ostvari prvu pobjedu u grupi C, koju je sa svim pobjedama osvojila \u010ce\u0161ka. Upravo va\u017enost trijumfa za samopouzdanje i napredak isti\u010de i srednji bloker,\u00a0Matija \u0106in\u0107ur.<\/p>\n\n\n\n<p>\u201eIako smo izgubili sve \u0161anse da se kvalifikujemo na Evropsko prvenstvo, utakmica sa Norve\u0161kom je jako bitna za na\u0161u generaciju, za mentalitet ekipe, za neki dugoro\u010dniji cilj. U nedjelju \u0107e biti zahtjevna utakmica, selekcija Norve\u0161ke je kvalitetna \u2013 ekipa to je pokazala i pro\u0161le godine, njima je potrebna pobjeda za plasman na \u0161ampionat, ali to ne\u0107e uticati na na\u0161 pristup i cilj \u2013 to je svakako pobjeda. Iskoristio bih priliku da jo\u0161 jednom pozovem publiku, da nas podr\u017ei u \u0161to ve\u0107em broju i pomogne nam da ove kvalifikacije zavr\u0161imo pobjedom\u201c,\u00a0kazao je\u00a0\u0106in\u0107ur.<\/p>\n\n\n\n<p>U tim se vra\u0107a tehni\u010dar\u00a0Rastko Milenkovi\u0107, nakon problema sa virusom u \u010ce\u0161koj, u srijedu. Korektor\u00a0Milutin Pavi\u0107evi\u0107\u00a0nagla\u0161ava da je ekipa spremna.<\/p>\n\n\n\n<blockquote class=\"wp-block-quote is-layout-flow wp-block-quote-is-layout-flow\">\n<p>Za nas me\u010d nema rezultatski zna\u010daj, ali da\u0107emo sve od sebe da pred doma\u0107om publikom savladamo ekipu Norve\u0161ke. Nadam se da \u0107emo zaokru\u017eiti ovaj ciklus pobjedom. Ekipa je zdrava u ovom trenutku, u prethodnom me\u010du nismo mogli da ra\u010dunamo na na\u0161eg tehni\u010dara Milenkovi\u0107a. O\u010dekujem dobru utakmicu u nedjelju i borbu do poslednjeg poena\u201c, izjavio je\u00a0Pavi\u0107evi\u0107.<\/p>\n\n\n\n<p>Norve\u0161ka, sa jednom pobjedom u tri me\u010da, i dalje ima \u0161ansu da se na\u0111e me\u0111u pet najboljih drugoplasiranih selekcija iz sedam grupa, ali zna\u010dajno zavisi od ishoda nekoliko me\u010deva \u0161irom Evrope.<\/p>\n\n\n\n<p>Sudije me\u010da su\u00a0Bernard Valentar\u00a0iz Slovenije i\u00a0Dejan Rogi\u0107\u00a0iz Srbije. Ulaz u dvoranu SC \u201eKola\u0161in\u201c je slobodan, a prenos me\u010da je na RTCG2.<\/p>\n\n\n\n<p>Na Evropskom prvenstvu u septembru 2026. godine, u Italiji, Bugarskoj, Finskoj i Rumuniji, uz \u010detiri selekcije doma\u0107ina, takmi\u010di\u0107e se Poljska, Slovenija, Francuska, Holandija, Srbija, Ukrajina, Njema\u010dka i Portugal, na osnovu plasmana sa prethodnog \u0161ampionata, a uo\u010di posljednjeg kola mjesto na turniru obezbijedile su i \u010ce\u0161ka, Belgija, Turska, Estonija, Gr\u010dka, Slova\u010dka, \u0160vajcarska, Danska i \u0160vedska.<\/p>\n<\/blockquote>\n\n\n\n<p><\/p>","protected":false},"excerpt":{"rendered":"<p>Mu\u0161ka odbojka\u0161ka reprezentacija Crne Gore zaklju\u010di\u0107e kvalifikacije za Evropsko prvenstvo 2026. godine duelom sa Norve\u0161kom, koju \u0107e ugostiti u nedjelju, u SC \u201eKola\u0161in\u201c, sa po\u010detkom u 19 sati.<\/p>","protected":false},"author":1,"featured_media":946558,"comment_status":"open","ping_status":"open","sticky":false,"template":"","format":"standard","meta":{"_acf_changed":false,"footnotes":""},"categories":[148],"tags":[2151,17778,17779],"naslovna":[],"class_list":["post-946557","post","type-post","status-publish","format-standard","has-post-thumbnail","hentry","category-sport","tag-muska-odbojkaska-reprezentacija-crne-gore","tag-muska-odbojkaska-reprezentacija-norveske","tag-pripreme-za-kvalifikacije-za-evropsko-prvenstvo-2026"],"acf":[],"yoast_head":"<!-- This site is optimized with the Yoast SEO plugin v27.0 - https:\/\/yoast.com\/product\/yoast-seo-wordpress\/ -->\n<title>Odbojka\u0161i do\u010dekuju Norve\u0161ku za kraj kvalifikacija - dmcsrb.com<\/title>\n<meta name=\"robots\" content=\"index, follow, max-snippet:-1, max-image-preview:large, max-video-preview:-1\" \/>\n<link rel=\"canonical\" href=\"https:\/\/dmcsrb.com\/en\/sport\/odbojkasi-docekuju-norvesku-za-kraj-kvalifikacija\/\" \/>\n<meta property=\"og:locale\" content=\"en_GB\" \/>\n<meta property=\"og:type\" content=\"article\" \/>\n<meta property=\"og:title\" content=\"Odbojka\u0161i do\u010dekuju Norve\u0161ku za kraj kvalifikacija - dmcsrb.com\" \/>\n<meta property=\"og:description\" content=\"Mu\u0161ka odbojka\u0161ka reprezentacija Crne Gore zaklju\u010di\u0107e kvalifikacije za Evropsko prvenstvo 2026. godine duelom sa Norve\u0161kom, koju \u0107e ugostiti u nedjelju, u SC \u201eKola\u0161in\u201c, sa po\u010detkom u 19 sati.\" \/>\n<meta property=\"og:url\" content=\"https:\/\/dmcsrb.com\/en\/sport\/odbojkasi-docekuju-norvesku-za-kraj-kvalifikacija\/\" \/>\n<meta property=\"og:site_name\" content=\"dmcsrb.com\" \/>\n<meta property=\"article:published_time\" content=\"2025-08-16T10:55:00+00:00\" \/>\n<meta property=\"og:image\" content=\"https:\/\/dmcsrb.com\/wp-content\/uploads\/2026\/01\/Odbojkasi-CEV.webp\" \/>\n\t<meta property=\"og:image:width\" content=\"2000\" \/>\n\t<meta property=\"og:image:height\" content=\"1333\" \/>\n\t<meta property=\"og:image:type\" content=\"image\/jpeg\" \/>\n<meta name=\"author\" content=\"dmcsrbija.com@gmail.com\" \/>\n<meta name=\"twitter:card\" content=\"summary_large_image\" \/>\n<meta name=\"twitter:label1\" content=\"Written by\" \/>\n\t<meta name=\"twitter:data1\" content=\"dmcsrbija.com@gmail.com\" \/>\n\t<meta name=\"twitter:label2\" content=\"Estimated reading time\" \/>\n\t<meta name=\"twitter:data2\" content=\"2 minutes\" \/>\n<script type=\"application\/ld+json\" class=\"yoast-schema-graph\">{\"@context\":\"https:\/\/schema.org\",\"@graph\":[{\"@type\":\"Article\",\"@id\":\"https:\/\/dmcsrb.com\/sport\/odbojkasi-docekuju-norvesku-za-kraj-kvalifikacija\/#article\",\"isPartOf\":{\"@id\":\"https:\/\/dmcsrb.com\/sport\/odbojkasi-docekuju-norvesku-za-kraj-kvalifikacija\/\"},\"author\":{\"name\":\"dmcsrbija.com@gmail.com\",\"@id\":\"https:\/\/dmcsrb.com\/#\/schema\/person\/5c39170f12db1b8b457732d0b5c854e2\"},\"headline\":\"Odbojka\u0161i do\u010dekuju Norve\u0161ku za kraj kvalifikacija\",\"datePublished\":\"2025-08-16T10:55:00+00:00\",\"mainEntityOfPage\":{\"@id\":\"https:\/\/dmcsrb.com\/sport\/odbojkasi-docekuju-norvesku-za-kraj-kvalifikacija\/\"},\"wordCount\":384,\"commentCount\":0,\"image\":{\"@id\":\"https:\/\/dmcsrb.com\/sport\/odbojkasi-docekuju-norvesku-za-kraj-kvalifikacija\/#primaryimage\"},\"thumbnailUrl\":\"https:\/\/dmcsrb.com\/wp-content\/uploads\/2026\/01\/Odbojkasi-CEV.webp\",\"keywords\":[\"Mu\u0161ka odbojka\u0161ka reprezentacija Crne Gore\",\"Mu\u0161ka odbojka\u0161ka reprezentacija Norve\u0161ke\",\"pripreme za kvalifikacije za Evropsko prvenstvo 2026\"],\"articleSection\":[\"Sport\"],\"inLanguage\":\"en-GB\",\"potentialAction\":[{\"@type\":\"CommentAction\",\"name\":\"Comment\",\"target\":[\"https:\/\/dmcsrb.com\/sport\/odbojkasi-docekuju-norvesku-za-kraj-kvalifikacija\/#respond\"]}]},{\"@type\":\"WebPage\",\"@id\":\"https:\/\/dmcsrb.com\/sport\/odbojkasi-docekuju-norvesku-za-kraj-kvalifikacija\/\",\"url\":\"https:\/\/dmcsrb.com\/sport\/odbojkasi-docekuju-norvesku-za-kraj-kvalifikacija\/\",\"name\":\"Odbojka\u0161i do\u010dekuju Norve\u0161ku za kraj kvalifikacija - dmcsrb.com\",\"isPartOf\":{\"@id\":\"https:\/\/dmcsrb.com\/#website\"},\"primaryImageOfPage\":{\"@id\":\"https:\/\/dmcsrb.com\/sport\/odbojkasi-docekuju-norvesku-za-kraj-kvalifikacija\/#primaryimage\"},\"image\":{\"@id\":\"https:\/\/dmcsrb.com\/sport\/odbojkasi-docekuju-norvesku-za-kraj-kvalifikacija\/#primaryimage\"},\"thumbnailUrl\":\"https:\/\/dmcsrb.com\/wp-content\/uploads\/2026\/01\/Odbojkasi-CEV.webp\",\"datePublished\":\"2025-08-16T10:55:00+00:00\",\"author\":{\"@id\":\"https:\/\/dmcsrb.com\/#\/schema\/person\/5c39170f12db1b8b457732d0b5c854e2\"},\"breadcrumb\":{\"@id\":\"https:\/\/dmcsrb.com\/sport\/odbojkasi-docekuju-norvesku-za-kraj-kvalifikacija\/#breadcrumb\"},\"inLanguage\":\"en-GB\",\"potentialAction\":[{\"@type\":\"ReadAction\",\"target\":[\"https:\/\/dmcsrb.com\/sport\/odbojkasi-docekuju-norvesku-za-kraj-kvalifikacija\/\"]}]},{\"@type\":\"ImageObject\",\"inLanguage\":\"en-GB\",\"@id\":\"https:\/\/dmcsrb.com\/sport\/odbojkasi-docekuju-norvesku-za-kraj-kvalifikacija\/#primaryimage\",\"url\":\"https:\/\/dmcsrb.com\/wp-content\/uploads\/2026\/01\/Odbojkasi-CEV.webp\",\"contentUrl\":\"https:\/\/dmcsrb.com\/wp-content\/uploads\/2026\/01\/Odbojkasi-CEV.webp\",\"width\":2000,\"height\":1333},{\"@type\":\"BreadcrumbList\",\"@id\":\"https:\/\/dmcsrb.com\/sport\/odbojkasi-docekuju-norvesku-za-kraj-kvalifikacija\/#breadcrumb\",\"itemListElement\":[{\"@type\":\"ListItem\",\"position\":1,\"name\":\"Home\",\"item\":\"https:\/\/dmcsrb.com\/\"},{\"@type\":\"ListItem\",\"position\":2,\"name\":\"Odbojka\u0161i do\u010dekuju Norve\u0161ku za kraj kvalifikacija\"}]},{\"@type\":\"WebSite\",\"@id\":\"https:\/\/dmcsrb.com\/#website\",\"url\":\"https:\/\/dmcsrb.com\/\",\"name\":\"dmcsrb.com\",\"description\":\"\",\"potentialAction\":[{\"@type\":\"SearchAction\",\"target\":{\"@type\":\"EntryPoint\",\"urlTemplate\":\"https:\/\/dmcsrb.com\/?s={search_term_string}\"},\"query-input\":{\"@type\":\"PropertyValueSpecification\",\"valueRequired\":true,\"valueName\":\"search_term_string\"}}],\"inLanguage\":\"en-GB\"},{\"@type\":\"Person\",\"@id\":\"https:\/\/dmcsrb.com\/#\/schema\/person\/5c39170f12db1b8b457732d0b5c854e2\",\"name\":\"dmcsrbija.com@gmail.com\",\"image\":{\"@type\":\"ImageObject\",\"inLanguage\":\"en-GB\",\"@id\":\"https:\/\/dmcsrb.com\/#\/schema\/person\/image\/\",\"url\":\"https:\/\/secure.gravatar.com\/avatar\/68592660ad6347fad0fb587f8d5d8f1a7b44961362f56e4f2cd524feb87e9069?s=96&d=mm&r=g\",\"contentUrl\":\"https:\/\/secure.gravatar.com\/avatar\/68592660ad6347fad0fb587f8d5d8f1a7b44961362f56e4f2cd524feb87e9069?s=96&d=mm&r=g\",\"caption\":\"dmcsrbija.com@gmail.com\"},\"sameAs\":[\"https:\/\/dmcsrb.com\"],\"url\":\"https:\/\/dmcsrb.com\/en\/author\/dmcsrbija-comgmail-com\/\"}]}<\/script>\n<!-- \/ Yoast SEO plugin. -->","yoast_head_json":{"title":"Odbojka\u0161i do\u010dekuju Norve\u0161ku za kraj kvalifikacija - dmcsrb.com","robots":{"index":"index","follow":"follow","max-snippet":"max-snippet:-1","max-image-preview":"max-image-preview:large","max-video-preview":"max-video-preview:-1"},"canonical":"https:\/\/dmcsrb.com\/en\/sport\/odbojkasi-docekuju-norvesku-za-kraj-kvalifikacija\/","og_locale":"en_GB","og_type":"article","og_title":"Odbojka\u0161i do\u010dekuju Norve\u0161ku za kraj kvalifikacija - dmcsrb.com","og_description":"Mu\u0161ka odbojka\u0161ka reprezentacija Crne Gore zaklju\u010di\u0107e kvalifikacije za Evropsko prvenstvo 2026. godine duelom sa Norve\u0161kom, koju \u0107e ugostiti u nedjelju, u SC \u201eKola\u0161in\u201c, sa po\u010detkom u 19 sati.","og_url":"https:\/\/dmcsrb.com\/en\/sport\/odbojkasi-docekuju-norvesku-za-kraj-kvalifikacija\/","og_site_name":"dmcsrb.com","article_published_time":"2025-08-16T10:55:00+00:00","og_image":[{"width":2000,"height":1333,"url":"https:\/\/dmcsrb.com\/wp-content\/uploads\/2026\/01\/Odbojkasi-CEV.webp","type":"image\/jpeg"}],"author":"dmcsrbija.com@gmail.com","twitter_card":"summary_large_image","twitter_misc":{"Written by":"dmcsrbija.com@gmail.com","Estimated reading time":"2 minutes"},"schema":{"@context":"https:\/\/schema.org","@graph":[{"@type":"Article","@id":"https:\/\/dmcsrb.com\/sport\/odbojkasi-docekuju-norvesku-za-kraj-kvalifikacija\/#article","isPartOf":{"@id":"https:\/\/dmcsrb.com\/sport\/odbojkasi-docekuju-norvesku-za-kraj-kvalifikacija\/"},"author":{"name":"dmcsrbija.com@gmail.com","@id":"https:\/\/dmcsrb.com\/#\/schema\/person\/5c39170f12db1b8b457732d0b5c854e2"},"headline":"Odbojka\u0161i do\u010dekuju Norve\u0161ku za kraj kvalifikacija","datePublished":"2025-08-16T10:55:00+00:00","mainEntityOfPage":{"@id":"https:\/\/dmcsrb.com\/sport\/odbojkasi-docekuju-norvesku-za-kraj-kvalifikacija\/"},"wordCount":384,"commentCount":0,"image":{"@id":"https:\/\/dmcsrb.com\/sport\/odbojkasi-docekuju-norvesku-za-kraj-kvalifikacija\/#primaryimage"},"thumbnailUrl":"https:\/\/dmcsrb.com\/wp-content\/uploads\/2026\/01\/Odbojkasi-CEV.webp","keywords":["Mu\u0161ka odbojka\u0161ka reprezentacija Crne Gore","Mu\u0161ka odbojka\u0161ka reprezentacija Norve\u0161ke","pripreme za kvalifikacije za Evropsko prvenstvo 2026"],"articleSection":["Sport"],"inLanguage":"en-GB","potentialAction":[{"@type":"CommentAction","name":"Comment","target":["https:\/\/dmcsrb.com\/sport\/odbojkasi-docekuju-norvesku-za-kraj-kvalifikacija\/#respond"]}]},{"@type":"WebPage","@id":"https:\/\/dmcsrb.com\/sport\/odbojkasi-docekuju-norvesku-za-kraj-kvalifikacija\/","url":"https:\/\/dmcsrb.com\/sport\/odbojkasi-docekuju-norvesku-za-kraj-kvalifikacija\/","name":"Odbojka\u0161i do\u010dekuju Norve\u0161ku za kraj kvalifikacija - dmcsrb.com","isPartOf":{"@id":"https:\/\/dmcsrb.com\/#website"},"primaryImageOfPage":{"@id":"https:\/\/dmcsrb.com\/sport\/odbojkasi-docekuju-norvesku-za-kraj-kvalifikacija\/#primaryimage"},"image":{"@id":"https:\/\/dmcsrb.com\/sport\/odbojkasi-docekuju-norvesku-za-kraj-kvalifikacija\/#primaryimage"},"thumbnailUrl":"https:\/\/dmcsrb.com\/wp-content\/uploads\/2026\/01\/Odbojkasi-CEV.webp","datePublished":"2025-08-16T10:55:00+00:00","author":{"@id":"https:\/\/dmcsrb.com\/#\/schema\/person\/5c39170f12db1b8b457732d0b5c854e2"},"breadcrumb":{"@id":"https:\/\/dmcsrb.com\/sport\/odbojkasi-docekuju-norvesku-za-kraj-kvalifikacija\/#breadcrumb"},"inLanguage":"en-GB","potentialAction":[{"@type":"ReadAction","target":["https:\/\/dmcsrb.com\/sport\/odbojkasi-docekuju-norvesku-za-kraj-kvalifikacija\/"]}]},{"@type":"ImageObject","inLanguage":"en-GB","@id":"https:\/\/dmcsrb.com\/sport\/odbojkasi-docekuju-norvesku-za-kraj-kvalifikacija\/#primaryimage","url":"https:\/\/dmcsrb.com\/wp-content\/uploads\/2026\/01\/Odbojkasi-CEV.webp","contentUrl":"https:\/\/dmcsrb.com\/wp-content\/uploads\/2026\/01\/Odbojkasi-CEV.webp","width":2000,"height":1333},{"@type":"BreadcrumbList","@id":"https:\/\/dmcsrb.com\/sport\/odbojkasi-docekuju-norvesku-za-kraj-kvalifikacija\/#breadcrumb","itemListElement":[{"@type":"ListItem","position":1,"name":"Home","item":"https:\/\/dmcsrb.com\/"},{"@type":"ListItem","position":2,"name":"Odbojka\u0161i do\u010dekuju Norve\u0161ku za kraj kvalifikacija"}]},{"@type":"WebSite","@id":"https:\/\/dmcsrb.com\/#website","url":"https:\/\/dmcsrb.com\/","name":"dmcsrb.com","description":"","potentialAction":[{"@type":"SearchAction","target":{"@type":"EntryPoint","urlTemplate":"https:\/\/dmcsrb.com\/?s={search_term_string}"},"query-input":{"@type":"PropertyValueSpecification","valueRequired":true,"valueName":"search_term_string"}}],"inLanguage":"en-GB"},{"@type":"Person","@id":"https:\/\/dmcsrb.com\/#\/schema\/person\/5c39170f12db1b8b457732d0b5c854e2","name":"dmcsrbija.com@gmail.com","image":{"@type":"ImageObject","inLanguage":"en-GB","@id":"https:\/\/dmcsrb.com\/#\/schema\/person\/image\/","url":"https:\/\/secure.gravatar.com\/avatar\/68592660ad6347fad0fb587f8d5d8f1a7b44961362f56e4f2cd524feb87e9069?s=96&d=mm&r=g","contentUrl":"https:\/\/secure.gravatar.com\/avatar\/68592660ad6347fad0fb587f8d5d8f1a7b44961362f56e4f2cd524feb87e9069?s=96&d=mm&r=g","caption":"dmcsrbija.com@gmail.com"},"sameAs":["https:\/\/dmcsrb.com"],"url":"https:\/\/dmcsrb.com\/en\/author\/dmcsrbija-comgmail-com\/"}]}},"_links":{"self":[{"href":"https:\/\/dmcsrb.com\/en\/wp-json\/wp\/v2\/posts\/946557","targetHints":{"allow":["GET"]}}],"collection":[{"href":"https:\/\/dmcsrb.com\/en\/wp-json\/wp\/v2\/posts"}],"about":[{"href":"https:\/\/dmcsrb.com\/en\/wp-json\/wp\/v2\/types\/post"}],"author":[{"embeddable":true,"href":"https:\/\/dmcsrb.com\/en\/wp-json\/wp\/v2\/users\/1"}],"replies":[{"embeddable":true,"href":"https:\/\/dmcsrb.com\/en\/wp-json\/wp\/v2\/comments?post=946557"}],"version-history":[{"count":0,"href":"https:\/\/dmcsrb.com\/en\/wp-json\/wp\/v2\/posts\/946557\/revisions"}],"wp:featuredmedia":[{"embeddable":true,"href":"https:\/\/dmcsrb.com\/en\/wp-json\/wp\/v2\/media\/946558"}],"wp:attachment":[{"href":"https:\/\/dmcsrb.com\/en\/wp-json\/wp\/v2\/media?parent=946557"}],"wp:term":[{"taxonomy":"category","embeddable":true,"href":"https:\/\/dmcsrb.com\/en\/wp-json\/wp\/v2\/categories?post=946557"},{"taxonomy":"post_tag","embeddable":true,"href":"https:\/\/dmcsrb.com\/en\/wp-json\/wp\/v2\/tags?post=946557"},{"taxonomy":"naslovna","embeddable":true,"href":"https:\/\/dmcsrb.com\/en\/wp-json\/wp\/v2\/naslovna?post=946557"}],"curies":[{"name":"wp","href":"https:\/\/api.w.org\/{rel}","templated":true}]}}