{"id":946533,"date":"2025-08-16T10:47:00","date_gmt":"2025-08-16T08:47:00","guid":{"rendered":"https:\/\/dmcsrb.com\/uncategorized\/novakovic-djurovic-umjesto-da-planira-i-razvija-ova-vlada-ciljano-unistava-prostor-crne-gore\/"},"modified":"2025-08-16T10:47:00","modified_gmt":"2025-08-16T08:47:00","slug":"novakovic-djurovic-umjesto-da-planira-i-razvija-ova-vlada-ciljano-unistava-prostor-crne-gore","status":"publish","type":"post","link":"https:\/\/dmcsrb.com\/en\/politika\/novakovic-djurovic-umjesto-da-planira-i-razvija-ova-vlada-ciljano-unistava-prostor-crne-gore\/","title":{"rendered":"Novakovi\u0107 \u0110urovi\u0107: Umjesto da planira i razvija, ova Vlada ciljano uni\u0161tava prostor Crne Gore"},"content":{"rendered":"<p><br><br><\/p>\n\n\n\n<p><\/p>\n\n\n\n<p><\/p>\n\n\n\n<p>Govore\u0107i o tome \u0161ta je 44. Vlada uradila prostoru Crne Gore samo u nekoliko mjeseci, Novakovi\u0107 \u0110urovi\u0107 pobrojala je sljede\u0107e:<\/p>\n\n\n\n<p>          Potpisala sporazum sa UAE, prema kojem \u0107e investitori planirati na\u0161 prostor;<\/p>\n\n\n\n<p>          Uz grubo kr\u0161enje procedura donijela Prostorni plan Crne Gore i u njega uvrstila sporne i neutemeljene projekte, poput Vrljeg brda;<\/p>\n\n\n\n<p><\/p>\n\n\n\n<p>           Niz je nastavljen podlim gestom \u2013 iskori\u0161\u0107ena je trenutna situacija, kada je fokus javnosti na po\u017earima u Crnoj Gori, kako bi se donio \u0161tetni prostorni plan za Glavni grad.<\/p>\n\n\n\n<p>Novakovi\u0107 \u0110urovi\u0107 poziva ministara Radunovi\u0107a da odgovori koji su ga razlozi hitnosti naveli da se PUP Podgorice usvaja na elektronskoj sjednici, tokom odmora.<\/p>\n\n\n\n<p>\u201cOvakav na\u010din dono\u0161enja odluka pokazuje samo jedno, prostor za korupciju\u201d, naglasila je potpredsjednica GP URA dodaju\u0107i da to potvr\u0111uje i \u010dinjenica da Vlada, u slu\u010daju projekta Velje brdo, ignori\u0161e upozorenja institucija da takva gradnja mo\u017ee direktno ugroziti snabdijevanje Podgorice vodom sa Mareze.<\/p>\n\n\n\n<p>Novakovi\u0107 \u0110urovi\u0107 ka\u017ee da ovi postupci u svega nekoliko mjeseci jasno pokazuju da nema slu\u010dajnosti ve\u0107 da je rije\u010d o obrascu pona\u0161anja vladaju\u0107e ve\u0107ine, kao \u0161to su kr\u0161enje zakona, ignorisanje struke i javnosti, te zloupotreba kriznih situacija sa ciljem uni\u0161tavanja prostora u korist investitora.<\/p>\n\n\n\n<p>\u201cDa bi se prostor Crne Gore sa\u010duvao, sa vlasti mora oti\u0107i ova ve\u0107ina koja ga sistemski uni\u0161tava\u201d, zaklju\u010dila je Novakovi\u0107 \u0110urovi\u0107.<\/p>","protected":false},"excerpt":{"rendered":"<p>Usvajanje PUP-a Podgorice na elektronskoj sjednici, zajedno sa drugim planskim dokumentima, nastavlja niz bahatog i besprizornog odnosa 44. Vlade prema najva\u017enijem resursu \u2013 prostoru, istakla je Ana Novakovi\u0107 \u0110urovi\u0107, potpredsjednica Gra\u0111anskog pokreta URA.<\/p>","protected":false},"author":1,"featured_media":946534,"comment_status":"open","ping_status":"open","sticky":false,"template":"","format":"standard","meta":{"_acf_changed":false,"footnotes":""},"categories":[12],"tags":[17769,17770,13],"naslovna":[],"class_list":["post-946533","post","type-post","status-publish","format-standard","has-post-thumbnail","hentry","category-politika","tag-novakovic-djurovic","tag-prostor","tag-vlada"],"acf":[],"yoast_head":"<!-- This site is optimized with the Yoast SEO plugin v27.0 - https:\/\/yoast.com\/product\/yoast-seo-wordpress\/ -->\n<title>Novakovi\u0107 \u0110urovi\u0107: Umjesto da planira i razvija, ova Vlada ciljano uni\u0161tava prostor Crne Gore - dmcsrb.com<\/title>\n<meta name=\"robots\" content=\"index, follow, max-snippet:-1, max-image-preview:large, max-video-preview:-1\" \/>\n<link rel=\"canonical\" href=\"https:\/\/dmcsrb.com\/en\/politika\/novakovic-djurovic-umjesto-da-planira-i-razvija-ova-vlada-ciljano-unistava-prostor-crne-gore\/\" \/>\n<meta property=\"og:locale\" content=\"en_GB\" \/>\n<meta property=\"og:type\" content=\"article\" \/>\n<meta property=\"og:title\" content=\"Novakovi\u0107 \u0110urovi\u0107: Umjesto da planira i razvija, ova Vlada ciljano uni\u0161tava prostor Crne Gore - dmcsrb.com\" \/>\n<meta property=\"og:description\" content=\"Usvajanje PUP-a Podgorice na elektronskoj sjednici, zajedno sa drugim planskim dokumentima, nastavlja niz bahatog i besprizornog odnosa 44. Vlade prema najva\u017enijem resursu \u2013 prostoru, istakla je Ana Novakovi\u0107 \u0110urovi\u0107, potpredsjednica Gra\u0111anskog pokreta URA.\" \/>\n<meta property=\"og:url\" content=\"https:\/\/dmcsrb.com\/en\/politika\/novakovic-djurovic-umjesto-da-planira-i-razvija-ova-vlada-ciljano-unistava-prostor-crne-gore\/\" \/>\n<meta property=\"og:site_name\" content=\"dmcsrb.com\" \/>\n<meta property=\"article:published_time\" content=\"2025-08-16T08:47:00+00:00\" \/>\n<meta property=\"og:image\" content=\"https:\/\/dmcsrb.com\/wp-content\/uploads\/2026\/01\/novakovic-djurovic.webp\" \/>\n\t<meta property=\"og:image:width\" content=\"2048\" \/>\n\t<meta property=\"og:image:height\" content=\"1366\" \/>\n\t<meta property=\"og:image:type\" content=\"image\/jpeg\" \/>\n<meta name=\"author\" content=\"dmcsrbija.com@gmail.com\" \/>\n<meta name=\"twitter:card\" content=\"summary_large_image\" \/>\n<meta name=\"twitter:label1\" content=\"Written by\" \/>\n\t<meta name=\"twitter:data1\" content=\"dmcsrbija.com@gmail.com\" \/>\n\t<meta name=\"twitter:label2\" content=\"Estimated reading time\" \/>\n\t<meta name=\"twitter:data2\" content=\"1 minute\" \/>\n<script type=\"application\/ld+json\" class=\"yoast-schema-graph\">{\"@context\":\"https:\/\/schema.org\",\"@graph\":[{\"@type\":\"Article\",\"@id\":\"https:\/\/dmcsrb.com\/politika\/novakovic-djurovic-umjesto-da-planira-i-razvija-ova-vlada-ciljano-unistava-prostor-crne-gore\/#article\",\"isPartOf\":{\"@id\":\"https:\/\/dmcsrb.com\/politika\/novakovic-djurovic-umjesto-da-planira-i-razvija-ova-vlada-ciljano-unistava-prostor-crne-gore\/\"},\"author\":{\"name\":\"dmcsrbija.com@gmail.com\",\"@id\":\"https:\/\/dmcsrb.com\/#\/schema\/person\/5c39170f12db1b8b457732d0b5c854e2\"},\"headline\":\"Novakovi\u0107 \u0110urovi\u0107: Umjesto da planira i razvija, ova Vlada ciljano uni\u0161tava prostor Crne Gore\",\"datePublished\":\"2025-08-16T08:47:00+00:00\",\"mainEntityOfPage\":{\"@id\":\"https:\/\/dmcsrb.com\/politika\/novakovic-djurovic-umjesto-da-planira-i-razvija-ova-vlada-ciljano-unistava-prostor-crne-gore\/\"},\"wordCount\":248,\"commentCount\":0,\"image\":{\"@id\":\"https:\/\/dmcsrb.com\/politika\/novakovic-djurovic-umjesto-da-planira-i-razvija-ova-vlada-ciljano-unistava-prostor-crne-gore\/#primaryimage\"},\"thumbnailUrl\":\"https:\/\/dmcsrb.com\/wp-content\/uploads\/2026\/01\/novakovic-djurovic.webp\",\"keywords\":[\"Novakovi\u0107 \u0110urovi\u0107\",\"prostor\",\"vlada\"],\"articleSection\":[\"Politika\"],\"inLanguage\":\"en-GB\",\"potentialAction\":[{\"@type\":\"CommentAction\",\"name\":\"Comment\",\"target\":[\"https:\/\/dmcsrb.com\/politika\/novakovic-djurovic-umjesto-da-planira-i-razvija-ova-vlada-ciljano-unistava-prostor-crne-gore\/#respond\"]}]},{\"@type\":\"WebPage\",\"@id\":\"https:\/\/dmcsrb.com\/politika\/novakovic-djurovic-umjesto-da-planira-i-razvija-ova-vlada-ciljano-unistava-prostor-crne-gore\/\",\"url\":\"https:\/\/dmcsrb.com\/politika\/novakovic-djurovic-umjesto-da-planira-i-razvija-ova-vlada-ciljano-unistava-prostor-crne-gore\/\",\"name\":\"Novakovi\u0107 \u0110urovi\u0107: Umjesto da planira i razvija, ova Vlada ciljano uni\u0161tava prostor Crne Gore - dmcsrb.com\",\"isPartOf\":{\"@id\":\"https:\/\/dmcsrb.com\/#website\"},\"primaryImageOfPage\":{\"@id\":\"https:\/\/dmcsrb.com\/politika\/novakovic-djurovic-umjesto-da-planira-i-razvija-ova-vlada-ciljano-unistava-prostor-crne-gore\/#primaryimage\"},\"image\":{\"@id\":\"https:\/\/dmcsrb.com\/politika\/novakovic-djurovic-umjesto-da-planira-i-razvija-ova-vlada-ciljano-unistava-prostor-crne-gore\/#primaryimage\"},\"thumbnailUrl\":\"https:\/\/dmcsrb.com\/wp-content\/uploads\/2026\/01\/novakovic-djurovic.webp\",\"datePublished\":\"2025-08-16T08:47:00+00:00\",\"author\":{\"@id\":\"https:\/\/dmcsrb.com\/#\/schema\/person\/5c39170f12db1b8b457732d0b5c854e2\"},\"breadcrumb\":{\"@id\":\"https:\/\/dmcsrb.com\/politika\/novakovic-djurovic-umjesto-da-planira-i-razvija-ova-vlada-ciljano-unistava-prostor-crne-gore\/#breadcrumb\"},\"inLanguage\":\"en-GB\",\"potentialAction\":[{\"@type\":\"ReadAction\",\"target\":[\"https:\/\/dmcsrb.com\/politika\/novakovic-djurovic-umjesto-da-planira-i-razvija-ova-vlada-ciljano-unistava-prostor-crne-gore\/\"]}]},{\"@type\":\"ImageObject\",\"inLanguage\":\"en-GB\",\"@id\":\"https:\/\/dmcsrb.com\/politika\/novakovic-djurovic-umjesto-da-planira-i-razvija-ova-vlada-ciljano-unistava-prostor-crne-gore\/#primaryimage\",\"url\":\"https:\/\/dmcsrb.com\/wp-content\/uploads\/2026\/01\/novakovic-djurovic.webp\",\"contentUrl\":\"https:\/\/dmcsrb.com\/wp-content\/uploads\/2026\/01\/novakovic-djurovic.webp\",\"width\":2048,\"height\":1366},{\"@type\":\"BreadcrumbList\",\"@id\":\"https:\/\/dmcsrb.com\/politika\/novakovic-djurovic-umjesto-da-planira-i-razvija-ova-vlada-ciljano-unistava-prostor-crne-gore\/#breadcrumb\",\"itemListElement\":[{\"@type\":\"ListItem\",\"position\":1,\"name\":\"Home\",\"item\":\"https:\/\/dmcsrb.com\/\"},{\"@type\":\"ListItem\",\"position\":2,\"name\":\"Novakovi\u0107 \u0110urovi\u0107: Umjesto da planira i razvija, ova Vlada ciljano uni\u0161tava prostor Crne Gore\"}]},{\"@type\":\"WebSite\",\"@id\":\"https:\/\/dmcsrb.com\/#website\",\"url\":\"https:\/\/dmcsrb.com\/\",\"name\":\"dmcsrb.com\",\"description\":\"\",\"potentialAction\":[{\"@type\":\"SearchAction\",\"target\":{\"@type\":\"EntryPoint\",\"urlTemplate\":\"https:\/\/dmcsrb.com\/?s={search_term_string}\"},\"query-input\":{\"@type\":\"PropertyValueSpecification\",\"valueRequired\":true,\"valueName\":\"search_term_string\"}}],\"inLanguage\":\"en-GB\"},{\"@type\":\"Person\",\"@id\":\"https:\/\/dmcsrb.com\/#\/schema\/person\/5c39170f12db1b8b457732d0b5c854e2\",\"name\":\"dmcsrbija.com@gmail.com\",\"image\":{\"@type\":\"ImageObject\",\"inLanguage\":\"en-GB\",\"@id\":\"https:\/\/dmcsrb.com\/#\/schema\/person\/image\/\",\"url\":\"https:\/\/secure.gravatar.com\/avatar\/68592660ad6347fad0fb587f8d5d8f1a7b44961362f56e4f2cd524feb87e9069?s=96&d=mm&r=g\",\"contentUrl\":\"https:\/\/secure.gravatar.com\/avatar\/68592660ad6347fad0fb587f8d5d8f1a7b44961362f56e4f2cd524feb87e9069?s=96&d=mm&r=g\",\"caption\":\"dmcsrbija.com@gmail.com\"},\"sameAs\":[\"https:\/\/dmcsrb.com\"],\"url\":\"https:\/\/dmcsrb.com\/en\/author\/dmcsrbija-comgmail-com\/\"}]}<\/script>\n<!-- \/ Yoast SEO plugin. -->","yoast_head_json":{"title":"Novakovi\u0107 \u0110urovi\u0107: Umjesto da planira i razvija, ova Vlada ciljano uni\u0161tava prostor Crne Gore - dmcsrb.com","robots":{"index":"index","follow":"follow","max-snippet":"max-snippet:-1","max-image-preview":"max-image-preview:large","max-video-preview":"max-video-preview:-1"},"canonical":"https:\/\/dmcsrb.com\/en\/politika\/novakovic-djurovic-umjesto-da-planira-i-razvija-ova-vlada-ciljano-unistava-prostor-crne-gore\/","og_locale":"en_GB","og_type":"article","og_title":"Novakovi\u0107 \u0110urovi\u0107: Umjesto da planira i razvija, ova Vlada ciljano uni\u0161tava prostor Crne Gore - dmcsrb.com","og_description":"Usvajanje PUP-a Podgorice na elektronskoj sjednici, zajedno sa drugim planskim dokumentima, nastavlja niz bahatog i besprizornog odnosa 44. Vlade prema najva\u017enijem resursu \u2013 prostoru, istakla je Ana Novakovi\u0107 \u0110urovi\u0107, potpredsjednica Gra\u0111anskog pokreta URA.","og_url":"https:\/\/dmcsrb.com\/en\/politika\/novakovic-djurovic-umjesto-da-planira-i-razvija-ova-vlada-ciljano-unistava-prostor-crne-gore\/","og_site_name":"dmcsrb.com","article_published_time":"2025-08-16T08:47:00+00:00","og_image":[{"width":2048,"height":1366,"url":"https:\/\/dmcsrb.com\/wp-content\/uploads\/2026\/01\/novakovic-djurovic.webp","type":"image\/jpeg"}],"author":"dmcsrbija.com@gmail.com","twitter_card":"summary_large_image","twitter_misc":{"Written by":"dmcsrbija.com@gmail.com","Estimated reading time":"1 minute"},"schema":{"@context":"https:\/\/schema.org","@graph":[{"@type":"Article","@id":"https:\/\/dmcsrb.com\/politika\/novakovic-djurovic-umjesto-da-planira-i-razvija-ova-vlada-ciljano-unistava-prostor-crne-gore\/#article","isPartOf":{"@id":"https:\/\/dmcsrb.com\/politika\/novakovic-djurovic-umjesto-da-planira-i-razvija-ova-vlada-ciljano-unistava-prostor-crne-gore\/"},"author":{"name":"dmcsrbija.com@gmail.com","@id":"https:\/\/dmcsrb.com\/#\/schema\/person\/5c39170f12db1b8b457732d0b5c854e2"},"headline":"Novakovi\u0107 \u0110urovi\u0107: Umjesto da planira i razvija, ova Vlada ciljano uni\u0161tava prostor Crne Gore","datePublished":"2025-08-16T08:47:00+00:00","mainEntityOfPage":{"@id":"https:\/\/dmcsrb.com\/politika\/novakovic-djurovic-umjesto-da-planira-i-razvija-ova-vlada-ciljano-unistava-prostor-crne-gore\/"},"wordCount":248,"commentCount":0,"image":{"@id":"https:\/\/dmcsrb.com\/politika\/novakovic-djurovic-umjesto-da-planira-i-razvija-ova-vlada-ciljano-unistava-prostor-crne-gore\/#primaryimage"},"thumbnailUrl":"https:\/\/dmcsrb.com\/wp-content\/uploads\/2026\/01\/novakovic-djurovic.webp","keywords":["Novakovi\u0107 \u0110urovi\u0107","prostor","vlada"],"articleSection":["Politika"],"inLanguage":"en-GB","potentialAction":[{"@type":"CommentAction","name":"Comment","target":["https:\/\/dmcsrb.com\/politika\/novakovic-djurovic-umjesto-da-planira-i-razvija-ova-vlada-ciljano-unistava-prostor-crne-gore\/#respond"]}]},{"@type":"WebPage","@id":"https:\/\/dmcsrb.com\/politika\/novakovic-djurovic-umjesto-da-planira-i-razvija-ova-vlada-ciljano-unistava-prostor-crne-gore\/","url":"https:\/\/dmcsrb.com\/politika\/novakovic-djurovic-umjesto-da-planira-i-razvija-ova-vlada-ciljano-unistava-prostor-crne-gore\/","name":"Novakovi\u0107 \u0110urovi\u0107: Umjesto da planira i razvija, ova Vlada ciljano uni\u0161tava prostor Crne Gore - dmcsrb.com","isPartOf":{"@id":"https:\/\/dmcsrb.com\/#website"},"primaryImageOfPage":{"@id":"https:\/\/dmcsrb.com\/politika\/novakovic-djurovic-umjesto-da-planira-i-razvija-ova-vlada-ciljano-unistava-prostor-crne-gore\/#primaryimage"},"image":{"@id":"https:\/\/dmcsrb.com\/politika\/novakovic-djurovic-umjesto-da-planira-i-razvija-ova-vlada-ciljano-unistava-prostor-crne-gore\/#primaryimage"},"thumbnailUrl":"https:\/\/dmcsrb.com\/wp-content\/uploads\/2026\/01\/novakovic-djurovic.webp","datePublished":"2025-08-16T08:47:00+00:00","author":{"@id":"https:\/\/dmcsrb.com\/#\/schema\/person\/5c39170f12db1b8b457732d0b5c854e2"},"breadcrumb":{"@id":"https:\/\/dmcsrb.com\/politika\/novakovic-djurovic-umjesto-da-planira-i-razvija-ova-vlada-ciljano-unistava-prostor-crne-gore\/#breadcrumb"},"inLanguage":"en-GB","potentialAction":[{"@type":"ReadAction","target":["https:\/\/dmcsrb.com\/politika\/novakovic-djurovic-umjesto-da-planira-i-razvija-ova-vlada-ciljano-unistava-prostor-crne-gore\/"]}]},{"@type":"ImageObject","inLanguage":"en-GB","@id":"https:\/\/dmcsrb.com\/politika\/novakovic-djurovic-umjesto-da-planira-i-razvija-ova-vlada-ciljano-unistava-prostor-crne-gore\/#primaryimage","url":"https:\/\/dmcsrb.com\/wp-content\/uploads\/2026\/01\/novakovic-djurovic.webp","contentUrl":"https:\/\/dmcsrb.com\/wp-content\/uploads\/2026\/01\/novakovic-djurovic.webp","width":2048,"height":1366},{"@type":"BreadcrumbList","@id":"https:\/\/dmcsrb.com\/politika\/novakovic-djurovic-umjesto-da-planira-i-razvija-ova-vlada-ciljano-unistava-prostor-crne-gore\/#breadcrumb","itemListElement":[{"@type":"ListItem","position":1,"name":"Home","item":"https:\/\/dmcsrb.com\/"},{"@type":"ListItem","position":2,"name":"Novakovi\u0107 \u0110urovi\u0107: Umjesto da planira i razvija, ova Vlada ciljano uni\u0161tava prostor Crne Gore"}]},{"@type":"WebSite","@id":"https:\/\/dmcsrb.com\/#website","url":"https:\/\/dmcsrb.com\/","name":"dmcsrb.com","description":"","potentialAction":[{"@type":"SearchAction","target":{"@type":"EntryPoint","urlTemplate":"https:\/\/dmcsrb.com\/?s={search_term_string}"},"query-input":{"@type":"PropertyValueSpecification","valueRequired":true,"valueName":"search_term_string"}}],"inLanguage":"en-GB"},{"@type":"Person","@id":"https:\/\/dmcsrb.com\/#\/schema\/person\/5c39170f12db1b8b457732d0b5c854e2","name":"dmcsrbija.com@gmail.com","image":{"@type":"ImageObject","inLanguage":"en-GB","@id":"https:\/\/dmcsrb.com\/#\/schema\/person\/image\/","url":"https:\/\/secure.gravatar.com\/avatar\/68592660ad6347fad0fb587f8d5d8f1a7b44961362f56e4f2cd524feb87e9069?s=96&d=mm&r=g","contentUrl":"https:\/\/secure.gravatar.com\/avatar\/68592660ad6347fad0fb587f8d5d8f1a7b44961362f56e4f2cd524feb87e9069?s=96&d=mm&r=g","caption":"dmcsrbija.com@gmail.com"},"sameAs":["https:\/\/dmcsrb.com"],"url":"https:\/\/dmcsrb.com\/en\/author\/dmcsrbija-comgmail-com\/"}]}},"_links":{"self":[{"href":"https:\/\/dmcsrb.com\/en\/wp-json\/wp\/v2\/posts\/946533","targetHints":{"allow":["GET"]}}],"collection":[{"href":"https:\/\/dmcsrb.com\/en\/wp-json\/wp\/v2\/posts"}],"about":[{"href":"https:\/\/dmcsrb.com\/en\/wp-json\/wp\/v2\/types\/post"}],"author":[{"embeddable":true,"href":"https:\/\/dmcsrb.com\/en\/wp-json\/wp\/v2\/users\/1"}],"replies":[{"embeddable":true,"href":"https:\/\/dmcsrb.com\/en\/wp-json\/wp\/v2\/comments?post=946533"}],"version-history":[{"count":0,"href":"https:\/\/dmcsrb.com\/en\/wp-json\/wp\/v2\/posts\/946533\/revisions"}],"wp:featuredmedia":[{"embeddable":true,"href":"https:\/\/dmcsrb.com\/en\/wp-json\/wp\/v2\/media\/946534"}],"wp:attachment":[{"href":"https:\/\/dmcsrb.com\/en\/wp-json\/wp\/v2\/media?parent=946533"}],"wp:term":[{"taxonomy":"category","embeddable":true,"href":"https:\/\/dmcsrb.com\/en\/wp-json\/wp\/v2\/categories?post=946533"},{"taxonomy":"post_tag","embeddable":true,"href":"https:\/\/dmcsrb.com\/en\/wp-json\/wp\/v2\/tags?post=946533"},{"taxonomy":"naslovna","embeddable":true,"href":"https:\/\/dmcsrb.com\/en\/wp-json\/wp\/v2\/naslovna?post=946533"}],"curies":[{"name":"wp","href":"https:\/\/api.w.org\/{rel}","templated":true}]}}