{"id":946514,"date":"2025-08-16T11:15:00","date_gmt":"2025-08-16T09:15:00","guid":{"rendered":"https:\/\/dmcsrb.com\/uncategorized\/stijena-piperska-mjestane-koji-su-bili-u-okruzenju-vatrenog-obruca-dvostrukim-naletom-spasio-ceski-helikopter\/"},"modified":"2025-08-16T11:15:00","modified_gmt":"2025-08-16T09:15:00","slug":"stijena-piperska-mjestane-koji-su-bili-u-okruzenju-vatrenog-obruca-dvostrukim-naletom-spasio-ceski-helikopter","status":"publish","type":"post","link":"https:\/\/dmcsrb.com\/en\/drustvo\/stijena-piperska-mjestane-koji-su-bili-u-okruzenju-vatrenog-obruca-dvostrukim-naletom-spasio-ceski-helikopter\/","title":{"rendered":"Stijena Piperska: Mje\u0161tane koji su bili u okru\u017eenju vatrenog obru\u010da dvostrukim naletom spasio \u010de\u0161ki helikopter"},"content":{"rendered":"<p><\/p>\n\n\n\n<p><br>U Stijeni Piperskoj nedostaje vode za ga\u0161enje po\u017eara, mje\u0161tani su u strahu, neki, po podacima Gradskog portala i okru\u017eeni vatrom. Doslovce, u pitanju su \u017eivoti. Hitno tra\u017ee kanader.<\/p>\n\n\n\n<p>Kako saznaje Gradski portal, nekoliko mje\u0161tana koji su bili u vatrenom okru\u017eenju u Stijeni Piperskoj spasilo se zahvaljuju\u0107i dvostrukom naletu \u010de\u0161kog helikoptera. <\/p>\n\n\n\n<p>U Stijeni Piperskoj su austrijski i na\u0161i vatrogasci, daju sve od sebe ali je problem te\u0161ko pristupa\u010dan teren.<\/p>\n\n\n\n<p>U Seocima mje\u0161tani, volonteri i vatrogasci vode bitku kako se po\u017ear ne bi pro\u0161irio na ogromni planinsko polje Kopilje &#8211; 7\u00d7km, preko kojeg bi vatra do\u0161la iza le\u0111a Manastiru \u0106elija piperska, Crncima, Martini\u0107ima i Gostilju u danilovgradskoj op\u0161tini, saop\u0161tio je potpredsjednik Skup\u0161tine Glavnog grada <strong>Dragutin Vu\u010dini\u0107<\/strong>.<\/p>\n\n\n\n<p>Pripremljen je front odbrane na Kopilju i u akciju se uklju\u010dio i ju\u010de pristigli helikopter za ga\u0161enje po\u017eara iz bratske \u010ce\u0161ke &#8211; Black Hawk, kazao je Vu\u010dini\u0107.<\/p>\n\n\n\n<p>&#8221;\u010ce\u0161ki &#8220;Black Houk&#8221; u intervalima od 8 minuta sti\u017ee da napravi ciklus &#8211; Pri\u010delje-Seoca&#8221;, navodi Vu\u010dini\u0107.<\/p>\n\n\n\n<p>Austrijanci sa mje\u0161tanima, volonterima i na\u0161im herojima &#8211; iz sve Crne Gore, dr\u017ee ogroman front na Kopilju, \u010cesi dr\u017ee vazdu\u0161nu podr\u0161ku i neophodan je kanader, apeluje Vu\u010dini\u0107.<\/p>\n\n\n\n<p>&#8221;Svi koji mogu a voljni su da pomognu &#8211; dolazite na Kopilje! Kad mogu ljudi iz bijeloga svijeta vala i vi mo\u017eete &#8211; niste dEvoj\u010dice. Ha, ko je vitez&#8221;, poziva Vu\u010dini\u0107.<\/p>\n\n\n\n<p>&#8221;Najugro\u017eenije je podru\u010dje Stijene Piperske i Seoca, zapadna strana Stijene Piperske\u2026 tu je glavni put preko Stijene, ku\u0107e Bo\u017eovi\u0107a su ve\u0107inom ispod puta&#8221;, naveo je Vu\u010dini\u0107.<\/p>\n\n\n\n<p>Vu\u010dini\u0107 je postavio i koordinate po kojima se treba djelovati: <\/p>\n\n\n\n<p>Lokacija 1. Zadolje\/Janik\/Ravni Laz<br>42\u00b030&#8217;54&#8243;N 19\u00b015&#8217;33&#8243;E<br>Lokacija 2. Donja Stijena &#8211; Kuk<br>42\u00b030&#8217;40&#8243;N 19\u00b015&#8217;58&#8243;E<br>Lokacija 3. Seoca<br>42\u00b033&#8217;18&#8243;N 19\u00b016&#8217;05&#8243;E<\/p>\n\n\n\n<p>Molimo, za dejstvo helikoptera ili kanadera da se i ovo pregasi, kazao je Vu\u010dini\u0107.<\/p>\n\n\n\n<p>&#8221;Mje\u0161tani i volonteri \u0107e tek onda mo\u0107i da u\u0111u i pogase naprtnja\u010dama&#8221;, isti\u010de Vu\u010dini\u0107.<\/p>","protected":false},"excerpt":{"rendered":"<p>Potpredsjednik Skup\u0161tine Glavnog grada Dragutin Vu\u010dini\u0107 apelovao je nadle\u017ene da se zbog velikog po\u017eara na podru\u010dju Stijene Piperske i Seoca u Piperima hitno po\u0161alje helikopter ili kanader.<\/p>","protected":false},"author":1,"featured_media":946515,"comment_status":"open","ping_status":"open","sticky":false,"template":"","format":"standard","meta":{"_acf_changed":false,"footnotes":""},"categories":[2],"tags":[17765,17420,17709],"naslovna":[],"class_list":["post-946514","post","type-post","status-publish","format-standard","has-post-thumbnail","hentry","category-drustvo","tag-hitno","tag-kanader","tag-stijena-piperska"],"acf":[],"yoast_head":"<!-- This site is optimized with the Yoast SEO plugin v27.0 - https:\/\/yoast.com\/product\/yoast-seo-wordpress\/ -->\n<title>Stijena Piperska: Mje\u0161tane koji su bili u okru\u017eenju vatrenog obru\u010da dvostrukim naletom spasio \u010de\u0161ki helikopter - dmcsrb.com<\/title>\n<meta name=\"robots\" content=\"index, follow, max-snippet:-1, max-image-preview:large, max-video-preview:-1\" \/>\n<link rel=\"canonical\" href=\"https:\/\/dmcsrb.com\/en\/drustvo\/stijena-piperska-mjestane-koji-su-bili-u-okruzenju-vatrenog-obruca-dvostrukim-naletom-spasio-ceski-helikopter\/\" \/>\n<meta property=\"og:locale\" content=\"en_GB\" \/>\n<meta property=\"og:type\" content=\"article\" \/>\n<meta property=\"og:title\" content=\"Stijena Piperska: Mje\u0161tane koji su bili u okru\u017eenju vatrenog obru\u010da dvostrukim naletom spasio \u010de\u0161ki helikopter - dmcsrb.com\" \/>\n<meta property=\"og:description\" content=\"Potpredsjednik Skup\u0161tine Glavnog grada Dragutin Vu\u010dini\u0107 apelovao je nadle\u017ene da se zbog velikog po\u017eara na podru\u010dju Stijene Piperske i Seoca u Piperima hitno po\u0161alje helikopter ili kanader.\" \/>\n<meta property=\"og:url\" content=\"https:\/\/dmcsrb.com\/en\/drustvo\/stijena-piperska-mjestane-koji-su-bili-u-okruzenju-vatrenog-obruca-dvostrukim-naletom-spasio-ceski-helikopter\/\" \/>\n<meta property=\"og:site_name\" content=\"dmcsrb.com\" \/>\n<meta property=\"article:published_time\" content=\"2025-08-16T09:15:00+00:00\" \/>\n<meta property=\"og:image\" content=\"https:\/\/dmcsrb.com\/wp-content\/uploads\/2026\/01\/533162093_4165026757151086_8173643395996528690_n.webp\" \/>\n\t<meta property=\"og:image:width\" content=\"1080\" \/>\n\t<meta property=\"og:image:height\" content=\"1932\" \/>\n\t<meta property=\"og:image:type\" content=\"image\/jpeg\" \/>\n<meta name=\"author\" content=\"dmcsrbija.com@gmail.com\" \/>\n<meta name=\"twitter:card\" content=\"summary_large_image\" \/>\n<meta name=\"twitter:label1\" content=\"Written by\" \/>\n\t<meta name=\"twitter:data1\" content=\"dmcsrbija.com@gmail.com\" \/>\n\t<meta name=\"twitter:label2\" content=\"Estimated reading time\" \/>\n\t<meta name=\"twitter:data2\" content=\"2 minutes\" \/>\n<script type=\"application\/ld+json\" class=\"yoast-schema-graph\">{\"@context\":\"https:\/\/schema.org\",\"@graph\":[{\"@type\":\"Article\",\"@id\":\"https:\/\/dmcsrb.com\/drustvo\/stijena-piperska-mjestane-koji-su-bili-u-okruzenju-vatrenog-obruca-dvostrukim-naletom-spasio-ceski-helikopter\/#article\",\"isPartOf\":{\"@id\":\"https:\/\/dmcsrb.com\/drustvo\/stijena-piperska-mjestane-koji-su-bili-u-okruzenju-vatrenog-obruca-dvostrukim-naletom-spasio-ceski-helikopter\/\"},\"author\":{\"name\":\"dmcsrbija.com@gmail.com\",\"@id\":\"https:\/\/dmcsrb.com\/#\/schema\/person\/5c39170f12db1b8b457732d0b5c854e2\"},\"headline\":\"Stijena Piperska: Mje\u0161tane koji su bili u okru\u017eenju vatrenog obru\u010da dvostrukim naletom spasio \u010de\u0161ki helikopter\",\"datePublished\":\"2025-08-16T09:15:00+00:00\",\"mainEntityOfPage\":{\"@id\":\"https:\/\/dmcsrb.com\/drustvo\/stijena-piperska-mjestane-koji-su-bili-u-okruzenju-vatrenog-obruca-dvostrukim-naletom-spasio-ceski-helikopter\/\"},\"wordCount\":370,\"commentCount\":0,\"image\":{\"@id\":\"https:\/\/dmcsrb.com\/drustvo\/stijena-piperska-mjestane-koji-su-bili-u-okruzenju-vatrenog-obruca-dvostrukim-naletom-spasio-ceski-helikopter\/#primaryimage\"},\"thumbnailUrl\":\"https:\/\/dmcsrb.com\/wp-content\/uploads\/2026\/01\/533162093_4165026757151086_8173643395996528690_n.webp\",\"keywords\":[\"hitno\",\"kanader\",\"Stijena Piperska\"],\"articleSection\":[\"Dru\u0161tvo\"],\"inLanguage\":\"en-GB\",\"potentialAction\":[{\"@type\":\"CommentAction\",\"name\":\"Comment\",\"target\":[\"https:\/\/dmcsrb.com\/drustvo\/stijena-piperska-mjestane-koji-su-bili-u-okruzenju-vatrenog-obruca-dvostrukim-naletom-spasio-ceski-helikopter\/#respond\"]}]},{\"@type\":\"WebPage\",\"@id\":\"https:\/\/dmcsrb.com\/drustvo\/stijena-piperska-mjestane-koji-su-bili-u-okruzenju-vatrenog-obruca-dvostrukim-naletom-spasio-ceski-helikopter\/\",\"url\":\"https:\/\/dmcsrb.com\/drustvo\/stijena-piperska-mjestane-koji-su-bili-u-okruzenju-vatrenog-obruca-dvostrukim-naletom-spasio-ceski-helikopter\/\",\"name\":\"Stijena Piperska: Mje\u0161tane koji su bili u okru\u017eenju vatrenog obru\u010da dvostrukim naletom spasio \u010de\u0161ki helikopter - dmcsrb.com\",\"isPartOf\":{\"@id\":\"https:\/\/dmcsrb.com\/#website\"},\"primaryImageOfPage\":{\"@id\":\"https:\/\/dmcsrb.com\/drustvo\/stijena-piperska-mjestane-koji-su-bili-u-okruzenju-vatrenog-obruca-dvostrukim-naletom-spasio-ceski-helikopter\/#primaryimage\"},\"image\":{\"@id\":\"https:\/\/dmcsrb.com\/drustvo\/stijena-piperska-mjestane-koji-su-bili-u-okruzenju-vatrenog-obruca-dvostrukim-naletom-spasio-ceski-helikopter\/#primaryimage\"},\"thumbnailUrl\":\"https:\/\/dmcsrb.com\/wp-content\/uploads\/2026\/01\/533162093_4165026757151086_8173643395996528690_n.webp\",\"datePublished\":\"2025-08-16T09:15:00+00:00\",\"author\":{\"@id\":\"https:\/\/dmcsrb.com\/#\/schema\/person\/5c39170f12db1b8b457732d0b5c854e2\"},\"breadcrumb\":{\"@id\":\"https:\/\/dmcsrb.com\/drustvo\/stijena-piperska-mjestane-koji-su-bili-u-okruzenju-vatrenog-obruca-dvostrukim-naletom-spasio-ceski-helikopter\/#breadcrumb\"},\"inLanguage\":\"en-GB\",\"potentialAction\":[{\"@type\":\"ReadAction\",\"target\":[\"https:\/\/dmcsrb.com\/drustvo\/stijena-piperska-mjestane-koji-su-bili-u-okruzenju-vatrenog-obruca-dvostrukim-naletom-spasio-ceski-helikopter\/\"]}]},{\"@type\":\"ImageObject\",\"inLanguage\":\"en-GB\",\"@id\":\"https:\/\/dmcsrb.com\/drustvo\/stijena-piperska-mjestane-koji-su-bili-u-okruzenju-vatrenog-obruca-dvostrukim-naletom-spasio-ceski-helikopter\/#primaryimage\",\"url\":\"https:\/\/dmcsrb.com\/wp-content\/uploads\/2026\/01\/533162093_4165026757151086_8173643395996528690_n.webp\",\"contentUrl\":\"https:\/\/dmcsrb.com\/wp-content\/uploads\/2026\/01\/533162093_4165026757151086_8173643395996528690_n.webp\",\"width\":1080,\"height\":1932},{\"@type\":\"BreadcrumbList\",\"@id\":\"https:\/\/dmcsrb.com\/drustvo\/stijena-piperska-mjestane-koji-su-bili-u-okruzenju-vatrenog-obruca-dvostrukim-naletom-spasio-ceski-helikopter\/#breadcrumb\",\"itemListElement\":[{\"@type\":\"ListItem\",\"position\":1,\"name\":\"Home\",\"item\":\"https:\/\/dmcsrb.com\/\"},{\"@type\":\"ListItem\",\"position\":2,\"name\":\"Stijena Piperska: Mje\u0161tane koji su bili u okru\u017eenju vatrenog obru\u010da dvostrukim naletom spasio \u010de\u0161ki helikopter\"}]},{\"@type\":\"WebSite\",\"@id\":\"https:\/\/dmcsrb.com\/#website\",\"url\":\"https:\/\/dmcsrb.com\/\",\"name\":\"dmcsrb.com\",\"description\":\"\",\"potentialAction\":[{\"@type\":\"SearchAction\",\"target\":{\"@type\":\"EntryPoint\",\"urlTemplate\":\"https:\/\/dmcsrb.com\/?s={search_term_string}\"},\"query-input\":{\"@type\":\"PropertyValueSpecification\",\"valueRequired\":true,\"valueName\":\"search_term_string\"}}],\"inLanguage\":\"en-GB\"},{\"@type\":\"Person\",\"@id\":\"https:\/\/dmcsrb.com\/#\/schema\/person\/5c39170f12db1b8b457732d0b5c854e2\",\"name\":\"dmcsrbija.com@gmail.com\",\"image\":{\"@type\":\"ImageObject\",\"inLanguage\":\"en-GB\",\"@id\":\"https:\/\/dmcsrb.com\/#\/schema\/person\/image\/\",\"url\":\"https:\/\/secure.gravatar.com\/avatar\/68592660ad6347fad0fb587f8d5d8f1a7b44961362f56e4f2cd524feb87e9069?s=96&d=mm&r=g\",\"contentUrl\":\"https:\/\/secure.gravatar.com\/avatar\/68592660ad6347fad0fb587f8d5d8f1a7b44961362f56e4f2cd524feb87e9069?s=96&d=mm&r=g\",\"caption\":\"dmcsrbija.com@gmail.com\"},\"sameAs\":[\"https:\/\/dmcsrb.com\"],\"url\":\"https:\/\/dmcsrb.com\/en\/author\/dmcsrbija-comgmail-com\/\"}]}<\/script>\n<!-- \/ Yoast SEO plugin. -->","yoast_head_json":{"title":"Stijena Piperska: Mje\u0161tane koji su bili u okru\u017eenju vatrenog obru\u010da dvostrukim naletom spasio \u010de\u0161ki helikopter - dmcsrb.com","robots":{"index":"index","follow":"follow","max-snippet":"max-snippet:-1","max-image-preview":"max-image-preview:large","max-video-preview":"max-video-preview:-1"},"canonical":"https:\/\/dmcsrb.com\/en\/drustvo\/stijena-piperska-mjestane-koji-su-bili-u-okruzenju-vatrenog-obruca-dvostrukim-naletom-spasio-ceski-helikopter\/","og_locale":"en_GB","og_type":"article","og_title":"Stijena Piperska: Mje\u0161tane koji su bili u okru\u017eenju vatrenog obru\u010da dvostrukim naletom spasio \u010de\u0161ki helikopter - dmcsrb.com","og_description":"Potpredsjednik Skup\u0161tine Glavnog grada Dragutin Vu\u010dini\u0107 apelovao je nadle\u017ene da se zbog velikog po\u017eara na podru\u010dju Stijene Piperske i Seoca u Piperima hitno po\u0161alje helikopter ili kanader.","og_url":"https:\/\/dmcsrb.com\/en\/drustvo\/stijena-piperska-mjestane-koji-su-bili-u-okruzenju-vatrenog-obruca-dvostrukim-naletom-spasio-ceski-helikopter\/","og_site_name":"dmcsrb.com","article_published_time":"2025-08-16T09:15:00+00:00","og_image":[{"width":1080,"height":1932,"url":"https:\/\/dmcsrb.com\/wp-content\/uploads\/2026\/01\/533162093_4165026757151086_8173643395996528690_n.webp","type":"image\/jpeg"}],"author":"dmcsrbija.com@gmail.com","twitter_card":"summary_large_image","twitter_misc":{"Written by":"dmcsrbija.com@gmail.com","Estimated reading time":"2 minutes"},"schema":{"@context":"https:\/\/schema.org","@graph":[{"@type":"Article","@id":"https:\/\/dmcsrb.com\/drustvo\/stijena-piperska-mjestane-koji-su-bili-u-okruzenju-vatrenog-obruca-dvostrukim-naletom-spasio-ceski-helikopter\/#article","isPartOf":{"@id":"https:\/\/dmcsrb.com\/drustvo\/stijena-piperska-mjestane-koji-su-bili-u-okruzenju-vatrenog-obruca-dvostrukim-naletom-spasio-ceski-helikopter\/"},"author":{"name":"dmcsrbija.com@gmail.com","@id":"https:\/\/dmcsrb.com\/#\/schema\/person\/5c39170f12db1b8b457732d0b5c854e2"},"headline":"Stijena Piperska: Mje\u0161tane koji su bili u okru\u017eenju vatrenog obru\u010da dvostrukim naletom spasio \u010de\u0161ki helikopter","datePublished":"2025-08-16T09:15:00+00:00","mainEntityOfPage":{"@id":"https:\/\/dmcsrb.com\/drustvo\/stijena-piperska-mjestane-koji-su-bili-u-okruzenju-vatrenog-obruca-dvostrukim-naletom-spasio-ceski-helikopter\/"},"wordCount":370,"commentCount":0,"image":{"@id":"https:\/\/dmcsrb.com\/drustvo\/stijena-piperska-mjestane-koji-su-bili-u-okruzenju-vatrenog-obruca-dvostrukim-naletom-spasio-ceski-helikopter\/#primaryimage"},"thumbnailUrl":"https:\/\/dmcsrb.com\/wp-content\/uploads\/2026\/01\/533162093_4165026757151086_8173643395996528690_n.webp","keywords":["hitno","kanader","Stijena Piperska"],"articleSection":["Dru\u0161tvo"],"inLanguage":"en-GB","potentialAction":[{"@type":"CommentAction","name":"Comment","target":["https:\/\/dmcsrb.com\/drustvo\/stijena-piperska-mjestane-koji-su-bili-u-okruzenju-vatrenog-obruca-dvostrukim-naletom-spasio-ceski-helikopter\/#respond"]}]},{"@type":"WebPage","@id":"https:\/\/dmcsrb.com\/drustvo\/stijena-piperska-mjestane-koji-su-bili-u-okruzenju-vatrenog-obruca-dvostrukim-naletom-spasio-ceski-helikopter\/","url":"https:\/\/dmcsrb.com\/drustvo\/stijena-piperska-mjestane-koji-su-bili-u-okruzenju-vatrenog-obruca-dvostrukim-naletom-spasio-ceski-helikopter\/","name":"Stijena Piperska: Mje\u0161tane koji su bili u okru\u017eenju vatrenog obru\u010da dvostrukim naletom spasio \u010de\u0161ki helikopter - dmcsrb.com","isPartOf":{"@id":"https:\/\/dmcsrb.com\/#website"},"primaryImageOfPage":{"@id":"https:\/\/dmcsrb.com\/drustvo\/stijena-piperska-mjestane-koji-su-bili-u-okruzenju-vatrenog-obruca-dvostrukim-naletom-spasio-ceski-helikopter\/#primaryimage"},"image":{"@id":"https:\/\/dmcsrb.com\/drustvo\/stijena-piperska-mjestane-koji-su-bili-u-okruzenju-vatrenog-obruca-dvostrukim-naletom-spasio-ceski-helikopter\/#primaryimage"},"thumbnailUrl":"https:\/\/dmcsrb.com\/wp-content\/uploads\/2026\/01\/533162093_4165026757151086_8173643395996528690_n.webp","datePublished":"2025-08-16T09:15:00+00:00","author":{"@id":"https:\/\/dmcsrb.com\/#\/schema\/person\/5c39170f12db1b8b457732d0b5c854e2"},"breadcrumb":{"@id":"https:\/\/dmcsrb.com\/drustvo\/stijena-piperska-mjestane-koji-su-bili-u-okruzenju-vatrenog-obruca-dvostrukim-naletom-spasio-ceski-helikopter\/#breadcrumb"},"inLanguage":"en-GB","potentialAction":[{"@type":"ReadAction","target":["https:\/\/dmcsrb.com\/drustvo\/stijena-piperska-mjestane-koji-su-bili-u-okruzenju-vatrenog-obruca-dvostrukim-naletom-spasio-ceski-helikopter\/"]}]},{"@type":"ImageObject","inLanguage":"en-GB","@id":"https:\/\/dmcsrb.com\/drustvo\/stijena-piperska-mjestane-koji-su-bili-u-okruzenju-vatrenog-obruca-dvostrukim-naletom-spasio-ceski-helikopter\/#primaryimage","url":"https:\/\/dmcsrb.com\/wp-content\/uploads\/2026\/01\/533162093_4165026757151086_8173643395996528690_n.webp","contentUrl":"https:\/\/dmcsrb.com\/wp-content\/uploads\/2026\/01\/533162093_4165026757151086_8173643395996528690_n.webp","width":1080,"height":1932},{"@type":"BreadcrumbList","@id":"https:\/\/dmcsrb.com\/drustvo\/stijena-piperska-mjestane-koji-su-bili-u-okruzenju-vatrenog-obruca-dvostrukim-naletom-spasio-ceski-helikopter\/#breadcrumb","itemListElement":[{"@type":"ListItem","position":1,"name":"Home","item":"https:\/\/dmcsrb.com\/"},{"@type":"ListItem","position":2,"name":"Stijena Piperska: Mje\u0161tane koji su bili u okru\u017eenju vatrenog obru\u010da dvostrukim naletom spasio \u010de\u0161ki helikopter"}]},{"@type":"WebSite","@id":"https:\/\/dmcsrb.com\/#website","url":"https:\/\/dmcsrb.com\/","name":"dmcsrb.com","description":"","potentialAction":[{"@type":"SearchAction","target":{"@type":"EntryPoint","urlTemplate":"https:\/\/dmcsrb.com\/?s={search_term_string}"},"query-input":{"@type":"PropertyValueSpecification","valueRequired":true,"valueName":"search_term_string"}}],"inLanguage":"en-GB"},{"@type":"Person","@id":"https:\/\/dmcsrb.com\/#\/schema\/person\/5c39170f12db1b8b457732d0b5c854e2","name":"dmcsrbija.com@gmail.com","image":{"@type":"ImageObject","inLanguage":"en-GB","@id":"https:\/\/dmcsrb.com\/#\/schema\/person\/image\/","url":"https:\/\/secure.gravatar.com\/avatar\/68592660ad6347fad0fb587f8d5d8f1a7b44961362f56e4f2cd524feb87e9069?s=96&d=mm&r=g","contentUrl":"https:\/\/secure.gravatar.com\/avatar\/68592660ad6347fad0fb587f8d5d8f1a7b44961362f56e4f2cd524feb87e9069?s=96&d=mm&r=g","caption":"dmcsrbija.com@gmail.com"},"sameAs":["https:\/\/dmcsrb.com"],"url":"https:\/\/dmcsrb.com\/en\/author\/dmcsrbija-comgmail-com\/"}]}},"_links":{"self":[{"href":"https:\/\/dmcsrb.com\/en\/wp-json\/wp\/v2\/posts\/946514","targetHints":{"allow":["GET"]}}],"collection":[{"href":"https:\/\/dmcsrb.com\/en\/wp-json\/wp\/v2\/posts"}],"about":[{"href":"https:\/\/dmcsrb.com\/en\/wp-json\/wp\/v2\/types\/post"}],"author":[{"embeddable":true,"href":"https:\/\/dmcsrb.com\/en\/wp-json\/wp\/v2\/users\/1"}],"replies":[{"embeddable":true,"href":"https:\/\/dmcsrb.com\/en\/wp-json\/wp\/v2\/comments?post=946514"}],"version-history":[{"count":0,"href":"https:\/\/dmcsrb.com\/en\/wp-json\/wp\/v2\/posts\/946514\/revisions"}],"wp:featuredmedia":[{"embeddable":true,"href":"https:\/\/dmcsrb.com\/en\/wp-json\/wp\/v2\/media\/946515"}],"wp:attachment":[{"href":"https:\/\/dmcsrb.com\/en\/wp-json\/wp\/v2\/media?parent=946514"}],"wp:term":[{"taxonomy":"category","embeddable":true,"href":"https:\/\/dmcsrb.com\/en\/wp-json\/wp\/v2\/categories?post=946514"},{"taxonomy":"post_tag","embeddable":true,"href":"https:\/\/dmcsrb.com\/en\/wp-json\/wp\/v2\/tags?post=946514"},{"taxonomy":"naslovna","embeddable":true,"href":"https:\/\/dmcsrb.com\/en\/wp-json\/wp\/v2\/naslovna?post=946514"}],"curies":[{"name":"wp","href":"https:\/\/api.w.org\/{rel}","templated":true}]}}