{"id":946506,"date":"2025-08-16T09:00:00","date_gmt":"2025-08-16T07:00:00","guid":{"rendered":"https:\/\/dmcsrb.com\/uncategorized\/bijelo-polje-uhapsen-osumnjiceni-za-zelenastvo-i-nedozvoljeno-drzanje-oruzja\/"},"modified":"2025-08-16T09:00:00","modified_gmt":"2025-08-16T07:00:00","slug":"bijelo-polje-uhapsen-osumnjiceni-za-zelenastvo-i-nedozvoljeno-drzanje-oruzja","status":"publish","type":"post","link":"https:\/\/dmcsrb.com\/en\/hronika\/bijelo-polje-uhapsen-osumnjiceni-za-zelenastvo-i-nedozvoljeno-drzanje-oruzja\/","title":{"rendered":"Bijelo Polje: Uhap\u0161en osumnji\u010deni za zelena\u0161tvo i nedozvoljeno dr\u017eanje oru\u017eja"},"content":{"rendered":"<p><\/p>\n\n\n\n<p><\/p>\n\n\n\n<p>Kako je saop\u0161teno iz Uprave policije, sumnja se da je R.V. tokom 2024. godine iskoristio te\u0161ko imovinsko stanje jednog sugra\u0111anina i od njega pozajmio 32.000 eura, uz ugovaranje nesrazmjerne imovinske koristi \u2013 o\u0161te\u0107eni je u narednih godinu dana trebao vratiti 102.000 eura.<\/p>\n\n\n\n<p><\/p>\n\n\n\n<p>\u201cTako\u0111e, tokom 2025. godine, R.V. je istoj osobi pozajmio dodatnih 30.000 eura pod sli\u010dnim uslovima\u201d, kazali su iz Uprave policije.<\/p>\n\n\n\n<p>Policija je, prilikom pretresa stana i drugih prostorija koje koristi R.V, zaplijenila pi\u0161tolj u ilegalnom posjedu, lova\u010dki patron, spise sa podacima, laptop i mobilni telefon.<\/p>\n\n\n\n<p>Protiv njega je podnijeta krivi\u010dna prijava zbog sumnje da je izvr\u0161io krivi\u010dna djela zelena\u0161tvo i nedozvoljeno dr\u017eanje i no\u0161enje oru\u017eja i eksplozivnih materija.<\/p>\n\n\n\n<p><\/p>","protected":false},"excerpt":{"rendered":"<p>Policijski slu\u017ebenici Regionalnog centra bezbjednosti \u201eSjever\u201c, Odjeljenja bezbjednosti Bijelo Polje, uhapsili su R.V. (44) iz tog grada, koji se sumnji\u010di za krivi\u010dno djelo zelena\u0161tvo, kao i za nedozvoljeno dr\u017eanje i no\u0161enje oru\u017eja i eksplozivnih materija.<\/p>","protected":false},"author":1,"featured_media":914935,"comment_status":"open","ping_status":"open","sticky":false,"template":"","format":"standard","meta":{"_acf_changed":false,"footnotes":""},"categories":[17],"tags":[17760,45,5882],"naslovna":[],"class_list":["post-946506","post","type-post","status-publish","format-standard","has-post-thumbnail","hentry","category-hronika","tag-bijelo-psolje","tag-policija","tag-zelenastvo"],"acf":[],"yoast_head":"<!-- This site is optimized with the Yoast SEO plugin v27.4 - https:\/\/yoast.com\/product\/yoast-seo-wordpress\/ -->\n<title>Bijelo Polje: Uhap\u0161en osumnji\u010deni za zelena\u0161tvo i nedozvoljeno dr\u017eanje oru\u017eja - dmcsrb.com<\/title>\n<meta name=\"robots\" content=\"index, follow, max-snippet:-1, max-image-preview:large, max-video-preview:-1\" \/>\n<link rel=\"canonical\" href=\"https:\/\/dmcsrb.com\/en\/hronika\/bijelo-polje-uhapsen-osumnjiceni-za-zelenastvo-i-nedozvoljeno-drzanje-oruzja\/\" \/>\n<meta property=\"og:locale\" content=\"en_GB\" \/>\n<meta property=\"og:type\" content=\"article\" \/>\n<meta property=\"og:title\" content=\"Bijelo Polje: Uhap\u0161en osumnji\u010deni za zelena\u0161tvo i nedozvoljeno dr\u017eanje oru\u017eja - dmcsrb.com\" \/>\n<meta property=\"og:description\" content=\"Policijski slu\u017ebenici Regionalnog centra bezbjednosti \u201eSjever\u201c, Odjeljenja bezbjednosti Bijelo Polje, uhapsili su R.V. (44) iz tog grada, koji se sumnji\u010di za krivi\u010dno djelo zelena\u0161tvo, kao i za nedozvoljeno dr\u017eanje i no\u0161enje oru\u017eja i eksplozivnih materija.\" \/>\n<meta property=\"og:url\" content=\"https:\/\/dmcsrb.com\/en\/hronika\/bijelo-polje-uhapsen-osumnjiceni-za-zelenastvo-i-nedozvoljeno-drzanje-oruzja\/\" \/>\n<meta property=\"og:site_name\" content=\"dmcsrb.com\" \/>\n<meta property=\"article:published_time\" content=\"2025-08-16T07:00:00+00:00\" \/>\n<meta property=\"og:image\" content=\"https:\/\/dmcsrb.com\/wp-content\/uploads\/2026\/01\/Lisice-foto-pixabay-768x4921-1.jpg\" \/>\n\t<meta property=\"og:image:width\" content=\"768\" \/>\n\t<meta property=\"og:image:height\" content=\"492\" \/>\n\t<meta property=\"og:image:type\" content=\"image\/jpeg\" \/>\n<meta name=\"author\" content=\"dmcsrbija.com@gmail.com\" \/>\n<meta name=\"twitter:card\" content=\"summary_large_image\" \/>\n<meta name=\"twitter:label1\" content=\"Written by\" \/>\n\t<meta name=\"twitter:data1\" content=\"dmcsrbija.com@gmail.com\" \/>\n\t<meta name=\"twitter:label2\" content=\"Estimated reading time\" \/>\n\t<meta name=\"twitter:data2\" content=\"1 minute\" \/>\n<script type=\"application\/ld+json\" class=\"yoast-schema-graph\">{\"@context\":\"https:\\\/\\\/schema.org\",\"@graph\":[{\"@type\":\"Article\",\"@id\":\"https:\\\/\\\/dmcsrb.com\\\/en\\\/hronika\\\/bijelo-polje-uhapsen-osumnjiceni-za-zelenastvo-i-nedozvoljeno-drzanje-oruzja\\\/#article\",\"isPartOf\":{\"@id\":\"https:\\\/\\\/dmcsrb.com\\\/en\\\/hronika\\\/bijelo-polje-uhapsen-osumnjiceni-za-zelenastvo-i-nedozvoljeno-drzanje-oruzja\\\/\"},\"author\":{\"name\":\"dmcsrbija.com@gmail.com\",\"@id\":\"https:\\\/\\\/dmcsrb.com\\\/#\\\/schema\\\/person\\\/5c39170f12db1b8b457732d0b5c854e2\"},\"headline\":\"Bijelo Polje: Uhap\u0161en osumnji\u010deni za zelena\u0161tvo i nedozvoljeno dr\u017eanje oru\u017eja\",\"datePublished\":\"2025-08-16T07:00:00+00:00\",\"mainEntityOfPage\":{\"@id\":\"https:\\\/\\\/dmcsrb.com\\\/en\\\/hronika\\\/bijelo-polje-uhapsen-osumnjiceni-za-zelenastvo-i-nedozvoljeno-drzanje-oruzja\\\/\"},\"wordCount\":138,\"commentCount\":0,\"image\":{\"@id\":\"https:\\\/\\\/dmcsrb.com\\\/en\\\/hronika\\\/bijelo-polje-uhapsen-osumnjiceni-za-zelenastvo-i-nedozvoljeno-drzanje-oruzja\\\/#primaryimage\"},\"thumbnailUrl\":\"https:\\\/\\\/dmcsrb.com\\\/wp-content\\\/uploads\\\/2026\\\/01\\\/Lisice-foto-pixabay-768x4921-1.jpg\",\"keywords\":[\"bijelo p\u0161olje\",\"policija\",\"zelena\u0161tvo\"],\"articleSection\":[\"Hronika\"],\"inLanguage\":\"en-GB\",\"potentialAction\":[{\"@type\":\"CommentAction\",\"name\":\"Comment\",\"target\":[\"https:\\\/\\\/dmcsrb.com\\\/en\\\/hronika\\\/bijelo-polje-uhapsen-osumnjiceni-za-zelenastvo-i-nedozvoljeno-drzanje-oruzja\\\/#respond\"]}]},{\"@type\":\"WebPage\",\"@id\":\"https:\\\/\\\/dmcsrb.com\\\/en\\\/hronika\\\/bijelo-polje-uhapsen-osumnjiceni-za-zelenastvo-i-nedozvoljeno-drzanje-oruzja\\\/\",\"url\":\"https:\\\/\\\/dmcsrb.com\\\/en\\\/hronika\\\/bijelo-polje-uhapsen-osumnjiceni-za-zelenastvo-i-nedozvoljeno-drzanje-oruzja\\\/\",\"name\":\"Bijelo Polje: Uhap\u0161en osumnji\u010deni za zelena\u0161tvo i nedozvoljeno dr\u017eanje oru\u017eja - dmcsrb.com\",\"isPartOf\":{\"@id\":\"https:\\\/\\\/dmcsrb.com\\\/#website\"},\"primaryImageOfPage\":{\"@id\":\"https:\\\/\\\/dmcsrb.com\\\/en\\\/hronika\\\/bijelo-polje-uhapsen-osumnjiceni-za-zelenastvo-i-nedozvoljeno-drzanje-oruzja\\\/#primaryimage\"},\"image\":{\"@id\":\"https:\\\/\\\/dmcsrb.com\\\/en\\\/hronika\\\/bijelo-polje-uhapsen-osumnjiceni-za-zelenastvo-i-nedozvoljeno-drzanje-oruzja\\\/#primaryimage\"},\"thumbnailUrl\":\"https:\\\/\\\/dmcsrb.com\\\/wp-content\\\/uploads\\\/2026\\\/01\\\/Lisice-foto-pixabay-768x4921-1.jpg\",\"datePublished\":\"2025-08-16T07:00:00+00:00\",\"author\":{\"@id\":\"https:\\\/\\\/dmcsrb.com\\\/#\\\/schema\\\/person\\\/5c39170f12db1b8b457732d0b5c854e2\"},\"breadcrumb\":{\"@id\":\"https:\\\/\\\/dmcsrb.com\\\/en\\\/hronika\\\/bijelo-polje-uhapsen-osumnjiceni-za-zelenastvo-i-nedozvoljeno-drzanje-oruzja\\\/#breadcrumb\"},\"inLanguage\":\"en-GB\",\"potentialAction\":[{\"@type\":\"ReadAction\",\"target\":[\"https:\\\/\\\/dmcsrb.com\\\/en\\\/hronika\\\/bijelo-polje-uhapsen-osumnjiceni-za-zelenastvo-i-nedozvoljeno-drzanje-oruzja\\\/\"]}]},{\"@type\":\"ImageObject\",\"inLanguage\":\"en-GB\",\"@id\":\"https:\\\/\\\/dmcsrb.com\\\/en\\\/hronika\\\/bijelo-polje-uhapsen-osumnjiceni-za-zelenastvo-i-nedozvoljeno-drzanje-oruzja\\\/#primaryimage\",\"url\":\"https:\\\/\\\/dmcsrb.com\\\/wp-content\\\/uploads\\\/2026\\\/01\\\/Lisice-foto-pixabay-768x4921-1.jpg\",\"contentUrl\":\"https:\\\/\\\/dmcsrb.com\\\/wp-content\\\/uploads\\\/2026\\\/01\\\/Lisice-foto-pixabay-768x4921-1.jpg\",\"width\":768,\"height\":492},{\"@type\":\"BreadcrumbList\",\"@id\":\"https:\\\/\\\/dmcsrb.com\\\/en\\\/hronika\\\/bijelo-polje-uhapsen-osumnjiceni-za-zelenastvo-i-nedozvoljeno-drzanje-oruzja\\\/#breadcrumb\",\"itemListElement\":[{\"@type\":\"ListItem\",\"position\":1,\"name\":\"Home\",\"item\":\"https:\\\/\\\/dmcsrb.com\\\/\"},{\"@type\":\"ListItem\",\"position\":2,\"name\":\"Bijelo Polje: Uhap\u0161en osumnji\u010deni za zelena\u0161tvo i nedozvoljeno dr\u017eanje oru\u017eja\"}]},{\"@type\":\"WebSite\",\"@id\":\"https:\\\/\\\/dmcsrb.com\\\/#website\",\"url\":\"https:\\\/\\\/dmcsrb.com\\\/\",\"name\":\"dmcsrb.com\",\"description\":\"\",\"potentialAction\":[{\"@type\":\"SearchAction\",\"target\":{\"@type\":\"EntryPoint\",\"urlTemplate\":\"https:\\\/\\\/dmcsrb.com\\\/?s={search_term_string}\"},\"query-input\":{\"@type\":\"PropertyValueSpecification\",\"valueRequired\":true,\"valueName\":\"search_term_string\"}}],\"inLanguage\":\"en-GB\"},{\"@type\":\"Person\",\"@id\":\"https:\\\/\\\/dmcsrb.com\\\/#\\\/schema\\\/person\\\/5c39170f12db1b8b457732d0b5c854e2\",\"name\":\"dmcsrbija.com@gmail.com\",\"image\":{\"@type\":\"ImageObject\",\"inLanguage\":\"en-GB\",\"@id\":\"https:\\\/\\\/secure.gravatar.com\\\/avatar\\\/68592660ad6347fad0fb587f8d5d8f1a7b44961362f56e4f2cd524feb87e9069?s=96&d=mm&r=g\",\"url\":\"https:\\\/\\\/secure.gravatar.com\\\/avatar\\\/68592660ad6347fad0fb587f8d5d8f1a7b44961362f56e4f2cd524feb87e9069?s=96&d=mm&r=g\",\"contentUrl\":\"https:\\\/\\\/secure.gravatar.com\\\/avatar\\\/68592660ad6347fad0fb587f8d5d8f1a7b44961362f56e4f2cd524feb87e9069?s=96&d=mm&r=g\",\"caption\":\"dmcsrbija.com@gmail.com\"},\"sameAs\":[\"https:\\\/\\\/dmcsrb.com\"],\"url\":\"https:\\\/\\\/dmcsrb.com\\\/en\\\/author\\\/dmcsrbija-comgmail-com\\\/\"}]}<\/script>\n<!-- \/ Yoast SEO plugin. -->","yoast_head_json":{"title":"Bijelo Polje: Uhap\u0161en osumnji\u010deni za zelena\u0161tvo i nedozvoljeno dr\u017eanje oru\u017eja - dmcsrb.com","robots":{"index":"index","follow":"follow","max-snippet":"max-snippet:-1","max-image-preview":"max-image-preview:large","max-video-preview":"max-video-preview:-1"},"canonical":"https:\/\/dmcsrb.com\/en\/hronika\/bijelo-polje-uhapsen-osumnjiceni-za-zelenastvo-i-nedozvoljeno-drzanje-oruzja\/","og_locale":"en_GB","og_type":"article","og_title":"Bijelo Polje: Uhap\u0161en osumnji\u010deni za zelena\u0161tvo i nedozvoljeno dr\u017eanje oru\u017eja - dmcsrb.com","og_description":"Policijski slu\u017ebenici Regionalnog centra bezbjednosti \u201eSjever\u201c, Odjeljenja bezbjednosti Bijelo Polje, uhapsili su R.V. (44) iz tog grada, koji se sumnji\u010di za krivi\u010dno djelo zelena\u0161tvo, kao i za nedozvoljeno dr\u017eanje i no\u0161enje oru\u017eja i eksplozivnih materija.","og_url":"https:\/\/dmcsrb.com\/en\/hronika\/bijelo-polje-uhapsen-osumnjiceni-za-zelenastvo-i-nedozvoljeno-drzanje-oruzja\/","og_site_name":"dmcsrb.com","article_published_time":"2025-08-16T07:00:00+00:00","og_image":[{"width":768,"height":492,"url":"https:\/\/dmcsrb.com\/wp-content\/uploads\/2026\/01\/Lisice-foto-pixabay-768x4921-1.jpg","type":"image\/jpeg"}],"author":"dmcsrbija.com@gmail.com","twitter_card":"summary_large_image","twitter_misc":{"Written by":"dmcsrbija.com@gmail.com","Estimated reading time":"1 minute"},"schema":{"@context":"https:\/\/schema.org","@graph":[{"@type":"Article","@id":"https:\/\/dmcsrb.com\/en\/hronika\/bijelo-polje-uhapsen-osumnjiceni-za-zelenastvo-i-nedozvoljeno-drzanje-oruzja\/#article","isPartOf":{"@id":"https:\/\/dmcsrb.com\/en\/hronika\/bijelo-polje-uhapsen-osumnjiceni-za-zelenastvo-i-nedozvoljeno-drzanje-oruzja\/"},"author":{"name":"dmcsrbija.com@gmail.com","@id":"https:\/\/dmcsrb.com\/#\/schema\/person\/5c39170f12db1b8b457732d0b5c854e2"},"headline":"Bijelo Polje: Uhap\u0161en osumnji\u010deni za zelena\u0161tvo i nedozvoljeno dr\u017eanje oru\u017eja","datePublished":"2025-08-16T07:00:00+00:00","mainEntityOfPage":{"@id":"https:\/\/dmcsrb.com\/en\/hronika\/bijelo-polje-uhapsen-osumnjiceni-za-zelenastvo-i-nedozvoljeno-drzanje-oruzja\/"},"wordCount":138,"commentCount":0,"image":{"@id":"https:\/\/dmcsrb.com\/en\/hronika\/bijelo-polje-uhapsen-osumnjiceni-za-zelenastvo-i-nedozvoljeno-drzanje-oruzja\/#primaryimage"},"thumbnailUrl":"https:\/\/dmcsrb.com\/wp-content\/uploads\/2026\/01\/Lisice-foto-pixabay-768x4921-1.jpg","keywords":["bijelo p\u0161olje","policija","zelena\u0161tvo"],"articleSection":["Hronika"],"inLanguage":"en-GB","potentialAction":[{"@type":"CommentAction","name":"Comment","target":["https:\/\/dmcsrb.com\/en\/hronika\/bijelo-polje-uhapsen-osumnjiceni-za-zelenastvo-i-nedozvoljeno-drzanje-oruzja\/#respond"]}]},{"@type":"WebPage","@id":"https:\/\/dmcsrb.com\/en\/hronika\/bijelo-polje-uhapsen-osumnjiceni-za-zelenastvo-i-nedozvoljeno-drzanje-oruzja\/","url":"https:\/\/dmcsrb.com\/en\/hronika\/bijelo-polje-uhapsen-osumnjiceni-za-zelenastvo-i-nedozvoljeno-drzanje-oruzja\/","name":"Bijelo Polje: Uhap\u0161en osumnji\u010deni za zelena\u0161tvo i nedozvoljeno dr\u017eanje oru\u017eja - dmcsrb.com","isPartOf":{"@id":"https:\/\/dmcsrb.com\/#website"},"primaryImageOfPage":{"@id":"https:\/\/dmcsrb.com\/en\/hronika\/bijelo-polje-uhapsen-osumnjiceni-za-zelenastvo-i-nedozvoljeno-drzanje-oruzja\/#primaryimage"},"image":{"@id":"https:\/\/dmcsrb.com\/en\/hronika\/bijelo-polje-uhapsen-osumnjiceni-za-zelenastvo-i-nedozvoljeno-drzanje-oruzja\/#primaryimage"},"thumbnailUrl":"https:\/\/dmcsrb.com\/wp-content\/uploads\/2026\/01\/Lisice-foto-pixabay-768x4921-1.jpg","datePublished":"2025-08-16T07:00:00+00:00","author":{"@id":"https:\/\/dmcsrb.com\/#\/schema\/person\/5c39170f12db1b8b457732d0b5c854e2"},"breadcrumb":{"@id":"https:\/\/dmcsrb.com\/en\/hronika\/bijelo-polje-uhapsen-osumnjiceni-za-zelenastvo-i-nedozvoljeno-drzanje-oruzja\/#breadcrumb"},"inLanguage":"en-GB","potentialAction":[{"@type":"ReadAction","target":["https:\/\/dmcsrb.com\/en\/hronika\/bijelo-polje-uhapsen-osumnjiceni-za-zelenastvo-i-nedozvoljeno-drzanje-oruzja\/"]}]},{"@type":"ImageObject","inLanguage":"en-GB","@id":"https:\/\/dmcsrb.com\/en\/hronika\/bijelo-polje-uhapsen-osumnjiceni-za-zelenastvo-i-nedozvoljeno-drzanje-oruzja\/#primaryimage","url":"https:\/\/dmcsrb.com\/wp-content\/uploads\/2026\/01\/Lisice-foto-pixabay-768x4921-1.jpg","contentUrl":"https:\/\/dmcsrb.com\/wp-content\/uploads\/2026\/01\/Lisice-foto-pixabay-768x4921-1.jpg","width":768,"height":492},{"@type":"BreadcrumbList","@id":"https:\/\/dmcsrb.com\/en\/hronika\/bijelo-polje-uhapsen-osumnjiceni-za-zelenastvo-i-nedozvoljeno-drzanje-oruzja\/#breadcrumb","itemListElement":[{"@type":"ListItem","position":1,"name":"Home","item":"https:\/\/dmcsrb.com\/"},{"@type":"ListItem","position":2,"name":"Bijelo Polje: Uhap\u0161en osumnji\u010deni za zelena\u0161tvo i nedozvoljeno dr\u017eanje oru\u017eja"}]},{"@type":"WebSite","@id":"https:\/\/dmcsrb.com\/#website","url":"https:\/\/dmcsrb.com\/","name":"dmcsrb.com","description":"","potentialAction":[{"@type":"SearchAction","target":{"@type":"EntryPoint","urlTemplate":"https:\/\/dmcsrb.com\/?s={search_term_string}"},"query-input":{"@type":"PropertyValueSpecification","valueRequired":true,"valueName":"search_term_string"}}],"inLanguage":"en-GB"},{"@type":"Person","@id":"https:\/\/dmcsrb.com\/#\/schema\/person\/5c39170f12db1b8b457732d0b5c854e2","name":"dmcsrbija.com@gmail.com","image":{"@type":"ImageObject","inLanguage":"en-GB","@id":"https:\/\/secure.gravatar.com\/avatar\/68592660ad6347fad0fb587f8d5d8f1a7b44961362f56e4f2cd524feb87e9069?s=96&d=mm&r=g","url":"https:\/\/secure.gravatar.com\/avatar\/68592660ad6347fad0fb587f8d5d8f1a7b44961362f56e4f2cd524feb87e9069?s=96&d=mm&r=g","contentUrl":"https:\/\/secure.gravatar.com\/avatar\/68592660ad6347fad0fb587f8d5d8f1a7b44961362f56e4f2cd524feb87e9069?s=96&d=mm&r=g","caption":"dmcsrbija.com@gmail.com"},"sameAs":["https:\/\/dmcsrb.com"],"url":"https:\/\/dmcsrb.com\/en\/author\/dmcsrbija-comgmail-com\/"}]}},"_links":{"self":[{"href":"https:\/\/dmcsrb.com\/en\/wp-json\/wp\/v2\/posts\/946506","targetHints":{"allow":["GET"]}}],"collection":[{"href":"https:\/\/dmcsrb.com\/en\/wp-json\/wp\/v2\/posts"}],"about":[{"href":"https:\/\/dmcsrb.com\/en\/wp-json\/wp\/v2\/types\/post"}],"author":[{"embeddable":true,"href":"https:\/\/dmcsrb.com\/en\/wp-json\/wp\/v2\/users\/1"}],"replies":[{"embeddable":true,"href":"https:\/\/dmcsrb.com\/en\/wp-json\/wp\/v2\/comments?post=946506"}],"version-history":[{"count":0,"href":"https:\/\/dmcsrb.com\/en\/wp-json\/wp\/v2\/posts\/946506\/revisions"}],"wp:featuredmedia":[{"embeddable":true,"href":"https:\/\/dmcsrb.com\/en\/wp-json\/wp\/v2\/media\/914935"}],"wp:attachment":[{"href":"https:\/\/dmcsrb.com\/en\/wp-json\/wp\/v2\/media?parent=946506"}],"wp:term":[{"taxonomy":"category","embeddable":true,"href":"https:\/\/dmcsrb.com\/en\/wp-json\/wp\/v2\/categories?post=946506"},{"taxonomy":"post_tag","embeddable":true,"href":"https:\/\/dmcsrb.com\/en\/wp-json\/wp\/v2\/tags?post=946506"},{"taxonomy":"naslovna","embeddable":true,"href":"https:\/\/dmcsrb.com\/en\/wp-json\/wp\/v2\/naslovna?post=946506"}],"curies":[{"name":"wp","href":"https:\/\/api.w.org\/{rel}","templated":true}]}}