{"id":946497,"date":"2025-08-16T07:19:00","date_gmt":"2025-08-16T05:19:00","guid":{"rendered":"https:\/\/dmcsrb.com\/uncategorized\/herceg-novi-zbog-koncerta-na-kanli-kuli-policija-podnijela-prekrsajne-prijave-protiv-tri-osobe\/"},"modified":"2025-08-16T07:19:00","modified_gmt":"2025-08-16T05:19:00","slug":"herceg-novi-zbog-koncerta-na-kanli-kuli-policija-podnijela-prekrsajne-prijave-protiv-tri-osobe","status":"publish","type":"post","link":"https:\/\/dmcsrb.com\/en\/hronika\/herceg-novi-zbog-koncerta-na-kanli-kuli-policija-podnijela-prekrsajne-prijave-protiv-tri-osobe\/","title":{"rendered":"Herceg Novi: Zbog koncerta na Kanli kuli policija podnijela prekr\u0161ajne prijave protiv tri osobe"},"content":{"rendered":"<p><br><br><\/p>\n\n\n\n<p><\/p>\n\n\n\n<p>Slu\u017ebenici Regionalnog centra bezbjednosti Jug \u2013 Odjeljenja bezbjednosti Herceg Novi, od momenta odr\u017eavanja ovog doga\u0111aja, preduzimaju aktivnosti iz svoje nadle\u017enosti na utvr\u0111ivanju \u010dinjenica i okolnosti odr\u017eavanja javnog skupa, te identifikovanju i procesuiranju svih lica koja su navedene ve\u010deri, prilikom odr\u017eavanja javne priredbe, prekr\u0161ila zakon. Policijski slu\u017ebenici su, s tim u vezi, Sudu za prekr\u0161aje u Budvi \u2013 Odjeljenju u Herceg Novom podnijeli prekr\u0161ajne prijave protiv tri lica \u2013 D.P, G.\u0110. i B.M. iz Herceg Novog, zbog po\u010dinjenih prekr\u0161aja iz Zakona o javnim okupljanjima i javnim priredbama &#8211; saop\u0161tili su iz policije.<\/p>\n\n\n\n<p>Kako isti\u010du, prekr\u0161ajna prijava protiv D.P. podnijeta je jer kao rukovodilac javne priredbe, odnosno lice koje je u ime organizatora Odjeljenju bezbjednosti Herceg Novi prethodno prijavilo odr\u017eavanje skupa, nije prekinuo javnu priredbu iako je nastupila stvarna opasnost za bezbjednost u\u010desnika javne priredbe i opasnost po imovinu.<\/p>\n\n\n\n<p>Prekr\u0161ajna prijava protiv G.\u0110. i B.M. podnijeta je jer kao odgovorna lica u za\u0161titarskoj agenciji, zadu\u017eena za poslove redarske slu\u017ebe, osim toga \u0161to nisu prekinula javnu priredbu kad je nastupila opasnost, tako\u0111e nisu izvr\u0161ila pregled lica koja su u\u0161la na prostor gdje se javna priredba odr\u017eavala.<\/p>\n\n\n\n<p>Policijski slu\u017ebenici nastavljaju sa preduzimanjem mjera i radnji u cilju identifikovanja lica koja su upotrebom pirotehni\u010dkih sredstava naru\u0161ila javni red i mir, a po njihovom pronalasku nadle\u017enom Sudu za prekr\u0161aje bi\u0107e podnijete prekr\u0161ajne prijave shodno Zakonu o javnom redu i miru i Zakonu o eksplozivnim materijama &#8211; poru\u010duju iz policije.<\/p>\n\n\n\n<p>Kako dodaju, u dosada\u0161njem policijskom postupanju u ovom predmetu izjave su uzete od vi\u0161e lica, preduzete su i druge policijske mjere i radnje u cilju utvr\u0111ivanja \u010dinjenica i pribavljanja dokaza, a policija, kazali su, posjeduje i video zapis navedenog doga\u0111aja \u2013 odr\u017eavanja javnog okupljanja, \u010dija analiza je u toku.<\/p>\n\n\n\n<p>Dr\u017eavni tu\u017eilac u Osnovnom dr\u017eavnom tu\u017eila\u0161tvu u Herceg Novom i dr\u017eavni tu\u017eilac u Vi\u0161em dr\u017eavnom tu\u017eila\u0161tvu u Podgorici su se, nakon \u0161to ih je Odjeljenje bezbjednosti Herceg Novi upoznalo sa doga\u0111ajem, izjasnili da u radnjama lica koja su se nedoli\u010dno pona\u0161ala na koncertu nema elementa bi\u0107a krivi\u010dnog djela izazivanje nacionalne, rasne i vjerske mr\u017enje, kao ni drugog krivi\u010dnog djela za koje se gonjenje preduzima po slu\u017ebenoj du\u017enosti. Policijski slu\u017ebenici nastavljaju sa radom na ovom predmetu, u cilju identifikovanja i procesuiranja svih odgovornih lica &#8211; zaklju\u010dili su u saop\u0161tenju.<\/p>","protected":false},"excerpt":{"rendered":"<p>U vezi sa odr\u017eavanjem humanitarnog koncerta na ljetnjoj pozornici tvr\u0111ave Kanli kula u Herceg Novom, koji je u organizaciji Mitropolije crnogorsko \u2013 primorske i fondacije \u201cDelije&#8221; odr\u017ean 10.08.2025. godine u ve\u010dernjim \u010dasovima, a na kojem je aktiviran vatromet, te upotrijebljena pirotehni\u010dka sredstva i isticani transparentni uz veli\u010danje ratnog zlo\u010dinca iz Uprave policije su kazali da su podnijeli tri prekr\u0161ajne prijave.<\/p>","protected":false},"author":1,"featured_media":946498,"comment_status":"open","ping_status":"open","sticky":false,"template":"","format":"standard","meta":{"_acf_changed":false,"footnotes":""},"categories":[17],"tags":[48,45,2975],"naslovna":[],"class_list":["post-946497","post","type-post","status-publish","format-standard","has-post-thumbnail","hentry","category-hronika","tag-herceg-novi","tag-policija","tag-prijava"],"acf":[],"yoast_head":"<!-- This site is optimized with the Yoast SEO plugin v27.0 - https:\/\/yoast.com\/product\/yoast-seo-wordpress\/ -->\n<title>Herceg Novi: Zbog koncerta na Kanli kuli policija podnijela prekr\u0161ajne prijave protiv tri osobe - dmcsrb.com<\/title>\n<meta name=\"robots\" content=\"index, follow, max-snippet:-1, max-image-preview:large, max-video-preview:-1\" \/>\n<link rel=\"canonical\" href=\"https:\/\/dmcsrb.com\/en\/hronika\/herceg-novi-zbog-koncerta-na-kanli-kuli-policija-podnijela-prekrsajne-prijave-protiv-tri-osobe\/\" \/>\n<meta property=\"og:locale\" content=\"en_GB\" \/>\n<meta property=\"og:type\" content=\"article\" \/>\n<meta property=\"og:title\" content=\"Herceg Novi: Zbog koncerta na Kanli kuli policija podnijela prekr\u0161ajne prijave protiv tri osobe - dmcsrb.com\" \/>\n<meta property=\"og:description\" content=\"U vezi sa odr\u017eavanjem humanitarnog koncerta na ljetnjoj pozornici tvr\u0111ave Kanli kula u Herceg Novom, koji je u organizaciji Mitropolije crnogorsko \u2013 primorske i fondacije \u201cDelije&quot; odr\u017ean 10.08.2025. godine u ve\u010dernjim \u010dasovima, a na kojem je aktiviran vatromet, te upotrijebljena pirotehni\u010dka sredstva i isticani transparentni uz veli\u010danje ratnog zlo\u010dinca iz Uprave policije su kazali da su podnijeli tri prekr\u0161ajne prijave.\" \/>\n<meta property=\"og:url\" content=\"https:\/\/dmcsrb.com\/en\/hronika\/herceg-novi-zbog-koncerta-na-kanli-kuli-policija-podnijela-prekrsajne-prijave-protiv-tri-osobe\/\" \/>\n<meta property=\"og:site_name\" content=\"dmcsrb.com\" \/>\n<meta property=\"article:published_time\" content=\"2025-08-16T05:19:00+00:00\" \/>\n<meta property=\"og:image\" content=\"https:\/\/dmcsrb.com\/wp-content\/uploads\/2026\/01\/Kanli-KUla.webp\" \/>\n\t<meta property=\"og:image:width\" content=\"330\" \/>\n\t<meta property=\"og:image:height\" content=\"153\" \/>\n\t<meta property=\"og:image:type\" content=\"image\/jpeg\" \/>\n<meta name=\"author\" content=\"dmcsrbija.com@gmail.com\" \/>\n<meta name=\"twitter:card\" content=\"summary_large_image\" \/>\n<meta name=\"twitter:label1\" content=\"Written by\" \/>\n\t<meta name=\"twitter:data1\" content=\"dmcsrbija.com@gmail.com\" \/>\n\t<meta name=\"twitter:label2\" content=\"Estimated reading time\" \/>\n\t<meta name=\"twitter:data2\" content=\"2 minutes\" \/>\n<script type=\"application\/ld+json\" class=\"yoast-schema-graph\">{\"@context\":\"https:\/\/schema.org\",\"@graph\":[{\"@type\":\"Article\",\"@id\":\"https:\/\/dmcsrb.com\/hronika\/herceg-novi-zbog-koncerta-na-kanli-kuli-policija-podnijela-prekrsajne-prijave-protiv-tri-osobe\/#article\",\"isPartOf\":{\"@id\":\"https:\/\/dmcsrb.com\/hronika\/herceg-novi-zbog-koncerta-na-kanli-kuli-policija-podnijela-prekrsajne-prijave-protiv-tri-osobe\/\"},\"author\":{\"name\":\"dmcsrbija.com@gmail.com\",\"@id\":\"https:\/\/dmcsrb.com\/#\/schema\/person\/5c39170f12db1b8b457732d0b5c854e2\"},\"headline\":\"Herceg Novi: Zbog koncerta na Kanli kuli policija podnijela prekr\u0161ajne prijave protiv tri osobe\",\"datePublished\":\"2025-08-16T05:19:00+00:00\",\"mainEntityOfPage\":{\"@id\":\"https:\/\/dmcsrb.com\/hronika\/herceg-novi-zbog-koncerta-na-kanli-kuli-policija-podnijela-prekrsajne-prijave-protiv-tri-osobe\/\"},\"wordCount\":448,\"commentCount\":0,\"image\":{\"@id\":\"https:\/\/dmcsrb.com\/hronika\/herceg-novi-zbog-koncerta-na-kanli-kuli-policija-podnijela-prekrsajne-prijave-protiv-tri-osobe\/#primaryimage\"},\"thumbnailUrl\":\"https:\/\/dmcsrb.com\/wp-content\/uploads\/2026\/01\/Kanli-KUla.webp\",\"keywords\":[\"Herceg Novi\",\"policija\",\"prijava\"],\"articleSection\":[\"Hronika\"],\"inLanguage\":\"en-GB\",\"potentialAction\":[{\"@type\":\"CommentAction\",\"name\":\"Comment\",\"target\":[\"https:\/\/dmcsrb.com\/hronika\/herceg-novi-zbog-koncerta-na-kanli-kuli-policija-podnijela-prekrsajne-prijave-protiv-tri-osobe\/#respond\"]}]},{\"@type\":\"WebPage\",\"@id\":\"https:\/\/dmcsrb.com\/hronika\/herceg-novi-zbog-koncerta-na-kanli-kuli-policija-podnijela-prekrsajne-prijave-protiv-tri-osobe\/\",\"url\":\"https:\/\/dmcsrb.com\/hronika\/herceg-novi-zbog-koncerta-na-kanli-kuli-policija-podnijela-prekrsajne-prijave-protiv-tri-osobe\/\",\"name\":\"Herceg Novi: Zbog koncerta na Kanli kuli policija podnijela prekr\u0161ajne prijave protiv tri osobe - dmcsrb.com\",\"isPartOf\":{\"@id\":\"https:\/\/dmcsrb.com\/#website\"},\"primaryImageOfPage\":{\"@id\":\"https:\/\/dmcsrb.com\/hronika\/herceg-novi-zbog-koncerta-na-kanli-kuli-policija-podnijela-prekrsajne-prijave-protiv-tri-osobe\/#primaryimage\"},\"image\":{\"@id\":\"https:\/\/dmcsrb.com\/hronika\/herceg-novi-zbog-koncerta-na-kanli-kuli-policija-podnijela-prekrsajne-prijave-protiv-tri-osobe\/#primaryimage\"},\"thumbnailUrl\":\"https:\/\/dmcsrb.com\/wp-content\/uploads\/2026\/01\/Kanli-KUla.webp\",\"datePublished\":\"2025-08-16T05:19:00+00:00\",\"author\":{\"@id\":\"https:\/\/dmcsrb.com\/#\/schema\/person\/5c39170f12db1b8b457732d0b5c854e2\"},\"breadcrumb\":{\"@id\":\"https:\/\/dmcsrb.com\/hronika\/herceg-novi-zbog-koncerta-na-kanli-kuli-policija-podnijela-prekrsajne-prijave-protiv-tri-osobe\/#breadcrumb\"},\"inLanguage\":\"en-GB\",\"potentialAction\":[{\"@type\":\"ReadAction\",\"target\":[\"https:\/\/dmcsrb.com\/hronika\/herceg-novi-zbog-koncerta-na-kanli-kuli-policija-podnijela-prekrsajne-prijave-protiv-tri-osobe\/\"]}]},{\"@type\":\"ImageObject\",\"inLanguage\":\"en-GB\",\"@id\":\"https:\/\/dmcsrb.com\/hronika\/herceg-novi-zbog-koncerta-na-kanli-kuli-policija-podnijela-prekrsajne-prijave-protiv-tri-osobe\/#primaryimage\",\"url\":\"https:\/\/dmcsrb.com\/wp-content\/uploads\/2026\/01\/Kanli-KUla.webp\",\"contentUrl\":\"https:\/\/dmcsrb.com\/wp-content\/uploads\/2026\/01\/Kanli-KUla.webp\",\"width\":330,\"height\":153},{\"@type\":\"BreadcrumbList\",\"@id\":\"https:\/\/dmcsrb.com\/hronika\/herceg-novi-zbog-koncerta-na-kanli-kuli-policija-podnijela-prekrsajne-prijave-protiv-tri-osobe\/#breadcrumb\",\"itemListElement\":[{\"@type\":\"ListItem\",\"position\":1,\"name\":\"Home\",\"item\":\"https:\/\/dmcsrb.com\/\"},{\"@type\":\"ListItem\",\"position\":2,\"name\":\"Herceg Novi: Zbog koncerta na Kanli kuli policija podnijela prekr\u0161ajne prijave protiv tri osobe\"}]},{\"@type\":\"WebSite\",\"@id\":\"https:\/\/dmcsrb.com\/#website\",\"url\":\"https:\/\/dmcsrb.com\/\",\"name\":\"dmcsrb.com\",\"description\":\"\",\"potentialAction\":[{\"@type\":\"SearchAction\",\"target\":{\"@type\":\"EntryPoint\",\"urlTemplate\":\"https:\/\/dmcsrb.com\/?s={search_term_string}\"},\"query-input\":{\"@type\":\"PropertyValueSpecification\",\"valueRequired\":true,\"valueName\":\"search_term_string\"}}],\"inLanguage\":\"en-GB\"},{\"@type\":\"Person\",\"@id\":\"https:\/\/dmcsrb.com\/#\/schema\/person\/5c39170f12db1b8b457732d0b5c854e2\",\"name\":\"dmcsrbija.com@gmail.com\",\"image\":{\"@type\":\"ImageObject\",\"inLanguage\":\"en-GB\",\"@id\":\"https:\/\/dmcsrb.com\/#\/schema\/person\/image\/\",\"url\":\"https:\/\/secure.gravatar.com\/avatar\/68592660ad6347fad0fb587f8d5d8f1a7b44961362f56e4f2cd524feb87e9069?s=96&d=mm&r=g\",\"contentUrl\":\"https:\/\/secure.gravatar.com\/avatar\/68592660ad6347fad0fb587f8d5d8f1a7b44961362f56e4f2cd524feb87e9069?s=96&d=mm&r=g\",\"caption\":\"dmcsrbija.com@gmail.com\"},\"sameAs\":[\"https:\/\/dmcsrb.com\"],\"url\":\"https:\/\/dmcsrb.com\/en\/author\/dmcsrbija-comgmail-com\/\"}]}<\/script>\n<!-- \/ Yoast SEO plugin. -->","yoast_head_json":{"title":"Herceg Novi: Zbog koncerta na Kanli kuli policija podnijela prekr\u0161ajne prijave protiv tri osobe - dmcsrb.com","robots":{"index":"index","follow":"follow","max-snippet":"max-snippet:-1","max-image-preview":"max-image-preview:large","max-video-preview":"max-video-preview:-1"},"canonical":"https:\/\/dmcsrb.com\/en\/hronika\/herceg-novi-zbog-koncerta-na-kanli-kuli-policija-podnijela-prekrsajne-prijave-protiv-tri-osobe\/","og_locale":"en_GB","og_type":"article","og_title":"Herceg Novi: Zbog koncerta na Kanli kuli policija podnijela prekr\u0161ajne prijave protiv tri osobe - dmcsrb.com","og_description":"U vezi sa odr\u017eavanjem humanitarnog koncerta na ljetnjoj pozornici tvr\u0111ave Kanli kula u Herceg Novom, koji je u organizaciji Mitropolije crnogorsko \u2013 primorske i fondacije \u201cDelije\" odr\u017ean 10.08.2025. godine u ve\u010dernjim \u010dasovima, a na kojem je aktiviran vatromet, te upotrijebljena pirotehni\u010dka sredstva i isticani transparentni uz veli\u010danje ratnog zlo\u010dinca iz Uprave policije su kazali da su podnijeli tri prekr\u0161ajne prijave.","og_url":"https:\/\/dmcsrb.com\/en\/hronika\/herceg-novi-zbog-koncerta-na-kanli-kuli-policija-podnijela-prekrsajne-prijave-protiv-tri-osobe\/","og_site_name":"dmcsrb.com","article_published_time":"2025-08-16T05:19:00+00:00","og_image":[{"width":330,"height":153,"url":"https:\/\/dmcsrb.com\/wp-content\/uploads\/2026\/01\/Kanli-KUla.webp","type":"image\/jpeg"}],"author":"dmcsrbija.com@gmail.com","twitter_card":"summary_large_image","twitter_misc":{"Written by":"dmcsrbija.com@gmail.com","Estimated reading time":"2 minutes"},"schema":{"@context":"https:\/\/schema.org","@graph":[{"@type":"Article","@id":"https:\/\/dmcsrb.com\/hronika\/herceg-novi-zbog-koncerta-na-kanli-kuli-policija-podnijela-prekrsajne-prijave-protiv-tri-osobe\/#article","isPartOf":{"@id":"https:\/\/dmcsrb.com\/hronika\/herceg-novi-zbog-koncerta-na-kanli-kuli-policija-podnijela-prekrsajne-prijave-protiv-tri-osobe\/"},"author":{"name":"dmcsrbija.com@gmail.com","@id":"https:\/\/dmcsrb.com\/#\/schema\/person\/5c39170f12db1b8b457732d0b5c854e2"},"headline":"Herceg Novi: Zbog koncerta na Kanli kuli policija podnijela prekr\u0161ajne prijave protiv tri osobe","datePublished":"2025-08-16T05:19:00+00:00","mainEntityOfPage":{"@id":"https:\/\/dmcsrb.com\/hronika\/herceg-novi-zbog-koncerta-na-kanli-kuli-policija-podnijela-prekrsajne-prijave-protiv-tri-osobe\/"},"wordCount":448,"commentCount":0,"image":{"@id":"https:\/\/dmcsrb.com\/hronika\/herceg-novi-zbog-koncerta-na-kanli-kuli-policija-podnijela-prekrsajne-prijave-protiv-tri-osobe\/#primaryimage"},"thumbnailUrl":"https:\/\/dmcsrb.com\/wp-content\/uploads\/2026\/01\/Kanli-KUla.webp","keywords":["Herceg Novi","policija","prijava"],"articleSection":["Hronika"],"inLanguage":"en-GB","potentialAction":[{"@type":"CommentAction","name":"Comment","target":["https:\/\/dmcsrb.com\/hronika\/herceg-novi-zbog-koncerta-na-kanli-kuli-policija-podnijela-prekrsajne-prijave-protiv-tri-osobe\/#respond"]}]},{"@type":"WebPage","@id":"https:\/\/dmcsrb.com\/hronika\/herceg-novi-zbog-koncerta-na-kanli-kuli-policija-podnijela-prekrsajne-prijave-protiv-tri-osobe\/","url":"https:\/\/dmcsrb.com\/hronika\/herceg-novi-zbog-koncerta-na-kanli-kuli-policija-podnijela-prekrsajne-prijave-protiv-tri-osobe\/","name":"Herceg Novi: Zbog koncerta na Kanli kuli policija podnijela prekr\u0161ajne prijave protiv tri osobe - dmcsrb.com","isPartOf":{"@id":"https:\/\/dmcsrb.com\/#website"},"primaryImageOfPage":{"@id":"https:\/\/dmcsrb.com\/hronika\/herceg-novi-zbog-koncerta-na-kanli-kuli-policija-podnijela-prekrsajne-prijave-protiv-tri-osobe\/#primaryimage"},"image":{"@id":"https:\/\/dmcsrb.com\/hronika\/herceg-novi-zbog-koncerta-na-kanli-kuli-policija-podnijela-prekrsajne-prijave-protiv-tri-osobe\/#primaryimage"},"thumbnailUrl":"https:\/\/dmcsrb.com\/wp-content\/uploads\/2026\/01\/Kanli-KUla.webp","datePublished":"2025-08-16T05:19:00+00:00","author":{"@id":"https:\/\/dmcsrb.com\/#\/schema\/person\/5c39170f12db1b8b457732d0b5c854e2"},"breadcrumb":{"@id":"https:\/\/dmcsrb.com\/hronika\/herceg-novi-zbog-koncerta-na-kanli-kuli-policija-podnijela-prekrsajne-prijave-protiv-tri-osobe\/#breadcrumb"},"inLanguage":"en-GB","potentialAction":[{"@type":"ReadAction","target":["https:\/\/dmcsrb.com\/hronika\/herceg-novi-zbog-koncerta-na-kanli-kuli-policija-podnijela-prekrsajne-prijave-protiv-tri-osobe\/"]}]},{"@type":"ImageObject","inLanguage":"en-GB","@id":"https:\/\/dmcsrb.com\/hronika\/herceg-novi-zbog-koncerta-na-kanli-kuli-policija-podnijela-prekrsajne-prijave-protiv-tri-osobe\/#primaryimage","url":"https:\/\/dmcsrb.com\/wp-content\/uploads\/2026\/01\/Kanli-KUla.webp","contentUrl":"https:\/\/dmcsrb.com\/wp-content\/uploads\/2026\/01\/Kanli-KUla.webp","width":330,"height":153},{"@type":"BreadcrumbList","@id":"https:\/\/dmcsrb.com\/hronika\/herceg-novi-zbog-koncerta-na-kanli-kuli-policija-podnijela-prekrsajne-prijave-protiv-tri-osobe\/#breadcrumb","itemListElement":[{"@type":"ListItem","position":1,"name":"Home","item":"https:\/\/dmcsrb.com\/"},{"@type":"ListItem","position":2,"name":"Herceg Novi: Zbog koncerta na Kanli kuli policija podnijela prekr\u0161ajne prijave protiv tri osobe"}]},{"@type":"WebSite","@id":"https:\/\/dmcsrb.com\/#website","url":"https:\/\/dmcsrb.com\/","name":"dmcsrb.com","description":"","potentialAction":[{"@type":"SearchAction","target":{"@type":"EntryPoint","urlTemplate":"https:\/\/dmcsrb.com\/?s={search_term_string}"},"query-input":{"@type":"PropertyValueSpecification","valueRequired":true,"valueName":"search_term_string"}}],"inLanguage":"en-GB"},{"@type":"Person","@id":"https:\/\/dmcsrb.com\/#\/schema\/person\/5c39170f12db1b8b457732d0b5c854e2","name":"dmcsrbija.com@gmail.com","image":{"@type":"ImageObject","inLanguage":"en-GB","@id":"https:\/\/dmcsrb.com\/#\/schema\/person\/image\/","url":"https:\/\/secure.gravatar.com\/avatar\/68592660ad6347fad0fb587f8d5d8f1a7b44961362f56e4f2cd524feb87e9069?s=96&d=mm&r=g","contentUrl":"https:\/\/secure.gravatar.com\/avatar\/68592660ad6347fad0fb587f8d5d8f1a7b44961362f56e4f2cd524feb87e9069?s=96&d=mm&r=g","caption":"dmcsrbija.com@gmail.com"},"sameAs":["https:\/\/dmcsrb.com"],"url":"https:\/\/dmcsrb.com\/en\/author\/dmcsrbija-comgmail-com\/"}]}},"_links":{"self":[{"href":"https:\/\/dmcsrb.com\/en\/wp-json\/wp\/v2\/posts\/946497","targetHints":{"allow":["GET"]}}],"collection":[{"href":"https:\/\/dmcsrb.com\/en\/wp-json\/wp\/v2\/posts"}],"about":[{"href":"https:\/\/dmcsrb.com\/en\/wp-json\/wp\/v2\/types\/post"}],"author":[{"embeddable":true,"href":"https:\/\/dmcsrb.com\/en\/wp-json\/wp\/v2\/users\/1"}],"replies":[{"embeddable":true,"href":"https:\/\/dmcsrb.com\/en\/wp-json\/wp\/v2\/comments?post=946497"}],"version-history":[{"count":0,"href":"https:\/\/dmcsrb.com\/en\/wp-json\/wp\/v2\/posts\/946497\/revisions"}],"wp:featuredmedia":[{"embeddable":true,"href":"https:\/\/dmcsrb.com\/en\/wp-json\/wp\/v2\/media\/946498"}],"wp:attachment":[{"href":"https:\/\/dmcsrb.com\/en\/wp-json\/wp\/v2\/media?parent=946497"}],"wp:term":[{"taxonomy":"category","embeddable":true,"href":"https:\/\/dmcsrb.com\/en\/wp-json\/wp\/v2\/categories?post=946497"},{"taxonomy":"post_tag","embeddable":true,"href":"https:\/\/dmcsrb.com\/en\/wp-json\/wp\/v2\/tags?post=946497"},{"taxonomy":"naslovna","embeddable":true,"href":"https:\/\/dmcsrb.com\/en\/wp-json\/wp\/v2\/naslovna?post=946497"}],"curies":[{"name":"wp","href":"https:\/\/api.w.org\/{rel}","templated":true}]}}