{"id":946407,"date":"2025-08-15T12:39:00","date_gmt":"2025-08-15T10:39:00","guid":{"rendered":"https:\/\/dmcsrb.com\/uncategorized\/dva-lica-osumnjicena-za-izazivanje-pozara-u-zeti-i-na-zabjelu-osam-procesuirano-od-pocetka-mjeseca\/"},"modified":"2025-08-15T12:39:00","modified_gmt":"2025-08-15T10:39:00","slug":"dva-lica-osumnjicena-za-izazivanje-pozara-u-zeti-i-na-zabjelu-osam-procesuirano-od-pocetka-mjeseca","status":"publish","type":"post","link":"https:\/\/dmcsrb.com\/en\/hronika\/dva-lica-osumnjicena-za-izazivanje-pozara-u-zeti-i-na-zabjelu-osam-procesuirano-od-pocetka-mjeseca\/","title":{"rendered":"Dva lica osumnji\u010dena za izazivanje po\u017eara u Zeti i na Zabjelu, osam procesuirano od po\u010detka mjeseca"},"content":{"rendered":"<p><\/p>\n\n\n\n<p>Naime, ju\u010de su identifikovana tri maloljetna lica starosti 13 i 11 godina, od kojih je jedno maloljetno lice, kako se sumnja, upotrebom podesnog sredstva, u Zeti izazvalo po\u017ear koji se pro\u0161irio, dok su druga dva lica bila sa njim u dru\u0161tvu. Imaju\u0107i u vidu da se, zbog uzrasta radi o krivi\u010dno i prekr\u0161ajno neodgovornom licu, protiv roditelja ovog lica \u0107e biti podnijeta prekr\u0161ajna prijava shodno Zakonu o za\u0161titi od nasilja u porodici zbog zanemarivanja djeteta, navedeno je iz Uprave policije.<\/p>\n\n\n\n<p>&#8221;Identifikovan je i <strong>S.M.(49)<\/strong> za kojeg se sumnja da je 12.8.2025. godine, izazvao po\u017ear niskog rastinja u Ulici 27. marta u naselju Zabjelo, op\u0161tina Podgorica, od kojeg su prikupljena obavje\u0161tenja na okolnosti doga\u0111aja. Sa doga\u0111ajem je upoznat dr\u017eavni tu\u017eilac u Osnovnom dr\u017eavnom tu\u017eila\u0161tvu u Podgorici koji \u0107e se naknadno izjasniti o pravnoj kvalifikaciji djela&#8221;, poja\u0161njavaju iz Uprave policije.<\/p>\n\n\n\n<figure class=\"wp-block-video\"><video controls src=\"https:\/\/gradski.me\/wp-content\/uploads\/2025\/08\/VID-20250814-WA0154.mp4\"><\/video><\/figure>\n\n\n\n<p>U prethodna tri mjeseca je ukupno identifikovano 14 lica za koja se sumnja da su izazvala po\u017ear ili palila vatru na otvorenom, isti\u010du iz Uprave policije.<\/p>\n\n\n\n<ul class=\"wp-block-list\">\n<li>Preduzetim policijsko-tu\u017eila\u010dkim mjerama i radnjama za vrijeme trajanja po\u017earne sezone, u toku juna i jula, slu\u017ebenici Uprave policije su identifikovali i procesuirali \u0161est lica osumnji\u010denih za krivi\u010dno djelo izazivanje op\u0161te opasnosti <strong>i to: <\/strong>jedno lice u Podgorici, jedno lice u Herceg Novom,dva lica u Ulcinju, jedno lice u Danilovgradu ijedno lice u Bijelom Polju.<\/li>\n\n\n\n<li>Preduzimanjem brojnih operativnih, istra\u017enih i forenzi\u010dkih mjera i radnji, u toku avgusta je<strong>, <\/strong>usljed uslo\u017enjavanja vremenskih prilika,<strong> <\/strong>podignut nivo operativnih aktivnosti, \u0161to je rezultiralo identifikacijom osam lica<strong> <\/strong>za koja postoji osnov sumnje da su izazivala po\u017ear na otvorenom prostoru kao i lica koja su prilikom paljenja vatre sprije\u010dena u izazivanju posljedica \u0161irih razmjera, od kojih su u dosada\u0161njim aktivnostima, <u>dva lica krivi\u010dno procesuirana <\/u>zbog po\u017eara u mjestu Zaljevo u Baru i Bijov Grob u Bijelom Polju<strong><u>, <\/u><\/strong><u>jedno lice prekr\u0161ajno u Sutomoru, dok \u0107e za preostala lica uslijediti naknadna kvalifikacija zbog po\u017eara u Ku\u010dima, City kvartu, Zeti i Zabjelu<\/u><strong><u>.<\/u><\/strong><\/li>\n\n\n\n<li>Kada su u pitanju policijsko \u2013 tu\u017eila\u010dke i forenzi\u010dke aktivnosti na utvr\u0111ivanju svih faktora i uzroka po\u017eara nastalih na teritoriji svih regija kao i rezultati izvr\u0161enih vje\u0161ta\u010denja od strane vje\u0161taka za po\u017eare, eksplozije i havarije i vje\u0161taka elektro struke utvr\u0111eno je da je u tri slu\u010daja do\u0161lo do samozapaljenja nakon \u010dega je vatra zahvatila \u0161ire podru\u010dje od \u010dega u dva slu\u010daja kao posljedica samozapaljenja provodnika elektri\u010dne energije i to u Piperima mjesto \u0110urkovi\u0107i i u barskom naselju Polje, i jedno kao posljedica samozapaljenja vozila u mjestu Kufin, op\u0161tina Budva, a koji se kasnije pro\u0161irio na Buljaricu i \u010canj<strong>.<\/strong><\/li>\n<\/ul>\n\n\n\n<p>&#8221;Uprava policije \u0107e i u narednom periodu nastaviti sa poja\u010danim aktivnostima na terenu uz anga\u017eovanje svih raspolo\u017eivih kapaciteta policije u bliskoj saradnji i pru\u017eanjem podr\u0161ke slu\u017ebama lokalne samouprave, kao i preventivno-represivnim djelovanjem sa ciljem za\u0161tite \u017eivota i imovine gra\u0111ana&#8221;, zaklju\u010duju iz Uprave policije.<\/p>","protected":false},"excerpt":{"rendered":"<p>Slu\u017ebenici Uprave policije su u nastavku preduzetih intenzivnih i sveobuhvatnih aktivnosti u cilju utvr\u0111ivanja uzroka po\u017eara koji su poslednjih dana aktivni na teritoriji vi\u0161e op\u0161tina i regija \u0161irom dr\u017eave, ju\u010de u saradnji sa Osnovnim dr\u017eavnim tu\u017eila\u0161tvom u Podgorici, identifikovali jo\u0161 dva lica odgovorna za izazivanje po\u017eara u Zeti i na Zabjelu, saop\u0161teno je iz Uprave policije.<\/p>","protected":false},"author":1,"featured_media":946408,"comment_status":"open","ping_status":"open","sticky":false,"template":"","format":"standard","meta":{"_acf_changed":false,"footnotes":""},"categories":[17],"tags":[17729,17480,17730,1011,512],"naslovna":[],"class_list":["post-946407","post","type-post","status-publish","format-standard","has-post-thumbnail","hentry","category-hronika","tag-identifikovana-lica","tag-izazivanje-pozara","tag-osumjicenost","tag-zabjelo","tag-zeta"],"acf":[],"yoast_head":"<!-- This site is optimized with the Yoast SEO plugin v27.0 - https:\/\/yoast.com\/product\/yoast-seo-wordpress\/ -->\n<title>Dva lica osumnji\u010dena za izazivanje po\u017eara u Zeti i na Zabjelu, osam procesuirano od po\u010detka mjeseca - dmcsrb.com<\/title>\n<meta name=\"robots\" content=\"index, follow, max-snippet:-1, max-image-preview:large, max-video-preview:-1\" \/>\n<link rel=\"canonical\" href=\"https:\/\/dmcsrb.com\/en\/hronika\/dva-lica-osumnjicena-za-izazivanje-pozara-u-zeti-i-na-zabjelu-osam-procesuirano-od-pocetka-mjeseca\/\" \/>\n<meta property=\"og:locale\" content=\"en_GB\" \/>\n<meta property=\"og:type\" content=\"article\" \/>\n<meta property=\"og:title\" content=\"Dva lica osumnji\u010dena za izazivanje po\u017eara u Zeti i na Zabjelu, osam procesuirano od po\u010detka mjeseca - dmcsrb.com\" \/>\n<meta property=\"og:description\" content=\"Slu\u017ebenici Uprave policije su u nastavku preduzetih intenzivnih i sveobuhvatnih aktivnosti u cilju utvr\u0111ivanja uzroka po\u017eara koji su poslednjih dana aktivni na teritoriji vi\u0161e op\u0161tina i regija \u0161irom dr\u017eave, ju\u010de u saradnji sa Osnovnim dr\u017eavnim tu\u017eila\u0161tvom u Podgorici, identifikovali jo\u0161 dva lica odgovorna za izazivanje po\u017eara u Zeti i na Zabjelu, saop\u0161teno je iz Uprave policije.\" \/>\n<meta property=\"og:url\" content=\"https:\/\/dmcsrb.com\/en\/hronika\/dva-lica-osumnjicena-za-izazivanje-pozara-u-zeti-i-na-zabjelu-osam-procesuirano-od-pocetka-mjeseca\/\" \/>\n<meta property=\"og:site_name\" content=\"dmcsrb.com\" \/>\n<meta property=\"article:published_time\" content=\"2025-08-15T10:39:00+00:00\" \/>\n<meta property=\"og:image\" content=\"https:\/\/dmcsrb.com\/wp-content\/uploads\/2026\/01\/IMG-6f32008124d45e92688368cf2642e943-V.webp\" \/>\n\t<meta property=\"og:image:width\" content=\"1200\" \/>\n\t<meta property=\"og:image:height\" content=\"1600\" \/>\n\t<meta property=\"og:image:type\" content=\"image\/jpeg\" \/>\n<meta name=\"author\" content=\"dmcsrbija.com@gmail.com\" \/>\n<meta name=\"twitter:card\" content=\"summary_large_image\" \/>\n<meta name=\"twitter:label1\" content=\"Written by\" \/>\n\t<meta name=\"twitter:data1\" content=\"dmcsrbija.com@gmail.com\" \/>\n\t<meta name=\"twitter:label2\" content=\"Estimated reading time\" \/>\n\t<meta name=\"twitter:data2\" content=\"3 minutes\" \/>\n<script type=\"application\/ld+json\" class=\"yoast-schema-graph\">{\"@context\":\"https:\/\/schema.org\",\"@graph\":[{\"@type\":\"Article\",\"@id\":\"https:\/\/dmcsrb.com\/hronika\/dva-lica-osumnjicena-za-izazivanje-pozara-u-zeti-i-na-zabjelu-osam-procesuirano-od-pocetka-mjeseca\/#article\",\"isPartOf\":{\"@id\":\"https:\/\/dmcsrb.com\/hronika\/dva-lica-osumnjicena-za-izazivanje-pozara-u-zeti-i-na-zabjelu-osam-procesuirano-od-pocetka-mjeseca\/\"},\"author\":{\"name\":\"dmcsrbija.com@gmail.com\",\"@id\":\"https:\/\/dmcsrb.com\/#\/schema\/person\/5c39170f12db1b8b457732d0b5c854e2\"},\"headline\":\"Dva lica osumnji\u010dena za izazivanje po\u017eara u Zeti i na Zabjelu, osam procesuirano od po\u010detka mjeseca\",\"datePublished\":\"2025-08-15T10:39:00+00:00\",\"mainEntityOfPage\":{\"@id\":\"https:\/\/dmcsrb.com\/hronika\/dva-lica-osumnjicena-za-izazivanje-pozara-u-zeti-i-na-zabjelu-osam-procesuirano-od-pocetka-mjeseca\/\"},\"wordCount\":541,\"commentCount\":0,\"image\":{\"@id\":\"https:\/\/dmcsrb.com\/hronika\/dva-lica-osumnjicena-za-izazivanje-pozara-u-zeti-i-na-zabjelu-osam-procesuirano-od-pocetka-mjeseca\/#primaryimage\"},\"thumbnailUrl\":\"https:\/\/dmcsrb.com\/wp-content\/uploads\/2026\/01\/IMG-6f32008124d45e92688368cf2642e943-V.webp\",\"keywords\":[\"Identifikovana lica\",\"Izazivanje po\u017eara\",\"Osumji\u010denost\",\"Zabjelo\",\"Zeta\"],\"articleSection\":[\"Hronika\"],\"inLanguage\":\"en-GB\",\"potentialAction\":[{\"@type\":\"CommentAction\",\"name\":\"Comment\",\"target\":[\"https:\/\/dmcsrb.com\/hronika\/dva-lica-osumnjicena-za-izazivanje-pozara-u-zeti-i-na-zabjelu-osam-procesuirano-od-pocetka-mjeseca\/#respond\"]}]},{\"@type\":\"WebPage\",\"@id\":\"https:\/\/dmcsrb.com\/hronika\/dva-lica-osumnjicena-za-izazivanje-pozara-u-zeti-i-na-zabjelu-osam-procesuirano-od-pocetka-mjeseca\/\",\"url\":\"https:\/\/dmcsrb.com\/hronika\/dva-lica-osumnjicena-za-izazivanje-pozara-u-zeti-i-na-zabjelu-osam-procesuirano-od-pocetka-mjeseca\/\",\"name\":\"Dva lica osumnji\u010dena za izazivanje po\u017eara u Zeti i na Zabjelu, osam procesuirano od po\u010detka mjeseca - dmcsrb.com\",\"isPartOf\":{\"@id\":\"https:\/\/dmcsrb.com\/#website\"},\"primaryImageOfPage\":{\"@id\":\"https:\/\/dmcsrb.com\/hronika\/dva-lica-osumnjicena-za-izazivanje-pozara-u-zeti-i-na-zabjelu-osam-procesuirano-od-pocetka-mjeseca\/#primaryimage\"},\"image\":{\"@id\":\"https:\/\/dmcsrb.com\/hronika\/dva-lica-osumnjicena-za-izazivanje-pozara-u-zeti-i-na-zabjelu-osam-procesuirano-od-pocetka-mjeseca\/#primaryimage\"},\"thumbnailUrl\":\"https:\/\/dmcsrb.com\/wp-content\/uploads\/2026\/01\/IMG-6f32008124d45e92688368cf2642e943-V.webp\",\"datePublished\":\"2025-08-15T10:39:00+00:00\",\"author\":{\"@id\":\"https:\/\/dmcsrb.com\/#\/schema\/person\/5c39170f12db1b8b457732d0b5c854e2\"},\"breadcrumb\":{\"@id\":\"https:\/\/dmcsrb.com\/hronika\/dva-lica-osumnjicena-za-izazivanje-pozara-u-zeti-i-na-zabjelu-osam-procesuirano-od-pocetka-mjeseca\/#breadcrumb\"},\"inLanguage\":\"en-GB\",\"potentialAction\":[{\"@type\":\"ReadAction\",\"target\":[\"https:\/\/dmcsrb.com\/hronika\/dva-lica-osumnjicena-za-izazivanje-pozara-u-zeti-i-na-zabjelu-osam-procesuirano-od-pocetka-mjeseca\/\"]}]},{\"@type\":\"ImageObject\",\"inLanguage\":\"en-GB\",\"@id\":\"https:\/\/dmcsrb.com\/hronika\/dva-lica-osumnjicena-za-izazivanje-pozara-u-zeti-i-na-zabjelu-osam-procesuirano-od-pocetka-mjeseca\/#primaryimage\",\"url\":\"https:\/\/dmcsrb.com\/wp-content\/uploads\/2026\/01\/IMG-6f32008124d45e92688368cf2642e943-V.webp\",\"contentUrl\":\"https:\/\/dmcsrb.com\/wp-content\/uploads\/2026\/01\/IMG-6f32008124d45e92688368cf2642e943-V.webp\",\"width\":1200,\"height\":1600},{\"@type\":\"BreadcrumbList\",\"@id\":\"https:\/\/dmcsrb.com\/hronika\/dva-lica-osumnjicena-za-izazivanje-pozara-u-zeti-i-na-zabjelu-osam-procesuirano-od-pocetka-mjeseca\/#breadcrumb\",\"itemListElement\":[{\"@type\":\"ListItem\",\"position\":1,\"name\":\"Home\",\"item\":\"https:\/\/dmcsrb.com\/\"},{\"@type\":\"ListItem\",\"position\":2,\"name\":\"Dva lica osumnji\u010dena za izazivanje po\u017eara u Zeti i na Zabjelu, osam procesuirano od po\u010detka mjeseca\"}]},{\"@type\":\"WebSite\",\"@id\":\"https:\/\/dmcsrb.com\/#website\",\"url\":\"https:\/\/dmcsrb.com\/\",\"name\":\"dmcsrb.com\",\"description\":\"\",\"potentialAction\":[{\"@type\":\"SearchAction\",\"target\":{\"@type\":\"EntryPoint\",\"urlTemplate\":\"https:\/\/dmcsrb.com\/?s={search_term_string}\"},\"query-input\":{\"@type\":\"PropertyValueSpecification\",\"valueRequired\":true,\"valueName\":\"search_term_string\"}}],\"inLanguage\":\"en-GB\"},{\"@type\":\"Person\",\"@id\":\"https:\/\/dmcsrb.com\/#\/schema\/person\/5c39170f12db1b8b457732d0b5c854e2\",\"name\":\"dmcsrbija.com@gmail.com\",\"image\":{\"@type\":\"ImageObject\",\"inLanguage\":\"en-GB\",\"@id\":\"https:\/\/dmcsrb.com\/#\/schema\/person\/image\/\",\"url\":\"https:\/\/secure.gravatar.com\/avatar\/68592660ad6347fad0fb587f8d5d8f1a7b44961362f56e4f2cd524feb87e9069?s=96&d=mm&r=g\",\"contentUrl\":\"https:\/\/secure.gravatar.com\/avatar\/68592660ad6347fad0fb587f8d5d8f1a7b44961362f56e4f2cd524feb87e9069?s=96&d=mm&r=g\",\"caption\":\"dmcsrbija.com@gmail.com\"},\"sameAs\":[\"https:\/\/dmcsrb.com\"],\"url\":\"https:\/\/dmcsrb.com\/en\/author\/dmcsrbija-comgmail-com\/\"}]}<\/script>\n<!-- \/ Yoast SEO plugin. -->","yoast_head_json":{"title":"Dva lica osumnji\u010dena za izazivanje po\u017eara u Zeti i na Zabjelu, osam procesuirano od po\u010detka mjeseca - dmcsrb.com","robots":{"index":"index","follow":"follow","max-snippet":"max-snippet:-1","max-image-preview":"max-image-preview:large","max-video-preview":"max-video-preview:-1"},"canonical":"https:\/\/dmcsrb.com\/en\/hronika\/dva-lica-osumnjicena-za-izazivanje-pozara-u-zeti-i-na-zabjelu-osam-procesuirano-od-pocetka-mjeseca\/","og_locale":"en_GB","og_type":"article","og_title":"Dva lica osumnji\u010dena za izazivanje po\u017eara u Zeti i na Zabjelu, osam procesuirano od po\u010detka mjeseca - dmcsrb.com","og_description":"Slu\u017ebenici Uprave policije su u nastavku preduzetih intenzivnih i sveobuhvatnih aktivnosti u cilju utvr\u0111ivanja uzroka po\u017eara koji su poslednjih dana aktivni na teritoriji vi\u0161e op\u0161tina i regija \u0161irom dr\u017eave, ju\u010de u saradnji sa Osnovnim dr\u017eavnim tu\u017eila\u0161tvom u Podgorici, identifikovali jo\u0161 dva lica odgovorna za izazivanje po\u017eara u Zeti i na Zabjelu, saop\u0161teno je iz Uprave policije.","og_url":"https:\/\/dmcsrb.com\/en\/hronika\/dva-lica-osumnjicena-za-izazivanje-pozara-u-zeti-i-na-zabjelu-osam-procesuirano-od-pocetka-mjeseca\/","og_site_name":"dmcsrb.com","article_published_time":"2025-08-15T10:39:00+00:00","og_image":[{"width":1200,"height":1600,"url":"https:\/\/dmcsrb.com\/wp-content\/uploads\/2026\/01\/IMG-6f32008124d45e92688368cf2642e943-V.webp","type":"image\/jpeg"}],"author":"dmcsrbija.com@gmail.com","twitter_card":"summary_large_image","twitter_misc":{"Written by":"dmcsrbija.com@gmail.com","Estimated reading time":"3 minutes"},"schema":{"@context":"https:\/\/schema.org","@graph":[{"@type":"Article","@id":"https:\/\/dmcsrb.com\/hronika\/dva-lica-osumnjicena-za-izazivanje-pozara-u-zeti-i-na-zabjelu-osam-procesuirano-od-pocetka-mjeseca\/#article","isPartOf":{"@id":"https:\/\/dmcsrb.com\/hronika\/dva-lica-osumnjicena-za-izazivanje-pozara-u-zeti-i-na-zabjelu-osam-procesuirano-od-pocetka-mjeseca\/"},"author":{"name":"dmcsrbija.com@gmail.com","@id":"https:\/\/dmcsrb.com\/#\/schema\/person\/5c39170f12db1b8b457732d0b5c854e2"},"headline":"Dva lica osumnji\u010dena za izazivanje po\u017eara u Zeti i na Zabjelu, osam procesuirano od po\u010detka mjeseca","datePublished":"2025-08-15T10:39:00+00:00","mainEntityOfPage":{"@id":"https:\/\/dmcsrb.com\/hronika\/dva-lica-osumnjicena-za-izazivanje-pozara-u-zeti-i-na-zabjelu-osam-procesuirano-od-pocetka-mjeseca\/"},"wordCount":541,"commentCount":0,"image":{"@id":"https:\/\/dmcsrb.com\/hronika\/dva-lica-osumnjicena-za-izazivanje-pozara-u-zeti-i-na-zabjelu-osam-procesuirano-od-pocetka-mjeseca\/#primaryimage"},"thumbnailUrl":"https:\/\/dmcsrb.com\/wp-content\/uploads\/2026\/01\/IMG-6f32008124d45e92688368cf2642e943-V.webp","keywords":["Identifikovana lica","Izazivanje po\u017eara","Osumji\u010denost","Zabjelo","Zeta"],"articleSection":["Hronika"],"inLanguage":"en-GB","potentialAction":[{"@type":"CommentAction","name":"Comment","target":["https:\/\/dmcsrb.com\/hronika\/dva-lica-osumnjicena-za-izazivanje-pozara-u-zeti-i-na-zabjelu-osam-procesuirano-od-pocetka-mjeseca\/#respond"]}]},{"@type":"WebPage","@id":"https:\/\/dmcsrb.com\/hronika\/dva-lica-osumnjicena-za-izazivanje-pozara-u-zeti-i-na-zabjelu-osam-procesuirano-od-pocetka-mjeseca\/","url":"https:\/\/dmcsrb.com\/hronika\/dva-lica-osumnjicena-za-izazivanje-pozara-u-zeti-i-na-zabjelu-osam-procesuirano-od-pocetka-mjeseca\/","name":"Dva lica osumnji\u010dena za izazivanje po\u017eara u Zeti i na Zabjelu, osam procesuirano od po\u010detka mjeseca - dmcsrb.com","isPartOf":{"@id":"https:\/\/dmcsrb.com\/#website"},"primaryImageOfPage":{"@id":"https:\/\/dmcsrb.com\/hronika\/dva-lica-osumnjicena-za-izazivanje-pozara-u-zeti-i-na-zabjelu-osam-procesuirano-od-pocetka-mjeseca\/#primaryimage"},"image":{"@id":"https:\/\/dmcsrb.com\/hronika\/dva-lica-osumnjicena-za-izazivanje-pozara-u-zeti-i-na-zabjelu-osam-procesuirano-od-pocetka-mjeseca\/#primaryimage"},"thumbnailUrl":"https:\/\/dmcsrb.com\/wp-content\/uploads\/2026\/01\/IMG-6f32008124d45e92688368cf2642e943-V.webp","datePublished":"2025-08-15T10:39:00+00:00","author":{"@id":"https:\/\/dmcsrb.com\/#\/schema\/person\/5c39170f12db1b8b457732d0b5c854e2"},"breadcrumb":{"@id":"https:\/\/dmcsrb.com\/hronika\/dva-lica-osumnjicena-za-izazivanje-pozara-u-zeti-i-na-zabjelu-osam-procesuirano-od-pocetka-mjeseca\/#breadcrumb"},"inLanguage":"en-GB","potentialAction":[{"@type":"ReadAction","target":["https:\/\/dmcsrb.com\/hronika\/dva-lica-osumnjicena-za-izazivanje-pozara-u-zeti-i-na-zabjelu-osam-procesuirano-od-pocetka-mjeseca\/"]}]},{"@type":"ImageObject","inLanguage":"en-GB","@id":"https:\/\/dmcsrb.com\/hronika\/dva-lica-osumnjicena-za-izazivanje-pozara-u-zeti-i-na-zabjelu-osam-procesuirano-od-pocetka-mjeseca\/#primaryimage","url":"https:\/\/dmcsrb.com\/wp-content\/uploads\/2026\/01\/IMG-6f32008124d45e92688368cf2642e943-V.webp","contentUrl":"https:\/\/dmcsrb.com\/wp-content\/uploads\/2026\/01\/IMG-6f32008124d45e92688368cf2642e943-V.webp","width":1200,"height":1600},{"@type":"BreadcrumbList","@id":"https:\/\/dmcsrb.com\/hronika\/dva-lica-osumnjicena-za-izazivanje-pozara-u-zeti-i-na-zabjelu-osam-procesuirano-od-pocetka-mjeseca\/#breadcrumb","itemListElement":[{"@type":"ListItem","position":1,"name":"Home","item":"https:\/\/dmcsrb.com\/"},{"@type":"ListItem","position":2,"name":"Dva lica osumnji\u010dena za izazivanje po\u017eara u Zeti i na Zabjelu, osam procesuirano od po\u010detka mjeseca"}]},{"@type":"WebSite","@id":"https:\/\/dmcsrb.com\/#website","url":"https:\/\/dmcsrb.com\/","name":"dmcsrb.com","description":"","potentialAction":[{"@type":"SearchAction","target":{"@type":"EntryPoint","urlTemplate":"https:\/\/dmcsrb.com\/?s={search_term_string}"},"query-input":{"@type":"PropertyValueSpecification","valueRequired":true,"valueName":"search_term_string"}}],"inLanguage":"en-GB"},{"@type":"Person","@id":"https:\/\/dmcsrb.com\/#\/schema\/person\/5c39170f12db1b8b457732d0b5c854e2","name":"dmcsrbija.com@gmail.com","image":{"@type":"ImageObject","inLanguage":"en-GB","@id":"https:\/\/dmcsrb.com\/#\/schema\/person\/image\/","url":"https:\/\/secure.gravatar.com\/avatar\/68592660ad6347fad0fb587f8d5d8f1a7b44961362f56e4f2cd524feb87e9069?s=96&d=mm&r=g","contentUrl":"https:\/\/secure.gravatar.com\/avatar\/68592660ad6347fad0fb587f8d5d8f1a7b44961362f56e4f2cd524feb87e9069?s=96&d=mm&r=g","caption":"dmcsrbija.com@gmail.com"},"sameAs":["https:\/\/dmcsrb.com"],"url":"https:\/\/dmcsrb.com\/en\/author\/dmcsrbija-comgmail-com\/"}]}},"_links":{"self":[{"href":"https:\/\/dmcsrb.com\/en\/wp-json\/wp\/v2\/posts\/946407","targetHints":{"allow":["GET"]}}],"collection":[{"href":"https:\/\/dmcsrb.com\/en\/wp-json\/wp\/v2\/posts"}],"about":[{"href":"https:\/\/dmcsrb.com\/en\/wp-json\/wp\/v2\/types\/post"}],"author":[{"embeddable":true,"href":"https:\/\/dmcsrb.com\/en\/wp-json\/wp\/v2\/users\/1"}],"replies":[{"embeddable":true,"href":"https:\/\/dmcsrb.com\/en\/wp-json\/wp\/v2\/comments?post=946407"}],"version-history":[{"count":0,"href":"https:\/\/dmcsrb.com\/en\/wp-json\/wp\/v2\/posts\/946407\/revisions"}],"wp:featuredmedia":[{"embeddable":true,"href":"https:\/\/dmcsrb.com\/en\/wp-json\/wp\/v2\/media\/946408"}],"wp:attachment":[{"href":"https:\/\/dmcsrb.com\/en\/wp-json\/wp\/v2\/media?parent=946407"}],"wp:term":[{"taxonomy":"category","embeddable":true,"href":"https:\/\/dmcsrb.com\/en\/wp-json\/wp\/v2\/categories?post=946407"},{"taxonomy":"post_tag","embeddable":true,"href":"https:\/\/dmcsrb.com\/en\/wp-json\/wp\/v2\/tags?post=946407"},{"taxonomy":"naslovna","embeddable":true,"href":"https:\/\/dmcsrb.com\/en\/wp-json\/wp\/v2\/naslovna?post=946407"}],"curies":[{"name":"wp","href":"https:\/\/api.w.org\/{rel}","templated":true}]}}