{"id":946400,"date":"2025-08-15T11:53:00","date_gmt":"2025-08-15T09:53:00","guid":{"rendered":"https:\/\/dmcsrb.com\/uncategorized\/znacajan-broj-lica-procesuiran-zbog-podmetanja-pozara-sirom-crne-gore\/"},"modified":"2025-08-15T11:53:00","modified_gmt":"2025-08-15T09:53:00","slug":"znacajan-broj-lica-procesuiran-zbog-podmetanja-pozara-sirom-crne-gore","status":"publish","type":"post","link":"https:\/\/dmcsrb.com\/en\/drustvo\/znacajan-broj-lica-procesuiran-zbog-podmetanja-pozara-sirom-crne-gore\/","title":{"rendered":"Zna\u010dajan broj lica procesuiran zbog podmetanja po\u017eara \u0161irom Crne Gore"},"content":{"rendered":"<p><\/p>\n\n\n\n<p>Zna\u010dajan broj lica je procesuiran zbog podmetanja po\u017eara na brojnim lokacijama \u0161irom Crne Gore. Koliko njih ta\u010dno u Dan-u nijesu uspjeli da saznaju u resornom ministarstvu, odakle su saop\u0161tili da \u0107e na ta pitanja odgovoriti narednih dana. Jedan dio po\u017eara nije izazvan ljudskim faktorom, kao \u0161to je slu\u010daj u Piperima, gdje je do\u0161lo do varni\u010denja na niskonaponskoj mre\u017ei, koje je kasnije uzrokovalo vatrenu stihiju.<\/p>\n\n\n\n<p>Direktor Internacionalne policijske organizacije&nbsp;<strong>Ivan Peki\u0107<\/strong>&nbsp;u izjavi za &#8220;Dan&#8221; ka\u017ee da kada su u pitanju po\u017eari u Crnoj Gori imamo dvije dominatne dimenzije: klasi\u010dnu piromaniju i namjerno paljenje zbog interesa.<\/p>\n\n\n\n<p>\u2013 Moje mi\u0161ljenje je da se, pored pojedinaca koji podme\u0107u po\u017eare iz psiholo\u0161kih razloga, i te kako mogu prepoznati obrasci koji podsje\u0107aju na elemente organizovanog kriminala. Mre\u017ee ljudi koji podme\u0107u vatru planski da bi stvorili prostora za odre\u0111ene projekte ili druge koristi. Klju\u010dne stvari koje upu\u0107uju na to su ponavljanje po\u017eara na lokacijama koje kasniju postaju gra\u0111evinsko zemlji\u0161te ili predmet urbanisti\u010dkih izmjena i izbor trenutka koji pogoduje, a to je su\u0161ni period i jak vjetar. Tre\u0107e je te\u0161ko\u0107a pronala\u017eenja i procesuiranja po\u010dinilaca, \u0161to mo\u017ee zna\u010diti dobru pripremu ili za\u0161titu od strane nekoga ko ima ve\u0107i uticaj. Ipak, ne bih tvrdio da je svako paljenje organizovani \u010din \u2013 kazao je Peki\u0107.<\/p>\n\n\n\n<p>Dodaje da ima po\u017eara koji nose obilje\u017eje planiranih kriminalnih aktivnosti, \u010desto povezanih sa ekonomsko-urbanisti\u010dkim interesima i potencijalnom korupcijom.<\/p>\n\n\n\n<p>\u2013 Kada dr\u017eava godinama ne popravlja klju\u010dnu opremu, recimo avione za ga\u0161enje po\u017eara, to smanjuje sposobnost odbrane od po\u017eara. To mo\u017ee biti plodno tlo za one koji \u017eele destabilizovati institutucije, bilo iz politi\u010dkih, bilo iz kriminalnih razloga. Ako neko zna da dr\u017eava nema adekvatan odgovor na po\u017eare, lak\u0161e se i efikasnije izazivaju \u0161tete. To vi\u0161e ne spada u klasni\u010dni kriminal, ve\u0107 je oblik diverzije protiv vitalne infrastrukture i sigurnosti. Ako bi paljenje bilo usmjereno ka izazivanja straha, masovne nesigurnosti i nepovjerenja u vlast, to bi se ve\u0107 uklapalo u definiciju terorizma. Imamo dokaze da se sistematski radi, postoji realna ranjivost jer po\u017eari poga\u0111aju turisti\u010dki va\u017ene regije, \u0161to mo\u017ee imati i ekonomski i politi\u010dki efekat. Mogu\u0107e da se i prepli\u0107u motivi: neko pali da bi dobio zemlji\u0161te, drugi da oslabi dr\u017eavu, tre\u0107i da napravi haos. U takvom okru\u017eenju gdje institucije nijesu spremne (neispravni avioni za ga\u0161enje po\u017eara od 2020. i 2021. godine), granice izme\u0111u kriminala i subverzivnog djelovanja postaje tanka. Ne mislim da je ve\u0107ina po\u017eara u Crnoj Gori \u010disti terorizam, ali postoji segment koji nosi obilje\u017eja subverzije i diverzija. To su paljenja koja imaju i strate\u0161ki odabran trenutak i lokaciju \u2013 obja\u0161njava Peki\u0107.<\/p>\n\n\n\n<p>Kako je naglasio, dr\u017eava koja \u0161est godina nije uspjela da popravi avione za ga\u0161enje po\u017eara nije sposobna da se nosi protiv ovakvih stihija, a uz to je i ulaganje u slu\u017ebe za\u0161tite i spasavanja veoma skromno.<\/p>\n\n\n\n<p>\u2013 I vidite kada su ovakve situacije da se oslanjamo na ljudski \u0161tit \u2013 heroje vatrogasce, njihove komandire, vojnike, koji su nadljudskim naporima fakti\u010dki odbranili gro ku\u0107a i ljudskih \u017eivota \u2013 isti\u010de Peki\u0107.<\/p>\n\n\n\n<p>Predsjednik Vlade&nbsp;<strong>Milojko Spaji\u0107<\/strong>&nbsp;nedavno je izjavio da Uprava policije ima operativna saznanja da su ovi po\u017eari podmetnuti, te da je veoma \u010dudan i sumnjiv na\u010din na koji su po\u017eari odjednom buknuli na vi\u0161e razli\u010ditih i nepovezanih mjesta.<\/p>\n\n\n\n<p>Miodrag Be\u0161ovi\u0107 je ju\u010de na sjednici Operativnog \u0161taba za za\u0161titu i spa\u0161avanje konstatovao da su svi raspolo\u017eivi subjekti sistema za\u0161tite i spa\u0161avanja, kako na lokalnom, tako i na dr\u017eavnom nivou, u punom kapacitetu. Zaklju\u010deno je da svi u\u010desnici sistema nastave sa maksimalnim anga\u017eovanjem u okviru svojih nadle\u017enosti, kako bi se smanjile i neutralisale posledice aktuelnih po\u017eara.<\/p>\n\n\n\n<p>\u2013 Tako\u0111e, nagla\u0161ena je potreba za kontinuiranim aktivnostima na za\u0161titi stanovni\u0161tva, materijalnih dobara i \u017eivotne sredine, uz obavezu da se o svakoj novonastaloj situaciji pravovremeno informi\u0161e Operativni \u0161tab radi dono\u0161enja odgovaraju\u0107ih mjera \u2013 saop\u0161teno je nakon sjednice.<br><\/p>","protected":false},"excerpt":{"rendered":"<p>Organizovano paljenje vatre mo\u017ee se tretirati kao terorizam, naro\u010dito od kada se desila tragedija da nam je poginuo vojnik, da je drugi te\u0161ko povrije\u0111en, a imamo i povrije\u0111ene vatrogasce, kazao je za &#8220;Dan&#8221; Miodrag Be\u0161ovi\u0107, direktor Direktorata za za\u0161titu i spasavanje pri Ministarstvu unutra\u0161njih poslova.<\/p>","protected":false},"author":1,"featured_media":946401,"comment_status":"open","ping_status":"open","sticky":false,"template":"","format":"standard","meta":{"_acf_changed":false,"footnotes":""},"categories":[2],"tags":[17724,3070],"naslovna":[],"class_list":["post-946400","post","type-post","status-publish","format-standard","has-post-thumbnail","hentry","category-drustvo","tag-organizovano-podmetanje-pozara","tag-terorizam"],"acf":[],"yoast_head":"<!-- This site is optimized with the Yoast SEO plugin v27.4 - https:\/\/yoast.com\/product\/yoast-seo-wordpress\/ -->\n<title>Zna\u010dajan broj lica procesuiran zbog podmetanja po\u017eara \u0161irom Crne Gore - dmcsrb.com<\/title>\n<meta name=\"robots\" content=\"index, follow, max-snippet:-1, max-image-preview:large, max-video-preview:-1\" \/>\n<link rel=\"canonical\" href=\"https:\/\/dmcsrb.com\/en\/drustvo\/znacajan-broj-lica-procesuiran-zbog-podmetanja-pozara-sirom-crne-gore\/\" \/>\n<meta property=\"og:locale\" content=\"en_GB\" \/>\n<meta property=\"og:type\" content=\"article\" \/>\n<meta property=\"og:title\" content=\"Zna\u010dajan broj lica procesuiran zbog podmetanja po\u017eara \u0161irom Crne Gore - dmcsrb.com\" \/>\n<meta property=\"og:description\" content=\"Organizovano paljenje vatre mo\u017ee se tretirati kao terorizam, naro\u010dito od kada se desila tragedija da nam je poginuo vojnik, da je drugi te\u0161ko povrije\u0111en, a imamo i povrije\u0111ene vatrogasce, kazao je za &quot;Dan&quot; Miodrag Be\u0161ovi\u0107, direktor Direktorata za za\u0161titu i spasavanje pri Ministarstvu unutra\u0161njih poslova.\" \/>\n<meta property=\"og:url\" content=\"https:\/\/dmcsrb.com\/en\/drustvo\/znacajan-broj-lica-procesuiran-zbog-podmetanja-pozara-sirom-crne-gore\/\" \/>\n<meta property=\"og:site_name\" content=\"dmcsrb.com\" \/>\n<meta property=\"article:published_time\" content=\"2025-08-15T09:53:00+00:00\" \/>\n<meta property=\"og:image\" content=\"https:\/\/dmcsrb.com\/wp-content\/uploads\/2026\/01\/IMG-b810a95c9f1300b81e9867a8a2a189b9-V-1.webp\" \/>\n\t<meta property=\"og:image:width\" content=\"1600\" \/>\n\t<meta property=\"og:image:height\" content=\"1200\" \/>\n\t<meta property=\"og:image:type\" content=\"image\/jpeg\" \/>\n<meta name=\"author\" content=\"dmcsrbija.com@gmail.com\" \/>\n<meta name=\"twitter:card\" content=\"summary_large_image\" \/>\n<meta name=\"twitter:label1\" content=\"Written by\" \/>\n\t<meta name=\"twitter:data1\" content=\"dmcsrbija.com@gmail.com\" \/>\n\t<meta name=\"twitter:label2\" content=\"Estimated reading time\" \/>\n\t<meta name=\"twitter:data2\" content=\"4 minutes\" \/>\n<script type=\"application\/ld+json\" class=\"yoast-schema-graph\">{\"@context\":\"https:\\\/\\\/schema.org\",\"@graph\":[{\"@type\":\"Article\",\"@id\":\"https:\\\/\\\/dmcsrb.com\\\/drustvo\\\/znacajan-broj-lica-procesuiran-zbog-podmetanja-pozara-sirom-crne-gore\\\/#article\",\"isPartOf\":{\"@id\":\"https:\\\/\\\/dmcsrb.com\\\/drustvo\\\/znacajan-broj-lica-procesuiran-zbog-podmetanja-pozara-sirom-crne-gore\\\/\"},\"author\":{\"name\":\"dmcsrbija.com@gmail.com\",\"@id\":\"https:\\\/\\\/dmcsrb.com\\\/#\\\/schema\\\/person\\\/5c39170f12db1b8b457732d0b5c854e2\"},\"headline\":\"Zna\u010dajan broj lica procesuiran zbog podmetanja po\u017eara \u0161irom Crne Gore\",\"datePublished\":\"2025-08-15T09:53:00+00:00\",\"mainEntityOfPage\":{\"@id\":\"https:\\\/\\\/dmcsrb.com\\\/drustvo\\\/znacajan-broj-lica-procesuiran-zbog-podmetanja-pozara-sirom-crne-gore\\\/\"},\"wordCount\":726,\"commentCount\":0,\"image\":{\"@id\":\"https:\\\/\\\/dmcsrb.com\\\/drustvo\\\/znacajan-broj-lica-procesuiran-zbog-podmetanja-pozara-sirom-crne-gore\\\/#primaryimage\"},\"thumbnailUrl\":\"https:\\\/\\\/dmcsrb.com\\\/wp-content\\\/uploads\\\/2026\\\/01\\\/IMG-b810a95c9f1300b81e9867a8a2a189b9-V-1.webp\",\"keywords\":[\"Organizovano podmetanje po\u017eara\",\"terorizam\"],\"articleSection\":[\"Dru\u0161tvo\"],\"inLanguage\":\"en-GB\",\"potentialAction\":[{\"@type\":\"CommentAction\",\"name\":\"Comment\",\"target\":[\"https:\\\/\\\/dmcsrb.com\\\/drustvo\\\/znacajan-broj-lica-procesuiran-zbog-podmetanja-pozara-sirom-crne-gore\\\/#respond\"]}]},{\"@type\":\"WebPage\",\"@id\":\"https:\\\/\\\/dmcsrb.com\\\/drustvo\\\/znacajan-broj-lica-procesuiran-zbog-podmetanja-pozara-sirom-crne-gore\\\/\",\"url\":\"https:\\\/\\\/dmcsrb.com\\\/drustvo\\\/znacajan-broj-lica-procesuiran-zbog-podmetanja-pozara-sirom-crne-gore\\\/\",\"name\":\"Zna\u010dajan broj lica procesuiran zbog podmetanja po\u017eara \u0161irom Crne Gore - dmcsrb.com\",\"isPartOf\":{\"@id\":\"https:\\\/\\\/dmcsrb.com\\\/#website\"},\"primaryImageOfPage\":{\"@id\":\"https:\\\/\\\/dmcsrb.com\\\/drustvo\\\/znacajan-broj-lica-procesuiran-zbog-podmetanja-pozara-sirom-crne-gore\\\/#primaryimage\"},\"image\":{\"@id\":\"https:\\\/\\\/dmcsrb.com\\\/drustvo\\\/znacajan-broj-lica-procesuiran-zbog-podmetanja-pozara-sirom-crne-gore\\\/#primaryimage\"},\"thumbnailUrl\":\"https:\\\/\\\/dmcsrb.com\\\/wp-content\\\/uploads\\\/2026\\\/01\\\/IMG-b810a95c9f1300b81e9867a8a2a189b9-V-1.webp\",\"datePublished\":\"2025-08-15T09:53:00+00:00\",\"author\":{\"@id\":\"https:\\\/\\\/dmcsrb.com\\\/#\\\/schema\\\/person\\\/5c39170f12db1b8b457732d0b5c854e2\"},\"breadcrumb\":{\"@id\":\"https:\\\/\\\/dmcsrb.com\\\/drustvo\\\/znacajan-broj-lica-procesuiran-zbog-podmetanja-pozara-sirom-crne-gore\\\/#breadcrumb\"},\"inLanguage\":\"en-GB\",\"potentialAction\":[{\"@type\":\"ReadAction\",\"target\":[\"https:\\\/\\\/dmcsrb.com\\\/drustvo\\\/znacajan-broj-lica-procesuiran-zbog-podmetanja-pozara-sirom-crne-gore\\\/\"]}]},{\"@type\":\"ImageObject\",\"inLanguage\":\"en-GB\",\"@id\":\"https:\\\/\\\/dmcsrb.com\\\/drustvo\\\/znacajan-broj-lica-procesuiran-zbog-podmetanja-pozara-sirom-crne-gore\\\/#primaryimage\",\"url\":\"https:\\\/\\\/dmcsrb.com\\\/wp-content\\\/uploads\\\/2026\\\/01\\\/IMG-b810a95c9f1300b81e9867a8a2a189b9-V-1.webp\",\"contentUrl\":\"https:\\\/\\\/dmcsrb.com\\\/wp-content\\\/uploads\\\/2026\\\/01\\\/IMG-b810a95c9f1300b81e9867a8a2a189b9-V-1.webp\",\"width\":1600,\"height\":1200},{\"@type\":\"BreadcrumbList\",\"@id\":\"https:\\\/\\\/dmcsrb.com\\\/drustvo\\\/znacajan-broj-lica-procesuiran-zbog-podmetanja-pozara-sirom-crne-gore\\\/#breadcrumb\",\"itemListElement\":[{\"@type\":\"ListItem\",\"position\":1,\"name\":\"Home\",\"item\":\"https:\\\/\\\/dmcsrb.com\\\/\"},{\"@type\":\"ListItem\",\"position\":2,\"name\":\"Zna\u010dajan broj lica procesuiran zbog podmetanja po\u017eara \u0161irom Crne Gore\"}]},{\"@type\":\"WebSite\",\"@id\":\"https:\\\/\\\/dmcsrb.com\\\/#website\",\"url\":\"https:\\\/\\\/dmcsrb.com\\\/\",\"name\":\"dmcsrb.com\",\"description\":\"\",\"potentialAction\":[{\"@type\":\"SearchAction\",\"target\":{\"@type\":\"EntryPoint\",\"urlTemplate\":\"https:\\\/\\\/dmcsrb.com\\\/?s={search_term_string}\"},\"query-input\":{\"@type\":\"PropertyValueSpecification\",\"valueRequired\":true,\"valueName\":\"search_term_string\"}}],\"inLanguage\":\"en-GB\"},{\"@type\":\"Person\",\"@id\":\"https:\\\/\\\/dmcsrb.com\\\/#\\\/schema\\\/person\\\/5c39170f12db1b8b457732d0b5c854e2\",\"name\":\"dmcsrbija.com@gmail.com\",\"image\":{\"@type\":\"ImageObject\",\"inLanguage\":\"en-GB\",\"@id\":\"https:\\\/\\\/secure.gravatar.com\\\/avatar\\\/68592660ad6347fad0fb587f8d5d8f1a7b44961362f56e4f2cd524feb87e9069?s=96&d=mm&r=g\",\"url\":\"https:\\\/\\\/secure.gravatar.com\\\/avatar\\\/68592660ad6347fad0fb587f8d5d8f1a7b44961362f56e4f2cd524feb87e9069?s=96&d=mm&r=g\",\"contentUrl\":\"https:\\\/\\\/secure.gravatar.com\\\/avatar\\\/68592660ad6347fad0fb587f8d5d8f1a7b44961362f56e4f2cd524feb87e9069?s=96&d=mm&r=g\",\"caption\":\"dmcsrbija.com@gmail.com\"},\"sameAs\":[\"https:\\\/\\\/dmcsrb.com\"],\"url\":\"https:\\\/\\\/dmcsrb.com\\\/en\\\/author\\\/dmcsrbija-comgmail-com\\\/\"}]}<\/script>\n<!-- \/ Yoast SEO plugin. -->","yoast_head_json":{"title":"Zna\u010dajan broj lica procesuiran zbog podmetanja po\u017eara \u0161irom Crne Gore - dmcsrb.com","robots":{"index":"index","follow":"follow","max-snippet":"max-snippet:-1","max-image-preview":"max-image-preview:large","max-video-preview":"max-video-preview:-1"},"canonical":"https:\/\/dmcsrb.com\/en\/drustvo\/znacajan-broj-lica-procesuiran-zbog-podmetanja-pozara-sirom-crne-gore\/","og_locale":"en_GB","og_type":"article","og_title":"Zna\u010dajan broj lica procesuiran zbog podmetanja po\u017eara \u0161irom Crne Gore - dmcsrb.com","og_description":"Organizovano paljenje vatre mo\u017ee se tretirati kao terorizam, naro\u010dito od kada se desila tragedija da nam je poginuo vojnik, da je drugi te\u0161ko povrije\u0111en, a imamo i povrije\u0111ene vatrogasce, kazao je za \"Dan\" Miodrag Be\u0161ovi\u0107, direktor Direktorata za za\u0161titu i spasavanje pri Ministarstvu unutra\u0161njih poslova.","og_url":"https:\/\/dmcsrb.com\/en\/drustvo\/znacajan-broj-lica-procesuiran-zbog-podmetanja-pozara-sirom-crne-gore\/","og_site_name":"dmcsrb.com","article_published_time":"2025-08-15T09:53:00+00:00","og_image":[{"width":1600,"height":1200,"url":"https:\/\/dmcsrb.com\/wp-content\/uploads\/2026\/01\/IMG-b810a95c9f1300b81e9867a8a2a189b9-V-1.webp","type":"image\/jpeg"}],"author":"dmcsrbija.com@gmail.com","twitter_card":"summary_large_image","twitter_misc":{"Written by":"dmcsrbija.com@gmail.com","Estimated reading time":"4 minutes"},"schema":{"@context":"https:\/\/schema.org","@graph":[{"@type":"Article","@id":"https:\/\/dmcsrb.com\/drustvo\/znacajan-broj-lica-procesuiran-zbog-podmetanja-pozara-sirom-crne-gore\/#article","isPartOf":{"@id":"https:\/\/dmcsrb.com\/drustvo\/znacajan-broj-lica-procesuiran-zbog-podmetanja-pozara-sirom-crne-gore\/"},"author":{"name":"dmcsrbija.com@gmail.com","@id":"https:\/\/dmcsrb.com\/#\/schema\/person\/5c39170f12db1b8b457732d0b5c854e2"},"headline":"Zna\u010dajan broj lica procesuiran zbog podmetanja po\u017eara \u0161irom Crne Gore","datePublished":"2025-08-15T09:53:00+00:00","mainEntityOfPage":{"@id":"https:\/\/dmcsrb.com\/drustvo\/znacajan-broj-lica-procesuiran-zbog-podmetanja-pozara-sirom-crne-gore\/"},"wordCount":726,"commentCount":0,"image":{"@id":"https:\/\/dmcsrb.com\/drustvo\/znacajan-broj-lica-procesuiran-zbog-podmetanja-pozara-sirom-crne-gore\/#primaryimage"},"thumbnailUrl":"https:\/\/dmcsrb.com\/wp-content\/uploads\/2026\/01\/IMG-b810a95c9f1300b81e9867a8a2a189b9-V-1.webp","keywords":["Organizovano podmetanje po\u017eara","terorizam"],"articleSection":["Dru\u0161tvo"],"inLanguage":"en-GB","potentialAction":[{"@type":"CommentAction","name":"Comment","target":["https:\/\/dmcsrb.com\/drustvo\/znacajan-broj-lica-procesuiran-zbog-podmetanja-pozara-sirom-crne-gore\/#respond"]}]},{"@type":"WebPage","@id":"https:\/\/dmcsrb.com\/drustvo\/znacajan-broj-lica-procesuiran-zbog-podmetanja-pozara-sirom-crne-gore\/","url":"https:\/\/dmcsrb.com\/drustvo\/znacajan-broj-lica-procesuiran-zbog-podmetanja-pozara-sirom-crne-gore\/","name":"Zna\u010dajan broj lica procesuiran zbog podmetanja po\u017eara \u0161irom Crne Gore - dmcsrb.com","isPartOf":{"@id":"https:\/\/dmcsrb.com\/#website"},"primaryImageOfPage":{"@id":"https:\/\/dmcsrb.com\/drustvo\/znacajan-broj-lica-procesuiran-zbog-podmetanja-pozara-sirom-crne-gore\/#primaryimage"},"image":{"@id":"https:\/\/dmcsrb.com\/drustvo\/znacajan-broj-lica-procesuiran-zbog-podmetanja-pozara-sirom-crne-gore\/#primaryimage"},"thumbnailUrl":"https:\/\/dmcsrb.com\/wp-content\/uploads\/2026\/01\/IMG-b810a95c9f1300b81e9867a8a2a189b9-V-1.webp","datePublished":"2025-08-15T09:53:00+00:00","author":{"@id":"https:\/\/dmcsrb.com\/#\/schema\/person\/5c39170f12db1b8b457732d0b5c854e2"},"breadcrumb":{"@id":"https:\/\/dmcsrb.com\/drustvo\/znacajan-broj-lica-procesuiran-zbog-podmetanja-pozara-sirom-crne-gore\/#breadcrumb"},"inLanguage":"en-GB","potentialAction":[{"@type":"ReadAction","target":["https:\/\/dmcsrb.com\/drustvo\/znacajan-broj-lica-procesuiran-zbog-podmetanja-pozara-sirom-crne-gore\/"]}]},{"@type":"ImageObject","inLanguage":"en-GB","@id":"https:\/\/dmcsrb.com\/drustvo\/znacajan-broj-lica-procesuiran-zbog-podmetanja-pozara-sirom-crne-gore\/#primaryimage","url":"https:\/\/dmcsrb.com\/wp-content\/uploads\/2026\/01\/IMG-b810a95c9f1300b81e9867a8a2a189b9-V-1.webp","contentUrl":"https:\/\/dmcsrb.com\/wp-content\/uploads\/2026\/01\/IMG-b810a95c9f1300b81e9867a8a2a189b9-V-1.webp","width":1600,"height":1200},{"@type":"BreadcrumbList","@id":"https:\/\/dmcsrb.com\/drustvo\/znacajan-broj-lica-procesuiran-zbog-podmetanja-pozara-sirom-crne-gore\/#breadcrumb","itemListElement":[{"@type":"ListItem","position":1,"name":"Home","item":"https:\/\/dmcsrb.com\/"},{"@type":"ListItem","position":2,"name":"Zna\u010dajan broj lica procesuiran zbog podmetanja po\u017eara \u0161irom Crne Gore"}]},{"@type":"WebSite","@id":"https:\/\/dmcsrb.com\/#website","url":"https:\/\/dmcsrb.com\/","name":"dmcsrb.com","description":"","potentialAction":[{"@type":"SearchAction","target":{"@type":"EntryPoint","urlTemplate":"https:\/\/dmcsrb.com\/?s={search_term_string}"},"query-input":{"@type":"PropertyValueSpecification","valueRequired":true,"valueName":"search_term_string"}}],"inLanguage":"en-GB"},{"@type":"Person","@id":"https:\/\/dmcsrb.com\/#\/schema\/person\/5c39170f12db1b8b457732d0b5c854e2","name":"dmcsrbija.com@gmail.com","image":{"@type":"ImageObject","inLanguage":"en-GB","@id":"https:\/\/secure.gravatar.com\/avatar\/68592660ad6347fad0fb587f8d5d8f1a7b44961362f56e4f2cd524feb87e9069?s=96&d=mm&r=g","url":"https:\/\/secure.gravatar.com\/avatar\/68592660ad6347fad0fb587f8d5d8f1a7b44961362f56e4f2cd524feb87e9069?s=96&d=mm&r=g","contentUrl":"https:\/\/secure.gravatar.com\/avatar\/68592660ad6347fad0fb587f8d5d8f1a7b44961362f56e4f2cd524feb87e9069?s=96&d=mm&r=g","caption":"dmcsrbija.com@gmail.com"},"sameAs":["https:\/\/dmcsrb.com"],"url":"https:\/\/dmcsrb.com\/en\/author\/dmcsrbija-comgmail-com\/"}]}},"_links":{"self":[{"href":"https:\/\/dmcsrb.com\/en\/wp-json\/wp\/v2\/posts\/946400","targetHints":{"allow":["GET"]}}],"collection":[{"href":"https:\/\/dmcsrb.com\/en\/wp-json\/wp\/v2\/posts"}],"about":[{"href":"https:\/\/dmcsrb.com\/en\/wp-json\/wp\/v2\/types\/post"}],"author":[{"embeddable":true,"href":"https:\/\/dmcsrb.com\/en\/wp-json\/wp\/v2\/users\/1"}],"replies":[{"embeddable":true,"href":"https:\/\/dmcsrb.com\/en\/wp-json\/wp\/v2\/comments?post=946400"}],"version-history":[{"count":0,"href":"https:\/\/dmcsrb.com\/en\/wp-json\/wp\/v2\/posts\/946400\/revisions"}],"wp:featuredmedia":[{"embeddable":true,"href":"https:\/\/dmcsrb.com\/en\/wp-json\/wp\/v2\/media\/946401"}],"wp:attachment":[{"href":"https:\/\/dmcsrb.com\/en\/wp-json\/wp\/v2\/media?parent=946400"}],"wp:term":[{"taxonomy":"category","embeddable":true,"href":"https:\/\/dmcsrb.com\/en\/wp-json\/wp\/v2\/categories?post=946400"},{"taxonomy":"post_tag","embeddable":true,"href":"https:\/\/dmcsrb.com\/en\/wp-json\/wp\/v2\/tags?post=946400"},{"taxonomy":"naslovna","embeddable":true,"href":"https:\/\/dmcsrb.com\/en\/wp-json\/wp\/v2\/naslovna?post=946400"}],"curies":[{"name":"wp","href":"https:\/\/api.w.org\/{rel}","templated":true}]}}