{"id":946376,"date":"2025-08-15T09:46:08","date_gmt":"2025-08-15T07:46:08","guid":{"rendered":"https:\/\/dmcsrb.com\/uncategorized\/rtv-podgorica-podnijela-zalbu-visem-sudu-prvostepeni-sudija-pogresno-primijenio-materijalno-pravo\/"},"modified":"2025-08-15T09:46:08","modified_gmt":"2025-08-15T07:46:08","slug":"rtv-podgorica-podnijela-zalbu-visem-sudu-prvostepeni-sudija-pogresno-primijenio-materijalno-pravo","status":"publish","type":"post","link":"https:\/\/dmcsrb.com\/en\/drustvo\/rtv-podgorica-podnijela-zalbu-visem-sudu-prvostepeni-sudija-pogresno-primijenio-materijalno-pravo\/","title":{"rendered":"RTV Podgorica podnijela \u017ealbu Vi\u0161em sudu: Prvostepeni sudija pogre\u0161no primijenio materijalno pravo"},"content":{"rendered":"<p>Radi se o presudi Ba\u0161ovi\u0107a kojom je poni\u0161tena kao nezakonita Odluka od 24. marta 2025. godine, kojom je otkazan Ugovor o radu predsjednika Sindikata Gradske RTV Milana Nik\u010devi\u0107a, zbog nezakonitog to\u010denja goriva u privatno vozilo, a na ra\u010dun lokalnog javnog emitera. <\/p>\n\n\n\n<p>Naime, Ba\u0161ovi\u0107 je izme\u0111u ostalog u prvostepenoj presudi utvrdio da tu\u017eena RTV Podgorica nije dokazala postojanje umi\u0161ljaja kod Nik\u010devi\u0107a da nezakonito to\u010di gorivo. <\/p>\n\n\n\n<p>\u201cMe\u0111utim, kod \u010dinjenice da ne postoji umi\u0161ljaj, ne mo\u017ee postojati ni zloupotreba ovla\u0161\u0107enja niti prekora\u010denje, ve\u0107 se eventualno mo\u017ee raditi o nekoj drugoj povredi, koja tu\u017eiocu nije stavljena na teret niti je za nju ogla\u0161en odgovornim\u201d, pi\u0161e izme\u0111u ostalog u prvostepenoj presudi Ba\u0161ovi\u0107a. <\/p>\n\n\n\n<p>Sa druge strane u \u017ealbi Kova\u010devi\u0107a na prvostepenu presudu se navodi: Ovakvo zaklju\u010divanje Prvostepenog suda je pogre\u0161no. Osnov disciplinske odgovornosti je krivica zaposlenog: umi\u0161ljaj \u2013 direktni ili eventualni i nehat \u2013 svjesni ili nesvjesni, odnosno namjera, gruba nepa\u017enja i obi\u010dna nepa\u017enja. Krivicu isklju\u010duju neura\u010dunljivost i stvarna zabluda. Tu\u017eilac priznaje da je preuzimao gorivo tu\u017eenog iako to nije bilo predvi\u0111eno ni jednim propisom ili odlukom tu\u017eenog, ali da mu je to usmeno odobreno od strane Izvr\u0161nog direktora tu\u017eenog. <\/p>\n\n\n\n<p>Pravno tu\u017eilac priznaje po\u010dinjenu povredu radne obaveze, ali se poziva na stvarnu zabludu. Stvarna zabluda postoji kad zaposleni u\u010dini povredu radne obaveze, pogre\u0161no smatraju\u0107i da postoje okolnosti prema kojima bi, ako bi stvarno postojale, preduzeta radnja bila dopu\u0161tena. Me\u0111utim, u ovom slu\u010daju nisu ispunjeni uslovi za osloba\u0111anje od krivice zbog stvarne zablude. <\/p>\n\n\n\n<p>Tu\u017eilac je sindikalni funkcioner kome su dobro poznata prava iz radnog odnosa. Zbog toga on nije ni podnosio pisani Zahtjev za dodjelu goriva za privatno vozilo jer taj Zahtjev bi morao biti odbijen, jer to pravo nije priznato drugim zaposlenima kod tu\u017eenog koji \u017eive van Podgorice. Isto tako, ni Izvr\u0161ni direktor ne smije davati materijalne privilegije nekom od zaposlenih ako to nije regulisano Op\u0161tim aktima i ako se ne odnosi na sve zaposlene, koji se na\u0111u u istoj pravnoj ili \u010dinjeni\u010dnoj situaciji\u201d, navodi se izme\u0111u ostalog u \u017dalbi. <\/p>\n\n\n\n<p>Dodaje se i da \u201cPrvostepeni sud pogre\u0161no tuma\u010di institut zloupotreba i prekora\u010denje ovla\u0161\u0107enja, odnosno to tuma\u010di po pravilima krivi\u010dnog, a ne po pravilima radnog prava, nalaze\u0107i da tu\u017eilac (Nik\u010devi\u0107) nije imao ovla\u0161\u0107enja pa ih nije mogao zloupotrijebiti niti prekora\u010diti\u201d. <\/p>\n\n\n\n<p>\u201cPrema radnom pravu, zloupotreba polo\u017eaja postoji kad zaposleni ne vr\u0161i svoja ovla\u0161\u0107enja ili ih vr\u0161i suprotno svrsi zbog kojih su ona ustanovljena. Prekora\u010denje ovla\u0161\u0107enja postoji kad zaposleni \u010dini ono \u0161to je izvan granica onoga \u0161to mo\u017ee da \u010dini. Tu\u017eilac (Nik\u010devi\u0107) kod tu\u017eenog obavlja poslove koji ne sadr\u017ee ovla\u0161\u0107enje da preuzima gorivo koje tu\u017eeni nabavlja po osnovu javne nabavke, pa je samim tim prekora\u010dio svoja ovla\u0161\u0107enja, koja ima kao zaposleni. Dakle, postoji bi\u0107e povrede radne obaveze, koja je tu\u017eiocu stavljena na teret\u201d, pi\u0161e izme\u0111u ostalog u \u017dalbi Kova\u010devi\u0107a. <\/p>\n\n\n\n<p>Prema podacima iz Odluke iz marta 2025. godine jasno je utvr\u0111eno da je Nik\u010devi\u0107 samoinicijativno, bez pisanog odobrenja ovla\u0161\u0107enog lica u firmi, kontaktirao poslovnog partnera RTV Podgorica &#8211; firmu &#8220;Hifa Oil&#8221; i na jednoj od benzinskih pumpi te kompanije to\u010dio gorivo u svoje privatno vozilo, suprotno Ugovoru o javnoj nabavci. U Odluci se mo\u017ee vidjeti i da niko od zaposlenih, koji su saslu\u0161ani u postupku, nije potvrdio navode Nik\u010devi\u0107a da je imao usmeno odobrenje izvr\u0161nog direktora za to\u010denje goriva u privatno vozilo.<\/p>","protected":false},"excerpt":{"rendered":"<p>Punomo\u0107nik Radio televizije Podgorica i doktor prava Aleksandar Kova\u010devi\u0107 podnio je \u017ealbu Vi\u0161em sudu na prvostepenu presudu sudije Osnovnog suda Bo\u0161ka Ba\u0161ovi\u0107a.<\/p>","protected":false},"author":1,"featured_media":946377,"comment_status":"open","ping_status":"open","sticky":false,"template":"","format":"standard","meta":{"_acf_changed":false,"footnotes":""},"categories":[2],"tags":[4556,553],"naslovna":[],"class_list":["post-946376","post","type-post","status-publish","format-standard","has-post-thumbnail","hentry","category-drustvo","tag-milan-nikcevic","tag-rtv-podgorica"],"acf":[],"yoast_head":"<!-- This site is optimized with the Yoast SEO plugin v27.4 - https:\/\/yoast.com\/product\/yoast-seo-wordpress\/ -->\n<title>RTV Podgorica podnijela \u017ealbu Vi\u0161em sudu: Prvostepeni sudija pogre\u0161no primijenio materijalno pravo - dmcsrb.com<\/title>\n<meta name=\"robots\" content=\"index, follow, max-snippet:-1, max-image-preview:large, max-video-preview:-1\" \/>\n<link rel=\"canonical\" href=\"https:\/\/dmcsrb.com\/en\/drustvo\/rtv-podgorica-podnijela-zalbu-visem-sudu-prvostepeni-sudija-pogresno-primijenio-materijalno-pravo\/\" \/>\n<meta property=\"og:locale\" content=\"en_GB\" \/>\n<meta property=\"og:type\" content=\"article\" \/>\n<meta property=\"og:title\" content=\"RTV Podgorica podnijela \u017ealbu Vi\u0161em sudu: Prvostepeni sudija pogre\u0161no primijenio materijalno pravo - dmcsrb.com\" \/>\n<meta property=\"og:description\" content=\"Punomo\u0107nik Radio televizije Podgorica i doktor prava Aleksandar Kova\u010devi\u0107 podnio je \u017ealbu Vi\u0161em sudu na prvostepenu presudu sudije Osnovnog suda Bo\u0161ka Ba\u0161ovi\u0107a.\" \/>\n<meta property=\"og:url\" content=\"https:\/\/dmcsrb.com\/en\/drustvo\/rtv-podgorica-podnijela-zalbu-visem-sudu-prvostepeni-sudija-pogresno-primijenio-materijalno-pravo\/\" \/>\n<meta property=\"og:site_name\" content=\"dmcsrb.com\" \/>\n<meta property=\"article:published_time\" content=\"2025-08-15T07:46:08+00:00\" \/>\n<meta property=\"og:image\" content=\"https:\/\/dmcsrb.com\/wp-content\/uploads\/2026\/01\/rtv-podgorica.webp\" \/>\n\t<meta property=\"og:image:width\" content=\"1674\" \/>\n\t<meta property=\"og:image:height\" content=\"890\" \/>\n\t<meta property=\"og:image:type\" content=\"image\/jpeg\" \/>\n<meta name=\"author\" content=\"dmcsrbija.com@gmail.com\" \/>\n<meta name=\"twitter:card\" content=\"summary_large_image\" \/>\n<meta name=\"twitter:label1\" content=\"Written by\" \/>\n\t<meta name=\"twitter:data1\" content=\"dmcsrbija.com@gmail.com\" \/>\n\t<meta name=\"twitter:label2\" content=\"Estimated reading time\" \/>\n\t<meta name=\"twitter:data2\" content=\"3 minutes\" \/>\n<script type=\"application\/ld+json\" class=\"yoast-schema-graph\">{\"@context\":\"https:\\\/\\\/schema.org\",\"@graph\":[{\"@type\":\"Article\",\"@id\":\"https:\\\/\\\/dmcsrb.com\\\/drustvo\\\/rtv-podgorica-podnijela-zalbu-visem-sudu-prvostepeni-sudija-pogresno-primijenio-materijalno-pravo\\\/#article\",\"isPartOf\":{\"@id\":\"https:\\\/\\\/dmcsrb.com\\\/drustvo\\\/rtv-podgorica-podnijela-zalbu-visem-sudu-prvostepeni-sudija-pogresno-primijenio-materijalno-pravo\\\/\"},\"author\":{\"name\":\"dmcsrbija.com@gmail.com\",\"@id\":\"https:\\\/\\\/dmcsrb.com\\\/#\\\/schema\\\/person\\\/5c39170f12db1b8b457732d0b5c854e2\"},\"headline\":\"RTV Podgorica podnijela \u017ealbu Vi\u0161em sudu: Prvostepeni sudija pogre\u0161no primijenio materijalno pravo\",\"datePublished\":\"2025-08-15T07:46:08+00:00\",\"mainEntityOfPage\":{\"@id\":\"https:\\\/\\\/dmcsrb.com\\\/drustvo\\\/rtv-podgorica-podnijela-zalbu-visem-sudu-prvostepeni-sudija-pogresno-primijenio-materijalno-pravo\\\/\"},\"wordCount\":641,\"commentCount\":0,\"image\":{\"@id\":\"https:\\\/\\\/dmcsrb.com\\\/drustvo\\\/rtv-podgorica-podnijela-zalbu-visem-sudu-prvostepeni-sudija-pogresno-primijenio-materijalno-pravo\\\/#primaryimage\"},\"thumbnailUrl\":\"https:\\\/\\\/dmcsrb.com\\\/wp-content\\\/uploads\\\/2026\\\/01\\\/rtv-podgorica.webp\",\"keywords\":[\"Milan Nik\u010devi\u0107\",\"RTV Podgorica\"],\"articleSection\":[\"Dru\u0161tvo\"],\"inLanguage\":\"en-GB\",\"potentialAction\":[{\"@type\":\"CommentAction\",\"name\":\"Comment\",\"target\":[\"https:\\\/\\\/dmcsrb.com\\\/drustvo\\\/rtv-podgorica-podnijela-zalbu-visem-sudu-prvostepeni-sudija-pogresno-primijenio-materijalno-pravo\\\/#respond\"]}]},{\"@type\":\"WebPage\",\"@id\":\"https:\\\/\\\/dmcsrb.com\\\/drustvo\\\/rtv-podgorica-podnijela-zalbu-visem-sudu-prvostepeni-sudija-pogresno-primijenio-materijalno-pravo\\\/\",\"url\":\"https:\\\/\\\/dmcsrb.com\\\/drustvo\\\/rtv-podgorica-podnijela-zalbu-visem-sudu-prvostepeni-sudija-pogresno-primijenio-materijalno-pravo\\\/\",\"name\":\"RTV Podgorica podnijela \u017ealbu Vi\u0161em sudu: Prvostepeni sudija pogre\u0161no primijenio materijalno pravo - dmcsrb.com\",\"isPartOf\":{\"@id\":\"https:\\\/\\\/dmcsrb.com\\\/#website\"},\"primaryImageOfPage\":{\"@id\":\"https:\\\/\\\/dmcsrb.com\\\/drustvo\\\/rtv-podgorica-podnijela-zalbu-visem-sudu-prvostepeni-sudija-pogresno-primijenio-materijalno-pravo\\\/#primaryimage\"},\"image\":{\"@id\":\"https:\\\/\\\/dmcsrb.com\\\/drustvo\\\/rtv-podgorica-podnijela-zalbu-visem-sudu-prvostepeni-sudija-pogresno-primijenio-materijalno-pravo\\\/#primaryimage\"},\"thumbnailUrl\":\"https:\\\/\\\/dmcsrb.com\\\/wp-content\\\/uploads\\\/2026\\\/01\\\/rtv-podgorica.webp\",\"datePublished\":\"2025-08-15T07:46:08+00:00\",\"author\":{\"@id\":\"https:\\\/\\\/dmcsrb.com\\\/#\\\/schema\\\/person\\\/5c39170f12db1b8b457732d0b5c854e2\"},\"breadcrumb\":{\"@id\":\"https:\\\/\\\/dmcsrb.com\\\/drustvo\\\/rtv-podgorica-podnijela-zalbu-visem-sudu-prvostepeni-sudija-pogresno-primijenio-materijalno-pravo\\\/#breadcrumb\"},\"inLanguage\":\"en-GB\",\"potentialAction\":[{\"@type\":\"ReadAction\",\"target\":[\"https:\\\/\\\/dmcsrb.com\\\/drustvo\\\/rtv-podgorica-podnijela-zalbu-visem-sudu-prvostepeni-sudija-pogresno-primijenio-materijalno-pravo\\\/\"]}]},{\"@type\":\"ImageObject\",\"inLanguage\":\"en-GB\",\"@id\":\"https:\\\/\\\/dmcsrb.com\\\/drustvo\\\/rtv-podgorica-podnijela-zalbu-visem-sudu-prvostepeni-sudija-pogresno-primijenio-materijalno-pravo\\\/#primaryimage\",\"url\":\"https:\\\/\\\/dmcsrb.com\\\/wp-content\\\/uploads\\\/2026\\\/01\\\/rtv-podgorica.webp\",\"contentUrl\":\"https:\\\/\\\/dmcsrb.com\\\/wp-content\\\/uploads\\\/2026\\\/01\\\/rtv-podgorica.webp\",\"width\":1674,\"height\":890},{\"@type\":\"BreadcrumbList\",\"@id\":\"https:\\\/\\\/dmcsrb.com\\\/drustvo\\\/rtv-podgorica-podnijela-zalbu-visem-sudu-prvostepeni-sudija-pogresno-primijenio-materijalno-pravo\\\/#breadcrumb\",\"itemListElement\":[{\"@type\":\"ListItem\",\"position\":1,\"name\":\"Home\",\"item\":\"https:\\\/\\\/dmcsrb.com\\\/\"},{\"@type\":\"ListItem\",\"position\":2,\"name\":\"RTV Podgorica podnijela \u017ealbu Vi\u0161em sudu: Prvostepeni sudija pogre\u0161no primijenio materijalno pravo\"}]},{\"@type\":\"WebSite\",\"@id\":\"https:\\\/\\\/dmcsrb.com\\\/#website\",\"url\":\"https:\\\/\\\/dmcsrb.com\\\/\",\"name\":\"dmcsrb.com\",\"description\":\"\",\"potentialAction\":[{\"@type\":\"SearchAction\",\"target\":{\"@type\":\"EntryPoint\",\"urlTemplate\":\"https:\\\/\\\/dmcsrb.com\\\/?s={search_term_string}\"},\"query-input\":{\"@type\":\"PropertyValueSpecification\",\"valueRequired\":true,\"valueName\":\"search_term_string\"}}],\"inLanguage\":\"en-GB\"},{\"@type\":\"Person\",\"@id\":\"https:\\\/\\\/dmcsrb.com\\\/#\\\/schema\\\/person\\\/5c39170f12db1b8b457732d0b5c854e2\",\"name\":\"dmcsrbija.com@gmail.com\",\"image\":{\"@type\":\"ImageObject\",\"inLanguage\":\"en-GB\",\"@id\":\"https:\\\/\\\/secure.gravatar.com\\\/avatar\\\/68592660ad6347fad0fb587f8d5d8f1a7b44961362f56e4f2cd524feb87e9069?s=96&d=mm&r=g\",\"url\":\"https:\\\/\\\/secure.gravatar.com\\\/avatar\\\/68592660ad6347fad0fb587f8d5d8f1a7b44961362f56e4f2cd524feb87e9069?s=96&d=mm&r=g\",\"contentUrl\":\"https:\\\/\\\/secure.gravatar.com\\\/avatar\\\/68592660ad6347fad0fb587f8d5d8f1a7b44961362f56e4f2cd524feb87e9069?s=96&d=mm&r=g\",\"caption\":\"dmcsrbija.com@gmail.com\"},\"sameAs\":[\"https:\\\/\\\/dmcsrb.com\"],\"url\":\"https:\\\/\\\/dmcsrb.com\\\/en\\\/author\\\/dmcsrbija-comgmail-com\\\/\"}]}<\/script>\n<!-- \/ Yoast SEO plugin. -->","yoast_head_json":{"title":"RTV Podgorica podnijela \u017ealbu Vi\u0161em sudu: Prvostepeni sudija pogre\u0161no primijenio materijalno pravo - dmcsrb.com","robots":{"index":"index","follow":"follow","max-snippet":"max-snippet:-1","max-image-preview":"max-image-preview:large","max-video-preview":"max-video-preview:-1"},"canonical":"https:\/\/dmcsrb.com\/en\/drustvo\/rtv-podgorica-podnijela-zalbu-visem-sudu-prvostepeni-sudija-pogresno-primijenio-materijalno-pravo\/","og_locale":"en_GB","og_type":"article","og_title":"RTV Podgorica podnijela \u017ealbu Vi\u0161em sudu: Prvostepeni sudija pogre\u0161no primijenio materijalno pravo - dmcsrb.com","og_description":"Punomo\u0107nik Radio televizije Podgorica i doktor prava Aleksandar Kova\u010devi\u0107 podnio je \u017ealbu Vi\u0161em sudu na prvostepenu presudu sudije Osnovnog suda Bo\u0161ka Ba\u0161ovi\u0107a.","og_url":"https:\/\/dmcsrb.com\/en\/drustvo\/rtv-podgorica-podnijela-zalbu-visem-sudu-prvostepeni-sudija-pogresno-primijenio-materijalno-pravo\/","og_site_name":"dmcsrb.com","article_published_time":"2025-08-15T07:46:08+00:00","og_image":[{"width":1674,"height":890,"url":"https:\/\/dmcsrb.com\/wp-content\/uploads\/2026\/01\/rtv-podgorica.webp","type":"image\/jpeg"}],"author":"dmcsrbija.com@gmail.com","twitter_card":"summary_large_image","twitter_misc":{"Written by":"dmcsrbija.com@gmail.com","Estimated reading time":"3 minutes"},"schema":{"@context":"https:\/\/schema.org","@graph":[{"@type":"Article","@id":"https:\/\/dmcsrb.com\/drustvo\/rtv-podgorica-podnijela-zalbu-visem-sudu-prvostepeni-sudija-pogresno-primijenio-materijalno-pravo\/#article","isPartOf":{"@id":"https:\/\/dmcsrb.com\/drustvo\/rtv-podgorica-podnijela-zalbu-visem-sudu-prvostepeni-sudija-pogresno-primijenio-materijalno-pravo\/"},"author":{"name":"dmcsrbija.com@gmail.com","@id":"https:\/\/dmcsrb.com\/#\/schema\/person\/5c39170f12db1b8b457732d0b5c854e2"},"headline":"RTV Podgorica podnijela \u017ealbu Vi\u0161em sudu: Prvostepeni sudija pogre\u0161no primijenio materijalno pravo","datePublished":"2025-08-15T07:46:08+00:00","mainEntityOfPage":{"@id":"https:\/\/dmcsrb.com\/drustvo\/rtv-podgorica-podnijela-zalbu-visem-sudu-prvostepeni-sudija-pogresno-primijenio-materijalno-pravo\/"},"wordCount":641,"commentCount":0,"image":{"@id":"https:\/\/dmcsrb.com\/drustvo\/rtv-podgorica-podnijela-zalbu-visem-sudu-prvostepeni-sudija-pogresno-primijenio-materijalno-pravo\/#primaryimage"},"thumbnailUrl":"https:\/\/dmcsrb.com\/wp-content\/uploads\/2026\/01\/rtv-podgorica.webp","keywords":["Milan Nik\u010devi\u0107","RTV Podgorica"],"articleSection":["Dru\u0161tvo"],"inLanguage":"en-GB","potentialAction":[{"@type":"CommentAction","name":"Comment","target":["https:\/\/dmcsrb.com\/drustvo\/rtv-podgorica-podnijela-zalbu-visem-sudu-prvostepeni-sudija-pogresno-primijenio-materijalno-pravo\/#respond"]}]},{"@type":"WebPage","@id":"https:\/\/dmcsrb.com\/drustvo\/rtv-podgorica-podnijela-zalbu-visem-sudu-prvostepeni-sudija-pogresno-primijenio-materijalno-pravo\/","url":"https:\/\/dmcsrb.com\/drustvo\/rtv-podgorica-podnijela-zalbu-visem-sudu-prvostepeni-sudija-pogresno-primijenio-materijalno-pravo\/","name":"RTV Podgorica podnijela \u017ealbu Vi\u0161em sudu: Prvostepeni sudija pogre\u0161no primijenio materijalno pravo - dmcsrb.com","isPartOf":{"@id":"https:\/\/dmcsrb.com\/#website"},"primaryImageOfPage":{"@id":"https:\/\/dmcsrb.com\/drustvo\/rtv-podgorica-podnijela-zalbu-visem-sudu-prvostepeni-sudija-pogresno-primijenio-materijalno-pravo\/#primaryimage"},"image":{"@id":"https:\/\/dmcsrb.com\/drustvo\/rtv-podgorica-podnijela-zalbu-visem-sudu-prvostepeni-sudija-pogresno-primijenio-materijalno-pravo\/#primaryimage"},"thumbnailUrl":"https:\/\/dmcsrb.com\/wp-content\/uploads\/2026\/01\/rtv-podgorica.webp","datePublished":"2025-08-15T07:46:08+00:00","author":{"@id":"https:\/\/dmcsrb.com\/#\/schema\/person\/5c39170f12db1b8b457732d0b5c854e2"},"breadcrumb":{"@id":"https:\/\/dmcsrb.com\/drustvo\/rtv-podgorica-podnijela-zalbu-visem-sudu-prvostepeni-sudija-pogresno-primijenio-materijalno-pravo\/#breadcrumb"},"inLanguage":"en-GB","potentialAction":[{"@type":"ReadAction","target":["https:\/\/dmcsrb.com\/drustvo\/rtv-podgorica-podnijela-zalbu-visem-sudu-prvostepeni-sudija-pogresno-primijenio-materijalno-pravo\/"]}]},{"@type":"ImageObject","inLanguage":"en-GB","@id":"https:\/\/dmcsrb.com\/drustvo\/rtv-podgorica-podnijela-zalbu-visem-sudu-prvostepeni-sudija-pogresno-primijenio-materijalno-pravo\/#primaryimage","url":"https:\/\/dmcsrb.com\/wp-content\/uploads\/2026\/01\/rtv-podgorica.webp","contentUrl":"https:\/\/dmcsrb.com\/wp-content\/uploads\/2026\/01\/rtv-podgorica.webp","width":1674,"height":890},{"@type":"BreadcrumbList","@id":"https:\/\/dmcsrb.com\/drustvo\/rtv-podgorica-podnijela-zalbu-visem-sudu-prvostepeni-sudija-pogresno-primijenio-materijalno-pravo\/#breadcrumb","itemListElement":[{"@type":"ListItem","position":1,"name":"Home","item":"https:\/\/dmcsrb.com\/"},{"@type":"ListItem","position":2,"name":"RTV Podgorica podnijela \u017ealbu Vi\u0161em sudu: Prvostepeni sudija pogre\u0161no primijenio materijalno pravo"}]},{"@type":"WebSite","@id":"https:\/\/dmcsrb.com\/#website","url":"https:\/\/dmcsrb.com\/","name":"dmcsrb.com","description":"","potentialAction":[{"@type":"SearchAction","target":{"@type":"EntryPoint","urlTemplate":"https:\/\/dmcsrb.com\/?s={search_term_string}"},"query-input":{"@type":"PropertyValueSpecification","valueRequired":true,"valueName":"search_term_string"}}],"inLanguage":"en-GB"},{"@type":"Person","@id":"https:\/\/dmcsrb.com\/#\/schema\/person\/5c39170f12db1b8b457732d0b5c854e2","name":"dmcsrbija.com@gmail.com","image":{"@type":"ImageObject","inLanguage":"en-GB","@id":"https:\/\/secure.gravatar.com\/avatar\/68592660ad6347fad0fb587f8d5d8f1a7b44961362f56e4f2cd524feb87e9069?s=96&d=mm&r=g","url":"https:\/\/secure.gravatar.com\/avatar\/68592660ad6347fad0fb587f8d5d8f1a7b44961362f56e4f2cd524feb87e9069?s=96&d=mm&r=g","contentUrl":"https:\/\/secure.gravatar.com\/avatar\/68592660ad6347fad0fb587f8d5d8f1a7b44961362f56e4f2cd524feb87e9069?s=96&d=mm&r=g","caption":"dmcsrbija.com@gmail.com"},"sameAs":["https:\/\/dmcsrb.com"],"url":"https:\/\/dmcsrb.com\/en\/author\/dmcsrbija-comgmail-com\/"}]}},"_links":{"self":[{"href":"https:\/\/dmcsrb.com\/en\/wp-json\/wp\/v2\/posts\/946376","targetHints":{"allow":["GET"]}}],"collection":[{"href":"https:\/\/dmcsrb.com\/en\/wp-json\/wp\/v2\/posts"}],"about":[{"href":"https:\/\/dmcsrb.com\/en\/wp-json\/wp\/v2\/types\/post"}],"author":[{"embeddable":true,"href":"https:\/\/dmcsrb.com\/en\/wp-json\/wp\/v2\/users\/1"}],"replies":[{"embeddable":true,"href":"https:\/\/dmcsrb.com\/en\/wp-json\/wp\/v2\/comments?post=946376"}],"version-history":[{"count":0,"href":"https:\/\/dmcsrb.com\/en\/wp-json\/wp\/v2\/posts\/946376\/revisions"}],"wp:featuredmedia":[{"embeddable":true,"href":"https:\/\/dmcsrb.com\/en\/wp-json\/wp\/v2\/media\/946377"}],"wp:attachment":[{"href":"https:\/\/dmcsrb.com\/en\/wp-json\/wp\/v2\/media?parent=946376"}],"wp:term":[{"taxonomy":"category","embeddable":true,"href":"https:\/\/dmcsrb.com\/en\/wp-json\/wp\/v2\/categories?post=946376"},{"taxonomy":"post_tag","embeddable":true,"href":"https:\/\/dmcsrb.com\/en\/wp-json\/wp\/v2\/tags?post=946376"},{"taxonomy":"naslovna","embeddable":true,"href":"https:\/\/dmcsrb.com\/en\/wp-json\/wp\/v2\/naslovna?post=946376"}],"curies":[{"name":"wp","href":"https:\/\/api.w.org\/{rel}","templated":true}]}}