{"id":946353,"date":"2025-08-15T08:03:00","date_gmt":"2025-08-15T06:03:00","guid":{"rendered":"https:\/\/dmcsrb.com\/uncategorized\/zadrzavanje-72-sata-maloljetniku-osumnjicenom-za-nanosenje-teskih-povreda\/"},"modified":"2025-08-15T08:03:00","modified_gmt":"2025-08-15T06:03:00","slug":"zadrzavanje-72-sata-maloljetniku-osumnjicenom-za-nanosenje-teskih-povreda","status":"publish","type":"post","link":"https:\/\/dmcsrb.com\/en\/hronika\/zadrzavanje-72-sata-maloljetniku-osumnjicenom-za-nanosenje-teskih-povreda\/","title":{"rendered":"Zadr\u017eavanje 72 sata maloljetniku osumnji\u010denom za nano\u0161enje te\u0161kih povreda"},"content":{"rendered":"<p><\/p>\n\n\n\n<p>Kako navode iz ODT Bar, osumnji\u010denom je zadr\u017eavanje odre\u0111eno zbog postojanja osnova sumnje da je u\u010dinio krivi\u010dno djelo te\u0161ka tjelesna povreda.<\/p>\n\n\n\n<p>&#8220;Krivi\u010dnom prijavom je predstavljeno da je maloljetnik dana 13.08.2025.godine, u Sutomoru, oko 19:30 \u010dasova, svjestan svog djela \u010dije je izvr\u0161enje htio i znaju\u0107i da je njegovo djelo zabranjeno te\u0161ko tjelesno povrijedio R.M, na na\u010din \u0161to je nakon kra\u0107e prepirke sa o\u0161te\u0107enim istog udario lijevom stisnutom pesnicom, od kojeg udarca je o\u0161te\u0107eni zadobio te\u0161ke tjelesne povrede, detaljno opisane u izvje\u0161taju ljekara&#8221;, navode iz ODT Bar.<\/p>","protected":false},"excerpt":{"rendered":"<p>Dr\u017eavna tu\u017eiteljka za maloljetnike Osnovnog dr\u017eavnog tu\u017eila\u0161tva u Baru nakon saslu\u0161anja odredila je zadr\u017eavanje do 72 \u010dasa maloljetnom S.L. zbog toga \u0161to je, kako se sumnja udario pesnicom R.M. i nanio mu te\u0161ke povrede.<\/p>","protected":false},"author":1,"featured_media":913191,"comment_status":"open","ping_status":"open","sticky":false,"template":"","format":"standard","meta":{"_acf_changed":false,"footnotes":""},"categories":[17],"tags":[17693,17589],"naslovna":[],"class_list":["post-946353","post","type-post","status-publish","format-standard","has-post-thumbnail","hentry","category-hronika","tag-krivicno-djelo-teska-tjelesna-povreda","tag-odt-bar"],"acf":[],"yoast_head":"<!-- This site is optimized with the Yoast SEO plugin v27.0 - https:\/\/yoast.com\/product\/yoast-seo-wordpress\/ -->\n<title>Zadr\u017eavanje 72 sata maloljetniku osumnji\u010denom za nano\u0161enje te\u0161kih povreda - dmcsrb.com<\/title>\n<meta name=\"robots\" content=\"index, follow, max-snippet:-1, max-image-preview:large, max-video-preview:-1\" \/>\n<link rel=\"canonical\" href=\"https:\/\/dmcsrb.com\/en\/hronika\/zadrzavanje-72-sata-maloljetniku-osumnjicenom-za-nanosenje-teskih-povreda\/\" \/>\n<meta property=\"og:locale\" content=\"en_GB\" \/>\n<meta property=\"og:type\" content=\"article\" \/>\n<meta property=\"og:title\" content=\"Zadr\u017eavanje 72 sata maloljetniku osumnji\u010denom za nano\u0161enje te\u0161kih povreda - dmcsrb.com\" \/>\n<meta property=\"og:description\" content=\"Dr\u017eavna tu\u017eiteljka za maloljetnike Osnovnog dr\u017eavnog tu\u017eila\u0161tva u Baru nakon saslu\u0161anja odredila je zadr\u017eavanje do 72 \u010dasa maloljetnom S.L. zbog toga \u0161to je, kako se sumnja udario pesnicom R.M. i nanio mu te\u0161ke povrede.\" \/>\n<meta property=\"og:url\" content=\"https:\/\/dmcsrb.com\/en\/hronika\/zadrzavanje-72-sata-maloljetniku-osumnjicenom-za-nanosenje-teskih-povreda\/\" \/>\n<meta property=\"og:site_name\" content=\"dmcsrb.com\" \/>\n<meta property=\"article:published_time\" content=\"2025-08-15T06:03:00+00:00\" \/>\n<meta property=\"og:image\" content=\"https:\/\/dmcsrb.com\/wp-content\/uploads\/2026\/01\/sud-sudstvo.jpg\" \/>\n\t<meta property=\"og:image:width\" content=\"1071\" \/>\n\t<meta property=\"og:image:height\" content=\"502\" \/>\n\t<meta property=\"og:image:type\" content=\"image\/jpeg\" \/>\n<meta name=\"author\" content=\"dmcsrbija.com@gmail.com\" \/>\n<meta name=\"twitter:card\" content=\"summary_large_image\" \/>\n<meta name=\"twitter:label1\" content=\"Written by\" \/>\n\t<meta name=\"twitter:data1\" content=\"dmcsrbija.com@gmail.com\" \/>\n\t<meta name=\"twitter:label2\" content=\"Estimated reading time\" \/>\n\t<meta name=\"twitter:data2\" content=\"1 minute\" \/>\n<script type=\"application\/ld+json\" class=\"yoast-schema-graph\">{\"@context\":\"https:\/\/schema.org\",\"@graph\":[{\"@type\":\"Article\",\"@id\":\"https:\/\/dmcsrb.com\/hronika\/zadrzavanje-72-sata-maloljetniku-osumnjicenom-za-nanosenje-teskih-povreda\/#article\",\"isPartOf\":{\"@id\":\"https:\/\/dmcsrb.com\/hronika\/zadrzavanje-72-sata-maloljetniku-osumnjicenom-za-nanosenje-teskih-povreda\/\"},\"author\":{\"name\":\"dmcsrbija.com@gmail.com\",\"@id\":\"https:\/\/dmcsrb.com\/#\/schema\/person\/5c39170f12db1b8b457732d0b5c854e2\"},\"headline\":\"Zadr\u017eavanje 72 sata maloljetniku osumnji\u010denom za nano\u0161enje te\u0161kih povreda\",\"datePublished\":\"2025-08-15T06:03:00+00:00\",\"mainEntityOfPage\":{\"@id\":\"https:\/\/dmcsrb.com\/hronika\/zadrzavanje-72-sata-maloljetniku-osumnjicenom-za-nanosenje-teskih-povreda\/\"},\"wordCount\":115,\"commentCount\":0,\"image\":{\"@id\":\"https:\/\/dmcsrb.com\/hronika\/zadrzavanje-72-sata-maloljetniku-osumnjicenom-za-nanosenje-teskih-povreda\/#primaryimage\"},\"thumbnailUrl\":\"https:\/\/dmcsrb.com\/wp-content\/uploads\/2026\/01\/sud-sudstvo.jpg\",\"keywords\":[\"Krivi\u010dno djelo te\u0161ka tjelesna povreda\",\"ODT Bar\"],\"articleSection\":[\"Hronika\"],\"inLanguage\":\"en-GB\",\"potentialAction\":[{\"@type\":\"CommentAction\",\"name\":\"Comment\",\"target\":[\"https:\/\/dmcsrb.com\/hronika\/zadrzavanje-72-sata-maloljetniku-osumnjicenom-za-nanosenje-teskih-povreda\/#respond\"]}]},{\"@type\":\"WebPage\",\"@id\":\"https:\/\/dmcsrb.com\/hronika\/zadrzavanje-72-sata-maloljetniku-osumnjicenom-za-nanosenje-teskih-povreda\/\",\"url\":\"https:\/\/dmcsrb.com\/hronika\/zadrzavanje-72-sata-maloljetniku-osumnjicenom-za-nanosenje-teskih-povreda\/\",\"name\":\"Zadr\u017eavanje 72 sata maloljetniku osumnji\u010denom za nano\u0161enje te\u0161kih povreda - dmcsrb.com\",\"isPartOf\":{\"@id\":\"https:\/\/dmcsrb.com\/#website\"},\"primaryImageOfPage\":{\"@id\":\"https:\/\/dmcsrb.com\/hronika\/zadrzavanje-72-sata-maloljetniku-osumnjicenom-za-nanosenje-teskih-povreda\/#primaryimage\"},\"image\":{\"@id\":\"https:\/\/dmcsrb.com\/hronika\/zadrzavanje-72-sata-maloljetniku-osumnjicenom-za-nanosenje-teskih-povreda\/#primaryimage\"},\"thumbnailUrl\":\"https:\/\/dmcsrb.com\/wp-content\/uploads\/2026\/01\/sud-sudstvo.jpg\",\"datePublished\":\"2025-08-15T06:03:00+00:00\",\"author\":{\"@id\":\"https:\/\/dmcsrb.com\/#\/schema\/person\/5c39170f12db1b8b457732d0b5c854e2\"},\"breadcrumb\":{\"@id\":\"https:\/\/dmcsrb.com\/hronika\/zadrzavanje-72-sata-maloljetniku-osumnjicenom-za-nanosenje-teskih-povreda\/#breadcrumb\"},\"inLanguage\":\"en-GB\",\"potentialAction\":[{\"@type\":\"ReadAction\",\"target\":[\"https:\/\/dmcsrb.com\/hronika\/zadrzavanje-72-sata-maloljetniku-osumnjicenom-za-nanosenje-teskih-povreda\/\"]}]},{\"@type\":\"ImageObject\",\"inLanguage\":\"en-GB\",\"@id\":\"https:\/\/dmcsrb.com\/hronika\/zadrzavanje-72-sata-maloljetniku-osumnjicenom-za-nanosenje-teskih-povreda\/#primaryimage\",\"url\":\"https:\/\/dmcsrb.com\/wp-content\/uploads\/2026\/01\/sud-sudstvo.jpg\",\"contentUrl\":\"https:\/\/dmcsrb.com\/wp-content\/uploads\/2026\/01\/sud-sudstvo.jpg\",\"width\":1071,\"height\":502},{\"@type\":\"BreadcrumbList\",\"@id\":\"https:\/\/dmcsrb.com\/hronika\/zadrzavanje-72-sata-maloljetniku-osumnjicenom-za-nanosenje-teskih-povreda\/#breadcrumb\",\"itemListElement\":[{\"@type\":\"ListItem\",\"position\":1,\"name\":\"Home\",\"item\":\"https:\/\/dmcsrb.com\/\"},{\"@type\":\"ListItem\",\"position\":2,\"name\":\"Zadr\u017eavanje 72 sata maloljetniku osumnji\u010denom za nano\u0161enje te\u0161kih povreda\"}]},{\"@type\":\"WebSite\",\"@id\":\"https:\/\/dmcsrb.com\/#website\",\"url\":\"https:\/\/dmcsrb.com\/\",\"name\":\"dmcsrb.com\",\"description\":\"\",\"potentialAction\":[{\"@type\":\"SearchAction\",\"target\":{\"@type\":\"EntryPoint\",\"urlTemplate\":\"https:\/\/dmcsrb.com\/?s={search_term_string}\"},\"query-input\":{\"@type\":\"PropertyValueSpecification\",\"valueRequired\":true,\"valueName\":\"search_term_string\"}}],\"inLanguage\":\"en-GB\"},{\"@type\":\"Person\",\"@id\":\"https:\/\/dmcsrb.com\/#\/schema\/person\/5c39170f12db1b8b457732d0b5c854e2\",\"name\":\"dmcsrbija.com@gmail.com\",\"image\":{\"@type\":\"ImageObject\",\"inLanguage\":\"en-GB\",\"@id\":\"https:\/\/dmcsrb.com\/#\/schema\/person\/image\/\",\"url\":\"https:\/\/secure.gravatar.com\/avatar\/68592660ad6347fad0fb587f8d5d8f1a7b44961362f56e4f2cd524feb87e9069?s=96&d=mm&r=g\",\"contentUrl\":\"https:\/\/secure.gravatar.com\/avatar\/68592660ad6347fad0fb587f8d5d8f1a7b44961362f56e4f2cd524feb87e9069?s=96&d=mm&r=g\",\"caption\":\"dmcsrbija.com@gmail.com\"},\"sameAs\":[\"https:\/\/dmcsrb.com\"],\"url\":\"https:\/\/dmcsrb.com\/en\/author\/dmcsrbija-comgmail-com\/\"}]}<\/script>\n<!-- \/ Yoast SEO plugin. -->","yoast_head_json":{"title":"Zadr\u017eavanje 72 sata maloljetniku osumnji\u010denom za nano\u0161enje te\u0161kih povreda - dmcsrb.com","robots":{"index":"index","follow":"follow","max-snippet":"max-snippet:-1","max-image-preview":"max-image-preview:large","max-video-preview":"max-video-preview:-1"},"canonical":"https:\/\/dmcsrb.com\/en\/hronika\/zadrzavanje-72-sata-maloljetniku-osumnjicenom-za-nanosenje-teskih-povreda\/","og_locale":"en_GB","og_type":"article","og_title":"Zadr\u017eavanje 72 sata maloljetniku osumnji\u010denom za nano\u0161enje te\u0161kih povreda - dmcsrb.com","og_description":"Dr\u017eavna tu\u017eiteljka za maloljetnike Osnovnog dr\u017eavnog tu\u017eila\u0161tva u Baru nakon saslu\u0161anja odredila je zadr\u017eavanje do 72 \u010dasa maloljetnom S.L. zbog toga \u0161to je, kako se sumnja udario pesnicom R.M. i nanio mu te\u0161ke povrede.","og_url":"https:\/\/dmcsrb.com\/en\/hronika\/zadrzavanje-72-sata-maloljetniku-osumnjicenom-za-nanosenje-teskih-povreda\/","og_site_name":"dmcsrb.com","article_published_time":"2025-08-15T06:03:00+00:00","og_image":[{"width":1071,"height":502,"url":"https:\/\/dmcsrb.com\/wp-content\/uploads\/2026\/01\/sud-sudstvo.jpg","type":"image\/jpeg"}],"author":"dmcsrbija.com@gmail.com","twitter_card":"summary_large_image","twitter_misc":{"Written by":"dmcsrbija.com@gmail.com","Estimated reading time":"1 minute"},"schema":{"@context":"https:\/\/schema.org","@graph":[{"@type":"Article","@id":"https:\/\/dmcsrb.com\/hronika\/zadrzavanje-72-sata-maloljetniku-osumnjicenom-za-nanosenje-teskih-povreda\/#article","isPartOf":{"@id":"https:\/\/dmcsrb.com\/hronika\/zadrzavanje-72-sata-maloljetniku-osumnjicenom-za-nanosenje-teskih-povreda\/"},"author":{"name":"dmcsrbija.com@gmail.com","@id":"https:\/\/dmcsrb.com\/#\/schema\/person\/5c39170f12db1b8b457732d0b5c854e2"},"headline":"Zadr\u017eavanje 72 sata maloljetniku osumnji\u010denom za nano\u0161enje te\u0161kih povreda","datePublished":"2025-08-15T06:03:00+00:00","mainEntityOfPage":{"@id":"https:\/\/dmcsrb.com\/hronika\/zadrzavanje-72-sata-maloljetniku-osumnjicenom-za-nanosenje-teskih-povreda\/"},"wordCount":115,"commentCount":0,"image":{"@id":"https:\/\/dmcsrb.com\/hronika\/zadrzavanje-72-sata-maloljetniku-osumnjicenom-za-nanosenje-teskih-povreda\/#primaryimage"},"thumbnailUrl":"https:\/\/dmcsrb.com\/wp-content\/uploads\/2026\/01\/sud-sudstvo.jpg","keywords":["Krivi\u010dno djelo te\u0161ka tjelesna povreda","ODT Bar"],"articleSection":["Hronika"],"inLanguage":"en-GB","potentialAction":[{"@type":"CommentAction","name":"Comment","target":["https:\/\/dmcsrb.com\/hronika\/zadrzavanje-72-sata-maloljetniku-osumnjicenom-za-nanosenje-teskih-povreda\/#respond"]}]},{"@type":"WebPage","@id":"https:\/\/dmcsrb.com\/hronika\/zadrzavanje-72-sata-maloljetniku-osumnjicenom-za-nanosenje-teskih-povreda\/","url":"https:\/\/dmcsrb.com\/hronika\/zadrzavanje-72-sata-maloljetniku-osumnjicenom-za-nanosenje-teskih-povreda\/","name":"Zadr\u017eavanje 72 sata maloljetniku osumnji\u010denom za nano\u0161enje te\u0161kih povreda - dmcsrb.com","isPartOf":{"@id":"https:\/\/dmcsrb.com\/#website"},"primaryImageOfPage":{"@id":"https:\/\/dmcsrb.com\/hronika\/zadrzavanje-72-sata-maloljetniku-osumnjicenom-za-nanosenje-teskih-povreda\/#primaryimage"},"image":{"@id":"https:\/\/dmcsrb.com\/hronika\/zadrzavanje-72-sata-maloljetniku-osumnjicenom-za-nanosenje-teskih-povreda\/#primaryimage"},"thumbnailUrl":"https:\/\/dmcsrb.com\/wp-content\/uploads\/2026\/01\/sud-sudstvo.jpg","datePublished":"2025-08-15T06:03:00+00:00","author":{"@id":"https:\/\/dmcsrb.com\/#\/schema\/person\/5c39170f12db1b8b457732d0b5c854e2"},"breadcrumb":{"@id":"https:\/\/dmcsrb.com\/hronika\/zadrzavanje-72-sata-maloljetniku-osumnjicenom-za-nanosenje-teskih-povreda\/#breadcrumb"},"inLanguage":"en-GB","potentialAction":[{"@type":"ReadAction","target":["https:\/\/dmcsrb.com\/hronika\/zadrzavanje-72-sata-maloljetniku-osumnjicenom-za-nanosenje-teskih-povreda\/"]}]},{"@type":"ImageObject","inLanguage":"en-GB","@id":"https:\/\/dmcsrb.com\/hronika\/zadrzavanje-72-sata-maloljetniku-osumnjicenom-za-nanosenje-teskih-povreda\/#primaryimage","url":"https:\/\/dmcsrb.com\/wp-content\/uploads\/2026\/01\/sud-sudstvo.jpg","contentUrl":"https:\/\/dmcsrb.com\/wp-content\/uploads\/2026\/01\/sud-sudstvo.jpg","width":1071,"height":502},{"@type":"BreadcrumbList","@id":"https:\/\/dmcsrb.com\/hronika\/zadrzavanje-72-sata-maloljetniku-osumnjicenom-za-nanosenje-teskih-povreda\/#breadcrumb","itemListElement":[{"@type":"ListItem","position":1,"name":"Home","item":"https:\/\/dmcsrb.com\/"},{"@type":"ListItem","position":2,"name":"Zadr\u017eavanje 72 sata maloljetniku osumnji\u010denom za nano\u0161enje te\u0161kih povreda"}]},{"@type":"WebSite","@id":"https:\/\/dmcsrb.com\/#website","url":"https:\/\/dmcsrb.com\/","name":"dmcsrb.com","description":"","potentialAction":[{"@type":"SearchAction","target":{"@type":"EntryPoint","urlTemplate":"https:\/\/dmcsrb.com\/?s={search_term_string}"},"query-input":{"@type":"PropertyValueSpecification","valueRequired":true,"valueName":"search_term_string"}}],"inLanguage":"en-GB"},{"@type":"Person","@id":"https:\/\/dmcsrb.com\/#\/schema\/person\/5c39170f12db1b8b457732d0b5c854e2","name":"dmcsrbija.com@gmail.com","image":{"@type":"ImageObject","inLanguage":"en-GB","@id":"https:\/\/dmcsrb.com\/#\/schema\/person\/image\/","url":"https:\/\/secure.gravatar.com\/avatar\/68592660ad6347fad0fb587f8d5d8f1a7b44961362f56e4f2cd524feb87e9069?s=96&d=mm&r=g","contentUrl":"https:\/\/secure.gravatar.com\/avatar\/68592660ad6347fad0fb587f8d5d8f1a7b44961362f56e4f2cd524feb87e9069?s=96&d=mm&r=g","caption":"dmcsrbija.com@gmail.com"},"sameAs":["https:\/\/dmcsrb.com"],"url":"https:\/\/dmcsrb.com\/en\/author\/dmcsrbija-comgmail-com\/"}]}},"_links":{"self":[{"href":"https:\/\/dmcsrb.com\/en\/wp-json\/wp\/v2\/posts\/946353","targetHints":{"allow":["GET"]}}],"collection":[{"href":"https:\/\/dmcsrb.com\/en\/wp-json\/wp\/v2\/posts"}],"about":[{"href":"https:\/\/dmcsrb.com\/en\/wp-json\/wp\/v2\/types\/post"}],"author":[{"embeddable":true,"href":"https:\/\/dmcsrb.com\/en\/wp-json\/wp\/v2\/users\/1"}],"replies":[{"embeddable":true,"href":"https:\/\/dmcsrb.com\/en\/wp-json\/wp\/v2\/comments?post=946353"}],"version-history":[{"count":0,"href":"https:\/\/dmcsrb.com\/en\/wp-json\/wp\/v2\/posts\/946353\/revisions"}],"wp:featuredmedia":[{"embeddable":true,"href":"https:\/\/dmcsrb.com\/en\/wp-json\/wp\/v2\/media\/913191"}],"wp:attachment":[{"href":"https:\/\/dmcsrb.com\/en\/wp-json\/wp\/v2\/media?parent=946353"}],"wp:term":[{"taxonomy":"category","embeddable":true,"href":"https:\/\/dmcsrb.com\/en\/wp-json\/wp\/v2\/categories?post=946353"},{"taxonomy":"post_tag","embeddable":true,"href":"https:\/\/dmcsrb.com\/en\/wp-json\/wp\/v2\/tags?post=946353"},{"taxonomy":"naslovna","embeddable":true,"href":"https:\/\/dmcsrb.com\/en\/wp-json\/wp\/v2\/naslovna?post=946353"}],"curies":[{"name":"wp","href":"https:\/\/api.w.org\/{rel}","templated":true}]}}