{"id":946313,"date":"2025-08-14T19:29:00","date_gmt":"2025-08-14T17:29:00","guid":{"rendered":"https:\/\/dmcsrb.com\/uncategorized\/poraz-dukica-djinovic-u-polufinalu-protiv-afganistanca\/"},"modified":"2025-08-14T19:29:00","modified_gmt":"2025-08-14T17:29:00","slug":"poraz-dukica-djinovic-u-polufinalu-protiv-afganistanca","status":"publish","type":"post","link":"https:\/\/dmcsrb.com\/en\/sport\/poraz-dukica-djinovic-u-polufinalu-protiv-afganistanca\/","title":{"rendered":"Poraz Duki\u0107a, \u0110inovi\u0107 u polufinalu protiv Afganistanca"},"content":{"rendered":"<p>Duki\u0107 je u polufinalu superte\u0161ke kategorije, preko 90 kilograma pora\u017een odlukom sudija od iskusnog Bugarina Roselina Ba\u010devskog, pa se u glavnom gradu Bosne i Hercegovine morao zadovoljiti bronzanom medaljom.<\/p>\n\n\n\n<p>Drugi crnogorski predstavnik na turniru u Sarajevu Tomislav Bato \u0110inovi\u0107 se bez borbe plasirao u polufinale kategorije do 60 kilograma. Neposredno pred po\u010detak borbe. Stru\u010dni \u0161tab crnogorske reprezentacije je obavije\u0161ten da njegov rival, doma\u0107i borac Ajnur Kuhinja zbog zdravstvenih problema nije sposoban da se suprotstavi \u0110inovi\u0107u, pa je \u010dlan BK \u201cZlati\u010danin\u201d ostvario pobjedu bez borbe. Njegov rival sjutra u polufinalu bi\u0107e Ahmed iz Afganistana, dok \u0107e se u drugom polufinalu sastati Ukrajinac Rasul Gulijev i Mihajlo \u0110eki\u0107 iz Bosne i Hercegovine. <\/p>\n\n\n\n<p>U Sarajevo je doputovala i Bojana Gojkovi\u0107 sa namjerom da u\u010destvuje na turniru, koji bi joj bio jedna od poslednjih provjera pred nastup na Svjetskom prvenstvu u Liverpulu po\u010detkom septembra, ali nije bilo prijavljenih bokserki u njenoj kategoriji \u2013 do 57 kilograma, pa \u0107e boravak u glavnom gradu Bosne i Hercegovine iskoristiti za sparing sa jednom Ukrajinkom u kategoriji do 60 kilograma.<\/p>","protected":false},"excerpt":{"rendered":"<p>Mladi crnogorski kik bokser, a odnedavno i bokser Viktor Duki\u0107 nije uspio da se plasira u finale me\u0111unarodnog turnira \u201eMustafa Hajrulahanovi\u0107 Talijan\u201c, koji je u Sarajevu okupio preko 120 boksera i bokserki iz 17 dr\u017eava Evrope i Azije.<\/p>","protected":false},"author":1,"featured_media":946314,"comment_status":"open","ping_status":"open","sticky":false,"template":"","format":"standard","meta":{"_acf_changed":false,"footnotes":""},"categories":[148],"tags":[17568,1042,17569,6544,17570],"naslovna":[],"class_list":["post-946313","post","type-post","status-publish","format-standard","has-post-thumbnail","hentry","category-sport","tag-mustafa-hajrulahanovic-talijan","tag-boks","tag-medjunarodni-bokserski-turnir-u-sarajevu","tag-tomislav-bato-djinovic","tag-viktor-dukic"],"acf":[],"yoast_head":"<!-- This site is optimized with the Yoast SEO plugin v27.4 - https:\/\/yoast.com\/product\/yoast-seo-wordpress\/ -->\n<title>Poraz Duki\u0107a, \u0110inovi\u0107 u polufinalu protiv Afganistanca - dmcsrb.com<\/title>\n<meta name=\"robots\" content=\"index, follow, max-snippet:-1, max-image-preview:large, max-video-preview:-1\" \/>\n<link rel=\"canonical\" href=\"https:\/\/dmcsrb.com\/en\/sport\/poraz-dukica-djinovic-u-polufinalu-protiv-afganistanca\/\" \/>\n<meta property=\"og:locale\" content=\"en_GB\" \/>\n<meta property=\"og:type\" content=\"article\" \/>\n<meta property=\"og:title\" content=\"Poraz Duki\u0107a, \u0110inovi\u0107 u polufinalu protiv Afganistanca - dmcsrb.com\" \/>\n<meta property=\"og:description\" content=\"Mladi crnogorski kik bokser, a odnedavno i bokser Viktor Duki\u0107 nije uspio da se plasira u finale me\u0111unarodnog turnira \u201eMustafa Hajrulahanovi\u0107 Talijan\u201c, koji je u Sarajevu okupio preko 120 boksera i bokserki iz 17 dr\u017eava Evrope i Azije.\" \/>\n<meta property=\"og:url\" content=\"https:\/\/dmcsrb.com\/en\/sport\/poraz-dukica-djinovic-u-polufinalu-protiv-afganistanca\/\" \/>\n<meta property=\"og:site_name\" content=\"dmcsrb.com\" \/>\n<meta property=\"article:published_time\" content=\"2025-08-14T17:29:00+00:00\" \/>\n<meta property=\"og:image\" content=\"https:\/\/dmcsrb.com\/wp-content\/uploads\/2026\/01\/267da6d7-8b3b-47bf-b638-c11c2ef3158f.webp\" \/>\n\t<meta property=\"og:image:width\" content=\"779\" \/>\n\t<meta property=\"og:image:height\" content=\"623\" \/>\n\t<meta property=\"og:image:type\" content=\"image\/jpeg\" \/>\n<meta name=\"author\" content=\"dmcsrbija.com@gmail.com\" \/>\n<meta name=\"twitter:card\" content=\"summary_large_image\" \/>\n<meta name=\"twitter:label1\" content=\"Written by\" \/>\n\t<meta name=\"twitter:data1\" content=\"dmcsrbija.com@gmail.com\" \/>\n\t<meta name=\"twitter:label2\" content=\"Estimated reading time\" \/>\n\t<meta name=\"twitter:data2\" content=\"1 minute\" \/>\n<script type=\"application\/ld+json\" class=\"yoast-schema-graph\">{\"@context\":\"https:\\\/\\\/schema.org\",\"@graph\":[{\"@type\":\"Article\",\"@id\":\"https:\\\/\\\/dmcsrb.com\\\/sport\\\/poraz-dukica-djinovic-u-polufinalu-protiv-afganistanca\\\/#article\",\"isPartOf\":{\"@id\":\"https:\\\/\\\/dmcsrb.com\\\/sport\\\/poraz-dukica-djinovic-u-polufinalu-protiv-afganistanca\\\/\"},\"author\":{\"name\":\"dmcsrbija.com@gmail.com\",\"@id\":\"https:\\\/\\\/dmcsrb.com\\\/#\\\/schema\\\/person\\\/5c39170f12db1b8b457732d0b5c854e2\"},\"headline\":\"Poraz Duki\u0107a, \u0110inovi\u0107 u polufinalu protiv Afganistanca\",\"datePublished\":\"2025-08-14T17:29:00+00:00\",\"mainEntityOfPage\":{\"@id\":\"https:\\\/\\\/dmcsrb.com\\\/sport\\\/poraz-dukica-djinovic-u-polufinalu-protiv-afganistanca\\\/\"},\"wordCount\":187,\"commentCount\":0,\"image\":{\"@id\":\"https:\\\/\\\/dmcsrb.com\\\/sport\\\/poraz-dukica-djinovic-u-polufinalu-protiv-afganistanca\\\/#primaryimage\"},\"thumbnailUrl\":\"https:\\\/\\\/dmcsrb.com\\\/wp-content\\\/uploads\\\/2026\\\/01\\\/267da6d7-8b3b-47bf-b638-c11c2ef3158f.webp\",\"keywords\":[\"\\\"Mustafa Hajrulahanovi\u0107 Talijan\",\"Boks\",\"Me\u0111unarodni bokserski turnir u Sarajevu\",\"Tomislav-Bato \u0110inovi\u0107\",\"Viktor Duki\u0107\"],\"articleSection\":[\"Sport\"],\"inLanguage\":\"en-GB\",\"potentialAction\":[{\"@type\":\"CommentAction\",\"name\":\"Comment\",\"target\":[\"https:\\\/\\\/dmcsrb.com\\\/sport\\\/poraz-dukica-djinovic-u-polufinalu-protiv-afganistanca\\\/#respond\"]}]},{\"@type\":\"WebPage\",\"@id\":\"https:\\\/\\\/dmcsrb.com\\\/sport\\\/poraz-dukica-djinovic-u-polufinalu-protiv-afganistanca\\\/\",\"url\":\"https:\\\/\\\/dmcsrb.com\\\/sport\\\/poraz-dukica-djinovic-u-polufinalu-protiv-afganistanca\\\/\",\"name\":\"Poraz Duki\u0107a, \u0110inovi\u0107 u polufinalu protiv Afganistanca - dmcsrb.com\",\"isPartOf\":{\"@id\":\"https:\\\/\\\/dmcsrb.com\\\/#website\"},\"primaryImageOfPage\":{\"@id\":\"https:\\\/\\\/dmcsrb.com\\\/sport\\\/poraz-dukica-djinovic-u-polufinalu-protiv-afganistanca\\\/#primaryimage\"},\"image\":{\"@id\":\"https:\\\/\\\/dmcsrb.com\\\/sport\\\/poraz-dukica-djinovic-u-polufinalu-protiv-afganistanca\\\/#primaryimage\"},\"thumbnailUrl\":\"https:\\\/\\\/dmcsrb.com\\\/wp-content\\\/uploads\\\/2026\\\/01\\\/267da6d7-8b3b-47bf-b638-c11c2ef3158f.webp\",\"datePublished\":\"2025-08-14T17:29:00+00:00\",\"author\":{\"@id\":\"https:\\\/\\\/dmcsrb.com\\\/#\\\/schema\\\/person\\\/5c39170f12db1b8b457732d0b5c854e2\"},\"breadcrumb\":{\"@id\":\"https:\\\/\\\/dmcsrb.com\\\/sport\\\/poraz-dukica-djinovic-u-polufinalu-protiv-afganistanca\\\/#breadcrumb\"},\"inLanguage\":\"en-GB\",\"potentialAction\":[{\"@type\":\"ReadAction\",\"target\":[\"https:\\\/\\\/dmcsrb.com\\\/sport\\\/poraz-dukica-djinovic-u-polufinalu-protiv-afganistanca\\\/\"]}]},{\"@type\":\"ImageObject\",\"inLanguage\":\"en-GB\",\"@id\":\"https:\\\/\\\/dmcsrb.com\\\/sport\\\/poraz-dukica-djinovic-u-polufinalu-protiv-afganistanca\\\/#primaryimage\",\"url\":\"https:\\\/\\\/dmcsrb.com\\\/wp-content\\\/uploads\\\/2026\\\/01\\\/267da6d7-8b3b-47bf-b638-c11c2ef3158f.webp\",\"contentUrl\":\"https:\\\/\\\/dmcsrb.com\\\/wp-content\\\/uploads\\\/2026\\\/01\\\/267da6d7-8b3b-47bf-b638-c11c2ef3158f.webp\",\"width\":779,\"height\":623},{\"@type\":\"BreadcrumbList\",\"@id\":\"https:\\\/\\\/dmcsrb.com\\\/sport\\\/poraz-dukica-djinovic-u-polufinalu-protiv-afganistanca\\\/#breadcrumb\",\"itemListElement\":[{\"@type\":\"ListItem\",\"position\":1,\"name\":\"Home\",\"item\":\"https:\\\/\\\/dmcsrb.com\\\/\"},{\"@type\":\"ListItem\",\"position\":2,\"name\":\"Poraz Duki\u0107a, \u0110inovi\u0107 u polufinalu protiv Afganistanca\"}]},{\"@type\":\"WebSite\",\"@id\":\"https:\\\/\\\/dmcsrb.com\\\/#website\",\"url\":\"https:\\\/\\\/dmcsrb.com\\\/\",\"name\":\"dmcsrb.com\",\"description\":\"\",\"potentialAction\":[{\"@type\":\"SearchAction\",\"target\":{\"@type\":\"EntryPoint\",\"urlTemplate\":\"https:\\\/\\\/dmcsrb.com\\\/?s={search_term_string}\"},\"query-input\":{\"@type\":\"PropertyValueSpecification\",\"valueRequired\":true,\"valueName\":\"search_term_string\"}}],\"inLanguage\":\"en-GB\"},{\"@type\":\"Person\",\"@id\":\"https:\\\/\\\/dmcsrb.com\\\/#\\\/schema\\\/person\\\/5c39170f12db1b8b457732d0b5c854e2\",\"name\":\"dmcsrbija.com@gmail.com\",\"image\":{\"@type\":\"ImageObject\",\"inLanguage\":\"en-GB\",\"@id\":\"https:\\\/\\\/secure.gravatar.com\\\/avatar\\\/68592660ad6347fad0fb587f8d5d8f1a7b44961362f56e4f2cd524feb87e9069?s=96&d=mm&r=g\",\"url\":\"https:\\\/\\\/secure.gravatar.com\\\/avatar\\\/68592660ad6347fad0fb587f8d5d8f1a7b44961362f56e4f2cd524feb87e9069?s=96&d=mm&r=g\",\"contentUrl\":\"https:\\\/\\\/secure.gravatar.com\\\/avatar\\\/68592660ad6347fad0fb587f8d5d8f1a7b44961362f56e4f2cd524feb87e9069?s=96&d=mm&r=g\",\"caption\":\"dmcsrbija.com@gmail.com\"},\"sameAs\":[\"https:\\\/\\\/dmcsrb.com\"],\"url\":\"https:\\\/\\\/dmcsrb.com\\\/en\\\/author\\\/dmcsrbija-comgmail-com\\\/\"}]}<\/script>\n<!-- \/ Yoast SEO plugin. -->","yoast_head_json":{"title":"Poraz Duki\u0107a, \u0110inovi\u0107 u polufinalu protiv Afganistanca - dmcsrb.com","robots":{"index":"index","follow":"follow","max-snippet":"max-snippet:-1","max-image-preview":"max-image-preview:large","max-video-preview":"max-video-preview:-1"},"canonical":"https:\/\/dmcsrb.com\/en\/sport\/poraz-dukica-djinovic-u-polufinalu-protiv-afganistanca\/","og_locale":"en_GB","og_type":"article","og_title":"Poraz Duki\u0107a, \u0110inovi\u0107 u polufinalu protiv Afganistanca - dmcsrb.com","og_description":"Mladi crnogorski kik bokser, a odnedavno i bokser Viktor Duki\u0107 nije uspio da se plasira u finale me\u0111unarodnog turnira \u201eMustafa Hajrulahanovi\u0107 Talijan\u201c, koji je u Sarajevu okupio preko 120 boksera i bokserki iz 17 dr\u017eava Evrope i Azije.","og_url":"https:\/\/dmcsrb.com\/en\/sport\/poraz-dukica-djinovic-u-polufinalu-protiv-afganistanca\/","og_site_name":"dmcsrb.com","article_published_time":"2025-08-14T17:29:00+00:00","og_image":[{"width":779,"height":623,"url":"https:\/\/dmcsrb.com\/wp-content\/uploads\/2026\/01\/267da6d7-8b3b-47bf-b638-c11c2ef3158f.webp","type":"image\/jpeg"}],"author":"dmcsrbija.com@gmail.com","twitter_card":"summary_large_image","twitter_misc":{"Written by":"dmcsrbija.com@gmail.com","Estimated reading time":"1 minute"},"schema":{"@context":"https:\/\/schema.org","@graph":[{"@type":"Article","@id":"https:\/\/dmcsrb.com\/sport\/poraz-dukica-djinovic-u-polufinalu-protiv-afganistanca\/#article","isPartOf":{"@id":"https:\/\/dmcsrb.com\/sport\/poraz-dukica-djinovic-u-polufinalu-protiv-afganistanca\/"},"author":{"name":"dmcsrbija.com@gmail.com","@id":"https:\/\/dmcsrb.com\/#\/schema\/person\/5c39170f12db1b8b457732d0b5c854e2"},"headline":"Poraz Duki\u0107a, \u0110inovi\u0107 u polufinalu protiv Afganistanca","datePublished":"2025-08-14T17:29:00+00:00","mainEntityOfPage":{"@id":"https:\/\/dmcsrb.com\/sport\/poraz-dukica-djinovic-u-polufinalu-protiv-afganistanca\/"},"wordCount":187,"commentCount":0,"image":{"@id":"https:\/\/dmcsrb.com\/sport\/poraz-dukica-djinovic-u-polufinalu-protiv-afganistanca\/#primaryimage"},"thumbnailUrl":"https:\/\/dmcsrb.com\/wp-content\/uploads\/2026\/01\/267da6d7-8b3b-47bf-b638-c11c2ef3158f.webp","keywords":["\"Mustafa Hajrulahanovi\u0107 Talijan","Boks","Me\u0111unarodni bokserski turnir u Sarajevu","Tomislav-Bato \u0110inovi\u0107","Viktor Duki\u0107"],"articleSection":["Sport"],"inLanguage":"en-GB","potentialAction":[{"@type":"CommentAction","name":"Comment","target":["https:\/\/dmcsrb.com\/sport\/poraz-dukica-djinovic-u-polufinalu-protiv-afganistanca\/#respond"]}]},{"@type":"WebPage","@id":"https:\/\/dmcsrb.com\/sport\/poraz-dukica-djinovic-u-polufinalu-protiv-afganistanca\/","url":"https:\/\/dmcsrb.com\/sport\/poraz-dukica-djinovic-u-polufinalu-protiv-afganistanca\/","name":"Poraz Duki\u0107a, \u0110inovi\u0107 u polufinalu protiv Afganistanca - dmcsrb.com","isPartOf":{"@id":"https:\/\/dmcsrb.com\/#website"},"primaryImageOfPage":{"@id":"https:\/\/dmcsrb.com\/sport\/poraz-dukica-djinovic-u-polufinalu-protiv-afganistanca\/#primaryimage"},"image":{"@id":"https:\/\/dmcsrb.com\/sport\/poraz-dukica-djinovic-u-polufinalu-protiv-afganistanca\/#primaryimage"},"thumbnailUrl":"https:\/\/dmcsrb.com\/wp-content\/uploads\/2026\/01\/267da6d7-8b3b-47bf-b638-c11c2ef3158f.webp","datePublished":"2025-08-14T17:29:00+00:00","author":{"@id":"https:\/\/dmcsrb.com\/#\/schema\/person\/5c39170f12db1b8b457732d0b5c854e2"},"breadcrumb":{"@id":"https:\/\/dmcsrb.com\/sport\/poraz-dukica-djinovic-u-polufinalu-protiv-afganistanca\/#breadcrumb"},"inLanguage":"en-GB","potentialAction":[{"@type":"ReadAction","target":["https:\/\/dmcsrb.com\/sport\/poraz-dukica-djinovic-u-polufinalu-protiv-afganistanca\/"]}]},{"@type":"ImageObject","inLanguage":"en-GB","@id":"https:\/\/dmcsrb.com\/sport\/poraz-dukica-djinovic-u-polufinalu-protiv-afganistanca\/#primaryimage","url":"https:\/\/dmcsrb.com\/wp-content\/uploads\/2026\/01\/267da6d7-8b3b-47bf-b638-c11c2ef3158f.webp","contentUrl":"https:\/\/dmcsrb.com\/wp-content\/uploads\/2026\/01\/267da6d7-8b3b-47bf-b638-c11c2ef3158f.webp","width":779,"height":623},{"@type":"BreadcrumbList","@id":"https:\/\/dmcsrb.com\/sport\/poraz-dukica-djinovic-u-polufinalu-protiv-afganistanca\/#breadcrumb","itemListElement":[{"@type":"ListItem","position":1,"name":"Home","item":"https:\/\/dmcsrb.com\/"},{"@type":"ListItem","position":2,"name":"Poraz Duki\u0107a, \u0110inovi\u0107 u polufinalu protiv Afganistanca"}]},{"@type":"WebSite","@id":"https:\/\/dmcsrb.com\/#website","url":"https:\/\/dmcsrb.com\/","name":"dmcsrb.com","description":"","potentialAction":[{"@type":"SearchAction","target":{"@type":"EntryPoint","urlTemplate":"https:\/\/dmcsrb.com\/?s={search_term_string}"},"query-input":{"@type":"PropertyValueSpecification","valueRequired":true,"valueName":"search_term_string"}}],"inLanguage":"en-GB"},{"@type":"Person","@id":"https:\/\/dmcsrb.com\/#\/schema\/person\/5c39170f12db1b8b457732d0b5c854e2","name":"dmcsrbija.com@gmail.com","image":{"@type":"ImageObject","inLanguage":"en-GB","@id":"https:\/\/secure.gravatar.com\/avatar\/68592660ad6347fad0fb587f8d5d8f1a7b44961362f56e4f2cd524feb87e9069?s=96&d=mm&r=g","url":"https:\/\/secure.gravatar.com\/avatar\/68592660ad6347fad0fb587f8d5d8f1a7b44961362f56e4f2cd524feb87e9069?s=96&d=mm&r=g","contentUrl":"https:\/\/secure.gravatar.com\/avatar\/68592660ad6347fad0fb587f8d5d8f1a7b44961362f56e4f2cd524feb87e9069?s=96&d=mm&r=g","caption":"dmcsrbija.com@gmail.com"},"sameAs":["https:\/\/dmcsrb.com"],"url":"https:\/\/dmcsrb.com\/en\/author\/dmcsrbija-comgmail-com\/"}]}},"_links":{"self":[{"href":"https:\/\/dmcsrb.com\/en\/wp-json\/wp\/v2\/posts\/946313","targetHints":{"allow":["GET"]}}],"collection":[{"href":"https:\/\/dmcsrb.com\/en\/wp-json\/wp\/v2\/posts"}],"about":[{"href":"https:\/\/dmcsrb.com\/en\/wp-json\/wp\/v2\/types\/post"}],"author":[{"embeddable":true,"href":"https:\/\/dmcsrb.com\/en\/wp-json\/wp\/v2\/users\/1"}],"replies":[{"embeddable":true,"href":"https:\/\/dmcsrb.com\/en\/wp-json\/wp\/v2\/comments?post=946313"}],"version-history":[{"count":0,"href":"https:\/\/dmcsrb.com\/en\/wp-json\/wp\/v2\/posts\/946313\/revisions"}],"wp:featuredmedia":[{"embeddable":true,"href":"https:\/\/dmcsrb.com\/en\/wp-json\/wp\/v2\/media\/946314"}],"wp:attachment":[{"href":"https:\/\/dmcsrb.com\/en\/wp-json\/wp\/v2\/media?parent=946313"}],"wp:term":[{"taxonomy":"category","embeddable":true,"href":"https:\/\/dmcsrb.com\/en\/wp-json\/wp\/v2\/categories?post=946313"},{"taxonomy":"post_tag","embeddable":true,"href":"https:\/\/dmcsrb.com\/en\/wp-json\/wp\/v2\/tags?post=946313"},{"taxonomy":"naslovna","embeddable":true,"href":"https:\/\/dmcsrb.com\/en\/wp-json\/wp\/v2\/naslovna?post=946313"}],"curies":[{"name":"wp","href":"https:\/\/api.w.org\/{rel}","templated":true}]}}