{"id":946310,"date":"2025-08-14T19:18:00","date_gmt":"2025-08-14T17:18:00","guid":{"rendered":"https:\/\/dmcsrb.com\/uncategorized\/vatrogasci-i-volonteri-brane-objekte-u-piperima\/"},"modified":"2025-08-14T19:18:00","modified_gmt":"2025-08-14T17:18:00","slug":"vatrogasci-i-volonteri-brane-objekte-u-piperima","status":"publish","type":"post","link":"https:\/\/dmcsrb.com\/en\/drustvo\/vatrogasci-i-volonteri-brane-objekte-u-piperima\/","title":{"rendered":"Vatrogasci i volonteri brane objekte u Piperima"},"content":{"rendered":"<p>Peti je dan po\u017eara u Crnoj Gori. Najaktivniji su na teritoriji Glavnog grada. Vatrogasne ekipe su na terenu, u mjestu Blizne situacija je te\u0161ka. Gori i u Ku\u010dkim koritima, te na lokacijama Gornje Mrke i Petrovi\u0107i. Ugro\u017een je bio i repetitor i prihvatiliste za \u017eivotinje na toj lokaciji. U ovom trenutku nema evakuisanih osoba od po\u017eara, ali je nekoliko objekata opo\u017eareno. Po\u017ear se ve\u010deras razbuktao u piperskom selu Rade\u0107a, a vatrogasci i volonteri brane objekte od plamena. Na terenu su podgori\u010dki i cetinjski vatrogasci.<\/p>\n\n\n\n<p><video width=\"100%\" controls=\"controls\" poster=\"https:\/\/rtcg.me\/upload\/\/media\/2025\/7\/14\/21\/15\/622\/2227583\/thumbs\/5066513\/0-02-05-33ff410e0eaed8bf385df6b4a24de370ffa9a21264201ea10a300bb53991a7b4_302bfb5d70aca8ba.jpg\"><\/video><em><\/em><\/p>\n\n\n\n<p><strong>Video (Marko Terzi\u0107)<\/strong><\/p>\n\n\n\n<p>Pilot VVCG major Goran Sen\u010di\u0107 za Dnevnik 2 na RTCG- u rekao je da je danas helikopterska jedinica bila anga\u017eovana na ga\u0161enje po\u017eara u Gornjim i Donjim Mrkama i u Ku\u010dima.<\/p>\n\n\n\n<p><video width=\"100%\" controls=\"controls\" poster=\"https:\/\/rtcg.me\/upload\/\/media\/2025\/7\/14\/19\/1\/618\/2227482\/thumbs\/5066112\/BiljaUKLJUCENJE.jpg\"><\/video><em>(Video: <strong>RTCG<\/strong>)<\/em><\/p>\n\n\n\n<p><video width=\"100%\" controls=\"controls\" poster=\"https:\/\/rtcg.me\/upload\/\/media\/2025\/7\/14\/16\/42\/654\/2227333\/thumbs\/5065543\/blizna_novo.jpg\"><\/video><em>\u00a0(Video: <strong>Marko Terzi\u0107<\/strong>)<\/em><\/p>\n\n\n\n<p>&#8220;U Ku\u010dima je bila najozbiljnija situacija. Poslije nadletanja knadera i mi smo pristupili ga\u0161enju. Za cijelu protivpo\u017earnu sezonu do sada ukupno smo nadlijetjeli 145 sati, izbacili 150 tona vode&#8221;, rekao je Sen\u010di\u0107.<\/p>\n\n\n\n<p><video width=\"100%\" controls=\"controls\" poster=\"https:\/\/rtcg.me\/upload\/\/media\/2025\/7\/14\/15\/47\/550\/2227309\/thumbs\/5065459\/blizne.jpg\"><\/video><em>\u00a0(Video: <strong>Milica Kapa<\/strong>)<\/em><\/p>\n\n\n\n<p>Dodao je da su danas imali dobru saradnju sa helikopetrom iz BiH, te da VVCG trenutno imamo 3-4 posade koje se rotiraju.<\/p>\n\n\n\n<p><video width=\"100%\" controls=\"controls\" poster=\"https:\/\/rtcg.me\/upload\/\/media\/2025\/7\/14\/15\/50\/148\/2227288\/thumbs\/5065393\/helikopter.jpg\"><\/video><em>(Video: <strong>Bojan Terzi\u0107<\/strong>)<\/em><\/p>\n\n\n\n<p>Danas u ga\u0161enju vatre poma\u017eu helikopter Bosne i Hercegovine, kao i vozila i vatrogasci iz Austrije, a sti\u017eu i \u0160vajcarci oko 17 sati.<\/p>\n\n\n\n<p>Po\u017eare \u0107e gasi sedam vazduhoplova, a na terenu je 86 osoba iz Crne Gore i blizu stotinu profesionalaca iz me\u0111unarodne pomo\u0107i.<\/p>\n\n\n\n<p><video width=\"100%\" controls=\"controls\" poster=\"https:\/\/rtcg.me\/upload\/\/media\/2025\/7\/14\/15\/39\/631\/2227282\/thumbs\/5065375\/helikopter1.jpg\"><\/video><em>Vatrogasne ekipe su na terenu, mjesto Blizne (Video: <strong>Marko Terzi\u0107<\/strong>)<\/em><\/p>\n\n\n\n<p>Helikopter iz Bosne i Hercegovine danas gasi u Gornjim Mrkama, a helikopter iz Srbije na podru\u010dju Dino\u0161e.<\/p>\n\n\n\n<p>Iscrpljeni od vi\u0161ednevne borbe vatrogasci sino\u0107 su uspjeli da odbrane ku\u0107e koje su bile ugro\u017eene vatrom.<\/p>\n\n\n\n<p><video width=\"100%\" controls=\"controls\" poster=\"https:\/\/rtcg.me\/upload\/\/media\/2025\/7\/14\/20\/10\/204\/2227538\/thumbs\/5066381\/rade%C4%87a.jpg\"><\/video><em>Mjesto Rade\u0107a (Video: <strong>RTCG\/Marko Terzi\u0107<\/strong>)<\/em><\/p>\n\n\n\n<p>Bila je i te\u0161ka no\u0107 u kojoj su se vatrogasci, volonteri i ostale slu\u017ebe borili sa vatrom koja je bila najkriti\u010dnija u Piperima, Ku\u010dima, Mrkama i Petrovi\u0107ima kod Podgorice, a veliki po\u017ear u buktio je i u naseljima Dino\u0161a i Omerbo\u017eovi\u0107 u Tuzima.<a href=\"https:\/\/play.google.com\/store\/apps\/details?id=me.rtcg\" target=\"_blank\" rel=\"noreferrer noopener\"><\/a><a href=\"https:\/\/apps.apple.com\/us\/app\/rtcg\/id1400067551\" target=\"_blank\" rel=\"noreferrer noopener\"><\/a><\/p>\n\n\n\n<p><a target=\"_blank\" href=\"https:\/\/play.google.com\/store\/apps\/details?id=me.rtcg\" rel=\"noreferrer noopener\"><\/a><a target=\"_blank\" href=\"https:\/\/apps.apple.com\/us\/app\/rtcg\/id1400067551\" rel=\"noreferrer noopener\"><\/a><\/p>","protected":false},"excerpt":{"rendered":"<p>Na terenu su podgori\u010dki i cetinjski vatrogasci.<\/p>","protected":false},"author":1,"featured_media":946311,"comment_status":"open","ping_status":"open","sticky":false,"template":"","format":"standard","meta":{"_acf_changed":false,"footnotes":""},"categories":[2],"tags":[8825,17682,17683,6665,1358],"naslovna":[],"class_list":["post-946310","post","type-post","status-publish","format-standard","has-post-thumbnail","hentry","category-drustvo","tag-objekti","tag-pipersko-selo","tag-radeca","tag-vatrogasci","tag-volonteri"],"acf":[],"yoast_head":"<!-- This site is optimized with the Yoast SEO plugin v27.4 - https:\/\/yoast.com\/product\/yoast-seo-wordpress\/ -->\n<title>Vatrogasci i volonteri brane objekte u Piperima - dmcsrb.com<\/title>\n<meta name=\"robots\" content=\"index, follow, max-snippet:-1, max-image-preview:large, max-video-preview:-1\" \/>\n<link rel=\"canonical\" href=\"https:\/\/dmcsrb.com\/en\/drustvo\/vatrogasci-i-volonteri-brane-objekte-u-piperima\/\" \/>\n<meta property=\"og:locale\" content=\"en_GB\" \/>\n<meta property=\"og:type\" content=\"article\" \/>\n<meta property=\"og:title\" content=\"Vatrogasci i volonteri brane objekte u Piperima - dmcsrb.com\" \/>\n<meta property=\"og:description\" content=\"Na terenu su podgori\u010dki i cetinjski vatrogasci.\" \/>\n<meta property=\"og:url\" content=\"https:\/\/dmcsrb.com\/en\/drustvo\/vatrogasci-i-volonteri-brane-objekte-u-piperima\/\" \/>\n<meta property=\"og:site_name\" content=\"dmcsrb.com\" \/>\n<meta property=\"article:published_time\" content=\"2025-08-14T17:18:00+00:00\" \/>\n<meta property=\"og:image\" content=\"https:\/\/dmcsrb.com\/wp-content\/uploads\/2026\/01\/Capture-38-2.webp\" \/>\n\t<meta property=\"og:image:width\" content=\"941\" \/>\n\t<meta property=\"og:image:height\" content=\"467\" \/>\n\t<meta property=\"og:image:type\" content=\"image\/jpeg\" \/>\n<meta name=\"author\" content=\"dmcsrbija.com@gmail.com\" \/>\n<meta name=\"twitter:card\" content=\"summary_large_image\" \/>\n<meta name=\"twitter:label1\" content=\"Written by\" \/>\n\t<meta name=\"twitter:data1\" content=\"dmcsrbija.com@gmail.com\" \/>\n\t<meta name=\"twitter:label2\" content=\"Estimated reading time\" \/>\n\t<meta name=\"twitter:data2\" content=\"2 minutes\" \/>\n<script type=\"application\/ld+json\" class=\"yoast-schema-graph\">{\"@context\":\"https:\\\/\\\/schema.org\",\"@graph\":[{\"@type\":\"Article\",\"@id\":\"https:\\\/\\\/dmcsrb.com\\\/drustvo\\\/vatrogasci-i-volonteri-brane-objekte-u-piperima\\\/#article\",\"isPartOf\":{\"@id\":\"https:\\\/\\\/dmcsrb.com\\\/drustvo\\\/vatrogasci-i-volonteri-brane-objekte-u-piperima\\\/\"},\"author\":{\"name\":\"dmcsrbija.com@gmail.com\",\"@id\":\"https:\\\/\\\/dmcsrb.com\\\/#\\\/schema\\\/person\\\/5c39170f12db1b8b457732d0b5c854e2\"},\"headline\":\"Vatrogasci i volonteri brane objekte u Piperima\",\"datePublished\":\"2025-08-14T17:18:00+00:00\",\"mainEntityOfPage\":{\"@id\":\"https:\\\/\\\/dmcsrb.com\\\/drustvo\\\/vatrogasci-i-volonteri-brane-objekte-u-piperima\\\/\"},\"wordCount\":361,\"commentCount\":0,\"image\":{\"@id\":\"https:\\\/\\\/dmcsrb.com\\\/drustvo\\\/vatrogasci-i-volonteri-brane-objekte-u-piperima\\\/#primaryimage\"},\"thumbnailUrl\":\"https:\\\/\\\/dmcsrb.com\\\/wp-content\\\/uploads\\\/2026\\\/01\\\/Capture-38-2.webp\",\"keywords\":[\"objekti\",\"Pipersko selo\",\"Rade\u0107a\",\"vatrogasci\",\"volonteri\"],\"articleSection\":[\"Dru\u0161tvo\"],\"inLanguage\":\"en-GB\",\"potentialAction\":[{\"@type\":\"CommentAction\",\"name\":\"Comment\",\"target\":[\"https:\\\/\\\/dmcsrb.com\\\/drustvo\\\/vatrogasci-i-volonteri-brane-objekte-u-piperima\\\/#respond\"]}]},{\"@type\":\"WebPage\",\"@id\":\"https:\\\/\\\/dmcsrb.com\\\/drustvo\\\/vatrogasci-i-volonteri-brane-objekte-u-piperima\\\/\",\"url\":\"https:\\\/\\\/dmcsrb.com\\\/drustvo\\\/vatrogasci-i-volonteri-brane-objekte-u-piperima\\\/\",\"name\":\"Vatrogasci i volonteri brane objekte u Piperima - dmcsrb.com\",\"isPartOf\":{\"@id\":\"https:\\\/\\\/dmcsrb.com\\\/#website\"},\"primaryImageOfPage\":{\"@id\":\"https:\\\/\\\/dmcsrb.com\\\/drustvo\\\/vatrogasci-i-volonteri-brane-objekte-u-piperima\\\/#primaryimage\"},\"image\":{\"@id\":\"https:\\\/\\\/dmcsrb.com\\\/drustvo\\\/vatrogasci-i-volonteri-brane-objekte-u-piperima\\\/#primaryimage\"},\"thumbnailUrl\":\"https:\\\/\\\/dmcsrb.com\\\/wp-content\\\/uploads\\\/2026\\\/01\\\/Capture-38-2.webp\",\"datePublished\":\"2025-08-14T17:18:00+00:00\",\"author\":{\"@id\":\"https:\\\/\\\/dmcsrb.com\\\/#\\\/schema\\\/person\\\/5c39170f12db1b8b457732d0b5c854e2\"},\"breadcrumb\":{\"@id\":\"https:\\\/\\\/dmcsrb.com\\\/drustvo\\\/vatrogasci-i-volonteri-brane-objekte-u-piperima\\\/#breadcrumb\"},\"inLanguage\":\"en-GB\",\"potentialAction\":[{\"@type\":\"ReadAction\",\"target\":[\"https:\\\/\\\/dmcsrb.com\\\/drustvo\\\/vatrogasci-i-volonteri-brane-objekte-u-piperima\\\/\"]}]},{\"@type\":\"ImageObject\",\"inLanguage\":\"en-GB\",\"@id\":\"https:\\\/\\\/dmcsrb.com\\\/drustvo\\\/vatrogasci-i-volonteri-brane-objekte-u-piperima\\\/#primaryimage\",\"url\":\"https:\\\/\\\/dmcsrb.com\\\/wp-content\\\/uploads\\\/2026\\\/01\\\/Capture-38-2.webp\",\"contentUrl\":\"https:\\\/\\\/dmcsrb.com\\\/wp-content\\\/uploads\\\/2026\\\/01\\\/Capture-38-2.webp\",\"width\":941,\"height\":467},{\"@type\":\"BreadcrumbList\",\"@id\":\"https:\\\/\\\/dmcsrb.com\\\/drustvo\\\/vatrogasci-i-volonteri-brane-objekte-u-piperima\\\/#breadcrumb\",\"itemListElement\":[{\"@type\":\"ListItem\",\"position\":1,\"name\":\"Home\",\"item\":\"https:\\\/\\\/dmcsrb.com\\\/\"},{\"@type\":\"ListItem\",\"position\":2,\"name\":\"Vatrogasci i volonteri brane objekte u Piperima\"}]},{\"@type\":\"WebSite\",\"@id\":\"https:\\\/\\\/dmcsrb.com\\\/#website\",\"url\":\"https:\\\/\\\/dmcsrb.com\\\/\",\"name\":\"dmcsrb.com\",\"description\":\"\",\"potentialAction\":[{\"@type\":\"SearchAction\",\"target\":{\"@type\":\"EntryPoint\",\"urlTemplate\":\"https:\\\/\\\/dmcsrb.com\\\/?s={search_term_string}\"},\"query-input\":{\"@type\":\"PropertyValueSpecification\",\"valueRequired\":true,\"valueName\":\"search_term_string\"}}],\"inLanguage\":\"en-GB\"},{\"@type\":\"Person\",\"@id\":\"https:\\\/\\\/dmcsrb.com\\\/#\\\/schema\\\/person\\\/5c39170f12db1b8b457732d0b5c854e2\",\"name\":\"dmcsrbija.com@gmail.com\",\"image\":{\"@type\":\"ImageObject\",\"inLanguage\":\"en-GB\",\"@id\":\"https:\\\/\\\/secure.gravatar.com\\\/avatar\\\/68592660ad6347fad0fb587f8d5d8f1a7b44961362f56e4f2cd524feb87e9069?s=96&d=mm&r=g\",\"url\":\"https:\\\/\\\/secure.gravatar.com\\\/avatar\\\/68592660ad6347fad0fb587f8d5d8f1a7b44961362f56e4f2cd524feb87e9069?s=96&d=mm&r=g\",\"contentUrl\":\"https:\\\/\\\/secure.gravatar.com\\\/avatar\\\/68592660ad6347fad0fb587f8d5d8f1a7b44961362f56e4f2cd524feb87e9069?s=96&d=mm&r=g\",\"caption\":\"dmcsrbija.com@gmail.com\"},\"sameAs\":[\"https:\\\/\\\/dmcsrb.com\"],\"url\":\"https:\\\/\\\/dmcsrb.com\\\/en\\\/author\\\/dmcsrbija-comgmail-com\\\/\"}]}<\/script>\n<!-- \/ Yoast SEO plugin. -->","yoast_head_json":{"title":"Vatrogasci i volonteri brane objekte u Piperima - dmcsrb.com","robots":{"index":"index","follow":"follow","max-snippet":"max-snippet:-1","max-image-preview":"max-image-preview:large","max-video-preview":"max-video-preview:-1"},"canonical":"https:\/\/dmcsrb.com\/en\/drustvo\/vatrogasci-i-volonteri-brane-objekte-u-piperima\/","og_locale":"en_GB","og_type":"article","og_title":"Vatrogasci i volonteri brane objekte u Piperima - dmcsrb.com","og_description":"Na terenu su podgori\u010dki i cetinjski vatrogasci.","og_url":"https:\/\/dmcsrb.com\/en\/drustvo\/vatrogasci-i-volonteri-brane-objekte-u-piperima\/","og_site_name":"dmcsrb.com","article_published_time":"2025-08-14T17:18:00+00:00","og_image":[{"width":941,"height":467,"url":"https:\/\/dmcsrb.com\/wp-content\/uploads\/2026\/01\/Capture-38-2.webp","type":"image\/jpeg"}],"author":"dmcsrbija.com@gmail.com","twitter_card":"summary_large_image","twitter_misc":{"Written by":"dmcsrbija.com@gmail.com","Estimated reading time":"2 minutes"},"schema":{"@context":"https:\/\/schema.org","@graph":[{"@type":"Article","@id":"https:\/\/dmcsrb.com\/drustvo\/vatrogasci-i-volonteri-brane-objekte-u-piperima\/#article","isPartOf":{"@id":"https:\/\/dmcsrb.com\/drustvo\/vatrogasci-i-volonteri-brane-objekte-u-piperima\/"},"author":{"name":"dmcsrbija.com@gmail.com","@id":"https:\/\/dmcsrb.com\/#\/schema\/person\/5c39170f12db1b8b457732d0b5c854e2"},"headline":"Vatrogasci i volonteri brane objekte u Piperima","datePublished":"2025-08-14T17:18:00+00:00","mainEntityOfPage":{"@id":"https:\/\/dmcsrb.com\/drustvo\/vatrogasci-i-volonteri-brane-objekte-u-piperima\/"},"wordCount":361,"commentCount":0,"image":{"@id":"https:\/\/dmcsrb.com\/drustvo\/vatrogasci-i-volonteri-brane-objekte-u-piperima\/#primaryimage"},"thumbnailUrl":"https:\/\/dmcsrb.com\/wp-content\/uploads\/2026\/01\/Capture-38-2.webp","keywords":["objekti","Pipersko selo","Rade\u0107a","vatrogasci","volonteri"],"articleSection":["Dru\u0161tvo"],"inLanguage":"en-GB","potentialAction":[{"@type":"CommentAction","name":"Comment","target":["https:\/\/dmcsrb.com\/drustvo\/vatrogasci-i-volonteri-brane-objekte-u-piperima\/#respond"]}]},{"@type":"WebPage","@id":"https:\/\/dmcsrb.com\/drustvo\/vatrogasci-i-volonteri-brane-objekte-u-piperima\/","url":"https:\/\/dmcsrb.com\/drustvo\/vatrogasci-i-volonteri-brane-objekte-u-piperima\/","name":"Vatrogasci i volonteri brane objekte u Piperima - dmcsrb.com","isPartOf":{"@id":"https:\/\/dmcsrb.com\/#website"},"primaryImageOfPage":{"@id":"https:\/\/dmcsrb.com\/drustvo\/vatrogasci-i-volonteri-brane-objekte-u-piperima\/#primaryimage"},"image":{"@id":"https:\/\/dmcsrb.com\/drustvo\/vatrogasci-i-volonteri-brane-objekte-u-piperima\/#primaryimage"},"thumbnailUrl":"https:\/\/dmcsrb.com\/wp-content\/uploads\/2026\/01\/Capture-38-2.webp","datePublished":"2025-08-14T17:18:00+00:00","author":{"@id":"https:\/\/dmcsrb.com\/#\/schema\/person\/5c39170f12db1b8b457732d0b5c854e2"},"breadcrumb":{"@id":"https:\/\/dmcsrb.com\/drustvo\/vatrogasci-i-volonteri-brane-objekte-u-piperima\/#breadcrumb"},"inLanguage":"en-GB","potentialAction":[{"@type":"ReadAction","target":["https:\/\/dmcsrb.com\/drustvo\/vatrogasci-i-volonteri-brane-objekte-u-piperima\/"]}]},{"@type":"ImageObject","inLanguage":"en-GB","@id":"https:\/\/dmcsrb.com\/drustvo\/vatrogasci-i-volonteri-brane-objekte-u-piperima\/#primaryimage","url":"https:\/\/dmcsrb.com\/wp-content\/uploads\/2026\/01\/Capture-38-2.webp","contentUrl":"https:\/\/dmcsrb.com\/wp-content\/uploads\/2026\/01\/Capture-38-2.webp","width":941,"height":467},{"@type":"BreadcrumbList","@id":"https:\/\/dmcsrb.com\/drustvo\/vatrogasci-i-volonteri-brane-objekte-u-piperima\/#breadcrumb","itemListElement":[{"@type":"ListItem","position":1,"name":"Home","item":"https:\/\/dmcsrb.com\/"},{"@type":"ListItem","position":2,"name":"Vatrogasci i volonteri brane objekte u Piperima"}]},{"@type":"WebSite","@id":"https:\/\/dmcsrb.com\/#website","url":"https:\/\/dmcsrb.com\/","name":"dmcsrb.com","description":"","potentialAction":[{"@type":"SearchAction","target":{"@type":"EntryPoint","urlTemplate":"https:\/\/dmcsrb.com\/?s={search_term_string}"},"query-input":{"@type":"PropertyValueSpecification","valueRequired":true,"valueName":"search_term_string"}}],"inLanguage":"en-GB"},{"@type":"Person","@id":"https:\/\/dmcsrb.com\/#\/schema\/person\/5c39170f12db1b8b457732d0b5c854e2","name":"dmcsrbija.com@gmail.com","image":{"@type":"ImageObject","inLanguage":"en-GB","@id":"https:\/\/secure.gravatar.com\/avatar\/68592660ad6347fad0fb587f8d5d8f1a7b44961362f56e4f2cd524feb87e9069?s=96&d=mm&r=g","url":"https:\/\/secure.gravatar.com\/avatar\/68592660ad6347fad0fb587f8d5d8f1a7b44961362f56e4f2cd524feb87e9069?s=96&d=mm&r=g","contentUrl":"https:\/\/secure.gravatar.com\/avatar\/68592660ad6347fad0fb587f8d5d8f1a7b44961362f56e4f2cd524feb87e9069?s=96&d=mm&r=g","caption":"dmcsrbija.com@gmail.com"},"sameAs":["https:\/\/dmcsrb.com"],"url":"https:\/\/dmcsrb.com\/en\/author\/dmcsrbija-comgmail-com\/"}]}},"_links":{"self":[{"href":"https:\/\/dmcsrb.com\/en\/wp-json\/wp\/v2\/posts\/946310","targetHints":{"allow":["GET"]}}],"collection":[{"href":"https:\/\/dmcsrb.com\/en\/wp-json\/wp\/v2\/posts"}],"about":[{"href":"https:\/\/dmcsrb.com\/en\/wp-json\/wp\/v2\/types\/post"}],"author":[{"embeddable":true,"href":"https:\/\/dmcsrb.com\/en\/wp-json\/wp\/v2\/users\/1"}],"replies":[{"embeddable":true,"href":"https:\/\/dmcsrb.com\/en\/wp-json\/wp\/v2\/comments?post=946310"}],"version-history":[{"count":0,"href":"https:\/\/dmcsrb.com\/en\/wp-json\/wp\/v2\/posts\/946310\/revisions"}],"wp:featuredmedia":[{"embeddable":true,"href":"https:\/\/dmcsrb.com\/en\/wp-json\/wp\/v2\/media\/946311"}],"wp:attachment":[{"href":"https:\/\/dmcsrb.com\/en\/wp-json\/wp\/v2\/media?parent=946310"}],"wp:term":[{"taxonomy":"category","embeddable":true,"href":"https:\/\/dmcsrb.com\/en\/wp-json\/wp\/v2\/categories?post=946310"},{"taxonomy":"post_tag","embeddable":true,"href":"https:\/\/dmcsrb.com\/en\/wp-json\/wp\/v2\/tags?post=946310"},{"taxonomy":"naslovna","embeddable":true,"href":"https:\/\/dmcsrb.com\/en\/wp-json\/wp\/v2\/naslovna?post=946310"}],"curies":[{"name":"wp","href":"https:\/\/api.w.org\/{rel}","templated":true}]}}