{"id":946288,"date":"2025-08-14T18:03:00","date_gmt":"2025-08-14T16:03:00","guid":{"rendered":"https:\/\/dmcsrb.com\/uncategorized\/cetvrta-cetvrtina-presudila-crna-gora-izgubila-od-grcke-u-solunu\/"},"modified":"2025-08-14T18:03:00","modified_gmt":"2025-08-14T16:03:00","slug":"cetvrta-cetvrtina-presudila-crna-gora-izgubila-od-grcke-u-solunu","status":"publish","type":"post","link":"https:\/\/dmcsrb.com\/en\/sport\/cetvrta-cetvrtina-presudila-crna-gora-izgubila-od-grcke-u-solunu\/","title":{"rendered":"\u010cetvrta \u010detvrtina presudila &#8211; Crna Gora izgubila od Gr\u010dke u Solunu"},"content":{"rendered":"<p>&#8220;Crvene&#8221; je poraza ko\u0161tala lo\u0161a \u010detvrta dionica koju su &#8220;heleni&#8221; dobili 24:10. <\/p>\n\n\n\n<p>Doma\u010din je poveo 4:2, zatim i 10:8, a onda je uslijedila serija Nikole Vu\u010devi\u0107a i saigra\u010da 12:2, da bi nakon uvodnih 10 minuta semafor pokazivao 19:15 u korist crnogorske reprezentacije. <\/p>\n\n\n\n<p>Gr\u010dka koja je bila oslabljena neigranjem prve zvijezde Janisa Adetokumba pravi seriju 8:0 i preokre\u0107e na 23:19, da bi &#8220;crveni&#8221; odgovorili sa sedam vezanih poena. &#8220;Heleni&#8221; su imali i plus pet krajem drugog perioda, ali je na veliki odmor Crna Gora imala posjed prednosti (35:32). <\/p>\n\n\n\n<p>Sredinom tre\u0107eg perioda izabranici Bo\u0161ka Radovi\u0107a prvi put u me\u010du sti\u010du osjetniju razliku &#8211; 47:38, a u \u010detvrti kvartal ulaze sa plus \u0161est &#8211; 51:45. <\/p>\n\n\n\n<p>Na startu posljednje \u010detvrtine Crna Gore je vodila 54:50, ali Gr\u010dka je serijom 17:2 preokrenula na 67:56 i trasirala put ka pobjedi. <\/p>\n\n\n\n<p>Najefikasniji u pobjedni\u010dkom sastavu bio je Konstantinos Mitoglu sa 13 poena. <\/p>\n\n\n\n<p>Na drugoj strani prednja\u010dili su Nikola Vu\u010devi\u0107 sa 12 poena i sedam skokova, odnosno Marko Simonovi\u0107 sa 11 poena i \u0161est uhva\u0107enih lopti. Pratili su ih Kajl Olmen koji je na debiju ubacio devet, a Igor Drobnjak osam ko\u0161eva. Pet je dodao Emir Had\u017eibegovi\u0107, po \u010detiri Jovan Kljaji\u0107, \u0110or\u0111ije Jovanovi\u0107 i Andrija Slavkovi\u0107.<\/p>\n\n\n\n<p>Podsjetimo, prije ovog me\u010da na\u0161i ko\u0161arka\u0161i su odigrali dva test me\u010da. Prvo su pru\u017eili jak otpor Francuskoj, ali nisu mogli do iznena\u0111enja (81:75), a potom su ubjedljivo slavili protiv BiH u Skenderiji (102:90). <\/p>\n\n\n\n<p>Posljednju provjeru pred Eurobasket na\u0161 nacionalni tim ima\u0107e 22. avgusta protiv Turske u Istanbulu.<\/p>\n\n\n\n<p>Crna Gora \u0107e na Eurobasketu koji po\u010dinje 27. avgusta igrati u grupi B sa Njema\u010dkom, Litvanijom, Finskom, \u0160vedskom i Velikom Britanijom.<\/p>","protected":false},"excerpt":{"rendered":"<p>Ko\u0161arka\u0161i Crne Gore pora\u017eeni su ve\u010deras od Gr\u010dke u Solunu, rezultatom 69:61, u tre\u0107em pripremnom me\u010du za Eurobasket.<\/p>","protected":false},"author":1,"featured_media":946289,"comment_status":"open","ping_status":"open","sticky":false,"template":"","format":"standard","meta":{"_acf_changed":false,"footnotes":""},"categories":[148],"tags":[5444,6469,16790],"naslovna":[],"class_list":["post-946288","post","type-post","status-publish","format-standard","has-post-thumbnail","hentry","category-sport","tag-muska-kosarkaska-reprezentacija-crne-gore","tag-muska-kosarkaska-reprezentacija-grcke","tag-pripreme-za-eurobasket"],"acf":[],"yoast_head":"<!-- This site is optimized with the Yoast SEO plugin v27.4 - https:\/\/yoast.com\/product\/yoast-seo-wordpress\/ -->\n<title>\u010cetvrta \u010detvrtina presudila - Crna Gora izgubila od Gr\u010dke u Solunu - dmcsrb.com<\/title>\n<meta name=\"robots\" content=\"index, follow, max-snippet:-1, max-image-preview:large, max-video-preview:-1\" \/>\n<link rel=\"canonical\" href=\"https:\/\/dmcsrb.com\/en\/sport\/cetvrta-cetvrtina-presudila-crna-gora-izgubila-od-grcke-u-solunu\/\" \/>\n<meta property=\"og:locale\" content=\"en_GB\" \/>\n<meta property=\"og:type\" content=\"article\" \/>\n<meta property=\"og:title\" content=\"\u010cetvrta \u010detvrtina presudila - Crna Gora izgubila od Gr\u010dke u Solunu - dmcsrb.com\" \/>\n<meta property=\"og:description\" content=\"Ko\u0161arka\u0161i Crne Gore pora\u017eeni su ve\u010deras od Gr\u010dke u Solunu, rezultatom 69:61, u tre\u0107em pripremnom me\u010du za Eurobasket.\" \/>\n<meta property=\"og:url\" content=\"https:\/\/dmcsrb.com\/en\/sport\/cetvrta-cetvrtina-presudila-crna-gora-izgubila-od-grcke-u-solunu\/\" \/>\n<meta property=\"og:site_name\" content=\"dmcsrb.com\" \/>\n<meta property=\"article:published_time\" content=\"2025-08-14T16:03:00+00:00\" \/>\n<meta property=\"og:image\" content=\"https:\/\/dmcsrb.com\/wp-content\/uploads\/2026\/01\/Crna-Gora-protiv-Grcke-HellenicBF-X.webp\" \/>\n\t<meta property=\"og:image:width\" content=\"1000\" \/>\n\t<meta property=\"og:image:height\" content=\"666\" \/>\n\t<meta property=\"og:image:type\" content=\"image\/jpeg\" \/>\n<meta name=\"author\" content=\"dmcsrbija.com@gmail.com\" \/>\n<meta name=\"twitter:card\" content=\"summary_large_image\" \/>\n<meta name=\"twitter:label1\" content=\"Written by\" \/>\n\t<meta name=\"twitter:data1\" content=\"dmcsrbija.com@gmail.com\" \/>\n\t<meta name=\"twitter:label2\" content=\"Estimated reading time\" \/>\n\t<meta name=\"twitter:data2\" content=\"1 minute\" \/>\n<script type=\"application\/ld+json\" class=\"yoast-schema-graph\">{\"@context\":\"https:\\\/\\\/schema.org\",\"@graph\":[{\"@type\":\"Article\",\"@id\":\"https:\\\/\\\/dmcsrb.com\\\/sport\\\/cetvrta-cetvrtina-presudila-crna-gora-izgubila-od-grcke-u-solunu\\\/#article\",\"isPartOf\":{\"@id\":\"https:\\\/\\\/dmcsrb.com\\\/sport\\\/cetvrta-cetvrtina-presudila-crna-gora-izgubila-od-grcke-u-solunu\\\/\"},\"author\":{\"name\":\"dmcsrbija.com@gmail.com\",\"@id\":\"https:\\\/\\\/dmcsrb.com\\\/#\\\/schema\\\/person\\\/5c39170f12db1b8b457732d0b5c854e2\"},\"headline\":\"\u010cetvrta \u010detvrtina presudila &#8211; Crna Gora izgubila od Gr\u010dke u Solunu\",\"datePublished\":\"2025-08-14T16:03:00+00:00\",\"mainEntityOfPage\":{\"@id\":\"https:\\\/\\\/dmcsrb.com\\\/sport\\\/cetvrta-cetvrtina-presudila-crna-gora-izgubila-od-grcke-u-solunu\\\/\"},\"wordCount\":288,\"commentCount\":0,\"image\":{\"@id\":\"https:\\\/\\\/dmcsrb.com\\\/sport\\\/cetvrta-cetvrtina-presudila-crna-gora-izgubila-od-grcke-u-solunu\\\/#primaryimage\"},\"thumbnailUrl\":\"https:\\\/\\\/dmcsrb.com\\\/wp-content\\\/uploads\\\/2026\\\/01\\\/Crna-Gora-protiv-Grcke-HellenicBF-X.webp\",\"keywords\":[\"Mu\u0161ka ko\u0161arka\u0161ka reprezentacija Crne Gore\",\"Mu\u0161ka ko\u0161arka\u0161ka reprezentacija Gr\u010dke\",\"pripreme za Eurobasket\"],\"articleSection\":[\"Sport\"],\"inLanguage\":\"en-GB\",\"potentialAction\":[{\"@type\":\"CommentAction\",\"name\":\"Comment\",\"target\":[\"https:\\\/\\\/dmcsrb.com\\\/sport\\\/cetvrta-cetvrtina-presudila-crna-gora-izgubila-od-grcke-u-solunu\\\/#respond\"]}]},{\"@type\":\"WebPage\",\"@id\":\"https:\\\/\\\/dmcsrb.com\\\/sport\\\/cetvrta-cetvrtina-presudila-crna-gora-izgubila-od-grcke-u-solunu\\\/\",\"url\":\"https:\\\/\\\/dmcsrb.com\\\/sport\\\/cetvrta-cetvrtina-presudila-crna-gora-izgubila-od-grcke-u-solunu\\\/\",\"name\":\"\u010cetvrta \u010detvrtina presudila - Crna Gora izgubila od Gr\u010dke u Solunu - dmcsrb.com\",\"isPartOf\":{\"@id\":\"https:\\\/\\\/dmcsrb.com\\\/#website\"},\"primaryImageOfPage\":{\"@id\":\"https:\\\/\\\/dmcsrb.com\\\/sport\\\/cetvrta-cetvrtina-presudila-crna-gora-izgubila-od-grcke-u-solunu\\\/#primaryimage\"},\"image\":{\"@id\":\"https:\\\/\\\/dmcsrb.com\\\/sport\\\/cetvrta-cetvrtina-presudila-crna-gora-izgubila-od-grcke-u-solunu\\\/#primaryimage\"},\"thumbnailUrl\":\"https:\\\/\\\/dmcsrb.com\\\/wp-content\\\/uploads\\\/2026\\\/01\\\/Crna-Gora-protiv-Grcke-HellenicBF-X.webp\",\"datePublished\":\"2025-08-14T16:03:00+00:00\",\"author\":{\"@id\":\"https:\\\/\\\/dmcsrb.com\\\/#\\\/schema\\\/person\\\/5c39170f12db1b8b457732d0b5c854e2\"},\"breadcrumb\":{\"@id\":\"https:\\\/\\\/dmcsrb.com\\\/sport\\\/cetvrta-cetvrtina-presudila-crna-gora-izgubila-od-grcke-u-solunu\\\/#breadcrumb\"},\"inLanguage\":\"en-GB\",\"potentialAction\":[{\"@type\":\"ReadAction\",\"target\":[\"https:\\\/\\\/dmcsrb.com\\\/sport\\\/cetvrta-cetvrtina-presudila-crna-gora-izgubila-od-grcke-u-solunu\\\/\"]}]},{\"@type\":\"ImageObject\",\"inLanguage\":\"en-GB\",\"@id\":\"https:\\\/\\\/dmcsrb.com\\\/sport\\\/cetvrta-cetvrtina-presudila-crna-gora-izgubila-od-grcke-u-solunu\\\/#primaryimage\",\"url\":\"https:\\\/\\\/dmcsrb.com\\\/wp-content\\\/uploads\\\/2026\\\/01\\\/Crna-Gora-protiv-Grcke-HellenicBF-X.webp\",\"contentUrl\":\"https:\\\/\\\/dmcsrb.com\\\/wp-content\\\/uploads\\\/2026\\\/01\\\/Crna-Gora-protiv-Grcke-HellenicBF-X.webp\",\"width\":1000,\"height\":666},{\"@type\":\"BreadcrumbList\",\"@id\":\"https:\\\/\\\/dmcsrb.com\\\/sport\\\/cetvrta-cetvrtina-presudila-crna-gora-izgubila-od-grcke-u-solunu\\\/#breadcrumb\",\"itemListElement\":[{\"@type\":\"ListItem\",\"position\":1,\"name\":\"Home\",\"item\":\"https:\\\/\\\/dmcsrb.com\\\/\"},{\"@type\":\"ListItem\",\"position\":2,\"name\":\"\u010cetvrta \u010detvrtina presudila &#8211; Crna Gora izgubila od Gr\u010dke u Solunu\"}]},{\"@type\":\"WebSite\",\"@id\":\"https:\\\/\\\/dmcsrb.com\\\/#website\",\"url\":\"https:\\\/\\\/dmcsrb.com\\\/\",\"name\":\"dmcsrb.com\",\"description\":\"\",\"potentialAction\":[{\"@type\":\"SearchAction\",\"target\":{\"@type\":\"EntryPoint\",\"urlTemplate\":\"https:\\\/\\\/dmcsrb.com\\\/?s={search_term_string}\"},\"query-input\":{\"@type\":\"PropertyValueSpecification\",\"valueRequired\":true,\"valueName\":\"search_term_string\"}}],\"inLanguage\":\"en-GB\"},{\"@type\":\"Person\",\"@id\":\"https:\\\/\\\/dmcsrb.com\\\/#\\\/schema\\\/person\\\/5c39170f12db1b8b457732d0b5c854e2\",\"name\":\"dmcsrbija.com@gmail.com\",\"image\":{\"@type\":\"ImageObject\",\"inLanguage\":\"en-GB\",\"@id\":\"https:\\\/\\\/secure.gravatar.com\\\/avatar\\\/68592660ad6347fad0fb587f8d5d8f1a7b44961362f56e4f2cd524feb87e9069?s=96&d=mm&r=g\",\"url\":\"https:\\\/\\\/secure.gravatar.com\\\/avatar\\\/68592660ad6347fad0fb587f8d5d8f1a7b44961362f56e4f2cd524feb87e9069?s=96&d=mm&r=g\",\"contentUrl\":\"https:\\\/\\\/secure.gravatar.com\\\/avatar\\\/68592660ad6347fad0fb587f8d5d8f1a7b44961362f56e4f2cd524feb87e9069?s=96&d=mm&r=g\",\"caption\":\"dmcsrbija.com@gmail.com\"},\"sameAs\":[\"https:\\\/\\\/dmcsrb.com\"],\"url\":\"https:\\\/\\\/dmcsrb.com\\\/en\\\/author\\\/dmcsrbija-comgmail-com\\\/\"}]}<\/script>\n<!-- \/ Yoast SEO plugin. -->","yoast_head_json":{"title":"\u010cetvrta \u010detvrtina presudila - Crna Gora izgubila od Gr\u010dke u Solunu - dmcsrb.com","robots":{"index":"index","follow":"follow","max-snippet":"max-snippet:-1","max-image-preview":"max-image-preview:large","max-video-preview":"max-video-preview:-1"},"canonical":"https:\/\/dmcsrb.com\/en\/sport\/cetvrta-cetvrtina-presudila-crna-gora-izgubila-od-grcke-u-solunu\/","og_locale":"en_GB","og_type":"article","og_title":"\u010cetvrta \u010detvrtina presudila - Crna Gora izgubila od Gr\u010dke u Solunu - dmcsrb.com","og_description":"Ko\u0161arka\u0161i Crne Gore pora\u017eeni su ve\u010deras od Gr\u010dke u Solunu, rezultatom 69:61, u tre\u0107em pripremnom me\u010du za Eurobasket.","og_url":"https:\/\/dmcsrb.com\/en\/sport\/cetvrta-cetvrtina-presudila-crna-gora-izgubila-od-grcke-u-solunu\/","og_site_name":"dmcsrb.com","article_published_time":"2025-08-14T16:03:00+00:00","og_image":[{"width":1000,"height":666,"url":"https:\/\/dmcsrb.com\/wp-content\/uploads\/2026\/01\/Crna-Gora-protiv-Grcke-HellenicBF-X.webp","type":"image\/jpeg"}],"author":"dmcsrbija.com@gmail.com","twitter_card":"summary_large_image","twitter_misc":{"Written by":"dmcsrbija.com@gmail.com","Estimated reading time":"1 minute"},"schema":{"@context":"https:\/\/schema.org","@graph":[{"@type":"Article","@id":"https:\/\/dmcsrb.com\/sport\/cetvrta-cetvrtina-presudila-crna-gora-izgubila-od-grcke-u-solunu\/#article","isPartOf":{"@id":"https:\/\/dmcsrb.com\/sport\/cetvrta-cetvrtina-presudila-crna-gora-izgubila-od-grcke-u-solunu\/"},"author":{"name":"dmcsrbija.com@gmail.com","@id":"https:\/\/dmcsrb.com\/#\/schema\/person\/5c39170f12db1b8b457732d0b5c854e2"},"headline":"\u010cetvrta \u010detvrtina presudila &#8211; Crna Gora izgubila od Gr\u010dke u Solunu","datePublished":"2025-08-14T16:03:00+00:00","mainEntityOfPage":{"@id":"https:\/\/dmcsrb.com\/sport\/cetvrta-cetvrtina-presudila-crna-gora-izgubila-od-grcke-u-solunu\/"},"wordCount":288,"commentCount":0,"image":{"@id":"https:\/\/dmcsrb.com\/sport\/cetvrta-cetvrtina-presudila-crna-gora-izgubila-od-grcke-u-solunu\/#primaryimage"},"thumbnailUrl":"https:\/\/dmcsrb.com\/wp-content\/uploads\/2026\/01\/Crna-Gora-protiv-Grcke-HellenicBF-X.webp","keywords":["Mu\u0161ka ko\u0161arka\u0161ka reprezentacija Crne Gore","Mu\u0161ka ko\u0161arka\u0161ka reprezentacija Gr\u010dke","pripreme za Eurobasket"],"articleSection":["Sport"],"inLanguage":"en-GB","potentialAction":[{"@type":"CommentAction","name":"Comment","target":["https:\/\/dmcsrb.com\/sport\/cetvrta-cetvrtina-presudila-crna-gora-izgubila-od-grcke-u-solunu\/#respond"]}]},{"@type":"WebPage","@id":"https:\/\/dmcsrb.com\/sport\/cetvrta-cetvrtina-presudila-crna-gora-izgubila-od-grcke-u-solunu\/","url":"https:\/\/dmcsrb.com\/sport\/cetvrta-cetvrtina-presudila-crna-gora-izgubila-od-grcke-u-solunu\/","name":"\u010cetvrta \u010detvrtina presudila - Crna Gora izgubila od Gr\u010dke u Solunu - dmcsrb.com","isPartOf":{"@id":"https:\/\/dmcsrb.com\/#website"},"primaryImageOfPage":{"@id":"https:\/\/dmcsrb.com\/sport\/cetvrta-cetvrtina-presudila-crna-gora-izgubila-od-grcke-u-solunu\/#primaryimage"},"image":{"@id":"https:\/\/dmcsrb.com\/sport\/cetvrta-cetvrtina-presudila-crna-gora-izgubila-od-grcke-u-solunu\/#primaryimage"},"thumbnailUrl":"https:\/\/dmcsrb.com\/wp-content\/uploads\/2026\/01\/Crna-Gora-protiv-Grcke-HellenicBF-X.webp","datePublished":"2025-08-14T16:03:00+00:00","author":{"@id":"https:\/\/dmcsrb.com\/#\/schema\/person\/5c39170f12db1b8b457732d0b5c854e2"},"breadcrumb":{"@id":"https:\/\/dmcsrb.com\/sport\/cetvrta-cetvrtina-presudila-crna-gora-izgubila-od-grcke-u-solunu\/#breadcrumb"},"inLanguage":"en-GB","potentialAction":[{"@type":"ReadAction","target":["https:\/\/dmcsrb.com\/sport\/cetvrta-cetvrtina-presudila-crna-gora-izgubila-od-grcke-u-solunu\/"]}]},{"@type":"ImageObject","inLanguage":"en-GB","@id":"https:\/\/dmcsrb.com\/sport\/cetvrta-cetvrtina-presudila-crna-gora-izgubila-od-grcke-u-solunu\/#primaryimage","url":"https:\/\/dmcsrb.com\/wp-content\/uploads\/2026\/01\/Crna-Gora-protiv-Grcke-HellenicBF-X.webp","contentUrl":"https:\/\/dmcsrb.com\/wp-content\/uploads\/2026\/01\/Crna-Gora-protiv-Grcke-HellenicBF-X.webp","width":1000,"height":666},{"@type":"BreadcrumbList","@id":"https:\/\/dmcsrb.com\/sport\/cetvrta-cetvrtina-presudila-crna-gora-izgubila-od-grcke-u-solunu\/#breadcrumb","itemListElement":[{"@type":"ListItem","position":1,"name":"Home","item":"https:\/\/dmcsrb.com\/"},{"@type":"ListItem","position":2,"name":"\u010cetvrta \u010detvrtina presudila &#8211; Crna Gora izgubila od Gr\u010dke u Solunu"}]},{"@type":"WebSite","@id":"https:\/\/dmcsrb.com\/#website","url":"https:\/\/dmcsrb.com\/","name":"dmcsrb.com","description":"","potentialAction":[{"@type":"SearchAction","target":{"@type":"EntryPoint","urlTemplate":"https:\/\/dmcsrb.com\/?s={search_term_string}"},"query-input":{"@type":"PropertyValueSpecification","valueRequired":true,"valueName":"search_term_string"}}],"inLanguage":"en-GB"},{"@type":"Person","@id":"https:\/\/dmcsrb.com\/#\/schema\/person\/5c39170f12db1b8b457732d0b5c854e2","name":"dmcsrbija.com@gmail.com","image":{"@type":"ImageObject","inLanguage":"en-GB","@id":"https:\/\/secure.gravatar.com\/avatar\/68592660ad6347fad0fb587f8d5d8f1a7b44961362f56e4f2cd524feb87e9069?s=96&d=mm&r=g","url":"https:\/\/secure.gravatar.com\/avatar\/68592660ad6347fad0fb587f8d5d8f1a7b44961362f56e4f2cd524feb87e9069?s=96&d=mm&r=g","contentUrl":"https:\/\/secure.gravatar.com\/avatar\/68592660ad6347fad0fb587f8d5d8f1a7b44961362f56e4f2cd524feb87e9069?s=96&d=mm&r=g","caption":"dmcsrbija.com@gmail.com"},"sameAs":["https:\/\/dmcsrb.com"],"url":"https:\/\/dmcsrb.com\/en\/author\/dmcsrbija-comgmail-com\/"}]}},"_links":{"self":[{"href":"https:\/\/dmcsrb.com\/en\/wp-json\/wp\/v2\/posts\/946288","targetHints":{"allow":["GET"]}}],"collection":[{"href":"https:\/\/dmcsrb.com\/en\/wp-json\/wp\/v2\/posts"}],"about":[{"href":"https:\/\/dmcsrb.com\/en\/wp-json\/wp\/v2\/types\/post"}],"author":[{"embeddable":true,"href":"https:\/\/dmcsrb.com\/en\/wp-json\/wp\/v2\/users\/1"}],"replies":[{"embeddable":true,"href":"https:\/\/dmcsrb.com\/en\/wp-json\/wp\/v2\/comments?post=946288"}],"version-history":[{"count":0,"href":"https:\/\/dmcsrb.com\/en\/wp-json\/wp\/v2\/posts\/946288\/revisions"}],"wp:featuredmedia":[{"embeddable":true,"href":"https:\/\/dmcsrb.com\/en\/wp-json\/wp\/v2\/media\/946289"}],"wp:attachment":[{"href":"https:\/\/dmcsrb.com\/en\/wp-json\/wp\/v2\/media?parent=946288"}],"wp:term":[{"taxonomy":"category","embeddable":true,"href":"https:\/\/dmcsrb.com\/en\/wp-json\/wp\/v2\/categories?post=946288"},{"taxonomy":"post_tag","embeddable":true,"href":"https:\/\/dmcsrb.com\/en\/wp-json\/wp\/v2\/tags?post=946288"},{"taxonomy":"naslovna","embeddable":true,"href":"https:\/\/dmcsrb.com\/en\/wp-json\/wp\/v2\/naslovna?post=946288"}],"curies":[{"name":"wp","href":"https:\/\/api.w.org\/{rel}","templated":true}]}}