{"id":946271,"date":"2025-08-14T17:23:00","date_gmt":"2025-08-14T15:23:00","guid":{"rendered":"https:\/\/dmcsrb.com\/uncategorized\/pavicevic-od-vikenda-se-ocekuje-pad-temperature-moguci-uslovi-za-kisu\/"},"modified":"2025-08-14T17:23:00","modified_gmt":"2025-08-14T15:23:00","slug":"pavicevic-od-vikenda-se-ocekuje-pad-temperature-moguci-uslovi-za-kisu","status":"publish","type":"post","link":"https:\/\/dmcsrb.com\/en\/drustvo\/pavicevic-od-vikenda-se-ocekuje-pad-temperature-moguci-uslovi-za-kisu\/","title":{"rendered":"Pavi\u0107evi\u0107: Od vikenda se o\u010dekuje pad temperature, mogu\u0107i uslovi za ki\u0161u"},"content":{"rendered":"<p><\/p>\n\n\n\n<p>To je prvi put u istoriji mjerenja u Crnoj Gori da Podgorica ima tri dana u istoj godini sa temperaturom preko 30 stepeni, odnosno, no\u0107i sa temperaturom preko 30 stepeni, \u010dak do sada u 76-77 godina mjerenja imali smo samo jednu takvu no\u0107 2015. godine, a ovoga avgusta \u010dak tri takve. Dakle, uslovi koji se ne mogu smatrati normalnim.<\/p>\n\n\n\n<p>Ve\u0107 danas je primjetan pad temperature u Podgorici, ka\u017ee Pavi\u0107evi\u0107.<\/p>\n\n\n\n<p>&#8221;Ne\u0107e taj pad biti dovoljno vidljiv do subote, a u nedjelju \u0107e taj pad biti uo\u010dljiviji i do nedjelje \u0107e biti uglavnom suvo. Danas ako padne koja kap u planinskim predjelima, ali ni\u0161ta \u0161to bi moglo uticati na neki op\u0161ti utisak, a u nedjelju ima ne\u0161to vi\u0161e mogu\u0107nosti za neke padavine i temperature \u0107e biti ne\u0161to ni\u017ee. U ponedjeljak \u0107e biti uslova za ki\u0161u, sa temperaturom ni\u017eom nego \u0161to je bila prethodnih dana i tada \u0107e biti manja za 6 ili 7 stepeni, ni\u017ea nego \u0161to je bila u najtoplijim danima i to su opet prijatne ljetnje temperature&#8221;, isti\u010de Pavi\u0107evi\u0107.<\/p>\n\n\n\n<p>Pavi\u0107evi\u0107 dodaje da mo\u017ee biti uslova za ki\u0161u u kontinentalnim predjelima.<\/p>\n\n\n\n<p>&#8221;\u0160to je mogu\u0107e negdje i na teritoriji glavnog grada i to ko \u0107e imati sre\u0107e ili ne to je ve\u0107 drugo pitanje ali to nisu one padavine koje zahvataju cijelu dr\u017eavu ve\u0107 uslov za konvertivni razvoj obla\u010dnosti i ki\u0161e tu i tamo. Padavine koliko god da ih bude ne\u0107e biti zgoreg ali to su padavine konvertivnog karaktera \u0161to zna\u010di da se razvijaju na relativno manjim povr\u0161inama, ali ako bude sre\u0107e da padne ovamo gdje su \u017eari\u0161ta mogu itekako da budu od pomo\u0107i&#8221;, isti\u010de Pavi\u0107evi\u0107.<\/p>\n\n\n\n<p>Da su razlike uo\u010dljive, govori podatak da je u Ulcinju danas temperatura pala za pet stepeni jer je vjetar promijenio smjer, te je prethodnih dana za razliku od Bara bila vi\u0161a od 10 stepeni, zaklju\u010dio je Pavi\u0107evi\u0107.<\/p>\n\n\n\n<figure class=\"wp-block-embed is-type-video is-provider-youtube wp-block-embed-youtube wp-embed-aspect-16-9 wp-has-aspect-ratio\"><div class=\"wp-block-embed__wrapper\">\n<iframe loading=\"lazy\" title=\"Pavi\u0107evi\u0107: Od vikenda se o\u010dekuje pad temperature, mogu\u0107i uslovi za ki\u0161u\" width=\"500\" height=\"281\" src=\"https:\/\/www.youtube.com\/embed\/A94hEjzf9t8?feature=oembed\" frameborder=\"0\" allow=\"accelerometer; autoplay; clipboard-write; encrypted-media; gyroscope; picture-in-picture; web-share\" referrerpolicy=\"strict-origin-when-cross-origin\" allowfullscreen><\/iframe>\n<\/div><\/figure>","protected":false},"excerpt":{"rendered":"<p>U Podgorici ovih dana vatra i vru\u0107ina idu ruku pod ruku. Za vatrogasce to zna\u010di du\u017ee i te\u017ee smjene, a za gra\u0111ane dodatni oprez jer u ovakvim uslovima i najmanja iskra mo\u017ee postati velika prijetnja. Meteorolog Du\u0161an Pavi\u0107evi\u0107 naveo je za Gradsku da je Podgorica imala tri dana uzastopno dnevne temperature iznad 40 stepeni.<\/p>","protected":false},"author":1,"featured_media":946272,"comment_status":"open","ping_status":"open","sticky":false,"template":"","format":"standard","meta":{"_acf_changed":false,"footnotes":""},"categories":[2],"tags":[6052,17651,17652,83],"naslovna":[],"class_list":["post-946271","post","type-post","status-publish","format-standard","has-post-thumbnail","hentry","category-drustvo","tag-dusan-pavicevic","tag-pad-temperature","tag-uslovi-za-kisu","tag-vikend"],"acf":[],"yoast_head":"<!-- This site is optimized with the Yoast SEO plugin v27.0 - https:\/\/yoast.com\/product\/yoast-seo-wordpress\/ -->\n<title>Pavi\u0107evi\u0107: Od vikenda se o\u010dekuje pad temperature, mogu\u0107i uslovi za ki\u0161u - dmcsrb.com<\/title>\n<meta name=\"robots\" content=\"index, follow, max-snippet:-1, max-image-preview:large, max-video-preview:-1\" \/>\n<link rel=\"canonical\" href=\"https:\/\/dmcsrb.com\/en\/drustvo\/pavicevic-od-vikenda-se-ocekuje-pad-temperature-moguci-uslovi-za-kisu\/\" \/>\n<meta property=\"og:locale\" content=\"en_GB\" \/>\n<meta property=\"og:type\" content=\"article\" \/>\n<meta property=\"og:title\" content=\"Pavi\u0107evi\u0107: Od vikenda se o\u010dekuje pad temperature, mogu\u0107i uslovi za ki\u0161u - dmcsrb.com\" \/>\n<meta property=\"og:description\" content=\"U Podgorici ovih dana vatra i vru\u0107ina idu ruku pod ruku. Za vatrogasce to zna\u010di du\u017ee i te\u017ee smjene, a za gra\u0111ane dodatni oprez jer u ovakvim uslovima i najmanja iskra mo\u017ee postati velika prijetnja. Meteorolog Du\u0161an Pavi\u0107evi\u0107 naveo je za Gradsku da je Podgorica imala tri dana uzastopno dnevne temperature iznad 40 stepeni.\" \/>\n<meta property=\"og:url\" content=\"https:\/\/dmcsrb.com\/en\/drustvo\/pavicevic-od-vikenda-se-ocekuje-pad-temperature-moguci-uslovi-za-kisu\/\" \/>\n<meta property=\"og:site_name\" content=\"dmcsrb.com\" \/>\n<meta property=\"article:published_time\" content=\"2025-08-14T15:23:00+00:00\" \/>\n<meta property=\"og:image\" content=\"https:\/\/dmcsrb.com\/wp-content\/uploads\/2026\/01\/Capture-33-2.webp\" \/>\n\t<meta property=\"og:image:width\" content=\"1847\" \/>\n\t<meta property=\"og:image:height\" content=\"883\" \/>\n\t<meta property=\"og:image:type\" content=\"image\/jpeg\" \/>\n<meta name=\"author\" content=\"dmcsrbija.com@gmail.com\" \/>\n<meta name=\"twitter:card\" content=\"summary_large_image\" \/>\n<meta name=\"twitter:label1\" content=\"Written by\" \/>\n\t<meta name=\"twitter:data1\" content=\"dmcsrbija.com@gmail.com\" \/>\n\t<meta name=\"twitter:label2\" content=\"Estimated reading time\" \/>\n\t<meta name=\"twitter:data2\" content=\"2 minutes\" \/>\n<script type=\"application\/ld+json\" class=\"yoast-schema-graph\">{\"@context\":\"https:\/\/schema.org\",\"@graph\":[{\"@type\":\"Article\",\"@id\":\"https:\/\/dmcsrb.com\/drustvo\/pavicevic-od-vikenda-se-ocekuje-pad-temperature-moguci-uslovi-za-kisu\/#article\",\"isPartOf\":{\"@id\":\"https:\/\/dmcsrb.com\/drustvo\/pavicevic-od-vikenda-se-ocekuje-pad-temperature-moguci-uslovi-za-kisu\/\"},\"author\":{\"name\":\"dmcsrbija.com@gmail.com\",\"@id\":\"https:\/\/dmcsrb.com\/#\/schema\/person\/5c39170f12db1b8b457732d0b5c854e2\"},\"headline\":\"Pavi\u0107evi\u0107: Od vikenda se o\u010dekuje pad temperature, mogu\u0107i uslovi za ki\u0161u\",\"datePublished\":\"2025-08-14T15:23:00+00:00\",\"mainEntityOfPage\":{\"@id\":\"https:\/\/dmcsrb.com\/drustvo\/pavicevic-od-vikenda-se-ocekuje-pad-temperature-moguci-uslovi-za-kisu\/\"},\"wordCount\":353,\"commentCount\":0,\"image\":{\"@id\":\"https:\/\/dmcsrb.com\/drustvo\/pavicevic-od-vikenda-se-ocekuje-pad-temperature-moguci-uslovi-za-kisu\/#primaryimage\"},\"thumbnailUrl\":\"https:\/\/dmcsrb.com\/wp-content\/uploads\/2026\/01\/Capture-33-2.webp\",\"keywords\":[\"Du\u0161an Pavi\u0107evi\u0107\",\"pad temperature\",\"Uslovi za ki\u0161u\",\"Vikend\"],\"articleSection\":[\"Dru\u0161tvo\"],\"inLanguage\":\"en-GB\",\"potentialAction\":[{\"@type\":\"CommentAction\",\"name\":\"Comment\",\"target\":[\"https:\/\/dmcsrb.com\/drustvo\/pavicevic-od-vikenda-se-ocekuje-pad-temperature-moguci-uslovi-za-kisu\/#respond\"]}]},{\"@type\":\"WebPage\",\"@id\":\"https:\/\/dmcsrb.com\/drustvo\/pavicevic-od-vikenda-se-ocekuje-pad-temperature-moguci-uslovi-za-kisu\/\",\"url\":\"https:\/\/dmcsrb.com\/drustvo\/pavicevic-od-vikenda-se-ocekuje-pad-temperature-moguci-uslovi-za-kisu\/\",\"name\":\"Pavi\u0107evi\u0107: Od vikenda se o\u010dekuje pad temperature, mogu\u0107i uslovi za ki\u0161u - dmcsrb.com\",\"isPartOf\":{\"@id\":\"https:\/\/dmcsrb.com\/#website\"},\"primaryImageOfPage\":{\"@id\":\"https:\/\/dmcsrb.com\/drustvo\/pavicevic-od-vikenda-se-ocekuje-pad-temperature-moguci-uslovi-za-kisu\/#primaryimage\"},\"image\":{\"@id\":\"https:\/\/dmcsrb.com\/drustvo\/pavicevic-od-vikenda-se-ocekuje-pad-temperature-moguci-uslovi-za-kisu\/#primaryimage\"},\"thumbnailUrl\":\"https:\/\/dmcsrb.com\/wp-content\/uploads\/2026\/01\/Capture-33-2.webp\",\"datePublished\":\"2025-08-14T15:23:00+00:00\",\"author\":{\"@id\":\"https:\/\/dmcsrb.com\/#\/schema\/person\/5c39170f12db1b8b457732d0b5c854e2\"},\"breadcrumb\":{\"@id\":\"https:\/\/dmcsrb.com\/drustvo\/pavicevic-od-vikenda-se-ocekuje-pad-temperature-moguci-uslovi-za-kisu\/#breadcrumb\"},\"inLanguage\":\"en-GB\",\"potentialAction\":[{\"@type\":\"ReadAction\",\"target\":[\"https:\/\/dmcsrb.com\/drustvo\/pavicevic-od-vikenda-se-ocekuje-pad-temperature-moguci-uslovi-za-kisu\/\"]}]},{\"@type\":\"ImageObject\",\"inLanguage\":\"en-GB\",\"@id\":\"https:\/\/dmcsrb.com\/drustvo\/pavicevic-od-vikenda-se-ocekuje-pad-temperature-moguci-uslovi-za-kisu\/#primaryimage\",\"url\":\"https:\/\/dmcsrb.com\/wp-content\/uploads\/2026\/01\/Capture-33-2.webp\",\"contentUrl\":\"https:\/\/dmcsrb.com\/wp-content\/uploads\/2026\/01\/Capture-33-2.webp\",\"width\":1847,\"height\":883},{\"@type\":\"BreadcrumbList\",\"@id\":\"https:\/\/dmcsrb.com\/drustvo\/pavicevic-od-vikenda-se-ocekuje-pad-temperature-moguci-uslovi-za-kisu\/#breadcrumb\",\"itemListElement\":[{\"@type\":\"ListItem\",\"position\":1,\"name\":\"Home\",\"item\":\"https:\/\/dmcsrb.com\/\"},{\"@type\":\"ListItem\",\"position\":2,\"name\":\"Pavi\u0107evi\u0107: Od vikenda se o\u010dekuje pad temperature, mogu\u0107i uslovi za ki\u0161u\"}]},{\"@type\":\"WebSite\",\"@id\":\"https:\/\/dmcsrb.com\/#website\",\"url\":\"https:\/\/dmcsrb.com\/\",\"name\":\"dmcsrb.com\",\"description\":\"\",\"potentialAction\":[{\"@type\":\"SearchAction\",\"target\":{\"@type\":\"EntryPoint\",\"urlTemplate\":\"https:\/\/dmcsrb.com\/?s={search_term_string}\"},\"query-input\":{\"@type\":\"PropertyValueSpecification\",\"valueRequired\":true,\"valueName\":\"search_term_string\"}}],\"inLanguage\":\"en-GB\"},{\"@type\":\"Person\",\"@id\":\"https:\/\/dmcsrb.com\/#\/schema\/person\/5c39170f12db1b8b457732d0b5c854e2\",\"name\":\"dmcsrbija.com@gmail.com\",\"image\":{\"@type\":\"ImageObject\",\"inLanguage\":\"en-GB\",\"@id\":\"https:\/\/dmcsrb.com\/#\/schema\/person\/image\/\",\"url\":\"https:\/\/secure.gravatar.com\/avatar\/68592660ad6347fad0fb587f8d5d8f1a7b44961362f56e4f2cd524feb87e9069?s=96&d=mm&r=g\",\"contentUrl\":\"https:\/\/secure.gravatar.com\/avatar\/68592660ad6347fad0fb587f8d5d8f1a7b44961362f56e4f2cd524feb87e9069?s=96&d=mm&r=g\",\"caption\":\"dmcsrbija.com@gmail.com\"},\"sameAs\":[\"https:\/\/dmcsrb.com\"],\"url\":\"https:\/\/dmcsrb.com\/en\/author\/dmcsrbija-comgmail-com\/\"}]}<\/script>\n<!-- \/ Yoast SEO plugin. -->","yoast_head_json":{"title":"Pavi\u0107evi\u0107: Od vikenda se o\u010dekuje pad temperature, mogu\u0107i uslovi za ki\u0161u - dmcsrb.com","robots":{"index":"index","follow":"follow","max-snippet":"max-snippet:-1","max-image-preview":"max-image-preview:large","max-video-preview":"max-video-preview:-1"},"canonical":"https:\/\/dmcsrb.com\/en\/drustvo\/pavicevic-od-vikenda-se-ocekuje-pad-temperature-moguci-uslovi-za-kisu\/","og_locale":"en_GB","og_type":"article","og_title":"Pavi\u0107evi\u0107: Od vikenda se o\u010dekuje pad temperature, mogu\u0107i uslovi za ki\u0161u - dmcsrb.com","og_description":"U Podgorici ovih dana vatra i vru\u0107ina idu ruku pod ruku. Za vatrogasce to zna\u010di du\u017ee i te\u017ee smjene, a za gra\u0111ane dodatni oprez jer u ovakvim uslovima i najmanja iskra mo\u017ee postati velika prijetnja. Meteorolog Du\u0161an Pavi\u0107evi\u0107 naveo je za Gradsku da je Podgorica imala tri dana uzastopno dnevne temperature iznad 40 stepeni.","og_url":"https:\/\/dmcsrb.com\/en\/drustvo\/pavicevic-od-vikenda-se-ocekuje-pad-temperature-moguci-uslovi-za-kisu\/","og_site_name":"dmcsrb.com","article_published_time":"2025-08-14T15:23:00+00:00","og_image":[{"width":1847,"height":883,"url":"https:\/\/dmcsrb.com\/wp-content\/uploads\/2026\/01\/Capture-33-2.webp","type":"image\/jpeg"}],"author":"dmcsrbija.com@gmail.com","twitter_card":"summary_large_image","twitter_misc":{"Written by":"dmcsrbija.com@gmail.com","Estimated reading time":"2 minutes"},"schema":{"@context":"https:\/\/schema.org","@graph":[{"@type":"Article","@id":"https:\/\/dmcsrb.com\/drustvo\/pavicevic-od-vikenda-se-ocekuje-pad-temperature-moguci-uslovi-za-kisu\/#article","isPartOf":{"@id":"https:\/\/dmcsrb.com\/drustvo\/pavicevic-od-vikenda-se-ocekuje-pad-temperature-moguci-uslovi-za-kisu\/"},"author":{"name":"dmcsrbija.com@gmail.com","@id":"https:\/\/dmcsrb.com\/#\/schema\/person\/5c39170f12db1b8b457732d0b5c854e2"},"headline":"Pavi\u0107evi\u0107: Od vikenda se o\u010dekuje pad temperature, mogu\u0107i uslovi za ki\u0161u","datePublished":"2025-08-14T15:23:00+00:00","mainEntityOfPage":{"@id":"https:\/\/dmcsrb.com\/drustvo\/pavicevic-od-vikenda-se-ocekuje-pad-temperature-moguci-uslovi-za-kisu\/"},"wordCount":353,"commentCount":0,"image":{"@id":"https:\/\/dmcsrb.com\/drustvo\/pavicevic-od-vikenda-se-ocekuje-pad-temperature-moguci-uslovi-za-kisu\/#primaryimage"},"thumbnailUrl":"https:\/\/dmcsrb.com\/wp-content\/uploads\/2026\/01\/Capture-33-2.webp","keywords":["Du\u0161an Pavi\u0107evi\u0107","pad temperature","Uslovi za ki\u0161u","Vikend"],"articleSection":["Dru\u0161tvo"],"inLanguage":"en-GB","potentialAction":[{"@type":"CommentAction","name":"Comment","target":["https:\/\/dmcsrb.com\/drustvo\/pavicevic-od-vikenda-se-ocekuje-pad-temperature-moguci-uslovi-za-kisu\/#respond"]}]},{"@type":"WebPage","@id":"https:\/\/dmcsrb.com\/drustvo\/pavicevic-od-vikenda-se-ocekuje-pad-temperature-moguci-uslovi-za-kisu\/","url":"https:\/\/dmcsrb.com\/drustvo\/pavicevic-od-vikenda-se-ocekuje-pad-temperature-moguci-uslovi-za-kisu\/","name":"Pavi\u0107evi\u0107: Od vikenda se o\u010dekuje pad temperature, mogu\u0107i uslovi za ki\u0161u - dmcsrb.com","isPartOf":{"@id":"https:\/\/dmcsrb.com\/#website"},"primaryImageOfPage":{"@id":"https:\/\/dmcsrb.com\/drustvo\/pavicevic-od-vikenda-se-ocekuje-pad-temperature-moguci-uslovi-za-kisu\/#primaryimage"},"image":{"@id":"https:\/\/dmcsrb.com\/drustvo\/pavicevic-od-vikenda-se-ocekuje-pad-temperature-moguci-uslovi-za-kisu\/#primaryimage"},"thumbnailUrl":"https:\/\/dmcsrb.com\/wp-content\/uploads\/2026\/01\/Capture-33-2.webp","datePublished":"2025-08-14T15:23:00+00:00","author":{"@id":"https:\/\/dmcsrb.com\/#\/schema\/person\/5c39170f12db1b8b457732d0b5c854e2"},"breadcrumb":{"@id":"https:\/\/dmcsrb.com\/drustvo\/pavicevic-od-vikenda-se-ocekuje-pad-temperature-moguci-uslovi-za-kisu\/#breadcrumb"},"inLanguage":"en-GB","potentialAction":[{"@type":"ReadAction","target":["https:\/\/dmcsrb.com\/drustvo\/pavicevic-od-vikenda-se-ocekuje-pad-temperature-moguci-uslovi-za-kisu\/"]}]},{"@type":"ImageObject","inLanguage":"en-GB","@id":"https:\/\/dmcsrb.com\/drustvo\/pavicevic-od-vikenda-se-ocekuje-pad-temperature-moguci-uslovi-za-kisu\/#primaryimage","url":"https:\/\/dmcsrb.com\/wp-content\/uploads\/2026\/01\/Capture-33-2.webp","contentUrl":"https:\/\/dmcsrb.com\/wp-content\/uploads\/2026\/01\/Capture-33-2.webp","width":1847,"height":883},{"@type":"BreadcrumbList","@id":"https:\/\/dmcsrb.com\/drustvo\/pavicevic-od-vikenda-se-ocekuje-pad-temperature-moguci-uslovi-za-kisu\/#breadcrumb","itemListElement":[{"@type":"ListItem","position":1,"name":"Home","item":"https:\/\/dmcsrb.com\/"},{"@type":"ListItem","position":2,"name":"Pavi\u0107evi\u0107: Od vikenda se o\u010dekuje pad temperature, mogu\u0107i uslovi za ki\u0161u"}]},{"@type":"WebSite","@id":"https:\/\/dmcsrb.com\/#website","url":"https:\/\/dmcsrb.com\/","name":"dmcsrb.com","description":"","potentialAction":[{"@type":"SearchAction","target":{"@type":"EntryPoint","urlTemplate":"https:\/\/dmcsrb.com\/?s={search_term_string}"},"query-input":{"@type":"PropertyValueSpecification","valueRequired":true,"valueName":"search_term_string"}}],"inLanguage":"en-GB"},{"@type":"Person","@id":"https:\/\/dmcsrb.com\/#\/schema\/person\/5c39170f12db1b8b457732d0b5c854e2","name":"dmcsrbija.com@gmail.com","image":{"@type":"ImageObject","inLanguage":"en-GB","@id":"https:\/\/dmcsrb.com\/#\/schema\/person\/image\/","url":"https:\/\/secure.gravatar.com\/avatar\/68592660ad6347fad0fb587f8d5d8f1a7b44961362f56e4f2cd524feb87e9069?s=96&d=mm&r=g","contentUrl":"https:\/\/secure.gravatar.com\/avatar\/68592660ad6347fad0fb587f8d5d8f1a7b44961362f56e4f2cd524feb87e9069?s=96&d=mm&r=g","caption":"dmcsrbija.com@gmail.com"},"sameAs":["https:\/\/dmcsrb.com"],"url":"https:\/\/dmcsrb.com\/en\/author\/dmcsrbija-comgmail-com\/"}]}},"_links":{"self":[{"href":"https:\/\/dmcsrb.com\/en\/wp-json\/wp\/v2\/posts\/946271","targetHints":{"allow":["GET"]}}],"collection":[{"href":"https:\/\/dmcsrb.com\/en\/wp-json\/wp\/v2\/posts"}],"about":[{"href":"https:\/\/dmcsrb.com\/en\/wp-json\/wp\/v2\/types\/post"}],"author":[{"embeddable":true,"href":"https:\/\/dmcsrb.com\/en\/wp-json\/wp\/v2\/users\/1"}],"replies":[{"embeddable":true,"href":"https:\/\/dmcsrb.com\/en\/wp-json\/wp\/v2\/comments?post=946271"}],"version-history":[{"count":0,"href":"https:\/\/dmcsrb.com\/en\/wp-json\/wp\/v2\/posts\/946271\/revisions"}],"wp:featuredmedia":[{"embeddable":true,"href":"https:\/\/dmcsrb.com\/en\/wp-json\/wp\/v2\/media\/946272"}],"wp:attachment":[{"href":"https:\/\/dmcsrb.com\/en\/wp-json\/wp\/v2\/media?parent=946271"}],"wp:term":[{"taxonomy":"category","embeddable":true,"href":"https:\/\/dmcsrb.com\/en\/wp-json\/wp\/v2\/categories?post=946271"},{"taxonomy":"post_tag","embeddable":true,"href":"https:\/\/dmcsrb.com\/en\/wp-json\/wp\/v2\/tags?post=946271"},{"taxonomy":"naslovna","embeddable":true,"href":"https:\/\/dmcsrb.com\/en\/wp-json\/wp\/v2\/naslovna?post=946271"}],"curies":[{"name":"wp","href":"https:\/\/api.w.org\/{rel}","templated":true}]}}