{"id":946262,"date":"2025-08-14T15:05:00","date_gmt":"2025-08-14T13:05:00","guid":{"rendered":"https:\/\/dmcsrb.com\/uncategorized\/prevrtanje-kamiona-na-putu-cetinje-njegusi-jedna-osoba-lakse-povrijedjena\/"},"modified":"2025-08-14T15:05:00","modified_gmt":"2025-08-14T13:05:00","slug":"prevrtanje-kamiona-na-putu-cetinje-njegusi-jedna-osoba-lakse-povrijedjena","status":"publish","type":"post","link":"https:\/\/dmcsrb.com\/en\/hronika\/prevrtanje-kamiona-na-putu-cetinje-njegusi-jedna-osoba-lakse-povrijedjena\/","title":{"rendered":"Prevrtanje kamiona na putu Cetinje &#8211; Njegu\u0161i: Jedna osoba lak\u0161e povrije\u0111ena"},"content":{"rendered":"<p>Kako je za Radio Cetinje kazao komandir Slu\u017ebe za\u0161tite i spa\u0161avanja Milo\u0161 \u0106e\u0107anovi\u0107, dojavu su primili u 15.05 \u010dasova.<\/p>\n\n\n\n<p>-Do\u0161lo je do prevrtanja kamiona-\u0161lepera bosanskih tablica. U vozilu se nalazila jedna osoba, koja je tom prilikom zadobila lak\u0161e tjelesne povrede. Jo\u0161 uvijek se ne zna uzrok saobra\u0107ajne nezgode\u201d, izjavio je \u0106e\u0107anovi\u0107.<\/p>\n\n\n\n<p><a href=\"https:\/\/ibb.co\/JwvzxzQQ\"><\/a><\/p>\n\n\n\n<figure class=\"wp-block-image\"><a href=\"https:\/\/ibb.co\/JwvzxzQQ\"><img decoding=\"async\" src=\"https:\/\/i.ibb.co\/mV9HvH88\/SL-738x1600-2.webp\" alt=\"SL-738x1600-2\"\/><\/a><\/figure>\n\n\n\n<p>Voza\u010d kamiona upu\u0107en je u Klini\u010dki Centar Crne Gore, a saobra\u0107aj se na tom dijelu puta odvija jednom trakom naizmjeni\u010dno.<\/p>\n\n\n\n<p>Uvi\u0111aj je u toku.<\/p>","protected":false},"excerpt":{"rendered":"<p>Dr\u017eavljanin Bosne i Hercegovine B. J. (2000) zadobio je lak\u0161e povrede u saobra\u0107ajnoj nezgodi kooja se dogodila danas na regionalnom putu Cetinje-Njegu\u0161i, u mjestu Dubovik.<\/p>","protected":false},"author":1,"featured_media":946263,"comment_status":"open","ping_status":"open","sticky":false,"template":"","format":"standard","meta":{"_acf_changed":false,"footnotes":""},"categories":[17],"tags":[88,1831,10987,156],"naslovna":[],"class_list":["post-946262","post","type-post","status-publish","format-standard","has-post-thumbnail","hentry","category-hronika","tag-cetinje","tag-kamion","tag-njegusi","tag-udes"],"acf":[],"yoast_head":"<!-- This site is optimized with the Yoast SEO plugin v27.4 - https:\/\/yoast.com\/product\/yoast-seo-wordpress\/ -->\n<title>Prevrtanje kamiona na putu Cetinje - Njegu\u0161i: Jedna osoba lak\u0161e povrije\u0111ena - dmcsrb.com<\/title>\n<meta name=\"robots\" content=\"index, follow, max-snippet:-1, max-image-preview:large, max-video-preview:-1\" \/>\n<link rel=\"canonical\" href=\"https:\/\/dmcsrb.com\/en\/hronika\/prevrtanje-kamiona-na-putu-cetinje-njegusi-jedna-osoba-lakse-povrijedjena\/\" \/>\n<meta property=\"og:locale\" content=\"en_GB\" \/>\n<meta property=\"og:type\" content=\"article\" \/>\n<meta property=\"og:title\" content=\"Prevrtanje kamiona na putu Cetinje - Njegu\u0161i: Jedna osoba lak\u0161e povrije\u0111ena - dmcsrb.com\" \/>\n<meta property=\"og:description\" content=\"Dr\u017eavljanin Bosne i Hercegovine B. J. (2000) zadobio je lak\u0161e povrede u saobra\u0107ajnoj nezgodi kooja se dogodila danas na regionalnom putu Cetinje-Njegu\u0161i, u mjestu Dubovik.\" \/>\n<meta property=\"og:url\" content=\"https:\/\/dmcsrb.com\/en\/hronika\/prevrtanje-kamiona-na-putu-cetinje-njegusi-jedna-osoba-lakse-povrijedjena\/\" \/>\n<meta property=\"og:site_name\" content=\"dmcsrb.com\" \/>\n<meta property=\"article:published_time\" content=\"2025-08-14T13:05:00+00:00\" \/>\n<meta property=\"og:image\" content=\"https:\/\/dmcsrb.com\/wp-content\/uploads\/2026\/01\/kamion-prevrtzanje.webp\" \/>\n\t<meta property=\"og:image:width\" content=\"1118\" \/>\n\t<meta property=\"og:image:height\" content=\"745\" \/>\n\t<meta property=\"og:image:type\" content=\"image\/jpeg\" \/>\n<meta name=\"author\" content=\"dmcsrbija.com@gmail.com\" \/>\n<meta name=\"twitter:card\" content=\"summary_large_image\" \/>\n<meta name=\"twitter:label1\" content=\"Written by\" \/>\n\t<meta name=\"twitter:data1\" content=\"dmcsrbija.com@gmail.com\" \/>\n<script type=\"application\/ld+json\" class=\"yoast-schema-graph\">{\"@context\":\"https:\\\/\\\/schema.org\",\"@graph\":[{\"@type\":\"Article\",\"@id\":\"https:\\\/\\\/dmcsrb.com\\\/hronika\\\/prevrtanje-kamiona-na-putu-cetinje-njegusi-jedna-osoba-lakse-povrijedjena\\\/#article\",\"isPartOf\":{\"@id\":\"https:\\\/\\\/dmcsrb.com\\\/hronika\\\/prevrtanje-kamiona-na-putu-cetinje-njegusi-jedna-osoba-lakse-povrijedjena\\\/\"},\"author\":{\"name\":\"dmcsrbija.com@gmail.com\",\"@id\":\"https:\\\/\\\/dmcsrb.com\\\/#\\\/schema\\\/person\\\/5c39170f12db1b8b457732d0b5c854e2\"},\"headline\":\"Prevrtanje kamiona na putu Cetinje &#8211; Njegu\u0161i: Jedna osoba lak\u0161e povrije\u0111ena\",\"datePublished\":\"2025-08-14T13:05:00+00:00\",\"mainEntityOfPage\":{\"@id\":\"https:\\\/\\\/dmcsrb.com\\\/hronika\\\/prevrtanje-kamiona-na-putu-cetinje-njegusi-jedna-osoba-lakse-povrijedjena\\\/\"},\"wordCount\":102,\"commentCount\":0,\"image\":{\"@id\":\"https:\\\/\\\/dmcsrb.com\\\/hronika\\\/prevrtanje-kamiona-na-putu-cetinje-njegusi-jedna-osoba-lakse-povrijedjena\\\/#primaryimage\"},\"thumbnailUrl\":\"https:\\\/\\\/dmcsrb.com\\\/wp-content\\\/uploads\\\/2026\\\/01\\\/kamion-prevrtzanje.webp\",\"keywords\":[\"Cetinje\",\"kamion\",\"Njegu\u0161i\",\"udes\"],\"articleSection\":[\"Hronika\"],\"inLanguage\":\"en-GB\",\"potentialAction\":[{\"@type\":\"CommentAction\",\"name\":\"Comment\",\"target\":[\"https:\\\/\\\/dmcsrb.com\\\/hronika\\\/prevrtanje-kamiona-na-putu-cetinje-njegusi-jedna-osoba-lakse-povrijedjena\\\/#respond\"]}]},{\"@type\":\"WebPage\",\"@id\":\"https:\\\/\\\/dmcsrb.com\\\/hronika\\\/prevrtanje-kamiona-na-putu-cetinje-njegusi-jedna-osoba-lakse-povrijedjena\\\/\",\"url\":\"https:\\\/\\\/dmcsrb.com\\\/hronika\\\/prevrtanje-kamiona-na-putu-cetinje-njegusi-jedna-osoba-lakse-povrijedjena\\\/\",\"name\":\"Prevrtanje kamiona na putu Cetinje - Njegu\u0161i: Jedna osoba lak\u0161e povrije\u0111ena - dmcsrb.com\",\"isPartOf\":{\"@id\":\"https:\\\/\\\/dmcsrb.com\\\/#website\"},\"primaryImageOfPage\":{\"@id\":\"https:\\\/\\\/dmcsrb.com\\\/hronika\\\/prevrtanje-kamiona-na-putu-cetinje-njegusi-jedna-osoba-lakse-povrijedjena\\\/#primaryimage\"},\"image\":{\"@id\":\"https:\\\/\\\/dmcsrb.com\\\/hronika\\\/prevrtanje-kamiona-na-putu-cetinje-njegusi-jedna-osoba-lakse-povrijedjena\\\/#primaryimage\"},\"thumbnailUrl\":\"https:\\\/\\\/dmcsrb.com\\\/wp-content\\\/uploads\\\/2026\\\/01\\\/kamion-prevrtzanje.webp\",\"datePublished\":\"2025-08-14T13:05:00+00:00\",\"author\":{\"@id\":\"https:\\\/\\\/dmcsrb.com\\\/#\\\/schema\\\/person\\\/5c39170f12db1b8b457732d0b5c854e2\"},\"breadcrumb\":{\"@id\":\"https:\\\/\\\/dmcsrb.com\\\/hronika\\\/prevrtanje-kamiona-na-putu-cetinje-njegusi-jedna-osoba-lakse-povrijedjena\\\/#breadcrumb\"},\"inLanguage\":\"en-GB\",\"potentialAction\":[{\"@type\":\"ReadAction\",\"target\":[\"https:\\\/\\\/dmcsrb.com\\\/hronika\\\/prevrtanje-kamiona-na-putu-cetinje-njegusi-jedna-osoba-lakse-povrijedjena\\\/\"]}]},{\"@type\":\"ImageObject\",\"inLanguage\":\"en-GB\",\"@id\":\"https:\\\/\\\/dmcsrb.com\\\/hronika\\\/prevrtanje-kamiona-na-putu-cetinje-njegusi-jedna-osoba-lakse-povrijedjena\\\/#primaryimage\",\"url\":\"https:\\\/\\\/dmcsrb.com\\\/wp-content\\\/uploads\\\/2026\\\/01\\\/kamion-prevrtzanje.webp\",\"contentUrl\":\"https:\\\/\\\/dmcsrb.com\\\/wp-content\\\/uploads\\\/2026\\\/01\\\/kamion-prevrtzanje.webp\",\"width\":1118,\"height\":745},{\"@type\":\"BreadcrumbList\",\"@id\":\"https:\\\/\\\/dmcsrb.com\\\/hronika\\\/prevrtanje-kamiona-na-putu-cetinje-njegusi-jedna-osoba-lakse-povrijedjena\\\/#breadcrumb\",\"itemListElement\":[{\"@type\":\"ListItem\",\"position\":1,\"name\":\"Home\",\"item\":\"https:\\\/\\\/dmcsrb.com\\\/\"},{\"@type\":\"ListItem\",\"position\":2,\"name\":\"Prevrtanje kamiona na putu Cetinje &#8211; Njegu\u0161i: Jedna osoba lak\u0161e povrije\u0111ena\"}]},{\"@type\":\"WebSite\",\"@id\":\"https:\\\/\\\/dmcsrb.com\\\/#website\",\"url\":\"https:\\\/\\\/dmcsrb.com\\\/\",\"name\":\"dmcsrb.com\",\"description\":\"\",\"potentialAction\":[{\"@type\":\"SearchAction\",\"target\":{\"@type\":\"EntryPoint\",\"urlTemplate\":\"https:\\\/\\\/dmcsrb.com\\\/?s={search_term_string}\"},\"query-input\":{\"@type\":\"PropertyValueSpecification\",\"valueRequired\":true,\"valueName\":\"search_term_string\"}}],\"inLanguage\":\"en-GB\"},{\"@type\":\"Person\",\"@id\":\"https:\\\/\\\/dmcsrb.com\\\/#\\\/schema\\\/person\\\/5c39170f12db1b8b457732d0b5c854e2\",\"name\":\"dmcsrbija.com@gmail.com\",\"image\":{\"@type\":\"ImageObject\",\"inLanguage\":\"en-GB\",\"@id\":\"https:\\\/\\\/secure.gravatar.com\\\/avatar\\\/68592660ad6347fad0fb587f8d5d8f1a7b44961362f56e4f2cd524feb87e9069?s=96&d=mm&r=g\",\"url\":\"https:\\\/\\\/secure.gravatar.com\\\/avatar\\\/68592660ad6347fad0fb587f8d5d8f1a7b44961362f56e4f2cd524feb87e9069?s=96&d=mm&r=g\",\"contentUrl\":\"https:\\\/\\\/secure.gravatar.com\\\/avatar\\\/68592660ad6347fad0fb587f8d5d8f1a7b44961362f56e4f2cd524feb87e9069?s=96&d=mm&r=g\",\"caption\":\"dmcsrbija.com@gmail.com\"},\"sameAs\":[\"https:\\\/\\\/dmcsrb.com\"],\"url\":\"https:\\\/\\\/dmcsrb.com\\\/en\\\/author\\\/dmcsrbija-comgmail-com\\\/\"}]}<\/script>\n<!-- \/ Yoast SEO plugin. -->","yoast_head_json":{"title":"Prevrtanje kamiona na putu Cetinje - Njegu\u0161i: Jedna osoba lak\u0161e povrije\u0111ena - dmcsrb.com","robots":{"index":"index","follow":"follow","max-snippet":"max-snippet:-1","max-image-preview":"max-image-preview:large","max-video-preview":"max-video-preview:-1"},"canonical":"https:\/\/dmcsrb.com\/en\/hronika\/prevrtanje-kamiona-na-putu-cetinje-njegusi-jedna-osoba-lakse-povrijedjena\/","og_locale":"en_GB","og_type":"article","og_title":"Prevrtanje kamiona na putu Cetinje - Njegu\u0161i: Jedna osoba lak\u0161e povrije\u0111ena - dmcsrb.com","og_description":"Dr\u017eavljanin Bosne i Hercegovine B. J. (2000) zadobio je lak\u0161e povrede u saobra\u0107ajnoj nezgodi kooja se dogodila danas na regionalnom putu Cetinje-Njegu\u0161i, u mjestu Dubovik.","og_url":"https:\/\/dmcsrb.com\/en\/hronika\/prevrtanje-kamiona-na-putu-cetinje-njegusi-jedna-osoba-lakse-povrijedjena\/","og_site_name":"dmcsrb.com","article_published_time":"2025-08-14T13:05:00+00:00","og_image":[{"width":1118,"height":745,"url":"https:\/\/dmcsrb.com\/wp-content\/uploads\/2026\/01\/kamion-prevrtzanje.webp","type":"image\/jpeg"}],"author":"dmcsrbija.com@gmail.com","twitter_card":"summary_large_image","twitter_misc":{"Written by":"dmcsrbija.com@gmail.com"},"schema":{"@context":"https:\/\/schema.org","@graph":[{"@type":"Article","@id":"https:\/\/dmcsrb.com\/hronika\/prevrtanje-kamiona-na-putu-cetinje-njegusi-jedna-osoba-lakse-povrijedjena\/#article","isPartOf":{"@id":"https:\/\/dmcsrb.com\/hronika\/prevrtanje-kamiona-na-putu-cetinje-njegusi-jedna-osoba-lakse-povrijedjena\/"},"author":{"name":"dmcsrbija.com@gmail.com","@id":"https:\/\/dmcsrb.com\/#\/schema\/person\/5c39170f12db1b8b457732d0b5c854e2"},"headline":"Prevrtanje kamiona na putu Cetinje &#8211; Njegu\u0161i: Jedna osoba lak\u0161e povrije\u0111ena","datePublished":"2025-08-14T13:05:00+00:00","mainEntityOfPage":{"@id":"https:\/\/dmcsrb.com\/hronika\/prevrtanje-kamiona-na-putu-cetinje-njegusi-jedna-osoba-lakse-povrijedjena\/"},"wordCount":102,"commentCount":0,"image":{"@id":"https:\/\/dmcsrb.com\/hronika\/prevrtanje-kamiona-na-putu-cetinje-njegusi-jedna-osoba-lakse-povrijedjena\/#primaryimage"},"thumbnailUrl":"https:\/\/dmcsrb.com\/wp-content\/uploads\/2026\/01\/kamion-prevrtzanje.webp","keywords":["Cetinje","kamion","Njegu\u0161i","udes"],"articleSection":["Hronika"],"inLanguage":"en-GB","potentialAction":[{"@type":"CommentAction","name":"Comment","target":["https:\/\/dmcsrb.com\/hronika\/prevrtanje-kamiona-na-putu-cetinje-njegusi-jedna-osoba-lakse-povrijedjena\/#respond"]}]},{"@type":"WebPage","@id":"https:\/\/dmcsrb.com\/hronika\/prevrtanje-kamiona-na-putu-cetinje-njegusi-jedna-osoba-lakse-povrijedjena\/","url":"https:\/\/dmcsrb.com\/hronika\/prevrtanje-kamiona-na-putu-cetinje-njegusi-jedna-osoba-lakse-povrijedjena\/","name":"Prevrtanje kamiona na putu Cetinje - Njegu\u0161i: Jedna osoba lak\u0161e povrije\u0111ena - dmcsrb.com","isPartOf":{"@id":"https:\/\/dmcsrb.com\/#website"},"primaryImageOfPage":{"@id":"https:\/\/dmcsrb.com\/hronika\/prevrtanje-kamiona-na-putu-cetinje-njegusi-jedna-osoba-lakse-povrijedjena\/#primaryimage"},"image":{"@id":"https:\/\/dmcsrb.com\/hronika\/prevrtanje-kamiona-na-putu-cetinje-njegusi-jedna-osoba-lakse-povrijedjena\/#primaryimage"},"thumbnailUrl":"https:\/\/dmcsrb.com\/wp-content\/uploads\/2026\/01\/kamion-prevrtzanje.webp","datePublished":"2025-08-14T13:05:00+00:00","author":{"@id":"https:\/\/dmcsrb.com\/#\/schema\/person\/5c39170f12db1b8b457732d0b5c854e2"},"breadcrumb":{"@id":"https:\/\/dmcsrb.com\/hronika\/prevrtanje-kamiona-na-putu-cetinje-njegusi-jedna-osoba-lakse-povrijedjena\/#breadcrumb"},"inLanguage":"en-GB","potentialAction":[{"@type":"ReadAction","target":["https:\/\/dmcsrb.com\/hronika\/prevrtanje-kamiona-na-putu-cetinje-njegusi-jedna-osoba-lakse-povrijedjena\/"]}]},{"@type":"ImageObject","inLanguage":"en-GB","@id":"https:\/\/dmcsrb.com\/hronika\/prevrtanje-kamiona-na-putu-cetinje-njegusi-jedna-osoba-lakse-povrijedjena\/#primaryimage","url":"https:\/\/dmcsrb.com\/wp-content\/uploads\/2026\/01\/kamion-prevrtzanje.webp","contentUrl":"https:\/\/dmcsrb.com\/wp-content\/uploads\/2026\/01\/kamion-prevrtzanje.webp","width":1118,"height":745},{"@type":"BreadcrumbList","@id":"https:\/\/dmcsrb.com\/hronika\/prevrtanje-kamiona-na-putu-cetinje-njegusi-jedna-osoba-lakse-povrijedjena\/#breadcrumb","itemListElement":[{"@type":"ListItem","position":1,"name":"Home","item":"https:\/\/dmcsrb.com\/"},{"@type":"ListItem","position":2,"name":"Prevrtanje kamiona na putu Cetinje &#8211; Njegu\u0161i: Jedna osoba lak\u0161e povrije\u0111ena"}]},{"@type":"WebSite","@id":"https:\/\/dmcsrb.com\/#website","url":"https:\/\/dmcsrb.com\/","name":"dmcsrb.com","description":"","potentialAction":[{"@type":"SearchAction","target":{"@type":"EntryPoint","urlTemplate":"https:\/\/dmcsrb.com\/?s={search_term_string}"},"query-input":{"@type":"PropertyValueSpecification","valueRequired":true,"valueName":"search_term_string"}}],"inLanguage":"en-GB"},{"@type":"Person","@id":"https:\/\/dmcsrb.com\/#\/schema\/person\/5c39170f12db1b8b457732d0b5c854e2","name":"dmcsrbija.com@gmail.com","image":{"@type":"ImageObject","inLanguage":"en-GB","@id":"https:\/\/secure.gravatar.com\/avatar\/68592660ad6347fad0fb587f8d5d8f1a7b44961362f56e4f2cd524feb87e9069?s=96&d=mm&r=g","url":"https:\/\/secure.gravatar.com\/avatar\/68592660ad6347fad0fb587f8d5d8f1a7b44961362f56e4f2cd524feb87e9069?s=96&d=mm&r=g","contentUrl":"https:\/\/secure.gravatar.com\/avatar\/68592660ad6347fad0fb587f8d5d8f1a7b44961362f56e4f2cd524feb87e9069?s=96&d=mm&r=g","caption":"dmcsrbija.com@gmail.com"},"sameAs":["https:\/\/dmcsrb.com"],"url":"https:\/\/dmcsrb.com\/en\/author\/dmcsrbija-comgmail-com\/"}]}},"_links":{"self":[{"href":"https:\/\/dmcsrb.com\/en\/wp-json\/wp\/v2\/posts\/946262","targetHints":{"allow":["GET"]}}],"collection":[{"href":"https:\/\/dmcsrb.com\/en\/wp-json\/wp\/v2\/posts"}],"about":[{"href":"https:\/\/dmcsrb.com\/en\/wp-json\/wp\/v2\/types\/post"}],"author":[{"embeddable":true,"href":"https:\/\/dmcsrb.com\/en\/wp-json\/wp\/v2\/users\/1"}],"replies":[{"embeddable":true,"href":"https:\/\/dmcsrb.com\/en\/wp-json\/wp\/v2\/comments?post=946262"}],"version-history":[{"count":0,"href":"https:\/\/dmcsrb.com\/en\/wp-json\/wp\/v2\/posts\/946262\/revisions"}],"wp:featuredmedia":[{"embeddable":true,"href":"https:\/\/dmcsrb.com\/en\/wp-json\/wp\/v2\/media\/946263"}],"wp:attachment":[{"href":"https:\/\/dmcsrb.com\/en\/wp-json\/wp\/v2\/media?parent=946262"}],"wp:term":[{"taxonomy":"category","embeddable":true,"href":"https:\/\/dmcsrb.com\/en\/wp-json\/wp\/v2\/categories?post=946262"},{"taxonomy":"post_tag","embeddable":true,"href":"https:\/\/dmcsrb.com\/en\/wp-json\/wp\/v2\/tags?post=946262"},{"taxonomy":"naslovna","embeddable":true,"href":"https:\/\/dmcsrb.com\/en\/wp-json\/wp\/v2\/naslovna?post=946262"}],"curies":[{"name":"wp","href":"https:\/\/api.w.org\/{rel}","templated":true}]}}