{"id":946161,"date":"2025-08-14T08:12:47","date_gmt":"2025-08-14T06:12:47","guid":{"rendered":"https:\/\/dmcsrb.com\/uncategorized\/policija-nije-zatekla-nijednu-osobu-na-gorici-nije-preduzeta-bilo-koja-radnja-podmetanja-pozara\/"},"modified":"2025-08-14T08:12:47","modified_gmt":"2025-08-14T06:12:47","slug":"policija-nije-zatekla-nijednu-osobu-na-gorici-nije-preduzeta-bilo-koja-radnja-podmetanja-pozara","status":"publish","type":"post","link":"https:\/\/dmcsrb.com\/en\/hronika\/policija-nije-zatekla-nijednu-osobu-na-gorici-nije-preduzeta-bilo-koja-radnja-podmetanja-pozara\/","title":{"rendered":"Policija nije zatekla nijednu osobu na Gorici: &#8220;Nije preduzeta bilo koja radnja podmetanja po\u017eara&#8221;"},"content":{"rendered":"<p><\/p>\n\n\n\n<p>&#8220;Radi potpunog informisanja gra\u0111ana o doga\u0111ajima koji su izazvali posebnu pa\u017enju javnosti i zahtijevaju informisanost od strane nadle\u017enih organa, obavje\u0161tavamo vas da su preduzete aktivnosti shodno informacijama objavljenim u vi\u0161e medija kao i po prijavi pripadnika Slu\u017ebe za\u0161tite i spa\u0161avanja da su u Park &#8211; \u0161umi Gorica uo\u010dena maskirana lica na koja su ukazali i kako su kasnije prenijeli mediji &#8211; da su osuje\u0107ena u namjeri da podmetnu po\u017ear, policijski slu\u017ebenici Odjeljenja bezbjednosti Podgorica su odmah i bez odlaganja postupili po navedenoj prijavi i informaciji&#8221;, saop\u0161teno je iz Uprave policije.<\/p>\n\n\n\n<p>U vezi sa navedenim, istovremeno ukazuju da su pripadnici Uprave policije bili raspore\u0111eni na jednom od lokaliteta i nalazili su se u blizini lica mjesta.<\/p>\n\n\n\n<p>&#8220;Preduzetim mjerama i radnjama, te prikupljenim obavje\u0161tenjima od vi\u0161e lica, utvr\u0111eno je da u odnosu na lica na koja je ukazano &#8211; ista nijesu zate\u010dena na licu mjesta, a daljim pregedom lica mjesta je utvr\u0111eno da nije preduzeta bilo koja op\u0161teopasna radnja neposrednog podmetanja po\u017eara niti je utvr\u0111eno da su ova lica preduzela radnju planiranja u vezi sa podmetanjem po\u017eara, ve\u0107 se radilo o licima koja nijesu bila informisana da ne mogu u\u0107i u brdo Gorica me\u0111u kojima je bilo i stranih dr\u017eavljana koji nijesu imali saznanja o zabrani i organi\u010denju kretanja na odre\u0111enom prostoru i lokalitetu&#8221;, navode iz policije.<\/p>\n\n\n\n<p>Uprava policije istice va\u017enost pravovremene i proaktivne reakcije i postupanja slu\u017ebi lokalne samouprave i detekcije lica koja se u ovako slo\u017eenim situacijama na\u0111u na kriznim podru\u010djima i podru\u010djima u kojima je na snazi zabrana kretanja i boravka.<\/p>\n\n\n\n<p>&#8220;Policijski slu\u017ebenici \u0107e nastaviti sa aktivnostima preventivno-represivnog karaktera u saradnji sa lokalnim slu\u017ebama, uz zadr\u017eavanje najvi\u0161eg stepena operativne pozornosti sa fokusom na zastitu li\u010dne i imovinske sigurnosti gra\u0111ana&#8221;, kazali su iz Uprave policije.<\/p>","protected":false},"excerpt":{"rendered":"<p>Osobe koje su ju\u010de boravile na Gorici nijesu lica koja su htjela da podmetnu po\u017ear, ve\u0107 je rije\u010d o licima koja nijesu bila informisana da ne mogu u\u0107i na brdo Gorica, me\u0111u kojima je bilo i stranih dr\u017eavljanja koji nijesu imali saznanja o zabrani i ograni\u010denju kretanja na odre\u0111enom prostoru i lokalitetu, saop\u0161teno je iz Uprave policije. Oni navode da nije preduzeta bilo koja op\u0161teopasna radnja podmetanja po\u017eara.<\/p>","protected":false},"author":1,"featured_media":946162,"comment_status":"open","ping_status":"open","sticky":false,"template":"","format":"standard","meta":{"_acf_changed":false,"footnotes":""},"categories":[17],"tags":[630,72],"naslovna":[],"class_list":["post-946161","post","type-post","status-publish","format-standard","has-post-thumbnail","hentry","category-hronika","tag-gorica","tag-uprava-policije"],"acf":[],"yoast_head":"<!-- This site is optimized with the Yoast SEO plugin v27.0 - https:\/\/yoast.com\/product\/yoast-seo-wordpress\/ -->\n<title>Policija nije zatekla nijednu osobu na Gorici: &quot;Nije preduzeta bilo koja radnja podmetanja po\u017eara&quot; - dmcsrb.com<\/title>\n<meta name=\"robots\" content=\"index, follow, max-snippet:-1, max-image-preview:large, max-video-preview:-1\" \/>\n<link rel=\"canonical\" href=\"https:\/\/dmcsrb.com\/en\/hronika\/policija-nije-zatekla-nijednu-osobu-na-gorici-nije-preduzeta-bilo-koja-radnja-podmetanja-pozara\/\" \/>\n<meta property=\"og:locale\" content=\"en_GB\" \/>\n<meta property=\"og:type\" content=\"article\" \/>\n<meta property=\"og:title\" content=\"Policija nije zatekla nijednu osobu na Gorici: &quot;Nije preduzeta bilo koja radnja podmetanja po\u017eara&quot; - dmcsrb.com\" \/>\n<meta property=\"og:description\" content=\"Osobe koje su ju\u010de boravile na Gorici nijesu lica koja su htjela da podmetnu po\u017ear, ve\u0107 je rije\u010d o licima koja nijesu bila informisana da ne mogu u\u0107i na brdo Gorica, me\u0111u kojima je bilo i stranih dr\u017eavljanja koji nijesu imali saznanja o zabrani i ograni\u010denju kretanja na odre\u0111enom prostoru i lokalitetu, saop\u0161teno je iz Uprave policije. Oni navode da nije preduzeta bilo koja op\u0161teopasna radnja podmetanja po\u017eara.\" \/>\n<meta property=\"og:url\" content=\"https:\/\/dmcsrb.com\/en\/hronika\/policija-nije-zatekla-nijednu-osobu-na-gorici-nije-preduzeta-bilo-koja-radnja-podmetanja-pozara\/\" \/>\n<meta property=\"og:site_name\" content=\"dmcsrb.com\" \/>\n<meta property=\"article:published_time\" content=\"2025-08-14T06:12:47+00:00\" \/>\n<meta property=\"og:image\" content=\"https:\/\/dmcsrb.com\/wp-content\/uploads\/2026\/01\/Gorica-cuvanje-dezuranje-foto-Glavni-grad.webp\" \/>\n\t<meta property=\"og:image:width\" content=\"1095\" \/>\n\t<meta property=\"og:image:height\" content=\"794\" \/>\n\t<meta property=\"og:image:type\" content=\"image\/jpeg\" \/>\n<meta name=\"author\" content=\"dmcsrbija.com@gmail.com\" \/>\n<meta name=\"twitter:card\" content=\"summary_large_image\" \/>\n<meta name=\"twitter:label1\" content=\"Written by\" \/>\n\t<meta name=\"twitter:data1\" content=\"dmcsrbija.com@gmail.com\" \/>\n\t<meta name=\"twitter:label2\" content=\"Estimated reading time\" \/>\n\t<meta name=\"twitter:data2\" content=\"2 minutes\" \/>\n<script type=\"application\/ld+json\" class=\"yoast-schema-graph\">{\"@context\":\"https:\/\/schema.org\",\"@graph\":[{\"@type\":\"Article\",\"@id\":\"https:\/\/dmcsrb.com\/hronika\/policija-nije-zatekla-nijednu-osobu-na-gorici-nije-preduzeta-bilo-koja-radnja-podmetanja-pozara\/#article\",\"isPartOf\":{\"@id\":\"https:\/\/dmcsrb.com\/hronika\/policija-nije-zatekla-nijednu-osobu-na-gorici-nije-preduzeta-bilo-koja-radnja-podmetanja-pozara\/\"},\"author\":{\"name\":\"dmcsrbija.com@gmail.com\",\"@id\":\"https:\/\/dmcsrb.com\/#\/schema\/person\/5c39170f12db1b8b457732d0b5c854e2\"},\"headline\":\"Policija nije zatekla nijednu osobu na Gorici: &#8220;Nije preduzeta bilo koja radnja podmetanja po\u017eara&#8221;\",\"datePublished\":\"2025-08-14T06:12:47+00:00\",\"mainEntityOfPage\":{\"@id\":\"https:\/\/dmcsrb.com\/hronika\/policija-nije-zatekla-nijednu-osobu-na-gorici-nije-preduzeta-bilo-koja-radnja-podmetanja-pozara\/\"},\"wordCount\":341,\"commentCount\":0,\"image\":{\"@id\":\"https:\/\/dmcsrb.com\/hronika\/policija-nije-zatekla-nijednu-osobu-na-gorici-nije-preduzeta-bilo-koja-radnja-podmetanja-pozara\/#primaryimage\"},\"thumbnailUrl\":\"https:\/\/dmcsrb.com\/wp-content\/uploads\/2026\/01\/Gorica-cuvanje-dezuranje-foto-Glavni-grad.webp\",\"keywords\":[\"Gorica\",\"Uprava policije\"],\"articleSection\":[\"Hronika\"],\"inLanguage\":\"en-GB\",\"potentialAction\":[{\"@type\":\"CommentAction\",\"name\":\"Comment\",\"target\":[\"https:\/\/dmcsrb.com\/hronika\/policija-nije-zatekla-nijednu-osobu-na-gorici-nije-preduzeta-bilo-koja-radnja-podmetanja-pozara\/#respond\"]}]},{\"@type\":\"WebPage\",\"@id\":\"https:\/\/dmcsrb.com\/hronika\/policija-nije-zatekla-nijednu-osobu-na-gorici-nije-preduzeta-bilo-koja-radnja-podmetanja-pozara\/\",\"url\":\"https:\/\/dmcsrb.com\/hronika\/policija-nije-zatekla-nijednu-osobu-na-gorici-nije-preduzeta-bilo-koja-radnja-podmetanja-pozara\/\",\"name\":\"Policija nije zatekla nijednu osobu na Gorici: \\\"Nije preduzeta bilo koja radnja podmetanja po\u017eara\\\" - dmcsrb.com\",\"isPartOf\":{\"@id\":\"https:\/\/dmcsrb.com\/#website\"},\"primaryImageOfPage\":{\"@id\":\"https:\/\/dmcsrb.com\/hronika\/policija-nije-zatekla-nijednu-osobu-na-gorici-nije-preduzeta-bilo-koja-radnja-podmetanja-pozara\/#primaryimage\"},\"image\":{\"@id\":\"https:\/\/dmcsrb.com\/hronika\/policija-nije-zatekla-nijednu-osobu-na-gorici-nije-preduzeta-bilo-koja-radnja-podmetanja-pozara\/#primaryimage\"},\"thumbnailUrl\":\"https:\/\/dmcsrb.com\/wp-content\/uploads\/2026\/01\/Gorica-cuvanje-dezuranje-foto-Glavni-grad.webp\",\"datePublished\":\"2025-08-14T06:12:47+00:00\",\"author\":{\"@id\":\"https:\/\/dmcsrb.com\/#\/schema\/person\/5c39170f12db1b8b457732d0b5c854e2\"},\"breadcrumb\":{\"@id\":\"https:\/\/dmcsrb.com\/hronika\/policija-nije-zatekla-nijednu-osobu-na-gorici-nije-preduzeta-bilo-koja-radnja-podmetanja-pozara\/#breadcrumb\"},\"inLanguage\":\"en-GB\",\"potentialAction\":[{\"@type\":\"ReadAction\",\"target\":[\"https:\/\/dmcsrb.com\/hronika\/policija-nije-zatekla-nijednu-osobu-na-gorici-nije-preduzeta-bilo-koja-radnja-podmetanja-pozara\/\"]}]},{\"@type\":\"ImageObject\",\"inLanguage\":\"en-GB\",\"@id\":\"https:\/\/dmcsrb.com\/hronika\/policija-nije-zatekla-nijednu-osobu-na-gorici-nije-preduzeta-bilo-koja-radnja-podmetanja-pozara\/#primaryimage\",\"url\":\"https:\/\/dmcsrb.com\/wp-content\/uploads\/2026\/01\/Gorica-cuvanje-dezuranje-foto-Glavni-grad.webp\",\"contentUrl\":\"https:\/\/dmcsrb.com\/wp-content\/uploads\/2026\/01\/Gorica-cuvanje-dezuranje-foto-Glavni-grad.webp\",\"width\":1095,\"height\":794},{\"@type\":\"BreadcrumbList\",\"@id\":\"https:\/\/dmcsrb.com\/hronika\/policija-nije-zatekla-nijednu-osobu-na-gorici-nije-preduzeta-bilo-koja-radnja-podmetanja-pozara\/#breadcrumb\",\"itemListElement\":[{\"@type\":\"ListItem\",\"position\":1,\"name\":\"Home\",\"item\":\"https:\/\/dmcsrb.com\/\"},{\"@type\":\"ListItem\",\"position\":2,\"name\":\"Policija nije zatekla nijednu osobu na Gorici: &#8220;Nije preduzeta bilo koja radnja podmetanja po\u017eara&#8221;\"}]},{\"@type\":\"WebSite\",\"@id\":\"https:\/\/dmcsrb.com\/#website\",\"url\":\"https:\/\/dmcsrb.com\/\",\"name\":\"dmcsrb.com\",\"description\":\"\",\"potentialAction\":[{\"@type\":\"SearchAction\",\"target\":{\"@type\":\"EntryPoint\",\"urlTemplate\":\"https:\/\/dmcsrb.com\/?s={search_term_string}\"},\"query-input\":{\"@type\":\"PropertyValueSpecification\",\"valueRequired\":true,\"valueName\":\"search_term_string\"}}],\"inLanguage\":\"en-GB\"},{\"@type\":\"Person\",\"@id\":\"https:\/\/dmcsrb.com\/#\/schema\/person\/5c39170f12db1b8b457732d0b5c854e2\",\"name\":\"dmcsrbija.com@gmail.com\",\"image\":{\"@type\":\"ImageObject\",\"inLanguage\":\"en-GB\",\"@id\":\"https:\/\/dmcsrb.com\/#\/schema\/person\/image\/\",\"url\":\"https:\/\/secure.gravatar.com\/avatar\/68592660ad6347fad0fb587f8d5d8f1a7b44961362f56e4f2cd524feb87e9069?s=96&d=mm&r=g\",\"contentUrl\":\"https:\/\/secure.gravatar.com\/avatar\/68592660ad6347fad0fb587f8d5d8f1a7b44961362f56e4f2cd524feb87e9069?s=96&d=mm&r=g\",\"caption\":\"dmcsrbija.com@gmail.com\"},\"sameAs\":[\"https:\/\/dmcsrb.com\"],\"url\":\"https:\/\/dmcsrb.com\/en\/author\/dmcsrbija-comgmail-com\/\"}]}<\/script>\n<!-- \/ Yoast SEO plugin. -->","yoast_head_json":{"title":"Policija nije zatekla nijednu osobu na Gorici: \"Nije preduzeta bilo koja radnja podmetanja po\u017eara\" - dmcsrb.com","robots":{"index":"index","follow":"follow","max-snippet":"max-snippet:-1","max-image-preview":"max-image-preview:large","max-video-preview":"max-video-preview:-1"},"canonical":"https:\/\/dmcsrb.com\/en\/hronika\/policija-nije-zatekla-nijednu-osobu-na-gorici-nije-preduzeta-bilo-koja-radnja-podmetanja-pozara\/","og_locale":"en_GB","og_type":"article","og_title":"Policija nije zatekla nijednu osobu na Gorici: \"Nije preduzeta bilo koja radnja podmetanja po\u017eara\" - dmcsrb.com","og_description":"Osobe koje su ju\u010de boravile na Gorici nijesu lica koja su htjela da podmetnu po\u017ear, ve\u0107 je rije\u010d o licima koja nijesu bila informisana da ne mogu u\u0107i na brdo Gorica, me\u0111u kojima je bilo i stranih dr\u017eavljanja koji nijesu imali saznanja o zabrani i ograni\u010denju kretanja na odre\u0111enom prostoru i lokalitetu, saop\u0161teno je iz Uprave policije. Oni navode da nije preduzeta bilo koja op\u0161teopasna radnja podmetanja po\u017eara.","og_url":"https:\/\/dmcsrb.com\/en\/hronika\/policija-nije-zatekla-nijednu-osobu-na-gorici-nije-preduzeta-bilo-koja-radnja-podmetanja-pozara\/","og_site_name":"dmcsrb.com","article_published_time":"2025-08-14T06:12:47+00:00","og_image":[{"width":1095,"height":794,"url":"https:\/\/dmcsrb.com\/wp-content\/uploads\/2026\/01\/Gorica-cuvanje-dezuranje-foto-Glavni-grad.webp","type":"image\/jpeg"}],"author":"dmcsrbija.com@gmail.com","twitter_card":"summary_large_image","twitter_misc":{"Written by":"dmcsrbija.com@gmail.com","Estimated reading time":"2 minutes"},"schema":{"@context":"https:\/\/schema.org","@graph":[{"@type":"Article","@id":"https:\/\/dmcsrb.com\/hronika\/policija-nije-zatekla-nijednu-osobu-na-gorici-nije-preduzeta-bilo-koja-radnja-podmetanja-pozara\/#article","isPartOf":{"@id":"https:\/\/dmcsrb.com\/hronika\/policija-nije-zatekla-nijednu-osobu-na-gorici-nije-preduzeta-bilo-koja-radnja-podmetanja-pozara\/"},"author":{"name":"dmcsrbija.com@gmail.com","@id":"https:\/\/dmcsrb.com\/#\/schema\/person\/5c39170f12db1b8b457732d0b5c854e2"},"headline":"Policija nije zatekla nijednu osobu na Gorici: &#8220;Nije preduzeta bilo koja radnja podmetanja po\u017eara&#8221;","datePublished":"2025-08-14T06:12:47+00:00","mainEntityOfPage":{"@id":"https:\/\/dmcsrb.com\/hronika\/policija-nije-zatekla-nijednu-osobu-na-gorici-nije-preduzeta-bilo-koja-radnja-podmetanja-pozara\/"},"wordCount":341,"commentCount":0,"image":{"@id":"https:\/\/dmcsrb.com\/hronika\/policija-nije-zatekla-nijednu-osobu-na-gorici-nije-preduzeta-bilo-koja-radnja-podmetanja-pozara\/#primaryimage"},"thumbnailUrl":"https:\/\/dmcsrb.com\/wp-content\/uploads\/2026\/01\/Gorica-cuvanje-dezuranje-foto-Glavni-grad.webp","keywords":["Gorica","Uprava policije"],"articleSection":["Hronika"],"inLanguage":"en-GB","potentialAction":[{"@type":"CommentAction","name":"Comment","target":["https:\/\/dmcsrb.com\/hronika\/policija-nije-zatekla-nijednu-osobu-na-gorici-nije-preduzeta-bilo-koja-radnja-podmetanja-pozara\/#respond"]}]},{"@type":"WebPage","@id":"https:\/\/dmcsrb.com\/hronika\/policija-nije-zatekla-nijednu-osobu-na-gorici-nije-preduzeta-bilo-koja-radnja-podmetanja-pozara\/","url":"https:\/\/dmcsrb.com\/hronika\/policija-nije-zatekla-nijednu-osobu-na-gorici-nije-preduzeta-bilo-koja-radnja-podmetanja-pozara\/","name":"Policija nije zatekla nijednu osobu na Gorici: \"Nije preduzeta bilo koja radnja podmetanja po\u017eara\" - dmcsrb.com","isPartOf":{"@id":"https:\/\/dmcsrb.com\/#website"},"primaryImageOfPage":{"@id":"https:\/\/dmcsrb.com\/hronika\/policija-nije-zatekla-nijednu-osobu-na-gorici-nije-preduzeta-bilo-koja-radnja-podmetanja-pozara\/#primaryimage"},"image":{"@id":"https:\/\/dmcsrb.com\/hronika\/policija-nije-zatekla-nijednu-osobu-na-gorici-nije-preduzeta-bilo-koja-radnja-podmetanja-pozara\/#primaryimage"},"thumbnailUrl":"https:\/\/dmcsrb.com\/wp-content\/uploads\/2026\/01\/Gorica-cuvanje-dezuranje-foto-Glavni-grad.webp","datePublished":"2025-08-14T06:12:47+00:00","author":{"@id":"https:\/\/dmcsrb.com\/#\/schema\/person\/5c39170f12db1b8b457732d0b5c854e2"},"breadcrumb":{"@id":"https:\/\/dmcsrb.com\/hronika\/policija-nije-zatekla-nijednu-osobu-na-gorici-nije-preduzeta-bilo-koja-radnja-podmetanja-pozara\/#breadcrumb"},"inLanguage":"en-GB","potentialAction":[{"@type":"ReadAction","target":["https:\/\/dmcsrb.com\/hronika\/policija-nije-zatekla-nijednu-osobu-na-gorici-nije-preduzeta-bilo-koja-radnja-podmetanja-pozara\/"]}]},{"@type":"ImageObject","inLanguage":"en-GB","@id":"https:\/\/dmcsrb.com\/hronika\/policija-nije-zatekla-nijednu-osobu-na-gorici-nije-preduzeta-bilo-koja-radnja-podmetanja-pozara\/#primaryimage","url":"https:\/\/dmcsrb.com\/wp-content\/uploads\/2026\/01\/Gorica-cuvanje-dezuranje-foto-Glavni-grad.webp","contentUrl":"https:\/\/dmcsrb.com\/wp-content\/uploads\/2026\/01\/Gorica-cuvanje-dezuranje-foto-Glavni-grad.webp","width":1095,"height":794},{"@type":"BreadcrumbList","@id":"https:\/\/dmcsrb.com\/hronika\/policija-nije-zatekla-nijednu-osobu-na-gorici-nije-preduzeta-bilo-koja-radnja-podmetanja-pozara\/#breadcrumb","itemListElement":[{"@type":"ListItem","position":1,"name":"Home","item":"https:\/\/dmcsrb.com\/"},{"@type":"ListItem","position":2,"name":"Policija nije zatekla nijednu osobu na Gorici: &#8220;Nije preduzeta bilo koja radnja podmetanja po\u017eara&#8221;"}]},{"@type":"WebSite","@id":"https:\/\/dmcsrb.com\/#website","url":"https:\/\/dmcsrb.com\/","name":"dmcsrb.com","description":"","potentialAction":[{"@type":"SearchAction","target":{"@type":"EntryPoint","urlTemplate":"https:\/\/dmcsrb.com\/?s={search_term_string}"},"query-input":{"@type":"PropertyValueSpecification","valueRequired":true,"valueName":"search_term_string"}}],"inLanguage":"en-GB"},{"@type":"Person","@id":"https:\/\/dmcsrb.com\/#\/schema\/person\/5c39170f12db1b8b457732d0b5c854e2","name":"dmcsrbija.com@gmail.com","image":{"@type":"ImageObject","inLanguage":"en-GB","@id":"https:\/\/dmcsrb.com\/#\/schema\/person\/image\/","url":"https:\/\/secure.gravatar.com\/avatar\/68592660ad6347fad0fb587f8d5d8f1a7b44961362f56e4f2cd524feb87e9069?s=96&d=mm&r=g","contentUrl":"https:\/\/secure.gravatar.com\/avatar\/68592660ad6347fad0fb587f8d5d8f1a7b44961362f56e4f2cd524feb87e9069?s=96&d=mm&r=g","caption":"dmcsrbija.com@gmail.com"},"sameAs":["https:\/\/dmcsrb.com"],"url":"https:\/\/dmcsrb.com\/en\/author\/dmcsrbija-comgmail-com\/"}]}},"_links":{"self":[{"href":"https:\/\/dmcsrb.com\/en\/wp-json\/wp\/v2\/posts\/946161","targetHints":{"allow":["GET"]}}],"collection":[{"href":"https:\/\/dmcsrb.com\/en\/wp-json\/wp\/v2\/posts"}],"about":[{"href":"https:\/\/dmcsrb.com\/en\/wp-json\/wp\/v2\/types\/post"}],"author":[{"embeddable":true,"href":"https:\/\/dmcsrb.com\/en\/wp-json\/wp\/v2\/users\/1"}],"replies":[{"embeddable":true,"href":"https:\/\/dmcsrb.com\/en\/wp-json\/wp\/v2\/comments?post=946161"}],"version-history":[{"count":0,"href":"https:\/\/dmcsrb.com\/en\/wp-json\/wp\/v2\/posts\/946161\/revisions"}],"wp:featuredmedia":[{"embeddable":true,"href":"https:\/\/dmcsrb.com\/en\/wp-json\/wp\/v2\/media\/946162"}],"wp:attachment":[{"href":"https:\/\/dmcsrb.com\/en\/wp-json\/wp\/v2\/media?parent=946161"}],"wp:term":[{"taxonomy":"category","embeddable":true,"href":"https:\/\/dmcsrb.com\/en\/wp-json\/wp\/v2\/categories?post=946161"},{"taxonomy":"post_tag","embeddable":true,"href":"https:\/\/dmcsrb.com\/en\/wp-json\/wp\/v2\/tags?post=946161"},{"taxonomy":"naslovna","embeddable":true,"href":"https:\/\/dmcsrb.com\/en\/wp-json\/wp\/v2\/naslovna?post=946161"}],"curies":[{"name":"wp","href":"https:\/\/api.w.org\/{rel}","templated":true}]}}