{"id":946157,"date":"2025-08-14T08:42:00","date_gmt":"2025-08-14T06:42:00","guid":{"rendered":"https:\/\/dmcsrb.com\/uncategorized\/sjutra-u-vise-crnogorskih-gradova-protesti-podrske-palestini\/"},"modified":"2025-08-14T08:42:00","modified_gmt":"2025-08-14T06:42:00","slug":"sjutra-u-vise-crnogorskih-gradova-protesti-podrske-palestini","status":"publish","type":"post","link":"https:\/\/dmcsrb.com\/en\/drustvo\/sjutra-u-vise-crnogorskih-gradova-protesti-podrske-palestini\/","title":{"rendered":"Sjutra u vi\u0161e crnogorskih gradova protesti podr\u0161ke Palestini"},"content":{"rendered":"<p><\/p>\n\n\n\n<p>Cilj okupljanja je, kako navode iz Pokreta solidarnosti sa Palestinom, da se glas gra\u0111ana jasno prenese Vladi Crne Gore, Ministarstvu vanjskih poslova, Skup\u0161tini i politi\u010dkim akterima, isti\u010du organizatori.<\/p>\n\n\n\n<p>\u201cDok se pred o\u010dima svijeta odvija genocid nad palestinskim narodom, \u0107utanje i pasivnost predstavljaju sau\u010desni\u0161tvo u zlo\u010dinu\u201c, navode iz Pokreta.<\/p>\n\n\n\n<p>Organizatori podsje\u0107aju da Crna Gora, zemlja sa tradicijom slobodarstva i antifa\u0161izma, ne smije ostati nijema niti produbljivati saradnju sa re\u017eimom odgovornim za zlo\u010dine protiv \u010dovje\u010dnosti.<\/p>\n\n\n\n<p>\u201cUprkos apelima i inicijativama tokom prethodne dvije godine, nadle\u017ene institucije nijesu preduzele konkretne mjere: vojna saradnja sa Izraelom nije obustavljena, nije donijeta ni simboli\u010dna osuda zlo\u010dina, niti je prekinuta saradnja\u201d, isti\u010du.<\/p>\n\n\n\n<p><strong><em>Zahtjevi organizatora:<\/em><\/strong><\/p>\n\n\n\n<ul class=\"wp-block-list\">\n<li>Hitno usvajanje Rezolucije o osudi izraelskog genocida nad palestinskim narodom.<\/li>\n\n\n\n<li>Prekid svake vojne, politi\u010dke i ekonomske saradnje sa Izraelom dok traje genocid i sistematsko kr\u0161enje ljudskih prava.<\/li>\n\n\n\n<li>Uvo\u0111enje sankcija i bojkot kompanijama i institucijama koje podr\u017eavaju izraelski re\u017eim, u skladu sa principima BDS pokreta.<\/li>\n\n\n\n<li>Organizatori tra\u017ee od Vlade Crne Gore, Ministarstva vanjskih poslova i poslanika Skup\u0161tine da se jasno odrede protiv izraelskih zlo\u010dina i prekinu saradnju sa zlo\u010dina\u010dkim re\u017eimom.<\/li>\n<\/ul>\n\n\n\n<p>Pozivaju sve gra\u0111ane i gra\u0111anke, bez obzira na li\u010dna, politi\u010dka ili vjerska uvjerenja, da se pridru\u017ee skupovima solidarnosti u svojim gradovima.<\/p>\n\n\n\n<p><strong><em>Raspored skupova:<\/em><\/strong><\/p>\n\n\n\n<p>Petak, 15.08.2025.<\/p>\n\n\n\n<ul class=\"wp-block-list\">\n<li>Pljevlja \u2013 20:00 (Grupa d\u017eematlija Taslid\u017ea)<\/li>\n\n\n\n<li>Bijelo Polje \u2013 17:00 (Med\u017elis Islamske zajednice Bijelo Polje)<\/li>\n\n\n\n<li>Petnjica \u2013 14:45 (Grupa gra\u0111ana)<\/li>\n\n\n\n<li>Berane \u2013 19:00 (Grupa gra\u0111ana)<\/li>\n\n\n\n<li>Ro\u017eaje \u2013 14:00 (Med\u017elis Islamske zajednice)<\/li>\n\n\n\n<li>Plav \u2013 14:00 (Med\u017elis Islamske zajednice)<\/li>\n\n\n\n<li>Gusinje \u2013 14:00 (Med\u017elis Islamske zajednice)<\/li>\n\n\n\n<li>Cetinje \u2013 20:00 (Grupa gra\u0111ana)<\/li>\n\n\n\n<li>Bar \u2013 19:00 (Grupa gra\u0111ana)<\/li>\n\n\n\n<li>Ulcinj \u2013 19:00 (NVO Meshira, Mala pla\u017ea)<\/li>\n<\/ul>\n\n\n\n<p>Nedjelja, 17.08.2025.<\/p>\n\n\n\n<ul class=\"wp-block-list\">\n<li>Nik\u0161i\u0107 \u2013 19:00 (Grupa gra\u0111ana)<\/li>\n<\/ul>\n\n\n\n<p>Pokret Solidarnosti sa Palestinom najavljuje i ve\u0107e skupove u narednom periodu kao izraz trajne podr\u0161ke palestinskom narodu i zahtjeva za pravdom i mirom.<\/p>","protected":false},"excerpt":{"rendered":"<p>U deset crnogorskih op\u0161tina sjutra \u0107e biti odr\u017eani mirni skupovi solidarnosti sa Palestinom. Proteste organizuju gra\u0111anske inicijative, nevladine organizacije, Islamska zajednica i Pokret solidarnosti sa Palestinom.<\/p>","protected":false},"author":1,"featured_media":946158,"comment_status":"open","ping_status":"open","sticky":false,"template":"","format":"standard","meta":{"_acf_changed":false,"footnotes":""},"categories":[2],"tags":[6534,766],"naslovna":[],"class_list":["post-946157","post","type-post","status-publish","format-standard","has-post-thumbnail","hentry","category-drustvo","tag-pokret-solidarnosti-sa-palestinom","tag-protesti"],"acf":[],"yoast_head":"<!-- This site is optimized with the Yoast SEO plugin v27.4 - https:\/\/yoast.com\/product\/yoast-seo-wordpress\/ -->\n<title>Sjutra u vi\u0161e crnogorskih gradova protesti podr\u0161ke Palestini - dmcsrb.com<\/title>\n<meta name=\"robots\" content=\"index, follow, max-snippet:-1, max-image-preview:large, max-video-preview:-1\" \/>\n<link rel=\"canonical\" href=\"https:\/\/dmcsrb.com\/en\/drustvo\/sjutra-u-vise-crnogorskih-gradova-protesti-podrske-palestini\/\" \/>\n<meta property=\"og:locale\" content=\"en_GB\" \/>\n<meta property=\"og:type\" content=\"article\" \/>\n<meta property=\"og:title\" content=\"Sjutra u vi\u0161e crnogorskih gradova protesti podr\u0161ke Palestini - dmcsrb.com\" \/>\n<meta property=\"og:description\" content=\"U deset crnogorskih op\u0161tina sjutra \u0107e biti odr\u017eani mirni skupovi solidarnosti sa Palestinom. Proteste organizuju gra\u0111anske inicijative, nevladine organizacije, Islamska zajednica i Pokret solidarnosti sa Palestinom.\" \/>\n<meta property=\"og:url\" content=\"https:\/\/dmcsrb.com\/en\/drustvo\/sjutra-u-vise-crnogorskih-gradova-protesti-podrske-palestini\/\" \/>\n<meta property=\"og:site_name\" content=\"dmcsrb.com\" \/>\n<meta property=\"article:published_time\" content=\"2025-08-14T06:42:00+00:00\" \/>\n<meta property=\"og:image\" content=\"https:\/\/dmcsrb.com\/wp-content\/uploads\/2026\/01\/protest-podrske-Palestini-foto-Pokret-solidarnosti-sa-Palestinom-CG.webp\" \/>\n\t<meta property=\"og:image:width\" content=\"1189\" \/>\n\t<meta property=\"og:image:height\" content=\"730\" \/>\n\t<meta property=\"og:image:type\" content=\"image\/jpeg\" \/>\n<meta name=\"author\" content=\"dmcsrbija.com@gmail.com\" \/>\n<meta name=\"twitter:card\" content=\"summary_large_image\" \/>\n<meta name=\"twitter:label1\" content=\"Written by\" \/>\n\t<meta name=\"twitter:data1\" content=\"dmcsrbija.com@gmail.com\" \/>\n\t<meta name=\"twitter:label2\" content=\"Estimated reading time\" \/>\n\t<meta name=\"twitter:data2\" content=\"2 minutes\" \/>\n<script type=\"application\/ld+json\" class=\"yoast-schema-graph\">{\"@context\":\"https:\\\/\\\/schema.org\",\"@graph\":[{\"@type\":\"Article\",\"@id\":\"https:\\\/\\\/dmcsrb.com\\\/drustvo\\\/sjutra-u-vise-crnogorskih-gradova-protesti-podrske-palestini\\\/#article\",\"isPartOf\":{\"@id\":\"https:\\\/\\\/dmcsrb.com\\\/drustvo\\\/sjutra-u-vise-crnogorskih-gradova-protesti-podrske-palestini\\\/\"},\"author\":{\"name\":\"dmcsrbija.com@gmail.com\",\"@id\":\"https:\\\/\\\/dmcsrb.com\\\/#\\\/schema\\\/person\\\/5c39170f12db1b8b457732d0b5c854e2\"},\"headline\":\"Sjutra u vi\u0161e crnogorskih gradova protesti podr\u0161ke Palestini\",\"datePublished\":\"2025-08-14T06:42:00+00:00\",\"mainEntityOfPage\":{\"@id\":\"https:\\\/\\\/dmcsrb.com\\\/drustvo\\\/sjutra-u-vise-crnogorskih-gradova-protesti-podrske-palestini\\\/\"},\"wordCount\":325,\"commentCount\":0,\"image\":{\"@id\":\"https:\\\/\\\/dmcsrb.com\\\/drustvo\\\/sjutra-u-vise-crnogorskih-gradova-protesti-podrske-palestini\\\/#primaryimage\"},\"thumbnailUrl\":\"https:\\\/\\\/dmcsrb.com\\\/wp-content\\\/uploads\\\/2026\\\/01\\\/protest-podrske-Palestini-foto-Pokret-solidarnosti-sa-Palestinom-CG.webp\",\"keywords\":[\"Pokret solidarnosti sa Palestinom\",\"protesti\"],\"articleSection\":[\"Dru\u0161tvo\"],\"inLanguage\":\"en-GB\",\"potentialAction\":[{\"@type\":\"CommentAction\",\"name\":\"Comment\",\"target\":[\"https:\\\/\\\/dmcsrb.com\\\/drustvo\\\/sjutra-u-vise-crnogorskih-gradova-protesti-podrske-palestini\\\/#respond\"]}]},{\"@type\":\"WebPage\",\"@id\":\"https:\\\/\\\/dmcsrb.com\\\/drustvo\\\/sjutra-u-vise-crnogorskih-gradova-protesti-podrske-palestini\\\/\",\"url\":\"https:\\\/\\\/dmcsrb.com\\\/drustvo\\\/sjutra-u-vise-crnogorskih-gradova-protesti-podrske-palestini\\\/\",\"name\":\"Sjutra u vi\u0161e crnogorskih gradova protesti podr\u0161ke Palestini - dmcsrb.com\",\"isPartOf\":{\"@id\":\"https:\\\/\\\/dmcsrb.com\\\/#website\"},\"primaryImageOfPage\":{\"@id\":\"https:\\\/\\\/dmcsrb.com\\\/drustvo\\\/sjutra-u-vise-crnogorskih-gradova-protesti-podrske-palestini\\\/#primaryimage\"},\"image\":{\"@id\":\"https:\\\/\\\/dmcsrb.com\\\/drustvo\\\/sjutra-u-vise-crnogorskih-gradova-protesti-podrske-palestini\\\/#primaryimage\"},\"thumbnailUrl\":\"https:\\\/\\\/dmcsrb.com\\\/wp-content\\\/uploads\\\/2026\\\/01\\\/protest-podrske-Palestini-foto-Pokret-solidarnosti-sa-Palestinom-CG.webp\",\"datePublished\":\"2025-08-14T06:42:00+00:00\",\"author\":{\"@id\":\"https:\\\/\\\/dmcsrb.com\\\/#\\\/schema\\\/person\\\/5c39170f12db1b8b457732d0b5c854e2\"},\"breadcrumb\":{\"@id\":\"https:\\\/\\\/dmcsrb.com\\\/drustvo\\\/sjutra-u-vise-crnogorskih-gradova-protesti-podrske-palestini\\\/#breadcrumb\"},\"inLanguage\":\"en-GB\",\"potentialAction\":[{\"@type\":\"ReadAction\",\"target\":[\"https:\\\/\\\/dmcsrb.com\\\/drustvo\\\/sjutra-u-vise-crnogorskih-gradova-protesti-podrske-palestini\\\/\"]}]},{\"@type\":\"ImageObject\",\"inLanguage\":\"en-GB\",\"@id\":\"https:\\\/\\\/dmcsrb.com\\\/drustvo\\\/sjutra-u-vise-crnogorskih-gradova-protesti-podrske-palestini\\\/#primaryimage\",\"url\":\"https:\\\/\\\/dmcsrb.com\\\/wp-content\\\/uploads\\\/2026\\\/01\\\/protest-podrske-Palestini-foto-Pokret-solidarnosti-sa-Palestinom-CG.webp\",\"contentUrl\":\"https:\\\/\\\/dmcsrb.com\\\/wp-content\\\/uploads\\\/2026\\\/01\\\/protest-podrske-Palestini-foto-Pokret-solidarnosti-sa-Palestinom-CG.webp\",\"width\":1189,\"height\":730},{\"@type\":\"BreadcrumbList\",\"@id\":\"https:\\\/\\\/dmcsrb.com\\\/drustvo\\\/sjutra-u-vise-crnogorskih-gradova-protesti-podrske-palestini\\\/#breadcrumb\",\"itemListElement\":[{\"@type\":\"ListItem\",\"position\":1,\"name\":\"Home\",\"item\":\"https:\\\/\\\/dmcsrb.com\\\/\"},{\"@type\":\"ListItem\",\"position\":2,\"name\":\"Sjutra u vi\u0161e crnogorskih gradova protesti podr\u0161ke Palestini\"}]},{\"@type\":\"WebSite\",\"@id\":\"https:\\\/\\\/dmcsrb.com\\\/#website\",\"url\":\"https:\\\/\\\/dmcsrb.com\\\/\",\"name\":\"dmcsrb.com\",\"description\":\"\",\"potentialAction\":[{\"@type\":\"SearchAction\",\"target\":{\"@type\":\"EntryPoint\",\"urlTemplate\":\"https:\\\/\\\/dmcsrb.com\\\/?s={search_term_string}\"},\"query-input\":{\"@type\":\"PropertyValueSpecification\",\"valueRequired\":true,\"valueName\":\"search_term_string\"}}],\"inLanguage\":\"en-GB\"},{\"@type\":\"Person\",\"@id\":\"https:\\\/\\\/dmcsrb.com\\\/#\\\/schema\\\/person\\\/5c39170f12db1b8b457732d0b5c854e2\",\"name\":\"dmcsrbija.com@gmail.com\",\"image\":{\"@type\":\"ImageObject\",\"inLanguage\":\"en-GB\",\"@id\":\"https:\\\/\\\/secure.gravatar.com\\\/avatar\\\/68592660ad6347fad0fb587f8d5d8f1a7b44961362f56e4f2cd524feb87e9069?s=96&d=mm&r=g\",\"url\":\"https:\\\/\\\/secure.gravatar.com\\\/avatar\\\/68592660ad6347fad0fb587f8d5d8f1a7b44961362f56e4f2cd524feb87e9069?s=96&d=mm&r=g\",\"contentUrl\":\"https:\\\/\\\/secure.gravatar.com\\\/avatar\\\/68592660ad6347fad0fb587f8d5d8f1a7b44961362f56e4f2cd524feb87e9069?s=96&d=mm&r=g\",\"caption\":\"dmcsrbija.com@gmail.com\"},\"sameAs\":[\"https:\\\/\\\/dmcsrb.com\"],\"url\":\"https:\\\/\\\/dmcsrb.com\\\/en\\\/author\\\/dmcsrbija-comgmail-com\\\/\"}]}<\/script>\n<!-- \/ Yoast SEO plugin. -->","yoast_head_json":{"title":"Sjutra u vi\u0161e crnogorskih gradova protesti podr\u0161ke Palestini - dmcsrb.com","robots":{"index":"index","follow":"follow","max-snippet":"max-snippet:-1","max-image-preview":"max-image-preview:large","max-video-preview":"max-video-preview:-1"},"canonical":"https:\/\/dmcsrb.com\/en\/drustvo\/sjutra-u-vise-crnogorskih-gradova-protesti-podrske-palestini\/","og_locale":"en_GB","og_type":"article","og_title":"Sjutra u vi\u0161e crnogorskih gradova protesti podr\u0161ke Palestini - dmcsrb.com","og_description":"U deset crnogorskih op\u0161tina sjutra \u0107e biti odr\u017eani mirni skupovi solidarnosti sa Palestinom. Proteste organizuju gra\u0111anske inicijative, nevladine organizacije, Islamska zajednica i Pokret solidarnosti sa Palestinom.","og_url":"https:\/\/dmcsrb.com\/en\/drustvo\/sjutra-u-vise-crnogorskih-gradova-protesti-podrske-palestini\/","og_site_name":"dmcsrb.com","article_published_time":"2025-08-14T06:42:00+00:00","og_image":[{"width":1189,"height":730,"url":"https:\/\/dmcsrb.com\/wp-content\/uploads\/2026\/01\/protest-podrske-Palestini-foto-Pokret-solidarnosti-sa-Palestinom-CG.webp","type":"image\/jpeg"}],"author":"dmcsrbija.com@gmail.com","twitter_card":"summary_large_image","twitter_misc":{"Written by":"dmcsrbija.com@gmail.com","Estimated reading time":"2 minutes"},"schema":{"@context":"https:\/\/schema.org","@graph":[{"@type":"Article","@id":"https:\/\/dmcsrb.com\/drustvo\/sjutra-u-vise-crnogorskih-gradova-protesti-podrske-palestini\/#article","isPartOf":{"@id":"https:\/\/dmcsrb.com\/drustvo\/sjutra-u-vise-crnogorskih-gradova-protesti-podrske-palestini\/"},"author":{"name":"dmcsrbija.com@gmail.com","@id":"https:\/\/dmcsrb.com\/#\/schema\/person\/5c39170f12db1b8b457732d0b5c854e2"},"headline":"Sjutra u vi\u0161e crnogorskih gradova protesti podr\u0161ke Palestini","datePublished":"2025-08-14T06:42:00+00:00","mainEntityOfPage":{"@id":"https:\/\/dmcsrb.com\/drustvo\/sjutra-u-vise-crnogorskih-gradova-protesti-podrske-palestini\/"},"wordCount":325,"commentCount":0,"image":{"@id":"https:\/\/dmcsrb.com\/drustvo\/sjutra-u-vise-crnogorskih-gradova-protesti-podrske-palestini\/#primaryimage"},"thumbnailUrl":"https:\/\/dmcsrb.com\/wp-content\/uploads\/2026\/01\/protest-podrske-Palestini-foto-Pokret-solidarnosti-sa-Palestinom-CG.webp","keywords":["Pokret solidarnosti sa Palestinom","protesti"],"articleSection":["Dru\u0161tvo"],"inLanguage":"en-GB","potentialAction":[{"@type":"CommentAction","name":"Comment","target":["https:\/\/dmcsrb.com\/drustvo\/sjutra-u-vise-crnogorskih-gradova-protesti-podrske-palestini\/#respond"]}]},{"@type":"WebPage","@id":"https:\/\/dmcsrb.com\/drustvo\/sjutra-u-vise-crnogorskih-gradova-protesti-podrske-palestini\/","url":"https:\/\/dmcsrb.com\/drustvo\/sjutra-u-vise-crnogorskih-gradova-protesti-podrske-palestini\/","name":"Sjutra u vi\u0161e crnogorskih gradova protesti podr\u0161ke Palestini - dmcsrb.com","isPartOf":{"@id":"https:\/\/dmcsrb.com\/#website"},"primaryImageOfPage":{"@id":"https:\/\/dmcsrb.com\/drustvo\/sjutra-u-vise-crnogorskih-gradova-protesti-podrske-palestini\/#primaryimage"},"image":{"@id":"https:\/\/dmcsrb.com\/drustvo\/sjutra-u-vise-crnogorskih-gradova-protesti-podrske-palestini\/#primaryimage"},"thumbnailUrl":"https:\/\/dmcsrb.com\/wp-content\/uploads\/2026\/01\/protest-podrske-Palestini-foto-Pokret-solidarnosti-sa-Palestinom-CG.webp","datePublished":"2025-08-14T06:42:00+00:00","author":{"@id":"https:\/\/dmcsrb.com\/#\/schema\/person\/5c39170f12db1b8b457732d0b5c854e2"},"breadcrumb":{"@id":"https:\/\/dmcsrb.com\/drustvo\/sjutra-u-vise-crnogorskih-gradova-protesti-podrske-palestini\/#breadcrumb"},"inLanguage":"en-GB","potentialAction":[{"@type":"ReadAction","target":["https:\/\/dmcsrb.com\/drustvo\/sjutra-u-vise-crnogorskih-gradova-protesti-podrske-palestini\/"]}]},{"@type":"ImageObject","inLanguage":"en-GB","@id":"https:\/\/dmcsrb.com\/drustvo\/sjutra-u-vise-crnogorskih-gradova-protesti-podrske-palestini\/#primaryimage","url":"https:\/\/dmcsrb.com\/wp-content\/uploads\/2026\/01\/protest-podrske-Palestini-foto-Pokret-solidarnosti-sa-Palestinom-CG.webp","contentUrl":"https:\/\/dmcsrb.com\/wp-content\/uploads\/2026\/01\/protest-podrske-Palestini-foto-Pokret-solidarnosti-sa-Palestinom-CG.webp","width":1189,"height":730},{"@type":"BreadcrumbList","@id":"https:\/\/dmcsrb.com\/drustvo\/sjutra-u-vise-crnogorskih-gradova-protesti-podrske-palestini\/#breadcrumb","itemListElement":[{"@type":"ListItem","position":1,"name":"Home","item":"https:\/\/dmcsrb.com\/"},{"@type":"ListItem","position":2,"name":"Sjutra u vi\u0161e crnogorskih gradova protesti podr\u0161ke Palestini"}]},{"@type":"WebSite","@id":"https:\/\/dmcsrb.com\/#website","url":"https:\/\/dmcsrb.com\/","name":"dmcsrb.com","description":"","potentialAction":[{"@type":"SearchAction","target":{"@type":"EntryPoint","urlTemplate":"https:\/\/dmcsrb.com\/?s={search_term_string}"},"query-input":{"@type":"PropertyValueSpecification","valueRequired":true,"valueName":"search_term_string"}}],"inLanguage":"en-GB"},{"@type":"Person","@id":"https:\/\/dmcsrb.com\/#\/schema\/person\/5c39170f12db1b8b457732d0b5c854e2","name":"dmcsrbija.com@gmail.com","image":{"@type":"ImageObject","inLanguage":"en-GB","@id":"https:\/\/secure.gravatar.com\/avatar\/68592660ad6347fad0fb587f8d5d8f1a7b44961362f56e4f2cd524feb87e9069?s=96&d=mm&r=g","url":"https:\/\/secure.gravatar.com\/avatar\/68592660ad6347fad0fb587f8d5d8f1a7b44961362f56e4f2cd524feb87e9069?s=96&d=mm&r=g","contentUrl":"https:\/\/secure.gravatar.com\/avatar\/68592660ad6347fad0fb587f8d5d8f1a7b44961362f56e4f2cd524feb87e9069?s=96&d=mm&r=g","caption":"dmcsrbija.com@gmail.com"},"sameAs":["https:\/\/dmcsrb.com"],"url":"https:\/\/dmcsrb.com\/en\/author\/dmcsrbija-comgmail-com\/"}]}},"_links":{"self":[{"href":"https:\/\/dmcsrb.com\/en\/wp-json\/wp\/v2\/posts\/946157","targetHints":{"allow":["GET"]}}],"collection":[{"href":"https:\/\/dmcsrb.com\/en\/wp-json\/wp\/v2\/posts"}],"about":[{"href":"https:\/\/dmcsrb.com\/en\/wp-json\/wp\/v2\/types\/post"}],"author":[{"embeddable":true,"href":"https:\/\/dmcsrb.com\/en\/wp-json\/wp\/v2\/users\/1"}],"replies":[{"embeddable":true,"href":"https:\/\/dmcsrb.com\/en\/wp-json\/wp\/v2\/comments?post=946157"}],"version-history":[{"count":0,"href":"https:\/\/dmcsrb.com\/en\/wp-json\/wp\/v2\/posts\/946157\/revisions"}],"wp:featuredmedia":[{"embeddable":true,"href":"https:\/\/dmcsrb.com\/en\/wp-json\/wp\/v2\/media\/946158"}],"wp:attachment":[{"href":"https:\/\/dmcsrb.com\/en\/wp-json\/wp\/v2\/media?parent=946157"}],"wp:term":[{"taxonomy":"category","embeddable":true,"href":"https:\/\/dmcsrb.com\/en\/wp-json\/wp\/v2\/categories?post=946157"},{"taxonomy":"post_tag","embeddable":true,"href":"https:\/\/dmcsrb.com\/en\/wp-json\/wp\/v2\/tags?post=946157"},{"taxonomy":"naslovna","embeddable":true,"href":"https:\/\/dmcsrb.com\/en\/wp-json\/wp\/v2\/naslovna?post=946157"}],"curies":[{"name":"wp","href":"https:\/\/api.w.org\/{rel}","templated":true}]}}