{"id":946109,"date":"2025-08-13T19:11:34","date_gmt":"2025-08-13T17:11:34","guid":{"rendered":"https:\/\/dmcsrb.com\/uncategorized\/nevrijeme-zahvatilo-dio-dalmacije\/"},"modified":"2025-08-13T19:11:34","modified_gmt":"2025-08-13T17:11:34","slug":"nevrijeme-zahvatilo-dio-dalmacije","status":"publish","type":"post","link":"https:\/\/dmcsrb.com\/en\/region\/nevrijeme-zahvatilo-dio-dalmacije\/","title":{"rendered":"Nevrijeme zahvatilo dio Dalmacije"},"content":{"rendered":"<p>Dok traje talas velikih ljetnih vru\u0107ina, u popodnevnim satima u srednjoj Dalmaciji do\u0161lo je do mjestimice ja\u010deg razvoja naobla\u010denja, uz ki\u0161u, pljuskove i grmljavinu. Najja\u010di oblaci razvili su se iznad Cetinske krajine, osobito iznad Sinja gdje je do 19 sati palo <strong> 38 litara ki\u0161e<\/strong> po metru kvadratnom. <strong>Bujice vode slivale su se gradom<\/strong> a sli\u010dan scenarij dogodio se ranije u mjesecu zbog \u010dega je bila odgo\u0111ena Sinjska alka. Na tom podru\u010dju temperaturu su pale vi\u0161e do 10 stepeni pa je izmjereno 24\u00b0C.<\/p>\n\n\n\n<p>Srijeda je, ina\u010de, u cijeloj Dalmaciji donijela prave ljetne vru\u0107ine. Najvi\u0161e dnevne temperature vazduha bile su do 38\u00b0C, \u0161to je ipak malo ni\u017ee u odnosu na prekju\u010de kada su bilje\u017eene i vi\u0161e od 40\u00b0C.<\/p>\n\n\n\n<p>Meteorolozi u Hrvatskoj ka\u017eu da \u0107e se vru\u0107ine  nastaviti do kraja sedmice..U drugom dijelu sljede\u0107e sedmice postoji mogu\u0107nost za lagani pad temperature vazduha, ali \u0107e se zadr\u017eati vrlo toplo i vru\u0107e.<\/p>","protected":false},"excerpt":{"rendered":"<p>Temperatura pala vi\u0161e od deset stepeni.<\/p>","protected":false},"author":1,"featured_media":946110,"comment_status":"open","ping_status":"open","sticky":false,"template":"","format":"standard","meta":{"_acf_changed":false,"footnotes":""},"categories":[103],"tags":[9105,4492],"naslovna":[],"class_list":["post-946109","post","type-post","status-publish","format-standard","has-post-thumbnail","hentry","category-region","tag-dalmacija","tag-nevrijeme"],"acf":[],"yoast_head":"<!-- This site is optimized with the Yoast SEO plugin v27.4 - https:\/\/yoast.com\/product\/yoast-seo-wordpress\/ -->\n<title>Nevrijeme zahvatilo dio Dalmacije - dmcsrb.com<\/title>\n<meta name=\"robots\" content=\"index, follow, max-snippet:-1, max-image-preview:large, max-video-preview:-1\" \/>\n<link rel=\"canonical\" href=\"https:\/\/dmcsrb.com\/en\/region\/nevrijeme-zahvatilo-dio-dalmacije\/\" \/>\n<meta property=\"og:locale\" content=\"en_GB\" \/>\n<meta property=\"og:type\" content=\"article\" \/>\n<meta property=\"og:title\" content=\"Nevrijeme zahvatilo dio Dalmacije - dmcsrb.com\" \/>\n<meta property=\"og:description\" content=\"Temperatura pala vi\u0161e od deset stepeni.\" \/>\n<meta property=\"og:url\" content=\"https:\/\/dmcsrb.com\/en\/region\/nevrijeme-zahvatilo-dio-dalmacije\/\" \/>\n<meta property=\"og:site_name\" content=\"dmcsrb.com\" \/>\n<meta property=\"article:published_time\" content=\"2025-08-13T17:11:34+00:00\" \/>\n<meta property=\"og:image\" content=\"https:\/\/dmcsrb.com\/wp-content\/uploads\/2026\/01\/nevrijeme-Dalmacija.webp\" \/>\n\t<meta property=\"og:image:width\" content=\"800\" \/>\n\t<meta property=\"og:image:height\" content=\"495\" \/>\n\t<meta property=\"og:image:type\" content=\"image\/jpeg\" \/>\n<meta name=\"author\" content=\"dmcsrbija.com@gmail.com\" \/>\n<meta name=\"twitter:card\" content=\"summary_large_image\" \/>\n<meta name=\"twitter:label1\" content=\"Written by\" \/>\n\t<meta name=\"twitter:data1\" content=\"dmcsrbija.com@gmail.com\" \/>\n\t<meta name=\"twitter:label2\" content=\"Estimated reading time\" \/>\n\t<meta name=\"twitter:data2\" content=\"1 minute\" \/>\n<script type=\"application\/ld+json\" class=\"yoast-schema-graph\">{\"@context\":\"https:\\\/\\\/schema.org\",\"@graph\":[{\"@type\":\"Article\",\"@id\":\"https:\\\/\\\/dmcsrb.com\\\/region\\\/nevrijeme-zahvatilo-dio-dalmacije\\\/#article\",\"isPartOf\":{\"@id\":\"https:\\\/\\\/dmcsrb.com\\\/region\\\/nevrijeme-zahvatilo-dio-dalmacije\\\/\"},\"author\":{\"name\":\"dmcsrbija.com@gmail.com\",\"@id\":\"https:\\\/\\\/dmcsrb.com\\\/#\\\/schema\\\/person\\\/5c39170f12db1b8b457732d0b5c854e2\"},\"headline\":\"Nevrijeme zahvatilo dio Dalmacije\",\"datePublished\":\"2025-08-13T17:11:34+00:00\",\"mainEntityOfPage\":{\"@id\":\"https:\\\/\\\/dmcsrb.com\\\/region\\\/nevrijeme-zahvatilo-dio-dalmacije\\\/\"},\"wordCount\":173,\"commentCount\":0,\"image\":{\"@id\":\"https:\\\/\\\/dmcsrb.com\\\/region\\\/nevrijeme-zahvatilo-dio-dalmacije\\\/#primaryimage\"},\"thumbnailUrl\":\"https:\\\/\\\/dmcsrb.com\\\/wp-content\\\/uploads\\\/2026\\\/01\\\/nevrijeme-Dalmacija.webp\",\"keywords\":[\"Dalmacija\",\"nevrijeme\"],\"articleSection\":[\"Region\"],\"inLanguage\":\"en-GB\",\"potentialAction\":[{\"@type\":\"CommentAction\",\"name\":\"Comment\",\"target\":[\"https:\\\/\\\/dmcsrb.com\\\/region\\\/nevrijeme-zahvatilo-dio-dalmacije\\\/#respond\"]}]},{\"@type\":\"WebPage\",\"@id\":\"https:\\\/\\\/dmcsrb.com\\\/region\\\/nevrijeme-zahvatilo-dio-dalmacije\\\/\",\"url\":\"https:\\\/\\\/dmcsrb.com\\\/region\\\/nevrijeme-zahvatilo-dio-dalmacije\\\/\",\"name\":\"Nevrijeme zahvatilo dio Dalmacije - dmcsrb.com\",\"isPartOf\":{\"@id\":\"https:\\\/\\\/dmcsrb.com\\\/#website\"},\"primaryImageOfPage\":{\"@id\":\"https:\\\/\\\/dmcsrb.com\\\/region\\\/nevrijeme-zahvatilo-dio-dalmacije\\\/#primaryimage\"},\"image\":{\"@id\":\"https:\\\/\\\/dmcsrb.com\\\/region\\\/nevrijeme-zahvatilo-dio-dalmacije\\\/#primaryimage\"},\"thumbnailUrl\":\"https:\\\/\\\/dmcsrb.com\\\/wp-content\\\/uploads\\\/2026\\\/01\\\/nevrijeme-Dalmacija.webp\",\"datePublished\":\"2025-08-13T17:11:34+00:00\",\"author\":{\"@id\":\"https:\\\/\\\/dmcsrb.com\\\/#\\\/schema\\\/person\\\/5c39170f12db1b8b457732d0b5c854e2\"},\"breadcrumb\":{\"@id\":\"https:\\\/\\\/dmcsrb.com\\\/region\\\/nevrijeme-zahvatilo-dio-dalmacije\\\/#breadcrumb\"},\"inLanguage\":\"en-GB\",\"potentialAction\":[{\"@type\":\"ReadAction\",\"target\":[\"https:\\\/\\\/dmcsrb.com\\\/region\\\/nevrijeme-zahvatilo-dio-dalmacije\\\/\"]}]},{\"@type\":\"ImageObject\",\"inLanguage\":\"en-GB\",\"@id\":\"https:\\\/\\\/dmcsrb.com\\\/region\\\/nevrijeme-zahvatilo-dio-dalmacije\\\/#primaryimage\",\"url\":\"https:\\\/\\\/dmcsrb.com\\\/wp-content\\\/uploads\\\/2026\\\/01\\\/nevrijeme-Dalmacija.webp\",\"contentUrl\":\"https:\\\/\\\/dmcsrb.com\\\/wp-content\\\/uploads\\\/2026\\\/01\\\/nevrijeme-Dalmacija.webp\",\"width\":800,\"height\":495},{\"@type\":\"BreadcrumbList\",\"@id\":\"https:\\\/\\\/dmcsrb.com\\\/region\\\/nevrijeme-zahvatilo-dio-dalmacije\\\/#breadcrumb\",\"itemListElement\":[{\"@type\":\"ListItem\",\"position\":1,\"name\":\"Home\",\"item\":\"https:\\\/\\\/dmcsrb.com\\\/\"},{\"@type\":\"ListItem\",\"position\":2,\"name\":\"Nevrijeme zahvatilo dio Dalmacije\"}]},{\"@type\":\"WebSite\",\"@id\":\"https:\\\/\\\/dmcsrb.com\\\/#website\",\"url\":\"https:\\\/\\\/dmcsrb.com\\\/\",\"name\":\"dmcsrb.com\",\"description\":\"\",\"potentialAction\":[{\"@type\":\"SearchAction\",\"target\":{\"@type\":\"EntryPoint\",\"urlTemplate\":\"https:\\\/\\\/dmcsrb.com\\\/?s={search_term_string}\"},\"query-input\":{\"@type\":\"PropertyValueSpecification\",\"valueRequired\":true,\"valueName\":\"search_term_string\"}}],\"inLanguage\":\"en-GB\"},{\"@type\":\"Person\",\"@id\":\"https:\\\/\\\/dmcsrb.com\\\/#\\\/schema\\\/person\\\/5c39170f12db1b8b457732d0b5c854e2\",\"name\":\"dmcsrbija.com@gmail.com\",\"image\":{\"@type\":\"ImageObject\",\"inLanguage\":\"en-GB\",\"@id\":\"https:\\\/\\\/secure.gravatar.com\\\/avatar\\\/68592660ad6347fad0fb587f8d5d8f1a7b44961362f56e4f2cd524feb87e9069?s=96&d=mm&r=g\",\"url\":\"https:\\\/\\\/secure.gravatar.com\\\/avatar\\\/68592660ad6347fad0fb587f8d5d8f1a7b44961362f56e4f2cd524feb87e9069?s=96&d=mm&r=g\",\"contentUrl\":\"https:\\\/\\\/secure.gravatar.com\\\/avatar\\\/68592660ad6347fad0fb587f8d5d8f1a7b44961362f56e4f2cd524feb87e9069?s=96&d=mm&r=g\",\"caption\":\"dmcsrbija.com@gmail.com\"},\"sameAs\":[\"https:\\\/\\\/dmcsrb.com\"],\"url\":\"https:\\\/\\\/dmcsrb.com\\\/en\\\/author\\\/dmcsrbija-comgmail-com\\\/\"}]}<\/script>\n<!-- \/ Yoast SEO plugin. -->","yoast_head_json":{"title":"Nevrijeme zahvatilo dio Dalmacije - dmcsrb.com","robots":{"index":"index","follow":"follow","max-snippet":"max-snippet:-1","max-image-preview":"max-image-preview:large","max-video-preview":"max-video-preview:-1"},"canonical":"https:\/\/dmcsrb.com\/en\/region\/nevrijeme-zahvatilo-dio-dalmacije\/","og_locale":"en_GB","og_type":"article","og_title":"Nevrijeme zahvatilo dio Dalmacije - dmcsrb.com","og_description":"Temperatura pala vi\u0161e od deset stepeni.","og_url":"https:\/\/dmcsrb.com\/en\/region\/nevrijeme-zahvatilo-dio-dalmacije\/","og_site_name":"dmcsrb.com","article_published_time":"2025-08-13T17:11:34+00:00","og_image":[{"width":800,"height":495,"url":"https:\/\/dmcsrb.com\/wp-content\/uploads\/2026\/01\/nevrijeme-Dalmacija.webp","type":"image\/jpeg"}],"author":"dmcsrbija.com@gmail.com","twitter_card":"summary_large_image","twitter_misc":{"Written by":"dmcsrbija.com@gmail.com","Estimated reading time":"1 minute"},"schema":{"@context":"https:\/\/schema.org","@graph":[{"@type":"Article","@id":"https:\/\/dmcsrb.com\/region\/nevrijeme-zahvatilo-dio-dalmacije\/#article","isPartOf":{"@id":"https:\/\/dmcsrb.com\/region\/nevrijeme-zahvatilo-dio-dalmacije\/"},"author":{"name":"dmcsrbija.com@gmail.com","@id":"https:\/\/dmcsrb.com\/#\/schema\/person\/5c39170f12db1b8b457732d0b5c854e2"},"headline":"Nevrijeme zahvatilo dio Dalmacije","datePublished":"2025-08-13T17:11:34+00:00","mainEntityOfPage":{"@id":"https:\/\/dmcsrb.com\/region\/nevrijeme-zahvatilo-dio-dalmacije\/"},"wordCount":173,"commentCount":0,"image":{"@id":"https:\/\/dmcsrb.com\/region\/nevrijeme-zahvatilo-dio-dalmacije\/#primaryimage"},"thumbnailUrl":"https:\/\/dmcsrb.com\/wp-content\/uploads\/2026\/01\/nevrijeme-Dalmacija.webp","keywords":["Dalmacija","nevrijeme"],"articleSection":["Region"],"inLanguage":"en-GB","potentialAction":[{"@type":"CommentAction","name":"Comment","target":["https:\/\/dmcsrb.com\/region\/nevrijeme-zahvatilo-dio-dalmacije\/#respond"]}]},{"@type":"WebPage","@id":"https:\/\/dmcsrb.com\/region\/nevrijeme-zahvatilo-dio-dalmacije\/","url":"https:\/\/dmcsrb.com\/region\/nevrijeme-zahvatilo-dio-dalmacije\/","name":"Nevrijeme zahvatilo dio Dalmacije - dmcsrb.com","isPartOf":{"@id":"https:\/\/dmcsrb.com\/#website"},"primaryImageOfPage":{"@id":"https:\/\/dmcsrb.com\/region\/nevrijeme-zahvatilo-dio-dalmacije\/#primaryimage"},"image":{"@id":"https:\/\/dmcsrb.com\/region\/nevrijeme-zahvatilo-dio-dalmacije\/#primaryimage"},"thumbnailUrl":"https:\/\/dmcsrb.com\/wp-content\/uploads\/2026\/01\/nevrijeme-Dalmacija.webp","datePublished":"2025-08-13T17:11:34+00:00","author":{"@id":"https:\/\/dmcsrb.com\/#\/schema\/person\/5c39170f12db1b8b457732d0b5c854e2"},"breadcrumb":{"@id":"https:\/\/dmcsrb.com\/region\/nevrijeme-zahvatilo-dio-dalmacije\/#breadcrumb"},"inLanguage":"en-GB","potentialAction":[{"@type":"ReadAction","target":["https:\/\/dmcsrb.com\/region\/nevrijeme-zahvatilo-dio-dalmacije\/"]}]},{"@type":"ImageObject","inLanguage":"en-GB","@id":"https:\/\/dmcsrb.com\/region\/nevrijeme-zahvatilo-dio-dalmacije\/#primaryimage","url":"https:\/\/dmcsrb.com\/wp-content\/uploads\/2026\/01\/nevrijeme-Dalmacija.webp","contentUrl":"https:\/\/dmcsrb.com\/wp-content\/uploads\/2026\/01\/nevrijeme-Dalmacija.webp","width":800,"height":495},{"@type":"BreadcrumbList","@id":"https:\/\/dmcsrb.com\/region\/nevrijeme-zahvatilo-dio-dalmacije\/#breadcrumb","itemListElement":[{"@type":"ListItem","position":1,"name":"Home","item":"https:\/\/dmcsrb.com\/"},{"@type":"ListItem","position":2,"name":"Nevrijeme zahvatilo dio Dalmacije"}]},{"@type":"WebSite","@id":"https:\/\/dmcsrb.com\/#website","url":"https:\/\/dmcsrb.com\/","name":"dmcsrb.com","description":"","potentialAction":[{"@type":"SearchAction","target":{"@type":"EntryPoint","urlTemplate":"https:\/\/dmcsrb.com\/?s={search_term_string}"},"query-input":{"@type":"PropertyValueSpecification","valueRequired":true,"valueName":"search_term_string"}}],"inLanguage":"en-GB"},{"@type":"Person","@id":"https:\/\/dmcsrb.com\/#\/schema\/person\/5c39170f12db1b8b457732d0b5c854e2","name":"dmcsrbija.com@gmail.com","image":{"@type":"ImageObject","inLanguage":"en-GB","@id":"https:\/\/secure.gravatar.com\/avatar\/68592660ad6347fad0fb587f8d5d8f1a7b44961362f56e4f2cd524feb87e9069?s=96&d=mm&r=g","url":"https:\/\/secure.gravatar.com\/avatar\/68592660ad6347fad0fb587f8d5d8f1a7b44961362f56e4f2cd524feb87e9069?s=96&d=mm&r=g","contentUrl":"https:\/\/secure.gravatar.com\/avatar\/68592660ad6347fad0fb587f8d5d8f1a7b44961362f56e4f2cd524feb87e9069?s=96&d=mm&r=g","caption":"dmcsrbija.com@gmail.com"},"sameAs":["https:\/\/dmcsrb.com"],"url":"https:\/\/dmcsrb.com\/en\/author\/dmcsrbija-comgmail-com\/"}]}},"_links":{"self":[{"href":"https:\/\/dmcsrb.com\/en\/wp-json\/wp\/v2\/posts\/946109","targetHints":{"allow":["GET"]}}],"collection":[{"href":"https:\/\/dmcsrb.com\/en\/wp-json\/wp\/v2\/posts"}],"about":[{"href":"https:\/\/dmcsrb.com\/en\/wp-json\/wp\/v2\/types\/post"}],"author":[{"embeddable":true,"href":"https:\/\/dmcsrb.com\/en\/wp-json\/wp\/v2\/users\/1"}],"replies":[{"embeddable":true,"href":"https:\/\/dmcsrb.com\/en\/wp-json\/wp\/v2\/comments?post=946109"}],"version-history":[{"count":0,"href":"https:\/\/dmcsrb.com\/en\/wp-json\/wp\/v2\/posts\/946109\/revisions"}],"wp:featuredmedia":[{"embeddable":true,"href":"https:\/\/dmcsrb.com\/en\/wp-json\/wp\/v2\/media\/946110"}],"wp:attachment":[{"href":"https:\/\/dmcsrb.com\/en\/wp-json\/wp\/v2\/media?parent=946109"}],"wp:term":[{"taxonomy":"category","embeddable":true,"href":"https:\/\/dmcsrb.com\/en\/wp-json\/wp\/v2\/categories?post=946109"},{"taxonomy":"post_tag","embeddable":true,"href":"https:\/\/dmcsrb.com\/en\/wp-json\/wp\/v2\/tags?post=946109"},{"taxonomy":"naslovna","embeddable":true,"href":"https:\/\/dmcsrb.com\/en\/wp-json\/wp\/v2\/naslovna?post=946109"}],"curies":[{"name":"wp","href":"https:\/\/api.w.org\/{rel}","templated":true}]}}