{"id":946107,"date":"2025-08-13T18:55:00","date_gmt":"2025-08-13T16:55:00","guid":{"rendered":"https:\/\/dmcsrb.com\/uncategorized\/pripadnici-vcg-angazovani-na-gasenju-pozara-na-vise-lokacija\/"},"modified":"2025-08-13T18:55:00","modified_gmt":"2025-08-13T16:55:00","slug":"pripadnici-vcg-angazovani-na-gasenju-pozara-na-vise-lokacija","status":"publish","type":"post","link":"https:\/\/dmcsrb.com\/en\/drustvo\/pripadnici-vcg-angazovani-na-gasenju-pozara-na-vise-lokacija\/","title":{"rendered":"Pripadnici VCG anga\u017eovani na ga\u0161enju po\u017eara na vi\u0161e lokacija"},"content":{"rendered":"<p><\/p>\n\n\n\n<p>Tokom dana, pripadnici VCG djelovali su u Smokovcu, Ku\u010dima, Doljanima, Gornjim Mrkama, Topalovu, Gornjim Rsojevi\u0107ima, kao i na drugim lokacijama u op\u0161tinama Podgorica, Danilovgrad i Nik\u0161i\u0107.<\/p>\n\n\n\n<figure class=\"wp-block-image size-full\"><img decoding=\"async\" src=\"https:\/\/gradski.me\/wp-content\/uploads\/2025\/08\/1E3CCAFD-5CBF-422A-92C5-014455B89FBB-e1755109599161-1000x555-1.jpeg\" alt=\"\" class=\"wp-image-812902\"\/><figcaption class=\"wp-element-caption\">Foto: <strong>Ministarstvo odbrane<\/strong><\/figcaption><\/figure>\n\n\n\n<p>&#8221;Sve aktivnosti Vojske Crne Gore sprovode se u bliskoj koordinaciji sa Ministarstvom unutra\u0161njih\u00a0 poslova, lokalnim slu\u017ebama za\u0161tite i spa\u0161avanja, kao i drugim nadle\u017enim institucijama, kako bismo zajedni\u010dkim snagama za\u0161titili ugro\u017eena podru\u010dja. Vojska Crne Gore ostaje potpuno posve\u0107ena izvr\u0161avanju svojih zadataka i spremna da pru\u017ei pomo\u0107 gdje god je to potrebno&#8221;, zaklju\u010duju iz Ministarstva odbrane.<\/p>\n\n\n\n<figure class=\"wp-block-image size-large\"><img decoding=\"async\" src=\"https:\/\/gradski.me\/wp-content\/uploads\/2025\/08\/D1CAF218-88DA-4F6F-A1B6-A78E26321154-769x1024.jpeg\" alt=\"\" class=\"wp-image-812903\"\/><figcaption class=\"wp-element-caption\">Foto: <strong>Ministarstvo odbrane<\/strong><\/figcaption><\/figure>","protected":false},"excerpt":{"rendered":"<p>Pripadnici i pripadnice Vojske Crne Gore i danas su anga\u017eovani na ga\u0161enju po\u017eara iz vazduha i sa kopna. Posade helikoptera Bell 412 izbacile su desetine tona vode na po\u017eari\u0161ta, dok jedinice na zemlji neprekidno rade na obuzdavanju plamena i za\u0161titi \u017eivota i imovine gra\u0111ana, saop\u0161teno je iz Ministarstva odbrane.<\/p>","protected":false},"author":1,"featured_media":946108,"comment_status":"open","ping_status":"open","sticky":false,"template":"","format":"standard","meta":{"_acf_changed":false,"footnotes":""},"categories":[2],"tags":[4392,17561,17562,5945],"naslovna":[],"class_list":["post-946107","post","type-post","status-publish","format-standard","has-post-thumbnail","hentry","category-drustvo","tag-gasenje-pozara","tag-kopno","tag-vazdu","tag-vojska-crne-gore"],"acf":[],"yoast_head":"<!-- This site is optimized with the Yoast SEO plugin v27.0 - https:\/\/yoast.com\/product\/yoast-seo-wordpress\/ -->\n<title>Pripadnici VCG anga\u017eovani na ga\u0161enju po\u017eara na vi\u0161e lokacija - dmcsrb.com<\/title>\n<meta name=\"robots\" content=\"index, follow, max-snippet:-1, max-image-preview:large, max-video-preview:-1\" \/>\n<link rel=\"canonical\" href=\"https:\/\/dmcsrb.com\/en\/drustvo\/pripadnici-vcg-angazovani-na-gasenju-pozara-na-vise-lokacija\/\" \/>\n<meta property=\"og:locale\" content=\"en_GB\" \/>\n<meta property=\"og:type\" content=\"article\" \/>\n<meta property=\"og:title\" content=\"Pripadnici VCG anga\u017eovani na ga\u0161enju po\u017eara na vi\u0161e lokacija - dmcsrb.com\" \/>\n<meta property=\"og:description\" content=\"Pripadnici i pripadnice Vojske Crne Gore i danas su anga\u017eovani na ga\u0161enju po\u017eara iz vazduha i sa kopna. Posade helikoptera Bell 412 izbacile su desetine tona vode na po\u017eari\u0161ta, dok jedinice na zemlji neprekidno rade na obuzdavanju plamena i za\u0161titi \u017eivota i imovine gra\u0111ana, saop\u0161teno je iz Ministarstva odbrane.\" \/>\n<meta property=\"og:url\" content=\"https:\/\/dmcsrb.com\/en\/drustvo\/pripadnici-vcg-angazovani-na-gasenju-pozara-na-vise-lokacija\/\" \/>\n<meta property=\"og:site_name\" content=\"dmcsrb.com\" \/>\n<meta property=\"article:published_time\" content=\"2025-08-13T16:55:00+00:00\" \/>\n<meta property=\"og:image\" content=\"https:\/\/dmcsrb.com\/wp-content\/uploads\/2026\/01\/29232BDE-CC78-4057-A024-A96776E0189E.webp\" \/>\n\t<meta property=\"og:image:width\" content=\"1440\" \/>\n\t<meta property=\"og:image:height\" content=\"1918\" \/>\n\t<meta property=\"og:image:type\" content=\"image\/jpeg\" \/>\n<meta name=\"author\" content=\"dmcsrbija.com@gmail.com\" \/>\n<meta name=\"twitter:card\" content=\"summary_large_image\" \/>\n<meta name=\"twitter:label1\" content=\"Written by\" \/>\n\t<meta name=\"twitter:data1\" content=\"dmcsrbija.com@gmail.com\" \/>\n\t<meta name=\"twitter:label2\" content=\"Estimated reading time\" \/>\n\t<meta name=\"twitter:data2\" content=\"1 minute\" \/>\n<script type=\"application\/ld+json\" class=\"yoast-schema-graph\">{\"@context\":\"https:\/\/schema.org\",\"@graph\":[{\"@type\":\"Article\",\"@id\":\"https:\/\/dmcsrb.com\/drustvo\/pripadnici-vcg-angazovani-na-gasenju-pozara-na-vise-lokacija\/#article\",\"isPartOf\":{\"@id\":\"https:\/\/dmcsrb.com\/drustvo\/pripadnici-vcg-angazovani-na-gasenju-pozara-na-vise-lokacija\/\"},\"author\":{\"name\":\"dmcsrbija.com@gmail.com\",\"@id\":\"https:\/\/dmcsrb.com\/#\/schema\/person\/5c39170f12db1b8b457732d0b5c854e2\"},\"headline\":\"Pripadnici VCG anga\u017eovani na ga\u0161enju po\u017eara na vi\u0161e lokacija\",\"datePublished\":\"2025-08-13T16:55:00+00:00\",\"mainEntityOfPage\":{\"@id\":\"https:\/\/dmcsrb.com\/drustvo\/pripadnici-vcg-angazovani-na-gasenju-pozara-na-vise-lokacija\/\"},\"wordCount\":116,\"commentCount\":0,\"image\":{\"@id\":\"https:\/\/dmcsrb.com\/drustvo\/pripadnici-vcg-angazovani-na-gasenju-pozara-na-vise-lokacija\/#primaryimage\"},\"thumbnailUrl\":\"https:\/\/dmcsrb.com\/wp-content\/uploads\/2026\/01\/29232BDE-CC78-4057-A024-A96776E0189E.webp\",\"keywords\":[\"Ga\u0161enje po\u017eara\",\"kopno\",\"Vazdu\",\"Vojska crne Gore\"],\"articleSection\":[\"Dru\u0161tvo\"],\"inLanguage\":\"en-GB\",\"potentialAction\":[{\"@type\":\"CommentAction\",\"name\":\"Comment\",\"target\":[\"https:\/\/dmcsrb.com\/drustvo\/pripadnici-vcg-angazovani-na-gasenju-pozara-na-vise-lokacija\/#respond\"]}]},{\"@type\":\"WebPage\",\"@id\":\"https:\/\/dmcsrb.com\/drustvo\/pripadnici-vcg-angazovani-na-gasenju-pozara-na-vise-lokacija\/\",\"url\":\"https:\/\/dmcsrb.com\/drustvo\/pripadnici-vcg-angazovani-na-gasenju-pozara-na-vise-lokacija\/\",\"name\":\"Pripadnici VCG anga\u017eovani na ga\u0161enju po\u017eara na vi\u0161e lokacija - dmcsrb.com\",\"isPartOf\":{\"@id\":\"https:\/\/dmcsrb.com\/#website\"},\"primaryImageOfPage\":{\"@id\":\"https:\/\/dmcsrb.com\/drustvo\/pripadnici-vcg-angazovani-na-gasenju-pozara-na-vise-lokacija\/#primaryimage\"},\"image\":{\"@id\":\"https:\/\/dmcsrb.com\/drustvo\/pripadnici-vcg-angazovani-na-gasenju-pozara-na-vise-lokacija\/#primaryimage\"},\"thumbnailUrl\":\"https:\/\/dmcsrb.com\/wp-content\/uploads\/2026\/01\/29232BDE-CC78-4057-A024-A96776E0189E.webp\",\"datePublished\":\"2025-08-13T16:55:00+00:00\",\"author\":{\"@id\":\"https:\/\/dmcsrb.com\/#\/schema\/person\/5c39170f12db1b8b457732d0b5c854e2\"},\"breadcrumb\":{\"@id\":\"https:\/\/dmcsrb.com\/drustvo\/pripadnici-vcg-angazovani-na-gasenju-pozara-na-vise-lokacija\/#breadcrumb\"},\"inLanguage\":\"en-GB\",\"potentialAction\":[{\"@type\":\"ReadAction\",\"target\":[\"https:\/\/dmcsrb.com\/drustvo\/pripadnici-vcg-angazovani-na-gasenju-pozara-na-vise-lokacija\/\"]}]},{\"@type\":\"ImageObject\",\"inLanguage\":\"en-GB\",\"@id\":\"https:\/\/dmcsrb.com\/drustvo\/pripadnici-vcg-angazovani-na-gasenju-pozara-na-vise-lokacija\/#primaryimage\",\"url\":\"https:\/\/dmcsrb.com\/wp-content\/uploads\/2026\/01\/29232BDE-CC78-4057-A024-A96776E0189E.webp\",\"contentUrl\":\"https:\/\/dmcsrb.com\/wp-content\/uploads\/2026\/01\/29232BDE-CC78-4057-A024-A96776E0189E.webp\",\"width\":1440,\"height\":1918},{\"@type\":\"BreadcrumbList\",\"@id\":\"https:\/\/dmcsrb.com\/drustvo\/pripadnici-vcg-angazovani-na-gasenju-pozara-na-vise-lokacija\/#breadcrumb\",\"itemListElement\":[{\"@type\":\"ListItem\",\"position\":1,\"name\":\"Home\",\"item\":\"https:\/\/dmcsrb.com\/\"},{\"@type\":\"ListItem\",\"position\":2,\"name\":\"Pripadnici VCG anga\u017eovani na ga\u0161enju po\u017eara na vi\u0161e lokacija\"}]},{\"@type\":\"WebSite\",\"@id\":\"https:\/\/dmcsrb.com\/#website\",\"url\":\"https:\/\/dmcsrb.com\/\",\"name\":\"dmcsrb.com\",\"description\":\"\",\"potentialAction\":[{\"@type\":\"SearchAction\",\"target\":{\"@type\":\"EntryPoint\",\"urlTemplate\":\"https:\/\/dmcsrb.com\/?s={search_term_string}\"},\"query-input\":{\"@type\":\"PropertyValueSpecification\",\"valueRequired\":true,\"valueName\":\"search_term_string\"}}],\"inLanguage\":\"en-GB\"},{\"@type\":\"Person\",\"@id\":\"https:\/\/dmcsrb.com\/#\/schema\/person\/5c39170f12db1b8b457732d0b5c854e2\",\"name\":\"dmcsrbija.com@gmail.com\",\"image\":{\"@type\":\"ImageObject\",\"inLanguage\":\"en-GB\",\"@id\":\"https:\/\/dmcsrb.com\/#\/schema\/person\/image\/\",\"url\":\"https:\/\/secure.gravatar.com\/avatar\/68592660ad6347fad0fb587f8d5d8f1a7b44961362f56e4f2cd524feb87e9069?s=96&d=mm&r=g\",\"contentUrl\":\"https:\/\/secure.gravatar.com\/avatar\/68592660ad6347fad0fb587f8d5d8f1a7b44961362f56e4f2cd524feb87e9069?s=96&d=mm&r=g\",\"caption\":\"dmcsrbija.com@gmail.com\"},\"sameAs\":[\"https:\/\/dmcsrb.com\"],\"url\":\"https:\/\/dmcsrb.com\/en\/author\/dmcsrbija-comgmail-com\/\"}]}<\/script>\n<!-- \/ Yoast SEO plugin. -->","yoast_head_json":{"title":"Pripadnici VCG anga\u017eovani na ga\u0161enju po\u017eara na vi\u0161e lokacija - dmcsrb.com","robots":{"index":"index","follow":"follow","max-snippet":"max-snippet:-1","max-image-preview":"max-image-preview:large","max-video-preview":"max-video-preview:-1"},"canonical":"https:\/\/dmcsrb.com\/en\/drustvo\/pripadnici-vcg-angazovani-na-gasenju-pozara-na-vise-lokacija\/","og_locale":"en_GB","og_type":"article","og_title":"Pripadnici VCG anga\u017eovani na ga\u0161enju po\u017eara na vi\u0161e lokacija - dmcsrb.com","og_description":"Pripadnici i pripadnice Vojske Crne Gore i danas su anga\u017eovani na ga\u0161enju po\u017eara iz vazduha i sa kopna. Posade helikoptera Bell 412 izbacile su desetine tona vode na po\u017eari\u0161ta, dok jedinice na zemlji neprekidno rade na obuzdavanju plamena i za\u0161titi \u017eivota i imovine gra\u0111ana, saop\u0161teno je iz Ministarstva odbrane.","og_url":"https:\/\/dmcsrb.com\/en\/drustvo\/pripadnici-vcg-angazovani-na-gasenju-pozara-na-vise-lokacija\/","og_site_name":"dmcsrb.com","article_published_time":"2025-08-13T16:55:00+00:00","og_image":[{"width":1440,"height":1918,"url":"https:\/\/dmcsrb.com\/wp-content\/uploads\/2026\/01\/29232BDE-CC78-4057-A024-A96776E0189E.webp","type":"image\/jpeg"}],"author":"dmcsrbija.com@gmail.com","twitter_card":"summary_large_image","twitter_misc":{"Written by":"dmcsrbija.com@gmail.com","Estimated reading time":"1 minute"},"schema":{"@context":"https:\/\/schema.org","@graph":[{"@type":"Article","@id":"https:\/\/dmcsrb.com\/drustvo\/pripadnici-vcg-angazovani-na-gasenju-pozara-na-vise-lokacija\/#article","isPartOf":{"@id":"https:\/\/dmcsrb.com\/drustvo\/pripadnici-vcg-angazovani-na-gasenju-pozara-na-vise-lokacija\/"},"author":{"name":"dmcsrbija.com@gmail.com","@id":"https:\/\/dmcsrb.com\/#\/schema\/person\/5c39170f12db1b8b457732d0b5c854e2"},"headline":"Pripadnici VCG anga\u017eovani na ga\u0161enju po\u017eara na vi\u0161e lokacija","datePublished":"2025-08-13T16:55:00+00:00","mainEntityOfPage":{"@id":"https:\/\/dmcsrb.com\/drustvo\/pripadnici-vcg-angazovani-na-gasenju-pozara-na-vise-lokacija\/"},"wordCount":116,"commentCount":0,"image":{"@id":"https:\/\/dmcsrb.com\/drustvo\/pripadnici-vcg-angazovani-na-gasenju-pozara-na-vise-lokacija\/#primaryimage"},"thumbnailUrl":"https:\/\/dmcsrb.com\/wp-content\/uploads\/2026\/01\/29232BDE-CC78-4057-A024-A96776E0189E.webp","keywords":["Ga\u0161enje po\u017eara","kopno","Vazdu","Vojska crne Gore"],"articleSection":["Dru\u0161tvo"],"inLanguage":"en-GB","potentialAction":[{"@type":"CommentAction","name":"Comment","target":["https:\/\/dmcsrb.com\/drustvo\/pripadnici-vcg-angazovani-na-gasenju-pozara-na-vise-lokacija\/#respond"]}]},{"@type":"WebPage","@id":"https:\/\/dmcsrb.com\/drustvo\/pripadnici-vcg-angazovani-na-gasenju-pozara-na-vise-lokacija\/","url":"https:\/\/dmcsrb.com\/drustvo\/pripadnici-vcg-angazovani-na-gasenju-pozara-na-vise-lokacija\/","name":"Pripadnici VCG anga\u017eovani na ga\u0161enju po\u017eara na vi\u0161e lokacija - dmcsrb.com","isPartOf":{"@id":"https:\/\/dmcsrb.com\/#website"},"primaryImageOfPage":{"@id":"https:\/\/dmcsrb.com\/drustvo\/pripadnici-vcg-angazovani-na-gasenju-pozara-na-vise-lokacija\/#primaryimage"},"image":{"@id":"https:\/\/dmcsrb.com\/drustvo\/pripadnici-vcg-angazovani-na-gasenju-pozara-na-vise-lokacija\/#primaryimage"},"thumbnailUrl":"https:\/\/dmcsrb.com\/wp-content\/uploads\/2026\/01\/29232BDE-CC78-4057-A024-A96776E0189E.webp","datePublished":"2025-08-13T16:55:00+00:00","author":{"@id":"https:\/\/dmcsrb.com\/#\/schema\/person\/5c39170f12db1b8b457732d0b5c854e2"},"breadcrumb":{"@id":"https:\/\/dmcsrb.com\/drustvo\/pripadnici-vcg-angazovani-na-gasenju-pozara-na-vise-lokacija\/#breadcrumb"},"inLanguage":"en-GB","potentialAction":[{"@type":"ReadAction","target":["https:\/\/dmcsrb.com\/drustvo\/pripadnici-vcg-angazovani-na-gasenju-pozara-na-vise-lokacija\/"]}]},{"@type":"ImageObject","inLanguage":"en-GB","@id":"https:\/\/dmcsrb.com\/drustvo\/pripadnici-vcg-angazovani-na-gasenju-pozara-na-vise-lokacija\/#primaryimage","url":"https:\/\/dmcsrb.com\/wp-content\/uploads\/2026\/01\/29232BDE-CC78-4057-A024-A96776E0189E.webp","contentUrl":"https:\/\/dmcsrb.com\/wp-content\/uploads\/2026\/01\/29232BDE-CC78-4057-A024-A96776E0189E.webp","width":1440,"height":1918},{"@type":"BreadcrumbList","@id":"https:\/\/dmcsrb.com\/drustvo\/pripadnici-vcg-angazovani-na-gasenju-pozara-na-vise-lokacija\/#breadcrumb","itemListElement":[{"@type":"ListItem","position":1,"name":"Home","item":"https:\/\/dmcsrb.com\/"},{"@type":"ListItem","position":2,"name":"Pripadnici VCG anga\u017eovani na ga\u0161enju po\u017eara na vi\u0161e lokacija"}]},{"@type":"WebSite","@id":"https:\/\/dmcsrb.com\/#website","url":"https:\/\/dmcsrb.com\/","name":"dmcsrb.com","description":"","potentialAction":[{"@type":"SearchAction","target":{"@type":"EntryPoint","urlTemplate":"https:\/\/dmcsrb.com\/?s={search_term_string}"},"query-input":{"@type":"PropertyValueSpecification","valueRequired":true,"valueName":"search_term_string"}}],"inLanguage":"en-GB"},{"@type":"Person","@id":"https:\/\/dmcsrb.com\/#\/schema\/person\/5c39170f12db1b8b457732d0b5c854e2","name":"dmcsrbija.com@gmail.com","image":{"@type":"ImageObject","inLanguage":"en-GB","@id":"https:\/\/dmcsrb.com\/#\/schema\/person\/image\/","url":"https:\/\/secure.gravatar.com\/avatar\/68592660ad6347fad0fb587f8d5d8f1a7b44961362f56e4f2cd524feb87e9069?s=96&d=mm&r=g","contentUrl":"https:\/\/secure.gravatar.com\/avatar\/68592660ad6347fad0fb587f8d5d8f1a7b44961362f56e4f2cd524feb87e9069?s=96&d=mm&r=g","caption":"dmcsrbija.com@gmail.com"},"sameAs":["https:\/\/dmcsrb.com"],"url":"https:\/\/dmcsrb.com\/en\/author\/dmcsrbija-comgmail-com\/"}]}},"_links":{"self":[{"href":"https:\/\/dmcsrb.com\/en\/wp-json\/wp\/v2\/posts\/946107","targetHints":{"allow":["GET"]}}],"collection":[{"href":"https:\/\/dmcsrb.com\/en\/wp-json\/wp\/v2\/posts"}],"about":[{"href":"https:\/\/dmcsrb.com\/en\/wp-json\/wp\/v2\/types\/post"}],"author":[{"embeddable":true,"href":"https:\/\/dmcsrb.com\/en\/wp-json\/wp\/v2\/users\/1"}],"replies":[{"embeddable":true,"href":"https:\/\/dmcsrb.com\/en\/wp-json\/wp\/v2\/comments?post=946107"}],"version-history":[{"count":0,"href":"https:\/\/dmcsrb.com\/en\/wp-json\/wp\/v2\/posts\/946107\/revisions"}],"wp:featuredmedia":[{"embeddable":true,"href":"https:\/\/dmcsrb.com\/en\/wp-json\/wp\/v2\/media\/946108"}],"wp:attachment":[{"href":"https:\/\/dmcsrb.com\/en\/wp-json\/wp\/v2\/media?parent=946107"}],"wp:term":[{"taxonomy":"category","embeddable":true,"href":"https:\/\/dmcsrb.com\/en\/wp-json\/wp\/v2\/categories?post=946107"},{"taxonomy":"post_tag","embeddable":true,"href":"https:\/\/dmcsrb.com\/en\/wp-json\/wp\/v2\/tags?post=946107"},{"taxonomy":"naslovna","embeddable":true,"href":"https:\/\/dmcsrb.com\/en\/wp-json\/wp\/v2\/naslovna?post=946107"}],"curies":[{"name":"wp","href":"https:\/\/api.w.org\/{rel}","templated":true}]}}