{"id":946102,"date":"2025-08-13T18:35:00","date_gmt":"2025-08-13T16:35:00","guid":{"rendered":"https:\/\/dmcsrb.com\/uncategorized\/crnogorski-odbojkasi-bez-sansi-protiv-ceske\/"},"modified":"2025-08-13T18:35:00","modified_gmt":"2025-08-13T16:35:00","slug":"crnogorski-odbojkasi-bez-sansi-protiv-ceske","status":"publish","type":"post","link":"https:\/\/dmcsrb.com\/en\/sport\/crnogorski-odbojkasi-bez-sansi-protiv-ceske\/","title":{"rendered":"Crnogorski odbojka\u0161i bez \u0161ansi protiv \u010ce\u0161ke"},"content":{"rendered":"<p>Favorit grupe slavio je 3:0 (25:16, 25:22, 25:18) u Taboru i dominantno osvojio grupu C kvalifikacija za Evropsko prvenstvo 2026. godine.<\/p>\n\n\n\n<p>Na siguran na\u010din doma\u0107in je otvorio utakmicu i nije dao previ\u0161e \u0161ansi na\u0161em mladom timu. Najbolju igru Crna Gora je prikazala u drugom setu, u kom je tokom 35 poena imala vo\u0111stvo, ali je zavr\u0161nica pripala \u010cesima. U tom dijelu utakmice priliku je dobio prima\u010d servisa Budve,&nbsp;<strong>Vuk Stanojevi\u0107<\/strong>, koji je sa 16 godina, sedam mjeseci i \u010detiri dana postao najmla\u0111i debitant u istoriji A reprezentacije Crne Gore.&nbsp;<strong>Stanojevi\u0107<\/strong>&nbsp;je me\u010d zavr\u0161io sa tri poena u dva seta.<\/p>\n\n\n\n<p>Selektor Jevti\u0107 nije mogao da ra\u010duna na sve igra\u010de \u2013 morao je da se oslanja samo na jednog tehni\u010dara,&nbsp;<strong>Marka Joksimovi\u0107a<\/strong>, po\u0161to je iz rostera otpao&nbsp;<strong>Rastko Milenkovi\u0107<\/strong>, zbog problema sa stoma\u010dnim virusom.<\/p>\n\n\n\n<p>\u010ce\u0161ki napad prosto je bio neumoljiv, a predvodio ga igra\u010d poljskog R\u017ee\u0161ova,&nbsp;<strong>Luka\u0161 Va\u0161ina<\/strong>, sa 14 poena. U redovima na\u0161eg tima po \u0161est poena osvojili su&nbsp;<strong>\u0110or\u0111e Jovovi\u0107<\/strong>&nbsp;i&nbsp;<strong>Vuka\u0161in Cimbaljevi\u0107<\/strong>, poen manje osvojio je&nbsp;<strong>Nemanja Peruni\u010di\u0107<\/strong>, a \u010detiri poena imao je&nbsp;<strong>Matija \u0106in\u0107ur<\/strong>.<\/p>\n\n\n\n<p>Nakon tri me\u010da na\u0161i odbojka\u0161i su bez pobjede, a priliku da to promijene ima\u0107e u nedjelju, kada \u0107e u Kola\u0161inu ugostiti selekciju Norve\u0161ke, od 19 sati. U prvom me\u010du u Arendalu bilo je 3:0 za doma\u0107i sastav.<\/p>\n\n\n\n<h3 class=\"wp-block-heading\">\u010cE\u0160KA \u2013 CRNA GORA 3:0 <strong>(25:16, 25:22, 25:18)<\/strong><\/h3>\n\n\n\n<p><strong>Tabor&nbsp;<\/strong>\u2013 SC \u201cMir\u201d. Gledalaca: 1010. Sudije:&nbsp;<strong>\u0110ula Tilman&nbsp;<\/strong>(Ma\u0111arska) i&nbsp;<strong>Benone Visan<\/strong>&nbsp;(Rumunija).<\/p>\n\n\n\n<p><strong>\u010ce\u0161ka: Galabov 7, Drahonovski, Zaji\u010dek 5, Monik (libero), Bartunjek 3, Va\u0161ina 13, Li\u010dek, \u0160otola 6, Kovarik (libero), Briknar 1, Indra 3, Klime\u0161 10, Klajmon 3, Benda 3. Selektor: Jir\u017ei Novak.<\/strong><\/p>\n\n\n\n<p><strong>Crna Gora: \u0106in\u0107ur 4, Peruni\u010di\u0107 5, Cimbaljevi\u0107 6, M. Joksimovi\u0107 1, A. Joksimovi\u0107 (libero), V. Milenkovi\u0107 3, Le\u010di\u0107, Loji\u0107 1, Jovovi\u0107 6, Rov\u010danin (libero), \u0110urovi\u0107 2, Pavi\u0107evi\u0107 2, Stanojevi\u0107 3. Selektor: Ivica Jevti\u0107.<\/strong><a href=\"https:\/\/eurovolley.cev.eu\/en\/2026\/\" target=\"_blank\" rel=\"noreferrer noopener\"><\/a><\/p>","protected":false},"excerpt":{"rendered":"<p>Mu\u0161ka odbojka\u0161ka reprezentacija Crne Gore nije uspjela da priredi iznena\u0111enje na gostovanju \u010ce\u0161koj.<\/p>","protected":false},"author":1,"featured_media":946103,"comment_status":"open","ping_status":"open","sticky":false,"template":"","format":"standard","meta":{"_acf_changed":false,"footnotes":""},"categories":[148],"tags":[16984,17456,2151],"naslovna":[],"class_list":["post-946102","post","type-post","status-publish","format-standard","has-post-thumbnail","hentry","category-sport","tag-kvalifikacije-za-eurovolej-2026","tag-muska-odbojkaska-reprezentacija-ceske","tag-muska-odbojkaska-reprezentacija-crne-gore"],"acf":[],"yoast_head":"<!-- This site is optimized with the Yoast SEO plugin v27.4 - https:\/\/yoast.com\/product\/yoast-seo-wordpress\/ -->\n<title>Crnogorski odbojka\u0161i bez \u0161ansi protiv \u010ce\u0161ke - dmcsrb.com<\/title>\n<meta name=\"robots\" content=\"index, follow, max-snippet:-1, max-image-preview:large, max-video-preview:-1\" \/>\n<link rel=\"canonical\" href=\"https:\/\/dmcsrb.com\/en\/sport\/crnogorski-odbojkasi-bez-sansi-protiv-ceske\/\" \/>\n<meta property=\"og:locale\" content=\"en_GB\" \/>\n<meta property=\"og:type\" content=\"article\" \/>\n<meta property=\"og:title\" content=\"Crnogorski odbojka\u0161i bez \u0161ansi protiv \u010ce\u0161ke - dmcsrb.com\" \/>\n<meta property=\"og:description\" content=\"Mu\u0161ka odbojka\u0161ka reprezentacija Crne Gore nije uspjela da priredi iznena\u0111enje na gostovanju \u010ce\u0161koj.\" \/>\n<meta property=\"og:url\" content=\"https:\/\/dmcsrb.com\/en\/sport\/crnogorski-odbojkasi-bez-sansi-protiv-ceske\/\" \/>\n<meta property=\"og:site_name\" content=\"dmcsrb.com\" \/>\n<meta property=\"article:published_time\" content=\"2025-08-13T16:35:00+00:00\" \/>\n<meta property=\"og:image\" content=\"https:\/\/dmcsrb.com\/wp-content\/uploads\/2026\/01\/Odbojkasi-OSCG-1-3.webp\" \/>\n\t<meta property=\"og:image:width\" content=\"1920\" \/>\n\t<meta property=\"og:image:height\" content=\"1280\" \/>\n\t<meta property=\"og:image:type\" content=\"image\/jpeg\" \/>\n<meta name=\"author\" content=\"dmcsrbija.com@gmail.com\" \/>\n<meta name=\"twitter:card\" content=\"summary_large_image\" \/>\n<meta name=\"twitter:label1\" content=\"Written by\" \/>\n\t<meta name=\"twitter:data1\" content=\"dmcsrbija.com@gmail.com\" \/>\n\t<meta name=\"twitter:label2\" content=\"Estimated reading time\" \/>\n\t<meta name=\"twitter:data2\" content=\"2 minutes\" \/>\n<script type=\"application\/ld+json\" class=\"yoast-schema-graph\">{\"@context\":\"https:\\\/\\\/schema.org\",\"@graph\":[{\"@type\":\"Article\",\"@id\":\"https:\\\/\\\/dmcsrb.com\\\/sport\\\/crnogorski-odbojkasi-bez-sansi-protiv-ceske\\\/#article\",\"isPartOf\":{\"@id\":\"https:\\\/\\\/dmcsrb.com\\\/sport\\\/crnogorski-odbojkasi-bez-sansi-protiv-ceske\\\/\"},\"author\":{\"name\":\"dmcsrbija.com@gmail.com\",\"@id\":\"https:\\\/\\\/dmcsrb.com\\\/#\\\/schema\\\/person\\\/5c39170f12db1b8b457732d0b5c854e2\"},\"headline\":\"Crnogorski odbojka\u0161i bez \u0161ansi protiv \u010ce\u0161ke\",\"datePublished\":\"2025-08-13T16:35:00+00:00\",\"mainEntityOfPage\":{\"@id\":\"https:\\\/\\\/dmcsrb.com\\\/sport\\\/crnogorski-odbojkasi-bez-sansi-protiv-ceske\\\/\"},\"wordCount\":327,\"commentCount\":0,\"image\":{\"@id\":\"https:\\\/\\\/dmcsrb.com\\\/sport\\\/crnogorski-odbojkasi-bez-sansi-protiv-ceske\\\/#primaryimage\"},\"thumbnailUrl\":\"https:\\\/\\\/dmcsrb.com\\\/wp-content\\\/uploads\\\/2026\\\/01\\\/Odbojkasi-OSCG-1-3.webp\",\"keywords\":[\"kvalifikacije za Eurovolej 2026\",\"Mu\u0161ka odbojka\u0161ka reprezentacija \u010ce\u0161ke\",\"Mu\u0161ka odbojka\u0161ka reprezentacija Crne Gore\"],\"articleSection\":[\"Sport\"],\"inLanguage\":\"en-GB\",\"potentialAction\":[{\"@type\":\"CommentAction\",\"name\":\"Comment\",\"target\":[\"https:\\\/\\\/dmcsrb.com\\\/sport\\\/crnogorski-odbojkasi-bez-sansi-protiv-ceske\\\/#respond\"]}]},{\"@type\":\"WebPage\",\"@id\":\"https:\\\/\\\/dmcsrb.com\\\/sport\\\/crnogorski-odbojkasi-bez-sansi-protiv-ceske\\\/\",\"url\":\"https:\\\/\\\/dmcsrb.com\\\/sport\\\/crnogorski-odbojkasi-bez-sansi-protiv-ceske\\\/\",\"name\":\"Crnogorski odbojka\u0161i bez \u0161ansi protiv \u010ce\u0161ke - dmcsrb.com\",\"isPartOf\":{\"@id\":\"https:\\\/\\\/dmcsrb.com\\\/#website\"},\"primaryImageOfPage\":{\"@id\":\"https:\\\/\\\/dmcsrb.com\\\/sport\\\/crnogorski-odbojkasi-bez-sansi-protiv-ceske\\\/#primaryimage\"},\"image\":{\"@id\":\"https:\\\/\\\/dmcsrb.com\\\/sport\\\/crnogorski-odbojkasi-bez-sansi-protiv-ceske\\\/#primaryimage\"},\"thumbnailUrl\":\"https:\\\/\\\/dmcsrb.com\\\/wp-content\\\/uploads\\\/2026\\\/01\\\/Odbojkasi-OSCG-1-3.webp\",\"datePublished\":\"2025-08-13T16:35:00+00:00\",\"author\":{\"@id\":\"https:\\\/\\\/dmcsrb.com\\\/#\\\/schema\\\/person\\\/5c39170f12db1b8b457732d0b5c854e2\"},\"breadcrumb\":{\"@id\":\"https:\\\/\\\/dmcsrb.com\\\/sport\\\/crnogorski-odbojkasi-bez-sansi-protiv-ceske\\\/#breadcrumb\"},\"inLanguage\":\"en-GB\",\"potentialAction\":[{\"@type\":\"ReadAction\",\"target\":[\"https:\\\/\\\/dmcsrb.com\\\/sport\\\/crnogorski-odbojkasi-bez-sansi-protiv-ceske\\\/\"]}]},{\"@type\":\"ImageObject\",\"inLanguage\":\"en-GB\",\"@id\":\"https:\\\/\\\/dmcsrb.com\\\/sport\\\/crnogorski-odbojkasi-bez-sansi-protiv-ceske\\\/#primaryimage\",\"url\":\"https:\\\/\\\/dmcsrb.com\\\/wp-content\\\/uploads\\\/2026\\\/01\\\/Odbojkasi-OSCG-1-3.webp\",\"contentUrl\":\"https:\\\/\\\/dmcsrb.com\\\/wp-content\\\/uploads\\\/2026\\\/01\\\/Odbojkasi-OSCG-1-3.webp\",\"width\":1920,\"height\":1280},{\"@type\":\"BreadcrumbList\",\"@id\":\"https:\\\/\\\/dmcsrb.com\\\/sport\\\/crnogorski-odbojkasi-bez-sansi-protiv-ceske\\\/#breadcrumb\",\"itemListElement\":[{\"@type\":\"ListItem\",\"position\":1,\"name\":\"Home\",\"item\":\"https:\\\/\\\/dmcsrb.com\\\/\"},{\"@type\":\"ListItem\",\"position\":2,\"name\":\"Crnogorski odbojka\u0161i bez \u0161ansi protiv \u010ce\u0161ke\"}]},{\"@type\":\"WebSite\",\"@id\":\"https:\\\/\\\/dmcsrb.com\\\/#website\",\"url\":\"https:\\\/\\\/dmcsrb.com\\\/\",\"name\":\"dmcsrb.com\",\"description\":\"\",\"potentialAction\":[{\"@type\":\"SearchAction\",\"target\":{\"@type\":\"EntryPoint\",\"urlTemplate\":\"https:\\\/\\\/dmcsrb.com\\\/?s={search_term_string}\"},\"query-input\":{\"@type\":\"PropertyValueSpecification\",\"valueRequired\":true,\"valueName\":\"search_term_string\"}}],\"inLanguage\":\"en-GB\"},{\"@type\":\"Person\",\"@id\":\"https:\\\/\\\/dmcsrb.com\\\/#\\\/schema\\\/person\\\/5c39170f12db1b8b457732d0b5c854e2\",\"name\":\"dmcsrbija.com@gmail.com\",\"image\":{\"@type\":\"ImageObject\",\"inLanguage\":\"en-GB\",\"@id\":\"https:\\\/\\\/secure.gravatar.com\\\/avatar\\\/68592660ad6347fad0fb587f8d5d8f1a7b44961362f56e4f2cd524feb87e9069?s=96&d=mm&r=g\",\"url\":\"https:\\\/\\\/secure.gravatar.com\\\/avatar\\\/68592660ad6347fad0fb587f8d5d8f1a7b44961362f56e4f2cd524feb87e9069?s=96&d=mm&r=g\",\"contentUrl\":\"https:\\\/\\\/secure.gravatar.com\\\/avatar\\\/68592660ad6347fad0fb587f8d5d8f1a7b44961362f56e4f2cd524feb87e9069?s=96&d=mm&r=g\",\"caption\":\"dmcsrbija.com@gmail.com\"},\"sameAs\":[\"https:\\\/\\\/dmcsrb.com\"],\"url\":\"https:\\\/\\\/dmcsrb.com\\\/en\\\/author\\\/dmcsrbija-comgmail-com\\\/\"}]}<\/script>\n<!-- \/ Yoast SEO plugin. -->","yoast_head_json":{"title":"Crnogorski odbojka\u0161i bez \u0161ansi protiv \u010ce\u0161ke - dmcsrb.com","robots":{"index":"index","follow":"follow","max-snippet":"max-snippet:-1","max-image-preview":"max-image-preview:large","max-video-preview":"max-video-preview:-1"},"canonical":"https:\/\/dmcsrb.com\/en\/sport\/crnogorski-odbojkasi-bez-sansi-protiv-ceske\/","og_locale":"en_GB","og_type":"article","og_title":"Crnogorski odbojka\u0161i bez \u0161ansi protiv \u010ce\u0161ke - dmcsrb.com","og_description":"Mu\u0161ka odbojka\u0161ka reprezentacija Crne Gore nije uspjela da priredi iznena\u0111enje na gostovanju \u010ce\u0161koj.","og_url":"https:\/\/dmcsrb.com\/en\/sport\/crnogorski-odbojkasi-bez-sansi-protiv-ceske\/","og_site_name":"dmcsrb.com","article_published_time":"2025-08-13T16:35:00+00:00","og_image":[{"width":1920,"height":1280,"url":"https:\/\/dmcsrb.com\/wp-content\/uploads\/2026\/01\/Odbojkasi-OSCG-1-3.webp","type":"image\/jpeg"}],"author":"dmcsrbija.com@gmail.com","twitter_card":"summary_large_image","twitter_misc":{"Written by":"dmcsrbija.com@gmail.com","Estimated reading time":"2 minutes"},"schema":{"@context":"https:\/\/schema.org","@graph":[{"@type":"Article","@id":"https:\/\/dmcsrb.com\/sport\/crnogorski-odbojkasi-bez-sansi-protiv-ceske\/#article","isPartOf":{"@id":"https:\/\/dmcsrb.com\/sport\/crnogorski-odbojkasi-bez-sansi-protiv-ceske\/"},"author":{"name":"dmcsrbija.com@gmail.com","@id":"https:\/\/dmcsrb.com\/#\/schema\/person\/5c39170f12db1b8b457732d0b5c854e2"},"headline":"Crnogorski odbojka\u0161i bez \u0161ansi protiv \u010ce\u0161ke","datePublished":"2025-08-13T16:35:00+00:00","mainEntityOfPage":{"@id":"https:\/\/dmcsrb.com\/sport\/crnogorski-odbojkasi-bez-sansi-protiv-ceske\/"},"wordCount":327,"commentCount":0,"image":{"@id":"https:\/\/dmcsrb.com\/sport\/crnogorski-odbojkasi-bez-sansi-protiv-ceske\/#primaryimage"},"thumbnailUrl":"https:\/\/dmcsrb.com\/wp-content\/uploads\/2026\/01\/Odbojkasi-OSCG-1-3.webp","keywords":["kvalifikacije za Eurovolej 2026","Mu\u0161ka odbojka\u0161ka reprezentacija \u010ce\u0161ke","Mu\u0161ka odbojka\u0161ka reprezentacija Crne Gore"],"articleSection":["Sport"],"inLanguage":"en-GB","potentialAction":[{"@type":"CommentAction","name":"Comment","target":["https:\/\/dmcsrb.com\/sport\/crnogorski-odbojkasi-bez-sansi-protiv-ceske\/#respond"]}]},{"@type":"WebPage","@id":"https:\/\/dmcsrb.com\/sport\/crnogorski-odbojkasi-bez-sansi-protiv-ceske\/","url":"https:\/\/dmcsrb.com\/sport\/crnogorski-odbojkasi-bez-sansi-protiv-ceske\/","name":"Crnogorski odbojka\u0161i bez \u0161ansi protiv \u010ce\u0161ke - dmcsrb.com","isPartOf":{"@id":"https:\/\/dmcsrb.com\/#website"},"primaryImageOfPage":{"@id":"https:\/\/dmcsrb.com\/sport\/crnogorski-odbojkasi-bez-sansi-protiv-ceske\/#primaryimage"},"image":{"@id":"https:\/\/dmcsrb.com\/sport\/crnogorski-odbojkasi-bez-sansi-protiv-ceske\/#primaryimage"},"thumbnailUrl":"https:\/\/dmcsrb.com\/wp-content\/uploads\/2026\/01\/Odbojkasi-OSCG-1-3.webp","datePublished":"2025-08-13T16:35:00+00:00","author":{"@id":"https:\/\/dmcsrb.com\/#\/schema\/person\/5c39170f12db1b8b457732d0b5c854e2"},"breadcrumb":{"@id":"https:\/\/dmcsrb.com\/sport\/crnogorski-odbojkasi-bez-sansi-protiv-ceske\/#breadcrumb"},"inLanguage":"en-GB","potentialAction":[{"@type":"ReadAction","target":["https:\/\/dmcsrb.com\/sport\/crnogorski-odbojkasi-bez-sansi-protiv-ceske\/"]}]},{"@type":"ImageObject","inLanguage":"en-GB","@id":"https:\/\/dmcsrb.com\/sport\/crnogorski-odbojkasi-bez-sansi-protiv-ceske\/#primaryimage","url":"https:\/\/dmcsrb.com\/wp-content\/uploads\/2026\/01\/Odbojkasi-OSCG-1-3.webp","contentUrl":"https:\/\/dmcsrb.com\/wp-content\/uploads\/2026\/01\/Odbojkasi-OSCG-1-3.webp","width":1920,"height":1280},{"@type":"BreadcrumbList","@id":"https:\/\/dmcsrb.com\/sport\/crnogorski-odbojkasi-bez-sansi-protiv-ceske\/#breadcrumb","itemListElement":[{"@type":"ListItem","position":1,"name":"Home","item":"https:\/\/dmcsrb.com\/"},{"@type":"ListItem","position":2,"name":"Crnogorski odbojka\u0161i bez \u0161ansi protiv \u010ce\u0161ke"}]},{"@type":"WebSite","@id":"https:\/\/dmcsrb.com\/#website","url":"https:\/\/dmcsrb.com\/","name":"dmcsrb.com","description":"","potentialAction":[{"@type":"SearchAction","target":{"@type":"EntryPoint","urlTemplate":"https:\/\/dmcsrb.com\/?s={search_term_string}"},"query-input":{"@type":"PropertyValueSpecification","valueRequired":true,"valueName":"search_term_string"}}],"inLanguage":"en-GB"},{"@type":"Person","@id":"https:\/\/dmcsrb.com\/#\/schema\/person\/5c39170f12db1b8b457732d0b5c854e2","name":"dmcsrbija.com@gmail.com","image":{"@type":"ImageObject","inLanguage":"en-GB","@id":"https:\/\/secure.gravatar.com\/avatar\/68592660ad6347fad0fb587f8d5d8f1a7b44961362f56e4f2cd524feb87e9069?s=96&d=mm&r=g","url":"https:\/\/secure.gravatar.com\/avatar\/68592660ad6347fad0fb587f8d5d8f1a7b44961362f56e4f2cd524feb87e9069?s=96&d=mm&r=g","contentUrl":"https:\/\/secure.gravatar.com\/avatar\/68592660ad6347fad0fb587f8d5d8f1a7b44961362f56e4f2cd524feb87e9069?s=96&d=mm&r=g","caption":"dmcsrbija.com@gmail.com"},"sameAs":["https:\/\/dmcsrb.com"],"url":"https:\/\/dmcsrb.com\/en\/author\/dmcsrbija-comgmail-com\/"}]}},"_links":{"self":[{"href":"https:\/\/dmcsrb.com\/en\/wp-json\/wp\/v2\/posts\/946102","targetHints":{"allow":["GET"]}}],"collection":[{"href":"https:\/\/dmcsrb.com\/en\/wp-json\/wp\/v2\/posts"}],"about":[{"href":"https:\/\/dmcsrb.com\/en\/wp-json\/wp\/v2\/types\/post"}],"author":[{"embeddable":true,"href":"https:\/\/dmcsrb.com\/en\/wp-json\/wp\/v2\/users\/1"}],"replies":[{"embeddable":true,"href":"https:\/\/dmcsrb.com\/en\/wp-json\/wp\/v2\/comments?post=946102"}],"version-history":[{"count":0,"href":"https:\/\/dmcsrb.com\/en\/wp-json\/wp\/v2\/posts\/946102\/revisions"}],"wp:featuredmedia":[{"embeddable":true,"href":"https:\/\/dmcsrb.com\/en\/wp-json\/wp\/v2\/media\/946103"}],"wp:attachment":[{"href":"https:\/\/dmcsrb.com\/en\/wp-json\/wp\/v2\/media?parent=946102"}],"wp:term":[{"taxonomy":"category","embeddable":true,"href":"https:\/\/dmcsrb.com\/en\/wp-json\/wp\/v2\/categories?post=946102"},{"taxonomy":"post_tag","embeddable":true,"href":"https:\/\/dmcsrb.com\/en\/wp-json\/wp\/v2\/tags?post=946102"},{"taxonomy":"naslovna","embeddable":true,"href":"https:\/\/dmcsrb.com\/en\/wp-json\/wp\/v2\/naslovna?post=946102"}],"curies":[{"name":"wp","href":"https:\/\/api.w.org\/{rel}","templated":true}]}}