{"id":946095,"date":"2025-08-13T17:55:00","date_gmt":"2025-08-13T15:55:00","guid":{"rendered":"https:\/\/dmcsrb.com\/uncategorized\/u-piperima-skoro-lokalizovan-pozar\/"},"modified":"2025-08-13T17:55:00","modified_gmt":"2025-08-13T15:55:00","slug":"u-piperima-skoro-lokalizovan-pozar","status":"publish","type":"post","link":"https:\/\/dmcsrb.com\/en\/drustvo\/u-piperima-skoro-lokalizovan-pozar\/","title":{"rendered":"U Piperima skoro lokalizovan po\u017ear"},"content":{"rendered":"<p><\/p>\n\n\n\n<p>Tokom dana u Gornjim Mrkama je izgorio jedan pomo\u0107ni objekat, a jedna ku\u0107a je spa\u0161ena u posljednjem momentu. Mje\u0161tani su ostali bez struje, put je zatvoren za gra\u0111ane. Vatru je gasio i hrvatski kanader koji je uzimao vodu iz Skadarskog jezera.<\/p>\n\n\n\n<p>S druge strane, u Piperima bolja situacija.<\/p>\n\n\n\n<p>&#8220;Mo\u017ee se re\u0107i da je po\u017ear skoro lokalizovan i stavljen pod kontrolu. O\u010dekujemo mirniju no\u0107&#8221;, kazao je Tmu\u0161i\u0107.<\/p>\n\n\n\n<figure class=\"wp-block-embed is-type-rich is-provider-dr-a-ugne-ivanja wp-block-embed-dr-a-ugne-ivanja\"><div class=\"wp-block-embed__wrapper\">\n<div style=\"width: 640px;\" class=\"wp-video\"><video class=\"wp-video-shortcode\" id=\"video-946095-1\" width=\"640\" height=\"360\" preload=\"metadata\" controls=\"controls\"><source type=\"video\/mp4\" src=\"https:\/\/rtcg.me\/upload\/\/media\/2025\/7\/13\/15\/14\/352\/2226432\/1111111111111.mp4?_=1\" \/><a href=\"https:\/\/rtcg.me\/upload\/\/media\/2025\/7\/13\/15\/14\/352\/2226432\/1111111111111.mp4\">https:\/\/rtcg.me\/upload\/\/media\/2025\/7\/13\/15\/14\/352\/2226432\/1111111111111.mp4<\/a><\/video><\/div>\n<\/div><\/figure>\n\n\n\n<p>Istakao je da su u ga\u0161enju pomagali vatrogasci iz cijele Crne Gore, srpski vazduhoplov, hrvatski kanader i na\u0161&nbsp;avion i helikopter.<\/p>\n\n\n\n<p>&#8220;U ovom trenutku nemamo evakuisanih osoba. Nekoliko ku\u0107a i pomo\u0107nih objekata je izgorjelo. To nije dobro, ali sa aspekta za\u0161tite i spa\u0161avanja je povoljno budu\u0107i da su brojke jednocifrene&#8221;, kazao je on.<\/p>\n\n\n\n<p>Na Kakarickoj gori i dalje traje borba sa vatrenom stihijom. U Piperima su ugro\u017eene ku\u0107e, ka\u017eu iz Direktorata za za\u0161titu i spa\u0161avanje.<\/p>\n\n\n\n<p>Vatrogasci jo\u0161 obuzdavaju stihiju u Ku\u010dima, a te\u0161ka je situacija u Bio\u010du i na Smokovcu gdje je anga\u017eovan hrvatski kanader.<\/p>\n\n\n\n<p>Po\u017eari su ranije danas&nbsp;bili aktivni i u Fundini, Medunu, Ublima, Gra\u0111enu&#8230;<\/p>\n\n\n\n<p><video width=\"100%\" controls=\"controls\" poster=\"https:\/\/rtcg.me\/upload\/\/media\/2025\/7\/13\/15\/36\/760\/2226435\/thumbs\/5062038\/22222222222222222.jpg\"><\/video><em><\/em><\/p>\n\n\n\n<p><strong>Video: Kakaricka gora<\/strong><\/p>\n\n\n\n<p><video width=\"100%\" controls=\"controls\" poster=\"https:\/\/rtcg.me\/upload\/\/media\/2025\/7\/13\/15\/56\/767\/2226438\/thumbs\/5062059\/33333333333.jpg\"><\/video><em><\/em><\/p>\n\n\n\n<p><strong>Video: Kakaricka gora<\/strong><\/p>\n\n\n\n<p><video width=\"100%\" controls=\"controls\" poster=\"https:\/\/rtcg.me\/upload\/\/media\/2025\/7\/13\/15\/13\/268\/2226441\/thumbs\/5062080\/4444444444.jpg\"><\/video><em><\/em><\/p>\n\n\n\n<p><strong>Video: Kakaricka gora<\/strong><\/p>\n\n\n\n<p>Na Kakarickoj gori vatra se pribli\u017eava Farmi Perkovi\u0107, javlja reporterka TVCG.&nbsp;<\/p>\n\n\n\n<p><video width=\"100%\" controls=\"controls\" poster=\"https:\/\/rtcg.me\/upload\/\/media\/2025\/7\/13\/15\/29\/541\/2226444\/thumbs\/5062101\/farmaaa.jpg\"><\/video><em><\/em><\/p>\n\n\n\n<p>Slu\u017ebenici Direktorata za za\u0161titu i spa\u0161avanje danas su mje\u0161tanima Fundine kod Podgorice i okolnih podru\u010dja uru\u010dili 50 naprtnja\u010da za ga\u0161enje po\u017eara, uz sprovo\u0111enje prakti\u010dne obuke za njihovu pravilnu upotrebu.<\/p>\n\n\n\n<p><img decoding=\"async\" width=\"100%\" alt=\"Po\u017ear na Fundini\" src=\"https:\/\/rtcg.me\/upload\/\/media\/2025\/7\/13\/17\/13\/617\/2226613\/resize\/2226616\/Po%C5%BEar_Fundina_506x900\"><em>Po\u017ear na Fundini (Foto: Mediabiro)<\/em><\/p>\n\n\n\n<p><img decoding=\"async\" width=\"100%\" alt=\"Po\u017ear na Fundini\" src=\"https:\/\/rtcg.me\/upload\/\/media\/2025\/7\/13\/17\/42\/911\/2226619\/resize\/2226622\/Ga%C5%A1enje_po%C5%BEara_506x900\"><em>Po\u017ear na Fundini (Foto: Mediabiro)<\/em><\/p>\n\n\n\n<p>Gori i u Gornjim Mrkama.&nbsp;<\/p>\n\n\n\n<p><video width=\"100%\" controls=\"controls\" poster=\"https:\/\/rtcg.me\/upload\/\/media\/2025\/7\/13\/18\/29\/850\/2226672\/thumbs\/5062842\/GORNJE_MRKE.jpg\"><\/video><em><\/em><\/p>\n\n\n\n<p><strong>Video Marko Terzi\u0107<\/strong><\/p>\n\n\n\n<p>Kada su u pitanju druge crnogorske op\u0161tine, po\u017eari su u najve\u0107em dijelu pod kontrolom, dok se preostali lokalizuju i dr\u017ee pod nadzorom.<\/p>\n\n\n\n<p>Po\u017ear koji je ju\u010de izbio u Banjanima uga\u0161en je jutros prije sedam \u010dasova.<\/p>\n\n\n\n<p>Aktivno je jo\u0161 jedno \u017eari\u0161te na teritoriji Duge, u rejonu Sjenokose, koje je izmaklo kontroli i zahvatilo veliku povr\u0161inu \u0161ume, ali ku\u0107e za sada nijesu ugro\u017eene<\/p>\n\n\n\n<p>Po\u017eari su aktivni na rejonu Studenog, Topolova, Topolice, Jablana, Kru\u017enice.<\/p>\n\n\n\n<p>Iz danilovgradske Slu\u017ebe za\u0161tite i spa\u0161avanja nezvani\u010dno su kazali da od vatre brane vikendice u tom planinskom podru\u010dju.<\/p>\n\n\n\n<p>Aktivni po\u017eari tokom no\u0107i bili su i u Bijelom Polju i \u0160avniku.<\/p>\n\n\n\n<p>Situacija u \u010canju i Buljarici tokom no\u0107i bila je mirna, a takvo stanje je i jutros, stabilno je i na putu ka Petrovcu.<a href=\"https:\/\/play.google.com\/store\/apps\/details?id=me.rtcg\" target=\"_blank\" rel=\"noreferrer noopener\"><\/a><a href=\"https:\/\/apps.apple.com\/us\/app\/rtcg\/id1400067551\" target=\"_blank\" rel=\"noreferrer noopener\"><\/a><\/p>\n\n\n\n<p><a target=\"_blank\" href=\"https:\/\/play.google.com\/store\/apps\/details?id=me.rtcg\" rel=\"noreferrer noopener\"><\/a><a target=\"_blank\" href=\"https:\/\/apps.apple.com\/us\/app\/rtcg\/id1400067551\" rel=\"noreferrer noopener\"><\/a><\/p>","protected":false},"excerpt":{"rendered":"<p>Na\u010delnik Direkcije za civilnu za\u0161titu i smanjenje rizika od katastrofa Ljuban Tmu\u0161i\u0107 kazao je za TVCG da je po\u017ear u Piperima skoro lokalizovan, te da o\u010dekuju mirnu no\u0107. U Gornjim i Donjim Mrkama vatra se sve vi\u0161e \u0161iri, situacija se uslo\u017enjava, javlja reporterka TVCG.<\/p>","protected":false},"author":1,"featured_media":946096,"comment_status":"open","ping_status":"open","sticky":false,"template":"","format":"standard","meta":{"_acf_changed":false,"footnotes":""},"categories":[2],"tags":[17556,17557,3056,12686],"naslovna":[],"class_list":["post-946095","post","type-post","status-publish","format-standard","has-post-thumbnail","hentry","category-drustvo","tag-gornje-mrke","tag-lokalizovanje-pozara","tag-piperi","tag-vatra"],"acf":[],"yoast_head":"<!-- This site is optimized with the Yoast SEO plugin v27.4 - https:\/\/yoast.com\/product\/yoast-seo-wordpress\/ -->\n<title>U Piperima skoro lokalizovan po\u017ear - dmcsrb.com<\/title>\n<meta name=\"robots\" content=\"index, follow, max-snippet:-1, max-image-preview:large, max-video-preview:-1\" \/>\n<link rel=\"canonical\" href=\"https:\/\/dmcsrb.com\/en\/drustvo\/u-piperima-skoro-lokalizovan-pozar\/\" \/>\n<meta property=\"og:locale\" content=\"en_GB\" \/>\n<meta property=\"og:type\" content=\"article\" \/>\n<meta property=\"og:title\" content=\"U Piperima skoro lokalizovan po\u017ear - dmcsrb.com\" \/>\n<meta property=\"og:description\" content=\"Na\u010delnik Direkcije za civilnu za\u0161titu i smanjenje rizika od katastrofa Ljuban Tmu\u0161i\u0107 kazao je za TVCG da je po\u017ear u Piperima skoro lokalizovan, te da o\u010dekuju mirnu no\u0107. U Gornjim i Donjim Mrkama vatra se sve vi\u0161e \u0161iri, situacija se uslo\u017enjava, javlja reporterka TVCG.\" \/>\n<meta property=\"og:url\" content=\"https:\/\/dmcsrb.com\/en\/drustvo\/u-piperima-skoro-lokalizovan-pozar\/\" \/>\n<meta property=\"og:site_name\" content=\"dmcsrb.com\" \/>\n<meta property=\"article:published_time\" content=\"2025-08-13T15:55:00+00:00\" \/>\n<meta property=\"og:image\" content=\"https:\/\/dmcsrb.com\/wp-content\/uploads\/2026\/01\/Capture-32-2.webp\" \/>\n\t<meta property=\"og:image:width\" content=\"935\" \/>\n\t<meta property=\"og:image:height\" content=\"469\" \/>\n\t<meta property=\"og:image:type\" content=\"image\/jpeg\" \/>\n<meta name=\"author\" content=\"dmcsrbija.com@gmail.com\" \/>\n<meta name=\"twitter:card\" content=\"summary_large_image\" \/>\n<meta name=\"twitter:label1\" content=\"Written by\" \/>\n\t<meta name=\"twitter:data1\" content=\"dmcsrbija.com@gmail.com\" \/>\n\t<meta name=\"twitter:label2\" content=\"Estimated reading time\" \/>\n\t<meta name=\"twitter:data2\" content=\"2 minutes\" \/>\n<script type=\"application\/ld+json\" class=\"yoast-schema-graph\">{\"@context\":\"https:\\\/\\\/schema.org\",\"@graph\":[{\"@type\":\"Article\",\"@id\":\"https:\\\/\\\/dmcsrb.com\\\/drustvo\\\/u-piperima-skoro-lokalizovan-pozar\\\/#article\",\"isPartOf\":{\"@id\":\"https:\\\/\\\/dmcsrb.com\\\/drustvo\\\/u-piperima-skoro-lokalizovan-pozar\\\/\"},\"author\":{\"name\":\"dmcsrbija.com@gmail.com\",\"@id\":\"https:\\\/\\\/dmcsrb.com\\\/#\\\/schema\\\/person\\\/5c39170f12db1b8b457732d0b5c854e2\"},\"headline\":\"U Piperima skoro lokalizovan po\u017ear\",\"datePublished\":\"2025-08-13T15:55:00+00:00\",\"mainEntityOfPage\":{\"@id\":\"https:\\\/\\\/dmcsrb.com\\\/drustvo\\\/u-piperima-skoro-lokalizovan-pozar\\\/\"},\"wordCount\":441,\"commentCount\":0,\"image\":{\"@id\":\"https:\\\/\\\/dmcsrb.com\\\/drustvo\\\/u-piperima-skoro-lokalizovan-pozar\\\/#primaryimage\"},\"thumbnailUrl\":\"https:\\\/\\\/dmcsrb.com\\\/wp-content\\\/uploads\\\/2026\\\/01\\\/Capture-32-2.webp\",\"keywords\":[\"Gornje Mrke\",\"Lokalizovanje po\u017eara\",\"Piperi\",\"vatra\"],\"articleSection\":[\"Dru\u0161tvo\"],\"inLanguage\":\"en-GB\",\"potentialAction\":[{\"@type\":\"CommentAction\",\"name\":\"Comment\",\"target\":[\"https:\\\/\\\/dmcsrb.com\\\/drustvo\\\/u-piperima-skoro-lokalizovan-pozar\\\/#respond\"]}]},{\"@type\":\"WebPage\",\"@id\":\"https:\\\/\\\/dmcsrb.com\\\/drustvo\\\/u-piperima-skoro-lokalizovan-pozar\\\/\",\"url\":\"https:\\\/\\\/dmcsrb.com\\\/drustvo\\\/u-piperima-skoro-lokalizovan-pozar\\\/\",\"name\":\"U Piperima skoro lokalizovan po\u017ear - dmcsrb.com\",\"isPartOf\":{\"@id\":\"https:\\\/\\\/dmcsrb.com\\\/#website\"},\"primaryImageOfPage\":{\"@id\":\"https:\\\/\\\/dmcsrb.com\\\/drustvo\\\/u-piperima-skoro-lokalizovan-pozar\\\/#primaryimage\"},\"image\":{\"@id\":\"https:\\\/\\\/dmcsrb.com\\\/drustvo\\\/u-piperima-skoro-lokalizovan-pozar\\\/#primaryimage\"},\"thumbnailUrl\":\"https:\\\/\\\/dmcsrb.com\\\/wp-content\\\/uploads\\\/2026\\\/01\\\/Capture-32-2.webp\",\"datePublished\":\"2025-08-13T15:55:00+00:00\",\"author\":{\"@id\":\"https:\\\/\\\/dmcsrb.com\\\/#\\\/schema\\\/person\\\/5c39170f12db1b8b457732d0b5c854e2\"},\"breadcrumb\":{\"@id\":\"https:\\\/\\\/dmcsrb.com\\\/drustvo\\\/u-piperima-skoro-lokalizovan-pozar\\\/#breadcrumb\"},\"inLanguage\":\"en-GB\",\"potentialAction\":[{\"@type\":\"ReadAction\",\"target\":[\"https:\\\/\\\/dmcsrb.com\\\/drustvo\\\/u-piperima-skoro-lokalizovan-pozar\\\/\"]}]},{\"@type\":\"ImageObject\",\"inLanguage\":\"en-GB\",\"@id\":\"https:\\\/\\\/dmcsrb.com\\\/drustvo\\\/u-piperima-skoro-lokalizovan-pozar\\\/#primaryimage\",\"url\":\"https:\\\/\\\/dmcsrb.com\\\/wp-content\\\/uploads\\\/2026\\\/01\\\/Capture-32-2.webp\",\"contentUrl\":\"https:\\\/\\\/dmcsrb.com\\\/wp-content\\\/uploads\\\/2026\\\/01\\\/Capture-32-2.webp\",\"width\":935,\"height\":469},{\"@type\":\"BreadcrumbList\",\"@id\":\"https:\\\/\\\/dmcsrb.com\\\/drustvo\\\/u-piperima-skoro-lokalizovan-pozar\\\/#breadcrumb\",\"itemListElement\":[{\"@type\":\"ListItem\",\"position\":1,\"name\":\"Home\",\"item\":\"https:\\\/\\\/dmcsrb.com\\\/\"},{\"@type\":\"ListItem\",\"position\":2,\"name\":\"U Piperima skoro lokalizovan po\u017ear\"}]},{\"@type\":\"WebSite\",\"@id\":\"https:\\\/\\\/dmcsrb.com\\\/#website\",\"url\":\"https:\\\/\\\/dmcsrb.com\\\/\",\"name\":\"dmcsrb.com\",\"description\":\"\",\"potentialAction\":[{\"@type\":\"SearchAction\",\"target\":{\"@type\":\"EntryPoint\",\"urlTemplate\":\"https:\\\/\\\/dmcsrb.com\\\/?s={search_term_string}\"},\"query-input\":{\"@type\":\"PropertyValueSpecification\",\"valueRequired\":true,\"valueName\":\"search_term_string\"}}],\"inLanguage\":\"en-GB\"},{\"@type\":\"Person\",\"@id\":\"https:\\\/\\\/dmcsrb.com\\\/#\\\/schema\\\/person\\\/5c39170f12db1b8b457732d0b5c854e2\",\"name\":\"dmcsrbija.com@gmail.com\",\"image\":{\"@type\":\"ImageObject\",\"inLanguage\":\"en-GB\",\"@id\":\"https:\\\/\\\/secure.gravatar.com\\\/avatar\\\/68592660ad6347fad0fb587f8d5d8f1a7b44961362f56e4f2cd524feb87e9069?s=96&d=mm&r=g\",\"url\":\"https:\\\/\\\/secure.gravatar.com\\\/avatar\\\/68592660ad6347fad0fb587f8d5d8f1a7b44961362f56e4f2cd524feb87e9069?s=96&d=mm&r=g\",\"contentUrl\":\"https:\\\/\\\/secure.gravatar.com\\\/avatar\\\/68592660ad6347fad0fb587f8d5d8f1a7b44961362f56e4f2cd524feb87e9069?s=96&d=mm&r=g\",\"caption\":\"dmcsrbija.com@gmail.com\"},\"sameAs\":[\"https:\\\/\\\/dmcsrb.com\"],\"url\":\"https:\\\/\\\/dmcsrb.com\\\/en\\\/author\\\/dmcsrbija-comgmail-com\\\/\"}]}<\/script>\n<!-- \/ Yoast SEO plugin. -->","yoast_head_json":{"title":"U Piperima skoro lokalizovan po\u017ear - dmcsrb.com","robots":{"index":"index","follow":"follow","max-snippet":"max-snippet:-1","max-image-preview":"max-image-preview:large","max-video-preview":"max-video-preview:-1"},"canonical":"https:\/\/dmcsrb.com\/en\/drustvo\/u-piperima-skoro-lokalizovan-pozar\/","og_locale":"en_GB","og_type":"article","og_title":"U Piperima skoro lokalizovan po\u017ear - dmcsrb.com","og_description":"Na\u010delnik Direkcije za civilnu za\u0161titu i smanjenje rizika od katastrofa Ljuban Tmu\u0161i\u0107 kazao je za TVCG da je po\u017ear u Piperima skoro lokalizovan, te da o\u010dekuju mirnu no\u0107. U Gornjim i Donjim Mrkama vatra se sve vi\u0161e \u0161iri, situacija se uslo\u017enjava, javlja reporterka TVCG.","og_url":"https:\/\/dmcsrb.com\/en\/drustvo\/u-piperima-skoro-lokalizovan-pozar\/","og_site_name":"dmcsrb.com","article_published_time":"2025-08-13T15:55:00+00:00","og_image":[{"width":935,"height":469,"url":"https:\/\/dmcsrb.com\/wp-content\/uploads\/2026\/01\/Capture-32-2.webp","type":"image\/jpeg"}],"author":"dmcsrbija.com@gmail.com","twitter_card":"summary_large_image","twitter_misc":{"Written by":"dmcsrbija.com@gmail.com","Estimated reading time":"2 minutes"},"schema":{"@context":"https:\/\/schema.org","@graph":[{"@type":"Article","@id":"https:\/\/dmcsrb.com\/drustvo\/u-piperima-skoro-lokalizovan-pozar\/#article","isPartOf":{"@id":"https:\/\/dmcsrb.com\/drustvo\/u-piperima-skoro-lokalizovan-pozar\/"},"author":{"name":"dmcsrbija.com@gmail.com","@id":"https:\/\/dmcsrb.com\/#\/schema\/person\/5c39170f12db1b8b457732d0b5c854e2"},"headline":"U Piperima skoro lokalizovan po\u017ear","datePublished":"2025-08-13T15:55:00+00:00","mainEntityOfPage":{"@id":"https:\/\/dmcsrb.com\/drustvo\/u-piperima-skoro-lokalizovan-pozar\/"},"wordCount":441,"commentCount":0,"image":{"@id":"https:\/\/dmcsrb.com\/drustvo\/u-piperima-skoro-lokalizovan-pozar\/#primaryimage"},"thumbnailUrl":"https:\/\/dmcsrb.com\/wp-content\/uploads\/2026\/01\/Capture-32-2.webp","keywords":["Gornje Mrke","Lokalizovanje po\u017eara","Piperi","vatra"],"articleSection":["Dru\u0161tvo"],"inLanguage":"en-GB","potentialAction":[{"@type":"CommentAction","name":"Comment","target":["https:\/\/dmcsrb.com\/drustvo\/u-piperima-skoro-lokalizovan-pozar\/#respond"]}]},{"@type":"WebPage","@id":"https:\/\/dmcsrb.com\/drustvo\/u-piperima-skoro-lokalizovan-pozar\/","url":"https:\/\/dmcsrb.com\/drustvo\/u-piperima-skoro-lokalizovan-pozar\/","name":"U Piperima skoro lokalizovan po\u017ear - dmcsrb.com","isPartOf":{"@id":"https:\/\/dmcsrb.com\/#website"},"primaryImageOfPage":{"@id":"https:\/\/dmcsrb.com\/drustvo\/u-piperima-skoro-lokalizovan-pozar\/#primaryimage"},"image":{"@id":"https:\/\/dmcsrb.com\/drustvo\/u-piperima-skoro-lokalizovan-pozar\/#primaryimage"},"thumbnailUrl":"https:\/\/dmcsrb.com\/wp-content\/uploads\/2026\/01\/Capture-32-2.webp","datePublished":"2025-08-13T15:55:00+00:00","author":{"@id":"https:\/\/dmcsrb.com\/#\/schema\/person\/5c39170f12db1b8b457732d0b5c854e2"},"breadcrumb":{"@id":"https:\/\/dmcsrb.com\/drustvo\/u-piperima-skoro-lokalizovan-pozar\/#breadcrumb"},"inLanguage":"en-GB","potentialAction":[{"@type":"ReadAction","target":["https:\/\/dmcsrb.com\/drustvo\/u-piperima-skoro-lokalizovan-pozar\/"]}]},{"@type":"ImageObject","inLanguage":"en-GB","@id":"https:\/\/dmcsrb.com\/drustvo\/u-piperima-skoro-lokalizovan-pozar\/#primaryimage","url":"https:\/\/dmcsrb.com\/wp-content\/uploads\/2026\/01\/Capture-32-2.webp","contentUrl":"https:\/\/dmcsrb.com\/wp-content\/uploads\/2026\/01\/Capture-32-2.webp","width":935,"height":469},{"@type":"BreadcrumbList","@id":"https:\/\/dmcsrb.com\/drustvo\/u-piperima-skoro-lokalizovan-pozar\/#breadcrumb","itemListElement":[{"@type":"ListItem","position":1,"name":"Home","item":"https:\/\/dmcsrb.com\/"},{"@type":"ListItem","position":2,"name":"U Piperima skoro lokalizovan po\u017ear"}]},{"@type":"WebSite","@id":"https:\/\/dmcsrb.com\/#website","url":"https:\/\/dmcsrb.com\/","name":"dmcsrb.com","description":"","potentialAction":[{"@type":"SearchAction","target":{"@type":"EntryPoint","urlTemplate":"https:\/\/dmcsrb.com\/?s={search_term_string}"},"query-input":{"@type":"PropertyValueSpecification","valueRequired":true,"valueName":"search_term_string"}}],"inLanguage":"en-GB"},{"@type":"Person","@id":"https:\/\/dmcsrb.com\/#\/schema\/person\/5c39170f12db1b8b457732d0b5c854e2","name":"dmcsrbija.com@gmail.com","image":{"@type":"ImageObject","inLanguage":"en-GB","@id":"https:\/\/secure.gravatar.com\/avatar\/68592660ad6347fad0fb587f8d5d8f1a7b44961362f56e4f2cd524feb87e9069?s=96&d=mm&r=g","url":"https:\/\/secure.gravatar.com\/avatar\/68592660ad6347fad0fb587f8d5d8f1a7b44961362f56e4f2cd524feb87e9069?s=96&d=mm&r=g","contentUrl":"https:\/\/secure.gravatar.com\/avatar\/68592660ad6347fad0fb587f8d5d8f1a7b44961362f56e4f2cd524feb87e9069?s=96&d=mm&r=g","caption":"dmcsrbija.com@gmail.com"},"sameAs":["https:\/\/dmcsrb.com"],"url":"https:\/\/dmcsrb.com\/en\/author\/dmcsrbija-comgmail-com\/"}]}},"_links":{"self":[{"href":"https:\/\/dmcsrb.com\/en\/wp-json\/wp\/v2\/posts\/946095","targetHints":{"allow":["GET"]}}],"collection":[{"href":"https:\/\/dmcsrb.com\/en\/wp-json\/wp\/v2\/posts"}],"about":[{"href":"https:\/\/dmcsrb.com\/en\/wp-json\/wp\/v2\/types\/post"}],"author":[{"embeddable":true,"href":"https:\/\/dmcsrb.com\/en\/wp-json\/wp\/v2\/users\/1"}],"replies":[{"embeddable":true,"href":"https:\/\/dmcsrb.com\/en\/wp-json\/wp\/v2\/comments?post=946095"}],"version-history":[{"count":0,"href":"https:\/\/dmcsrb.com\/en\/wp-json\/wp\/v2\/posts\/946095\/revisions"}],"wp:featuredmedia":[{"embeddable":true,"href":"https:\/\/dmcsrb.com\/en\/wp-json\/wp\/v2\/media\/946096"}],"wp:attachment":[{"href":"https:\/\/dmcsrb.com\/en\/wp-json\/wp\/v2\/media?parent=946095"}],"wp:term":[{"taxonomy":"category","embeddable":true,"href":"https:\/\/dmcsrb.com\/en\/wp-json\/wp\/v2\/categories?post=946095"},{"taxonomy":"post_tag","embeddable":true,"href":"https:\/\/dmcsrb.com\/en\/wp-json\/wp\/v2\/tags?post=946095"},{"taxonomy":"naslovna","embeddable":true,"href":"https:\/\/dmcsrb.com\/en\/wp-json\/wp\/v2\/naslovna?post=946095"}],"curies":[{"name":"wp","href":"https:\/\/api.w.org\/{rel}","templated":true}]}}