{"id":946068,"date":"2025-08-13T15:45:00","date_gmt":"2025-08-13T13:45:00","guid":{"rendered":"https:\/\/dmcsrb.com\/uncategorized\/vukicevic-sluzbenici-monteputa-aerodroma-i-zeljeznickih-preduzeca-pridruzili-su-se-gasenju-pozara\/"},"modified":"2025-08-13T15:45:00","modified_gmt":"2025-08-13T13:45:00","slug":"vukicevic-sluzbenici-monteputa-aerodroma-i-zeljeznickih-preduzeca-pridruzili-su-se-gasenju-pozara","status":"publish","type":"post","link":"https:\/\/dmcsrb.com\/en\/drustvo\/vukicevic-sluzbenici-monteputa-aerodroma-i-zeljeznickih-preduzeca-pridruzili-su-se-gasenju-pozara\/","title":{"rendered":"Vuki\u0107evi\u0107: Slu\u017ebenici &#8220;Monteputa&#8221;, Aerodroma i \u017eeljezni\u010dkih preduze\u0107a pridru\u017eili su se ga\u0161enju po\u017eara"},"content":{"rendered":"<p><\/p>\n\n\n\n<p>Ministarka Vuki\u0107evi\u0107 rekla je da su se radnici &#8220;Monteputa&#8221; uklju\u010dili ve\u0107 prvog dana jer imaju svoje ekipe i vatrogasna kola.<\/p>\n\n\n\n<p>&#8220;Ve\u0107 prvu no\u0107 su iza\u0161li na teren, naravno, u skladu sa svojim mogu\u0107nostima jer smo jedan dio morali zadr\u017eati zbog autoputa, da budu tamo ukoliko se ne\u0161to desi&#8221;, kazala je Vuki\u0107evi\u0107.<\/p>\n\n\n\n<p>\u017deljezni\u010dka infrastruktura se zatim uklju\u010dila jer su, kako je kazala, jutros imali dva po\u017eara koja su bila u pojasu pruge a njihovi slu\u017ebenici imaju specijalizovane cisterne.<\/p>\n\n\n\n<p>Ti po\u017eari, pojasnila je medijima, bili su na podru\u010dju izme\u0111u Podgorice i Bio\u010da, zbog \u010dega je dva puta \u017eeljezni\u010dki saobra\u0107aj u tom dijelu bio u prekidu.<\/p>\n\n\n\n<p>Slu\u017ebenici \u017eeljezni\u010dkog preduze\u0107a ranije su u\u010destvovali u ga\u0161enju po\u017eara na \u0106emovskom polju.<\/p>\n\n\n\n<p>&#8220;Stojimo na raspolaganju za sve \u0161to mo\u017eemo, u skladu s onim \u0161to su na\u0161i kapaciteti&#8221;, poru\u010dila je ministarka saobra\u0107aja.<\/p>\n\n\n\n<p>Slu\u017ebenici saobra\u0107ajnih preduze\u0107a bi\u0107e dotupni gra\u0111anima i slu\u017ebama za\u0161tite i spa\u0161avanja i u narednom periodu a svoj doprinos daju i time \u0161to osiguravaju bezbjednost i prohodnost puteva, dodala je.<\/p>\n\n\n\n<p>&#8220;U ovakvim kriznim situacijama od klju\u010dnog je zna\u010daja zajedni\u010dko djelovanje kako bi se \u0161to prije lokalizovali po\u017eari i sprije\u010dila dala \u0161teta po ljude, imovinu i prirodu\u201c, poru\u010deno je iz Ministarstva saobra\u0107aja.<\/p>\n\n\n\n<p>Iz tog resora uputili su zahvalnost svima koji, uprkos visokim temperaturama i te\u0161kim uslovima, nesebi\u010dno rade na terenu i pokazuju solidarnost i profesionalizam.<\/p>","protected":false},"excerpt":{"rendered":"<p>Slu\u017ebenici saobra\u0107ajnih preduze\u0107a &#8211; &#8220;Monteputa&#8221;, Aerodroma Crne Gore i \u017eeljezni\u010dkih preduze\u0107a, pridru\u017eili su se u ga\u0161enju po\u017eara koji su ovih dana pro\u0161irili po Crnoj Gori, saop\u0161tila je ministarka saobra\u0107aja Maja Vuki\u0107evi\u0107.<\/p>","protected":false},"author":1,"featured_media":946069,"comment_status":"open","ping_status":"open","sticky":false,"template":"","format":"standard","meta":{"_acf_changed":false,"footnotes":""},"categories":[2],"tags":[1211,4392,1898,2495,2244,17545],"naslovna":[],"class_list":["post-946068","post","type-post","status-publish","format-standard","has-post-thumbnail","hentry","category-drustvo","tag-aerodrom","tag-gasenje-pozara","tag-maja-vukicevic","tag-monteput","tag-sluzbenici","tag-zeljeznicka-preduzeca"],"acf":[],"yoast_head":"<!-- This site is optimized with the Yoast SEO plugin v27.4 - https:\/\/yoast.com\/product\/yoast-seo-wordpress\/ -->\n<title>Vuki\u0107evi\u0107: Slu\u017ebenici &quot;Monteputa&quot;, Aerodroma i \u017eeljezni\u010dkih preduze\u0107a pridru\u017eili su se ga\u0161enju po\u017eara - dmcsrb.com<\/title>\n<meta name=\"robots\" content=\"index, follow, max-snippet:-1, max-image-preview:large, max-video-preview:-1\" \/>\n<link rel=\"canonical\" href=\"https:\/\/dmcsrb.com\/en\/drustvo\/vukicevic-sluzbenici-monteputa-aerodroma-i-zeljeznickih-preduzeca-pridruzili-su-se-gasenju-pozara\/\" \/>\n<meta property=\"og:locale\" content=\"en_GB\" \/>\n<meta property=\"og:type\" content=\"article\" \/>\n<meta property=\"og:title\" content=\"Vuki\u0107evi\u0107: Slu\u017ebenici &quot;Monteputa&quot;, Aerodroma i \u017eeljezni\u010dkih preduze\u0107a pridru\u017eili su se ga\u0161enju po\u017eara - dmcsrb.com\" \/>\n<meta property=\"og:description\" content=\"Slu\u017ebenici saobra\u0107ajnih preduze\u0107a - &quot;Monteputa&quot;, Aerodroma Crne Gore i \u017eeljezni\u010dkih preduze\u0107a, pridru\u017eili su se u ga\u0161enju po\u017eara koji su ovih dana pro\u0161irili po Crnoj Gori, saop\u0161tila je ministarka saobra\u0107aja Maja Vuki\u0107evi\u0107.\" \/>\n<meta property=\"og:url\" content=\"https:\/\/dmcsrb.com\/en\/drustvo\/vukicevic-sluzbenici-monteputa-aerodroma-i-zeljeznickih-preduzeca-pridruzili-su-se-gasenju-pozara\/\" \/>\n<meta property=\"og:site_name\" content=\"dmcsrb.com\" \/>\n<meta property=\"article:published_time\" content=\"2025-08-13T13:45:00+00:00\" \/>\n<meta property=\"og:image\" content=\"https:\/\/dmcsrb.com\/wp-content\/uploads\/2026\/01\/Maja-Vukicevic-2-foto-gradski-me.webp\" \/>\n\t<meta property=\"og:image:width\" content=\"1288\" \/>\n\t<meta property=\"og:image:height\" content=\"783\" \/>\n\t<meta property=\"og:image:type\" content=\"image\/jpeg\" \/>\n<meta name=\"author\" content=\"dmcsrbija.com@gmail.com\" \/>\n<meta name=\"twitter:card\" content=\"summary_large_image\" \/>\n<meta name=\"twitter:label1\" content=\"Written by\" \/>\n\t<meta name=\"twitter:data1\" content=\"dmcsrbija.com@gmail.com\" \/>\n\t<meta name=\"twitter:label2\" content=\"Estimated reading time\" \/>\n\t<meta name=\"twitter:data2\" content=\"1 minute\" \/>\n<script type=\"application\/ld+json\" class=\"yoast-schema-graph\">{\"@context\":\"https:\\\/\\\/schema.org\",\"@graph\":[{\"@type\":\"Article\",\"@id\":\"https:\\\/\\\/dmcsrb.com\\\/drustvo\\\/vukicevic-sluzbenici-monteputa-aerodroma-i-zeljeznickih-preduzeca-pridruzili-su-se-gasenju-pozara\\\/#article\",\"isPartOf\":{\"@id\":\"https:\\\/\\\/dmcsrb.com\\\/drustvo\\\/vukicevic-sluzbenici-monteputa-aerodroma-i-zeljeznickih-preduzeca-pridruzili-su-se-gasenju-pozara\\\/\"},\"author\":{\"name\":\"dmcsrbija.com@gmail.com\",\"@id\":\"https:\\\/\\\/dmcsrb.com\\\/#\\\/schema\\\/person\\\/5c39170f12db1b8b457732d0b5c854e2\"},\"headline\":\"Vuki\u0107evi\u0107: Slu\u017ebenici &#8220;Monteputa&#8221;, Aerodroma i \u017eeljezni\u010dkih preduze\u0107a pridru\u017eili su se ga\u0161enju po\u017eara\",\"datePublished\":\"2025-08-13T13:45:00+00:00\",\"mainEntityOfPage\":{\"@id\":\"https:\\\/\\\/dmcsrb.com\\\/drustvo\\\/vukicevic-sluzbenici-monteputa-aerodroma-i-zeljeznickih-preduzeca-pridruzili-su-se-gasenju-pozara\\\/\"},\"wordCount\":280,\"commentCount\":0,\"image\":{\"@id\":\"https:\\\/\\\/dmcsrb.com\\\/drustvo\\\/vukicevic-sluzbenici-monteputa-aerodroma-i-zeljeznickih-preduzeca-pridruzili-su-se-gasenju-pozara\\\/#primaryimage\"},\"thumbnailUrl\":\"https:\\\/\\\/dmcsrb.com\\\/wp-content\\\/uploads\\\/2026\\\/01\\\/Maja-Vukicevic-2-foto-gradski-me.webp\",\"keywords\":[\"aerodrom\",\"Ga\u0161enje po\u017eara\",\"maja vuki\u0107evi\u0107\",\"Monteput\",\"Slu\u017ebenici\",\"\u017deljezni\u010dka preduze\u0107a\"],\"articleSection\":[\"Dru\u0161tvo\"],\"inLanguage\":\"en-GB\",\"potentialAction\":[{\"@type\":\"CommentAction\",\"name\":\"Comment\",\"target\":[\"https:\\\/\\\/dmcsrb.com\\\/drustvo\\\/vukicevic-sluzbenici-monteputa-aerodroma-i-zeljeznickih-preduzeca-pridruzili-su-se-gasenju-pozara\\\/#respond\"]}]},{\"@type\":\"WebPage\",\"@id\":\"https:\\\/\\\/dmcsrb.com\\\/drustvo\\\/vukicevic-sluzbenici-monteputa-aerodroma-i-zeljeznickih-preduzeca-pridruzili-su-se-gasenju-pozara\\\/\",\"url\":\"https:\\\/\\\/dmcsrb.com\\\/drustvo\\\/vukicevic-sluzbenici-monteputa-aerodroma-i-zeljeznickih-preduzeca-pridruzili-su-se-gasenju-pozara\\\/\",\"name\":\"Vuki\u0107evi\u0107: Slu\u017ebenici \\\"Monteputa\\\", Aerodroma i \u017eeljezni\u010dkih preduze\u0107a pridru\u017eili su se ga\u0161enju po\u017eara - dmcsrb.com\",\"isPartOf\":{\"@id\":\"https:\\\/\\\/dmcsrb.com\\\/#website\"},\"primaryImageOfPage\":{\"@id\":\"https:\\\/\\\/dmcsrb.com\\\/drustvo\\\/vukicevic-sluzbenici-monteputa-aerodroma-i-zeljeznickih-preduzeca-pridruzili-su-se-gasenju-pozara\\\/#primaryimage\"},\"image\":{\"@id\":\"https:\\\/\\\/dmcsrb.com\\\/drustvo\\\/vukicevic-sluzbenici-monteputa-aerodroma-i-zeljeznickih-preduzeca-pridruzili-su-se-gasenju-pozara\\\/#primaryimage\"},\"thumbnailUrl\":\"https:\\\/\\\/dmcsrb.com\\\/wp-content\\\/uploads\\\/2026\\\/01\\\/Maja-Vukicevic-2-foto-gradski-me.webp\",\"datePublished\":\"2025-08-13T13:45:00+00:00\",\"author\":{\"@id\":\"https:\\\/\\\/dmcsrb.com\\\/#\\\/schema\\\/person\\\/5c39170f12db1b8b457732d0b5c854e2\"},\"breadcrumb\":{\"@id\":\"https:\\\/\\\/dmcsrb.com\\\/drustvo\\\/vukicevic-sluzbenici-monteputa-aerodroma-i-zeljeznickih-preduzeca-pridruzili-su-se-gasenju-pozara\\\/#breadcrumb\"},\"inLanguage\":\"en-GB\",\"potentialAction\":[{\"@type\":\"ReadAction\",\"target\":[\"https:\\\/\\\/dmcsrb.com\\\/drustvo\\\/vukicevic-sluzbenici-monteputa-aerodroma-i-zeljeznickih-preduzeca-pridruzili-su-se-gasenju-pozara\\\/\"]}]},{\"@type\":\"ImageObject\",\"inLanguage\":\"en-GB\",\"@id\":\"https:\\\/\\\/dmcsrb.com\\\/drustvo\\\/vukicevic-sluzbenici-monteputa-aerodroma-i-zeljeznickih-preduzeca-pridruzili-su-se-gasenju-pozara\\\/#primaryimage\",\"url\":\"https:\\\/\\\/dmcsrb.com\\\/wp-content\\\/uploads\\\/2026\\\/01\\\/Maja-Vukicevic-2-foto-gradski-me.webp\",\"contentUrl\":\"https:\\\/\\\/dmcsrb.com\\\/wp-content\\\/uploads\\\/2026\\\/01\\\/Maja-Vukicevic-2-foto-gradski-me.webp\",\"width\":1288,\"height\":783},{\"@type\":\"BreadcrumbList\",\"@id\":\"https:\\\/\\\/dmcsrb.com\\\/drustvo\\\/vukicevic-sluzbenici-monteputa-aerodroma-i-zeljeznickih-preduzeca-pridruzili-su-se-gasenju-pozara\\\/#breadcrumb\",\"itemListElement\":[{\"@type\":\"ListItem\",\"position\":1,\"name\":\"Home\",\"item\":\"https:\\\/\\\/dmcsrb.com\\\/\"},{\"@type\":\"ListItem\",\"position\":2,\"name\":\"Vuki\u0107evi\u0107: Slu\u017ebenici &#8220;Monteputa&#8221;, Aerodroma i \u017eeljezni\u010dkih preduze\u0107a pridru\u017eili su se ga\u0161enju po\u017eara\"}]},{\"@type\":\"WebSite\",\"@id\":\"https:\\\/\\\/dmcsrb.com\\\/#website\",\"url\":\"https:\\\/\\\/dmcsrb.com\\\/\",\"name\":\"dmcsrb.com\",\"description\":\"\",\"potentialAction\":[{\"@type\":\"SearchAction\",\"target\":{\"@type\":\"EntryPoint\",\"urlTemplate\":\"https:\\\/\\\/dmcsrb.com\\\/?s={search_term_string}\"},\"query-input\":{\"@type\":\"PropertyValueSpecification\",\"valueRequired\":true,\"valueName\":\"search_term_string\"}}],\"inLanguage\":\"en-GB\"},{\"@type\":\"Person\",\"@id\":\"https:\\\/\\\/dmcsrb.com\\\/#\\\/schema\\\/person\\\/5c39170f12db1b8b457732d0b5c854e2\",\"name\":\"dmcsrbija.com@gmail.com\",\"image\":{\"@type\":\"ImageObject\",\"inLanguage\":\"en-GB\",\"@id\":\"https:\\\/\\\/secure.gravatar.com\\\/avatar\\\/68592660ad6347fad0fb587f8d5d8f1a7b44961362f56e4f2cd524feb87e9069?s=96&d=mm&r=g\",\"url\":\"https:\\\/\\\/secure.gravatar.com\\\/avatar\\\/68592660ad6347fad0fb587f8d5d8f1a7b44961362f56e4f2cd524feb87e9069?s=96&d=mm&r=g\",\"contentUrl\":\"https:\\\/\\\/secure.gravatar.com\\\/avatar\\\/68592660ad6347fad0fb587f8d5d8f1a7b44961362f56e4f2cd524feb87e9069?s=96&d=mm&r=g\",\"caption\":\"dmcsrbija.com@gmail.com\"},\"sameAs\":[\"https:\\\/\\\/dmcsrb.com\"],\"url\":\"https:\\\/\\\/dmcsrb.com\\\/en\\\/author\\\/dmcsrbija-comgmail-com\\\/\"}]}<\/script>\n<!-- \/ Yoast SEO plugin. -->","yoast_head_json":{"title":"Vuki\u0107evi\u0107: Slu\u017ebenici \"Monteputa\", Aerodroma i \u017eeljezni\u010dkih preduze\u0107a pridru\u017eili su se ga\u0161enju po\u017eara - dmcsrb.com","robots":{"index":"index","follow":"follow","max-snippet":"max-snippet:-1","max-image-preview":"max-image-preview:large","max-video-preview":"max-video-preview:-1"},"canonical":"https:\/\/dmcsrb.com\/en\/drustvo\/vukicevic-sluzbenici-monteputa-aerodroma-i-zeljeznickih-preduzeca-pridruzili-su-se-gasenju-pozara\/","og_locale":"en_GB","og_type":"article","og_title":"Vuki\u0107evi\u0107: Slu\u017ebenici \"Monteputa\", Aerodroma i \u017eeljezni\u010dkih preduze\u0107a pridru\u017eili su se ga\u0161enju po\u017eara - dmcsrb.com","og_description":"Slu\u017ebenici saobra\u0107ajnih preduze\u0107a - \"Monteputa\", Aerodroma Crne Gore i \u017eeljezni\u010dkih preduze\u0107a, pridru\u017eili su se u ga\u0161enju po\u017eara koji su ovih dana pro\u0161irili po Crnoj Gori, saop\u0161tila je ministarka saobra\u0107aja Maja Vuki\u0107evi\u0107.","og_url":"https:\/\/dmcsrb.com\/en\/drustvo\/vukicevic-sluzbenici-monteputa-aerodroma-i-zeljeznickih-preduzeca-pridruzili-su-se-gasenju-pozara\/","og_site_name":"dmcsrb.com","article_published_time":"2025-08-13T13:45:00+00:00","og_image":[{"width":1288,"height":783,"url":"https:\/\/dmcsrb.com\/wp-content\/uploads\/2026\/01\/Maja-Vukicevic-2-foto-gradski-me.webp","type":"image\/jpeg"}],"author":"dmcsrbija.com@gmail.com","twitter_card":"summary_large_image","twitter_misc":{"Written by":"dmcsrbija.com@gmail.com","Estimated reading time":"1 minute"},"schema":{"@context":"https:\/\/schema.org","@graph":[{"@type":"Article","@id":"https:\/\/dmcsrb.com\/drustvo\/vukicevic-sluzbenici-monteputa-aerodroma-i-zeljeznickih-preduzeca-pridruzili-su-se-gasenju-pozara\/#article","isPartOf":{"@id":"https:\/\/dmcsrb.com\/drustvo\/vukicevic-sluzbenici-monteputa-aerodroma-i-zeljeznickih-preduzeca-pridruzili-su-se-gasenju-pozara\/"},"author":{"name":"dmcsrbija.com@gmail.com","@id":"https:\/\/dmcsrb.com\/#\/schema\/person\/5c39170f12db1b8b457732d0b5c854e2"},"headline":"Vuki\u0107evi\u0107: Slu\u017ebenici &#8220;Monteputa&#8221;, Aerodroma i \u017eeljezni\u010dkih preduze\u0107a pridru\u017eili su se ga\u0161enju po\u017eara","datePublished":"2025-08-13T13:45:00+00:00","mainEntityOfPage":{"@id":"https:\/\/dmcsrb.com\/drustvo\/vukicevic-sluzbenici-monteputa-aerodroma-i-zeljeznickih-preduzeca-pridruzili-su-se-gasenju-pozara\/"},"wordCount":280,"commentCount":0,"image":{"@id":"https:\/\/dmcsrb.com\/drustvo\/vukicevic-sluzbenici-monteputa-aerodroma-i-zeljeznickih-preduzeca-pridruzili-su-se-gasenju-pozara\/#primaryimage"},"thumbnailUrl":"https:\/\/dmcsrb.com\/wp-content\/uploads\/2026\/01\/Maja-Vukicevic-2-foto-gradski-me.webp","keywords":["aerodrom","Ga\u0161enje po\u017eara","maja vuki\u0107evi\u0107","Monteput","Slu\u017ebenici","\u017deljezni\u010dka preduze\u0107a"],"articleSection":["Dru\u0161tvo"],"inLanguage":"en-GB","potentialAction":[{"@type":"CommentAction","name":"Comment","target":["https:\/\/dmcsrb.com\/drustvo\/vukicevic-sluzbenici-monteputa-aerodroma-i-zeljeznickih-preduzeca-pridruzili-su-se-gasenju-pozara\/#respond"]}]},{"@type":"WebPage","@id":"https:\/\/dmcsrb.com\/drustvo\/vukicevic-sluzbenici-monteputa-aerodroma-i-zeljeznickih-preduzeca-pridruzili-su-se-gasenju-pozara\/","url":"https:\/\/dmcsrb.com\/drustvo\/vukicevic-sluzbenici-monteputa-aerodroma-i-zeljeznickih-preduzeca-pridruzili-su-se-gasenju-pozara\/","name":"Vuki\u0107evi\u0107: Slu\u017ebenici \"Monteputa\", Aerodroma i \u017eeljezni\u010dkih preduze\u0107a pridru\u017eili su se ga\u0161enju po\u017eara - dmcsrb.com","isPartOf":{"@id":"https:\/\/dmcsrb.com\/#website"},"primaryImageOfPage":{"@id":"https:\/\/dmcsrb.com\/drustvo\/vukicevic-sluzbenici-monteputa-aerodroma-i-zeljeznickih-preduzeca-pridruzili-su-se-gasenju-pozara\/#primaryimage"},"image":{"@id":"https:\/\/dmcsrb.com\/drustvo\/vukicevic-sluzbenici-monteputa-aerodroma-i-zeljeznickih-preduzeca-pridruzili-su-se-gasenju-pozara\/#primaryimage"},"thumbnailUrl":"https:\/\/dmcsrb.com\/wp-content\/uploads\/2026\/01\/Maja-Vukicevic-2-foto-gradski-me.webp","datePublished":"2025-08-13T13:45:00+00:00","author":{"@id":"https:\/\/dmcsrb.com\/#\/schema\/person\/5c39170f12db1b8b457732d0b5c854e2"},"breadcrumb":{"@id":"https:\/\/dmcsrb.com\/drustvo\/vukicevic-sluzbenici-monteputa-aerodroma-i-zeljeznickih-preduzeca-pridruzili-su-se-gasenju-pozara\/#breadcrumb"},"inLanguage":"en-GB","potentialAction":[{"@type":"ReadAction","target":["https:\/\/dmcsrb.com\/drustvo\/vukicevic-sluzbenici-monteputa-aerodroma-i-zeljeznickih-preduzeca-pridruzili-su-se-gasenju-pozara\/"]}]},{"@type":"ImageObject","inLanguage":"en-GB","@id":"https:\/\/dmcsrb.com\/drustvo\/vukicevic-sluzbenici-monteputa-aerodroma-i-zeljeznickih-preduzeca-pridruzili-su-se-gasenju-pozara\/#primaryimage","url":"https:\/\/dmcsrb.com\/wp-content\/uploads\/2026\/01\/Maja-Vukicevic-2-foto-gradski-me.webp","contentUrl":"https:\/\/dmcsrb.com\/wp-content\/uploads\/2026\/01\/Maja-Vukicevic-2-foto-gradski-me.webp","width":1288,"height":783},{"@type":"BreadcrumbList","@id":"https:\/\/dmcsrb.com\/drustvo\/vukicevic-sluzbenici-monteputa-aerodroma-i-zeljeznickih-preduzeca-pridruzili-su-se-gasenju-pozara\/#breadcrumb","itemListElement":[{"@type":"ListItem","position":1,"name":"Home","item":"https:\/\/dmcsrb.com\/"},{"@type":"ListItem","position":2,"name":"Vuki\u0107evi\u0107: Slu\u017ebenici &#8220;Monteputa&#8221;, Aerodroma i \u017eeljezni\u010dkih preduze\u0107a pridru\u017eili su se ga\u0161enju po\u017eara"}]},{"@type":"WebSite","@id":"https:\/\/dmcsrb.com\/#website","url":"https:\/\/dmcsrb.com\/","name":"dmcsrb.com","description":"","potentialAction":[{"@type":"SearchAction","target":{"@type":"EntryPoint","urlTemplate":"https:\/\/dmcsrb.com\/?s={search_term_string}"},"query-input":{"@type":"PropertyValueSpecification","valueRequired":true,"valueName":"search_term_string"}}],"inLanguage":"en-GB"},{"@type":"Person","@id":"https:\/\/dmcsrb.com\/#\/schema\/person\/5c39170f12db1b8b457732d0b5c854e2","name":"dmcsrbija.com@gmail.com","image":{"@type":"ImageObject","inLanguage":"en-GB","@id":"https:\/\/secure.gravatar.com\/avatar\/68592660ad6347fad0fb587f8d5d8f1a7b44961362f56e4f2cd524feb87e9069?s=96&d=mm&r=g","url":"https:\/\/secure.gravatar.com\/avatar\/68592660ad6347fad0fb587f8d5d8f1a7b44961362f56e4f2cd524feb87e9069?s=96&d=mm&r=g","contentUrl":"https:\/\/secure.gravatar.com\/avatar\/68592660ad6347fad0fb587f8d5d8f1a7b44961362f56e4f2cd524feb87e9069?s=96&d=mm&r=g","caption":"dmcsrbija.com@gmail.com"},"sameAs":["https:\/\/dmcsrb.com"],"url":"https:\/\/dmcsrb.com\/en\/author\/dmcsrbija-comgmail-com\/"}]}},"_links":{"self":[{"href":"https:\/\/dmcsrb.com\/en\/wp-json\/wp\/v2\/posts\/946068","targetHints":{"allow":["GET"]}}],"collection":[{"href":"https:\/\/dmcsrb.com\/en\/wp-json\/wp\/v2\/posts"}],"about":[{"href":"https:\/\/dmcsrb.com\/en\/wp-json\/wp\/v2\/types\/post"}],"author":[{"embeddable":true,"href":"https:\/\/dmcsrb.com\/en\/wp-json\/wp\/v2\/users\/1"}],"replies":[{"embeddable":true,"href":"https:\/\/dmcsrb.com\/en\/wp-json\/wp\/v2\/comments?post=946068"}],"version-history":[{"count":0,"href":"https:\/\/dmcsrb.com\/en\/wp-json\/wp\/v2\/posts\/946068\/revisions"}],"wp:featuredmedia":[{"embeddable":true,"href":"https:\/\/dmcsrb.com\/en\/wp-json\/wp\/v2\/media\/946069"}],"wp:attachment":[{"href":"https:\/\/dmcsrb.com\/en\/wp-json\/wp\/v2\/media?parent=946068"}],"wp:term":[{"taxonomy":"category","embeddable":true,"href":"https:\/\/dmcsrb.com\/en\/wp-json\/wp\/v2\/categories?post=946068"},{"taxonomy":"post_tag","embeddable":true,"href":"https:\/\/dmcsrb.com\/en\/wp-json\/wp\/v2\/tags?post=946068"},{"taxonomy":"naslovna","embeddable":true,"href":"https:\/\/dmcsrb.com\/en\/wp-json\/wp\/v2\/naslovna?post=946068"}],"curies":[{"name":"wp","href":"https:\/\/api.w.org\/{rel}","templated":true}]}}